{"id":36426,"date":"2024-06-25T01:08:26","date_gmt":"2024-06-25T04:08:26","guid":{"rendered":"https:\/\/larevistadigital.com.ar\/blog\/?p=36426"},"modified":"2024-06-25T01:08:26","modified_gmt":"2024-06-25T04:08:26","slug":"nicolas-del-mastro-de-la-fundacion-la-alameda-aseguro-que-en-el-caso-de-loan-todo-se-ha-hecho-mal","status":"publish","type":"post","link":"https:\/\/larevistadigital.com.ar\/blog\/nicolas-del-mastro-de-la-fundacion-la-alameda-aseguro-que-en-el-caso-de-loan-todo-se-ha-hecho-mal\/","title":{"rendered":"NICOL\u00c1S DEL MASTRO DE LA \u00abFUNDACI\u00d3N LA ALAMEDA\u00bb ASEGUR\u00d3 QUE EN EL CASO DE LOAN, TODO SE HA HECHO MAL."},"content":{"rendered":"<h2>El integrante de la Fundaci\u00f3n contra la trata y explotaci\u00f3n de personas, mantuvo un di\u00e1logo sobre el caso Loan y cont\u00f3 su parecer de acuerdo a la experiencia en el tema.<\/h2>\n<p>25 de Junio de 2024<\/p>\n<p><strong>CORRIENTES &#8211;\u00a0 \u00a0<\/strong>En la ma\u00f1ana de ayer, <strong>Alejandro \u00abEl Tano\u00bb Sosa y Carlos Lasserre<\/strong> dialogaron con el integrante de la Fundaci\u00f3n \u00abLa Alameda\u00bb, <strong>Nico Del Mastro<\/strong>, en el programa <strong>\u00abAtaque de Radio\u00bb<\/strong> que se emite por la <strong>FM 102.7<\/strong> y que sale <strong>en vivo por Youtube en el canal @radiopowerch de l\u00fanes a viernes de 10 a 13 hs.<\/strong><\/p>\n<blockquote>\n<h3>El tema, fue el aprecer de Del Mastro respecto de las actuaciones en relaci\u00f3n a la desaparici\u00f3n del ni\u00f1o Loan en Corrientes, que mantiene en vilo al pa\u00eds entero.<\/h3>\n<\/blockquote>\n<p>Del Mastro, indic\u00f3 que desde el principio de la investigaci\u00f3n <strong><em>\u00abtodo se hizo mal\u00bb<\/em><\/strong>, asegurando que <em><strong>\u00aben base a nuestra experiencia, La Alameda el lunes de la semana pasada, al inicio de la b\u00fasqueda de Loan en Corrientes, generamos una denuncia en la justicia federal, donde con un mont\u00f3n de elementos, solicitamos que la investigaci\u00f3n pase a la Justicia Federal, para darle seriedad, evitar la contaminaci\u00f3n, la corrupci\u00f3n y todas estas instancias que estamos viendo en las \u00faltimas horas que empieza a tomar este caso\u00bb.<\/strong><\/em><\/p>\n<p>Luego, dijo en referencia al tiempo desperdiciado, ya que se trabaj\u00f3 exclusivamente con la suposici\u00f3n que el ni\u00f1o se hab\u00eda perdido, que <em><strong>\u00abn\u00fanca hay que descartar ninguna hip\u00f3tesis, y que se debe ir de mayor a menor, es decir pensar primero en la peor de las situaciones, que es que el ni\u00f1o sea secuestrado con fines de explotaci\u00f3n, entonces trabajar con fuerzas de seguridad que no sean del lugar, trabajar con distintos organismos, trabajar en fronteras y trabajar con avisos y el \u00abAlerta Sof\u00eda\u00bb que es una excelente herramienta para movilizar a toda la comunidad\u00bb.<\/strong><\/em><\/p>\n<p>Agreg\u00f3 que en este caso se hizo todo lo contrario, que se trabaj\u00f3 con la polic\u00eda local, que claramente es parte del problema, adem\u00e1s no se trabaj\u00f3 en las fronteras con los avisos correspondientes a las delegaciones de los cruces internacionales, que no se hicieron retenes de autos con controles exhaustivos de la agencia de Seguridad Vial Nacional, Provincial, comisiones de tr\u00e1nsito y la Comisi\u00f3n Nacional de Regulaci\u00f3n de Transporte.<\/p>\n<blockquote>\n<h3>Sigui\u00f3 diciendo que tampoco se contuvo a los familiares de la forma adecuada, ya que ese relato contradictorio de ellos nunca fue investigado como corresponde.<\/h3>\n<\/blockquote>\n<p>Tambi\u00e9n asegur\u00f3 que <em><strong>\u00abesto no es un hecho aislado sino que requiri\u00f3 de organizaci\u00f3n lo que demuestra que esto es parte de un cr\u00edmen organizado donde hay pasos, etapas, log\u00edstica, planificaci\u00f3n donde cada uno cumple un rol y una funci\u00f3n. Est\u00e1 el que se\u00f1ala, apunta, el que capta y controla la voluntad, aquel que traslada, ingresando o saliendo del pa\u00eds o la jurisdicci\u00f3n y aquel que recibe, acoge o entrega, como el que oculta\u00bb<\/strong><\/em>.<\/p>\n<blockquote>\n<h3><em>\u00abHay una estructura piramidal, donde hay una responsabilidad mayor y lo que hay que tratar es que las investigaciones no queden entre los baqueanos y los primeros sospechosos, sino que siga hacia arriba\u00bb<\/em>, dispar\u00f3<\/h3>\n<\/blockquote>\n<p>Culmin\u00f3 diciendo que no hay que descartar opciones, y que existen posibilidades que los captores \u00abdescarten\u00bb al ni\u00f1o en alg\u00fan lugar. Y que en este momento es muy necesario intensificar la difusi\u00f3n de la cara de Loan, agregando que se puede llamar al 134 que es una l\u00ednea an\u00f3nima que se puso para este caso, donde adem\u00e1s hay una recompensa de $5.000.000.- para quien aporte datos del ni\u00f1o.<\/p>\n","protected":false},"excerpt":{"rendered":"<div class=\"mh-excerpt\"><p>El integrante de la Fundaci\u00f3n contra la trata y explotaci\u00f3n de personas, mantuvo un di\u00e1logo sobre el caso Loan y cont\u00f3 su parecer de acuerdo a la experiencia en el tema. 25 de Junio de <a class=\"mh-excerpt-more\" href=\"https:\/\/larevistadigital.com.ar\/blog\/nicolas-del-mastro-de-la-fundacion-la-alameda-aseguro-que-en-el-caso-de-loan-todo-se-ha-hecho-mal\/\" title=\"NICOL\u00c1S DEL MASTRO DE LA \u00abFUNDACI\u00d3N LA ALAMEDA\u00bb ASEGUR\u00d3 QUE EN EL CASO DE LOAN, TODO SE HA HECHO MAL.\">[Leer M\u00e1s]<\/a><\/p>\n<\/div>","protected":false},"author":3,"featured_media":36427,"comment_status":"open","ping_status":"open","sticky":false,"template":"","format":"standard","meta":{"_jetpack_memberships_contains_paid_content":false,"footnotes":"","jetpack_publicize_message":"","jetpack_publicize_feature_enabled":true,"jetpack_social_post_already_shared":true,"jetpack_social_options":{"image_generator_settings":{"template":"highway","default_image_id":0,"font":"","enabled":false},"version":2}},"categories":[41,44],"tags":[],"class_list":{"0":"post-36426","1":"post","2":"type-post","3":"status-publish","4":"format-standard","5":"has-post-thumbnail","7":"category-destacadas","8":"category-policiales"},"jetpack_publicize_connections":[],"jetpack_featured_media_url":"https:\/\/i0.wp.com\/larevistadigital.com.ar\/blog\/wp-content\/uploads\/Captura-de-pantalla-2024-06-25-010146.png?fit=700%2C399&ssl=1","jetpack_sharing_enabled":true,"jetpack_shortlink":"https:\/\/wp.me\/p8qtrQ-9tw","jetpack-related-posts":[{"id":44421,"url":"https:\/\/larevistadigital.com.ar\/blog\/semana-clave-por-el-caso-loan-valdes-rompio-el-silencio-y-burlando-cruzo-a-los-padres-del-menor\/","url_meta":{"origin":36426,"position":0},"title":"Semana clave por el caso Loan: Vald\u00e9s rompi\u00f3 el silencio y Burlando cruz\u00f3 a los padres del menor","author":"Alejandro Sosa Ruda","date":"9 marzo, 2026","format":false,"excerpt":"A m\u00e1s de un a\u00f1o y medio de la desaparici\u00f3n del ni\u00f1o en Corrientes, crece la presi\u00f3n para definir la fecha del debate oral mientras la investigaci\u00f3n sigue sin respuestas y se multiplican las tensiones alrededor del expediente. 09 De Marzo de 2026 La investigaci\u00f3n por la desaparici\u00f3n de\u00a0Loan Danilo\u2026","rel":"","context":"En \u00abINTERES GENERAL\u00bb","block_context":{"text":"INTERES GENERAL","link":"https:\/\/larevistadigital.com.ar\/blog\/category\/interes-general\/"},"img":{"alt_text":"","src":"https:\/\/i0.wp.com\/larevistadigital.com.ar\/blog\/wp-content\/uploads\/Captura-de-pantalla-2026-03-09-195056.jpg?fit=828%2C489&ssl=1&resize=350%2C200","width":350,"height":200,"srcset":"https:\/\/i0.wp.com\/larevistadigital.com.ar\/blog\/wp-content\/uploads\/Captura-de-pantalla-2026-03-09-195056.jpg?fit=828%2C489&ssl=1&resize=350%2C200 1x, https:\/\/i0.wp.com\/larevistadigital.com.ar\/blog\/wp-content\/uploads\/Captura-de-pantalla-2026-03-09-195056.jpg?fit=828%2C489&ssl=1&resize=525%2C300 1.5x, https:\/\/i0.wp.com\/larevistadigital.com.ar\/blog\/wp-content\/uploads\/Captura-de-pantalla-2026-03-09-195056.jpg?fit=828%2C489&ssl=1&resize=700%2C400 2x"},"classes":[]},{"id":36352,"url":"https:\/\/larevistadigital.com.ar\/blog\/loan-sigue-sin-aparecer-grietas-entre-los-padres-y-la-mala-relacion-de-la-madre-con-su-suegra\/","url_meta":{"origin":36426,"position":1},"title":"LOAN SIGUE SIN APARECER, GRIETAS ENTRE LOS PADRES Y LA MALA RELACI\u00d3N DE LA MADRE CON SU SUEGRA","author":"Alejandro Sosa Ruda","date":"19 junio, 2024","format":false,"excerpt":"Mientras contin\u00faa la b\u00fasqueda desesperada, se tejen distintas hip\u00f3tesis que apuntan al entorno familiar, y todo tipo de conjeturas. 19 de Junio de 2024 CORRIENTES -\u00a0 Los padres del peque\u00f1o Loan, de cinco a\u00f1os de edad y que lleva seis d\u00edas desaparecido, ins\u00f3litamente eligieron defenderse con distintos abogados, dejando en\u2026","rel":"","context":"En \u00abDESTACADAS\u00bb","block_context":{"text":"DESTACADAS","link":"https:\/\/larevistadigital.com.ar\/blog\/category\/destacadas\/"},"img":{"alt_text":"","src":"https:\/\/i0.wp.com\/larevistadigital.com.ar\/blog\/wp-content\/uploads\/Caso-Loan-2.png?fit=929%2C443&ssl=1&resize=350%2C200","width":350,"height":200,"srcset":"https:\/\/i0.wp.com\/larevistadigital.com.ar\/blog\/wp-content\/uploads\/Caso-Loan-2.png?fit=929%2C443&ssl=1&resize=350%2C200 1x, https:\/\/i0.wp.com\/larevistadigital.com.ar\/blog\/wp-content\/uploads\/Caso-Loan-2.png?fit=929%2C443&ssl=1&resize=525%2C300 1.5x, https:\/\/i0.wp.com\/larevistadigital.com.ar\/blog\/wp-content\/uploads\/Caso-Loan-2.png?fit=929%2C443&ssl=1&resize=700%2C400 2x"},"classes":[]},{"id":36490,"url":"https:\/\/larevistadigital.com.ar\/blog\/caso-loan-la-tia-declaro-que-el-nino-esta-muerto-y-que-fue-atropellado-por-carlos-perez-y-su-mujer\/","url_meta":{"origin":36426,"position":2},"title":"CASO LOAN: LA T\u00cdA DECLAR\u00d3 QUE EL NI\u00d1O EST\u00c1 MUERTO, Y QUE FUE ATROPELLADO POR CARLOS PEREZ Y SU MUJER","author":"Alejandro Sosa Ruda","date":"29 junio, 2024","format":false,"excerpt":"Ya lo dicen los medios nacionales. Fuentes del caso, dicen que Laudelina Pe\u00f1a admiti\u00f3 ante la Justicia que el menor muri\u00f3, que lo habr\u00eda atropellado el capit\u00e1n de nav\u00edo (RE) Carlos P\u00e9rez y su pareja, y que ella ayud\u00f3 a encubrir el hecho. La mujer no qued\u00f3 detenida. Ahora buscan\u2026","rel":"","context":"En \u00abDESTACADAS\u00bb","block_context":{"text":"DESTACADAS","link":"https:\/\/larevistadigital.com.ar\/blog\/category\/destacadas\/"},"img":{"alt_text":"","src":"https:\/\/i0.wp.com\/larevistadigital.com.ar\/blog\/wp-content\/uploads\/pareja-detenida-por-el-caso-loan-1823317.jpg?fit=987%2C555&ssl=1&resize=350%2C200","width":350,"height":200,"srcset":"https:\/\/i0.wp.com\/larevistadigital.com.ar\/blog\/wp-content\/uploads\/pareja-detenida-por-el-caso-loan-1823317.jpg?fit=987%2C555&ssl=1&resize=350%2C200 1x, https:\/\/i0.wp.com\/larevistadigital.com.ar\/blog\/wp-content\/uploads\/pareja-detenida-por-el-caso-loan-1823317.jpg?fit=987%2C555&ssl=1&resize=525%2C300 1.5x, https:\/\/i0.wp.com\/larevistadigital.com.ar\/blog\/wp-content\/uploads\/pareja-detenida-por-el-caso-loan-1823317.jpg?fit=987%2C555&ssl=1&resize=700%2C400 2x"},"classes":[]},{"id":24416,"url":"https:\/\/larevistadigital.com.ar\/blog\/homenaje-de-la-ucr-en-el-dia-internacional-de-la-mujer\/","url_meta":{"origin":36426,"position":3},"title":"HOMENAJE DE LA UCR EN EL D\u00cdA INTERNACIONAL DE LA MUJER","author":"Alejandro Sosa Ruda","date":"8 marzo, 2022","format":false,"excerpt":"Uni\u00f3n C\u00edvica Radical Comit\u00e9 Chascom\u00fas\u00a0\u00a0\u00a0\u00a0\u00a0\u00a0\u00a0\u00a0\u00a0\u00a0\u00a0\u00a0\u00a0\u00a0\u00a0\u00a0\u00a0\u00a0\u00a0\u00a0\u00a0\u00a0\u00a0\u00a0\u00a0\u00a0\u00a0\u00a0\u00a0\u00a0\u00a0\u00a0 8 de marzo de 2022 \u00a0 MARGARITA MALHARRO de TORRES (1921-11994) Profesora, activista y pol\u00edtica argentina, integrante de la Uni\u00f3n C\u00edvica Radical Autora de la Ley 24012.\u00a0 Ley de Cupo Femenino, aprobada en el a\u00f1o 1991. \u00a0 \u00a0\u00a0\u00a0\u00a0\u00a0\u00a0\u00a0\u00a0\u00a0\u00a0\u00a0\u00a0\u00a0\u00a0\u00a0\u00a0\u00a0\u00a0\u00a0\u00a0\u00a0\u00a0\u00a0\u00a0\u00a0\u00a0\u00a0\u00a0 Uni\u00f3n C\u00edvica Radical \u00a0\u00a0 Comit\u00e9 Chascom\u00fas\u00a0\u00a0\u00a0\u00a0\u00a0\u00a0\u00a0\u00a0\u00a0\u00a0\u00a0\u00a0\u00a0\u00a0\u00a0\u00a0\u00a0\u00a0\u00a0\u00a0\u00a0\u00a0\u00a0\u00a0\u00a0\u00a0\u00a0\u00a0\u00a0\u00a0\u00a0\u00a0 8\u2026","rel":"","context":"En \u00abINTERES GENERAL\u00bb","block_context":{"text":"INTERES GENERAL","link":"https:\/\/larevistadigital.com.ar\/blog\/category\/interes-general\/"},"img":{"alt_text":"","src":"https:\/\/i0.wp.com\/larevistadigital.com.ar\/blog\/wp-content\/uploads\/ESTE.jpg?fit=800%2C1154&ssl=1&resize=350%2C200","width":350,"height":200,"srcset":"https:\/\/i0.wp.com\/larevistadigital.com.ar\/blog\/wp-content\/uploads\/ESTE.jpg?fit=800%2C1154&ssl=1&resize=350%2C200 1x, https:\/\/i0.wp.com\/larevistadigital.com.ar\/blog\/wp-content\/uploads\/ESTE.jpg?fit=800%2C1154&ssl=1&resize=525%2C300 1.5x, https:\/\/i0.wp.com\/larevistadigital.com.ar\/blog\/wp-content\/uploads\/ESTE.jpg?fit=800%2C1154&ssl=1&resize=700%2C400 2x"},"classes":[]},{"id":36402,"url":"https:\/\/larevistadigital.com.ar\/blog\/se-detectaron-rastros-de-sangre-de-loan-en-dos-autos-y-hay-dos-nuevos-detenidos\/","url_meta":{"origin":36426,"position":4},"title":"SE DETECTARON RASTROS DE SANGRE DE LOAN EN DOS AUTOS Y HAY DOS NUEVOS DETENIDOS","author":"Alejandro Sosa Ruda","date":"22 junio, 2024","format":false,"excerpt":"Las pruebas se realizaron en los veh\u00edculos de las personas que fueron al almuerzo en el que el chico de cinco a\u00f1os fue visto por \u00faltima vez. Por este motivo, Victoria Caillava, amiga de la abuela del nene, su pareja Carlos P\u00e9rez y el comisario a cargo de la b\u00fasqueda,\u2026","rel":"","context":"En \u00abDESTACADAS\u00bb","block_context":{"text":"DESTACADAS","link":"https:\/\/larevistadigital.com.ar\/blog\/category\/destacadas\/"},"img":{"alt_text":"","src":"https:\/\/i0.wp.com\/larevistadigital.com.ar\/blog\/wp-content\/uploads\/Captura-de-pantalla-2024-06-22-001213.png?fit=1200%2C576&ssl=1&resize=350%2C200","width":350,"height":200,"srcset":"https:\/\/i0.wp.com\/larevistadigital.com.ar\/blog\/wp-content\/uploads\/Captura-de-pantalla-2024-06-22-001213.png?fit=1200%2C576&ssl=1&resize=350%2C200 1x, https:\/\/i0.wp.com\/larevistadigital.com.ar\/blog\/wp-content\/uploads\/Captura-de-pantalla-2024-06-22-001213.png?fit=1200%2C576&ssl=1&resize=525%2C300 1.5x, https:\/\/i0.wp.com\/larevistadigital.com.ar\/blog\/wp-content\/uploads\/Captura-de-pantalla-2024-06-22-001213.png?fit=1200%2C576&ssl=1&resize=700%2C400 2x, https:\/\/i0.wp.com\/larevistadigital.com.ar\/blog\/wp-content\/uploads\/Captura-de-pantalla-2024-06-22-001213.png?fit=1200%2C576&ssl=1&resize=1050%2C600 3x"},"classes":[]},{"id":40693,"url":"https:\/\/larevistadigital.com.ar\/blog\/un-joven-soldado-voluntario-del-ejercito-argentino-fue-hallado-sin-vida-en-un-predio-del-ejercito\/","url_meta":{"origin":36426,"position":5},"title":"Un joven soldado voluntario del Ej\u00e9rcito Argentino fue hallado sin vida en un predio del Ej\u00e9rcito","author":"Alejandro Sosa Ruda","date":"1 agosto, 2025","format":false,"excerpt":"El cuerpo del joven de 21 a\u00f1os fue hallado dentro del predio del ex Batall\u00f3n Log\u00edstico de Curuz\u00fa Cuati\u00e1, en la provincia de Corrientes. 31 de Julio de 2025 CURUZ\u00da CUATI\u00c1\u00a0 -\u00a0 Un joven de 21 a\u00f1os que prestaba servicio como soldado voluntario fue encontrado muerto dentro de un tanque\u2026","rel":"","context":"En \u00abINTERES GENERAL\u00bb","block_context":{"text":"INTERES GENERAL","link":"https:\/\/larevistadigital.com.ar\/blog\/category\/interes-general\/"},"img":{"alt_text":"","src":"https:\/\/i0.wp.com\/larevistadigital.com.ar\/blog\/wp-content\/uploads\/c229e941c07725fbb89c2be67c25e4c1c096f39e.jpg?fit=1140%2C576&ssl=1&resize=350%2C200","width":350,"height":200,"srcset":"https:\/\/i0.wp.com\/larevistadigital.com.ar\/blog\/wp-content\/uploads\/c229e941c07725fbb89c2be67c25e4c1c096f39e.jpg?fit=1140%2C576&ssl=1&resize=350%2C200 1x, https:\/\/i0.wp.com\/larevistadigital.com.ar\/blog\/wp-content\/uploads\/c229e941c07725fbb89c2be67c25e4c1c096f39e.jpg?fit=1140%2C576&ssl=1&resize=525%2C300 1.5x, https:\/\/i0.wp.com\/larevistadigital.com.ar\/blog\/wp-content\/uploads\/c229e941c07725fbb89c2be67c25e4c1c096f39e.jpg?fit=1140%2C576&ssl=1&resize=700%2C400 2x, https:\/\/i0.wp.com\/larevistadigital.com.ar\/blog\/wp-content\/uploads\/c229e941c07725fbb89c2be67c25e4c1c096f39e.jpg?fit=1140%2C576&ssl=1&resize=1050%2C600 3x"},"classes":[]}],"_links":{"self":[{"href":"https:\/\/larevistadigital.com.ar\/blog\/wp-json\/wp\/v2\/posts\/36426","targetHints":{"allow":["GET"]}}],"collection":[{"href":"https:\/\/larevistadigital.com.ar\/blog\/wp-json\/wp\/v2\/posts"}],"about":[{"href":"https:\/\/larevistadigital.com.ar\/blog\/wp-json\/wp\/v2\/types\/post"}],"author":[{"embeddable":true,"href":"https:\/\/larevistadigital.com.ar\/blog\/wp-json\/wp\/v2\/users\/3"}],"replies":[{"embeddable":true,"href":"https:\/\/larevistadigital.com.ar\/blog\/wp-json\/wp\/v2\/comments?post=36426"}],"version-history":[{"count":1,"href":"https:\/\/larevistadigital.com.ar\/blog\/wp-json\/wp\/v2\/posts\/36426\/revisions"}],"predecessor-version":[{"id":36428,"href":"https:\/\/larevistadigital.com.ar\/blog\/wp-json\/wp\/v2\/posts\/36426\/revisions\/36428"}],"wp:featuredmedia":[{"embeddable":true,"href":"https:\/\/larevistadigital.com.ar\/blog\/wp-json\/wp\/v2\/media\/36427"}],"wp:attachment":[{"href":"https:\/\/larevistadigital.com.ar\/blog\/wp-json\/wp\/v2\/media?parent=36426"}],"wp:term":[{"taxonomy":"category","embeddable":true,"href":"https:\/\/larevistadigital.com.ar\/blog\/wp-json\/wp\/v2\/categories?post=36426"},{"taxonomy":"post_tag","embeddable":true,"href":"https:\/\/larevistadigital.com.ar\/blog\/wp-json\/wp\/v2\/tags?post=36426"}],"curies":[{"name":"wp","href":"https:\/\/api.w.org\/{rel}","templated":true}]}}