{"id":36433,"date":"2024-06-26T01:18:47","date_gmt":"2024-06-26T04:18:47","guid":{"rendered":"https:\/\/larevistadigital.com.ar\/blog\/?p=36433"},"modified":"2024-06-26T01:18:47","modified_gmt":"2024-06-26T04:18:47","slug":"chascomus-reformas-en-el-hospital-san-vicente-de-paul","status":"publish","type":"post","link":"https:\/\/larevistadigital.com.ar\/blog\/chascomus-reformas-en-el-hospital-san-vicente-de-paul\/","title":{"rendered":"CHASCOM\u00daS: REFORMAS EN EL HOSPITAL SAN VICENTE DE PAUL"},"content":{"rendered":"<h2 class=\"notaIntro\">Las obras mejoran la accesibilidad en quir\u00f3fanos y consultorios externos.<\/h2>\n<p>26 de Junio de 2024<\/p>\n<p class=\"notaTexto\"><strong>CHASCOM\u00daS &#8211;<\/strong>\u00a0 Se realizan obras de mantenimiento y puesta en valor en el Hospital San Vicente de Paul. Las mismas comprenden el cambio de las viejas puertas de madera en el acceso de los quir\u00f3fanos y en el acceso al quir\u00f3fano uno, por nuevas de aluminio. En este \u00faltimo adem\u00e1s, se lleva adelante el cambio de la ca\u00f1er\u00eda de agua fr\u00eda y caliente, la reparaci\u00f3n de mamposter\u00eda y trabajos de pintura.<\/p>\n<p class=\"notaTexto\">Al mismo tiempo, en el sector de consultorios externos fueron cambiadas las puertas de acceso p\u00fablico y a los consultorios cinco y doce, donde se brinda atenci\u00f3n de traumatolog\u00eda, curaciones de post cirug\u00eda general y fisiatr\u00eda. De esta manera, se posibilita el acceso a pacientes que deben desplazarse en sillas de ruedas, ya sea por una reducci\u00f3n transitoria de la movilidad o por discapacidad.<\/p>\n<blockquote>\n<h3 class=\"notaTexto\">Adem\u00e1s, se termin\u00f3 el acondicionamiento de un box con placas de aislamiento ac\u00fastico para la atenci\u00f3n de pacientes de fonoaudiolog\u00eda y para la realizaci\u00f3n de estudios de audiometr\u00eda.<\/h3>\n<\/blockquote>\n<p class=\"notaTexto\">Las obras se extender\u00e1n por dos semanas m\u00e1s. En este sentido y a fin de no alterar el cronograma de cirug\u00edas, se habilit\u00f3 el quir\u00f3fano de la nueva sala de pediatr\u00eda, el cual provisoriamente cubrir\u00e1 las necesidades del hospital, adem\u00e1s de la habitual atenci\u00f3n de intervenciones ginecol\u00f3gicas. Todos estos trabajos se ejecutan con recursos propios del municipio, en especial, con el valioso aporte de los empleados municipales.<\/p>\n","protected":false},"excerpt":{"rendered":"<div class=\"mh-excerpt\"><p>Las obras mejoran la accesibilidad en quir\u00f3fanos y consultorios externos. 26 de Junio de 2024 CHASCOM\u00daS &#8211;\u00a0 Se realizan obras de mantenimiento y puesta en valor en el Hospital San Vicente de Paul. Las mismas <a class=\"mh-excerpt-more\" href=\"https:\/\/larevistadigital.com.ar\/blog\/chascomus-reformas-en-el-hospital-san-vicente-de-paul\/\" title=\"CHASCOM\u00daS: REFORMAS EN EL HOSPITAL SAN VICENTE DE PAUL\">[Leer M\u00e1s]<\/a><\/p>\n<\/div>","protected":false},"author":3,"featured_media":36434,"comment_status":"open","ping_status":"open","sticky":false,"template":"","format":"standard","meta":{"_jetpack_memberships_contains_paid_content":false,"footnotes":"","jetpack_publicize_message":"","jetpack_publicize_feature_enabled":true,"jetpack_social_post_already_shared":true,"jetpack_social_options":{"image_generator_settings":{"template":"highway","default_image_id":0,"font":"","enabled":false},"version":2}},"categories":[6],"tags":[],"class_list":{"0":"post-36433","1":"post","2":"type-post","3":"status-publish","4":"format-standard","5":"has-post-thumbnail","7":"category-chascomus"},"jetpack_publicize_connections":[],"jetpack_featured_media_url":"https:\/\/i0.wp.com\/larevistadigital.com.ar\/blog\/wp-content\/uploads\/2024_06_26_01_17_54_4641075.jpg?fit=600%2C401&ssl=1","jetpack_sharing_enabled":true,"jetpack_shortlink":"https:\/\/wp.me\/p8qtrQ-9tD","jetpack-related-posts":[{"id":42764,"url":"https:\/\/larevistadigital.com.ar\/blog\/chascomus-nueva-aparatologia-en-el-hospital-municipal-donada-por-la-cooperadora\/","url_meta":{"origin":36433,"position":0},"title":"Chascom\u00fas: Nueva aparatolog\u00eda en el Hospital Municipal donada por la Cooperadora","author":"Alejandro Sosa Ruda","date":"4 diciembre, 2025","format":false,"excerpt":"Se trata de importante equipamiento que contribuir\u00e1 a la atenci\u00f3n de los consultorios externos. 04 de Diciembre de 2025 CHASCOM\u00daS -\u00a0 \u00a0 En la jornada del \u00faltimo mi\u00e9rcoles, la Cooperadora del Hospital Municipal \u201cSan Vicente de Paul\u201d don\u00f3 importante aparatolog\u00eda para el \u00e1rea de consultorios externos, que contribuyen a mejorar\u2026","rel":"","context":"En \u00abCHASCOM\u00daS\u00bb","block_context":{"text":"CHASCOM\u00daS","link":"https:\/\/larevistadigital.com.ar\/blog\/category\/chascomus\/"},"img":{"alt_text":"","src":"","width":0,"height":0},"classes":[]},{"id":44157,"url":"https:\/\/larevistadigital.com.ar\/blog\/chascomus-entrega-de-turnos-en-el-hospital-municipal\/","url_meta":{"origin":36433,"position":1},"title":"Chascom\u00fas: Entrega de turnos en el Hospital Municipal","author":"Alejandro Sosa Ruda","date":"24 febrero, 2026","format":false,"excerpt":"De acuerdo a un cronograma semanal, se pueden solicitar previamente para la atenci\u00f3n en los Consultorios Externos. 24 febrero 2026 CHASCOM\u00daS\u00a0 -\u00a0 \u00a0 Vecinos y vecinas pueden sacar turno para la atenci\u00f3n en los consultorios externos del Hospital Municipal San Vicente de Paul de manera sencilla. Cada semana se entregar\u00e1n\u2026","rel":"","context":"En \u00abCHASCOM\u00daS\u00bb","block_context":{"text":"CHASCOM\u00daS","link":"https:\/\/larevistadigital.com.ar\/blog\/category\/chascomus\/"},"img":{"alt_text":"","src":"https:\/\/i0.wp.com\/larevistadigital.com.ar\/blog\/wp-content\/uploads\/699dca2bd7803.png?fit=668%2C445&ssl=1&resize=350%2C200","width":350,"height":200,"srcset":"https:\/\/i0.wp.com\/larevistadigital.com.ar\/blog\/wp-content\/uploads\/699dca2bd7803.png?fit=668%2C445&ssl=1&resize=350%2C200 1x, https:\/\/i0.wp.com\/larevistadigital.com.ar\/blog\/wp-content\/uploads\/699dca2bd7803.png?fit=668%2C445&ssl=1&resize=525%2C300 1.5x"},"classes":[]},{"id":39727,"url":"https:\/\/larevistadigital.com.ar\/blog\/chascomus-consultorio-de-lactancia\/","url_meta":{"origin":36433,"position":2},"title":"Chascom\u00fas: Consultorio de lactancia","author":"Alejandro Sosa Ruda","date":"10 mayo, 2025","format":false,"excerpt":"Ampl\u00eda el horario de atenci\u00f3n el espacio del Hospital Municipal destinado a personas gestantes. 09 de Mayo de 2025 CHASCOM\u00daS -\u00a0 El consultorio de lactancia destinado a personas gestantes, a cargo de la Lic. en Obstetricia Cielo Cano, atiende martes y mi\u00e9rcoles en el horario de 14 a 17.30 hs\u2026","rel":"","context":"En \u00abCHASCOM\u00daS\u00bb","block_context":{"text":"CHASCOM\u00daS","link":"https:\/\/larevistadigital.com.ar\/blog\/category\/chascomus\/"},"img":{"alt_text":"","src":"https:\/\/i0.wp.com\/larevistadigital.com.ar\/blog\/wp-content\/uploads\/681e3916644d7.png?fit=668%2C445&ssl=1&resize=350%2C200","width":350,"height":200,"srcset":"https:\/\/i0.wp.com\/larevistadigital.com.ar\/blog\/wp-content\/uploads\/681e3916644d7.png?fit=668%2C445&ssl=1&resize=350%2C200 1x, https:\/\/i0.wp.com\/larevistadigital.com.ar\/blog\/wp-content\/uploads\/681e3916644d7.png?fit=668%2C445&ssl=1&resize=525%2C300 1.5x"},"classes":[]},{"id":37317,"url":"https:\/\/larevistadigital.com.ar\/blog\/chascomus-importante-equipamiento-para-el-hospital-municipal\/","url_meta":{"origin":36433,"position":3},"title":"Chascom\u00fas: Importante equipamiento para el Hospital Municipal","author":"Alejandro Sosa Ruda","date":"26 septiembre, 2024","format":false,"excerpt":"El intendente Javier Gast\u00f3n visit\u00f3 el hospital municipal San Vicente de Paul donde fueron recibidos nuevos equipos que contribuir\u00e1n a un mejor funcionamiento de la instituci\u00f3n. 26 de Septiembre de 2024 CHASCOM\u00daS -\u00a0 En su recorrido estuvo acompa\u00f1ado por la secretaria de Salud P\u00fablica, Marcela Arias, y el director del\u2026","rel":"","context":"En \u00abCHASCOM\u00daS\u00bb","block_context":{"text":"CHASCOM\u00daS","link":"https:\/\/larevistadigital.com.ar\/blog\/category\/chascomus\/"},"img":{"alt_text":"","src":"https:\/\/i0.wp.com\/larevistadigital.com.ar\/blog\/wp-content\/uploads\/66f591ad2d40e.png?fit=668%2C445&ssl=1&resize=350%2C200","width":350,"height":200,"srcset":"https:\/\/i0.wp.com\/larevistadigital.com.ar\/blog\/wp-content\/uploads\/66f591ad2d40e.png?fit=668%2C445&ssl=1&resize=350%2C200 1x, https:\/\/i0.wp.com\/larevistadigital.com.ar\/blog\/wp-content\/uploads\/66f591ad2d40e.png?fit=668%2C445&ssl=1&resize=525%2C300 1.5x"},"classes":[]},{"id":38773,"url":"https:\/\/larevistadigital.com.ar\/blog\/consultorio-de-lactancia-en-el-hospital\/","url_meta":{"origin":36433,"position":4},"title":"Consultorio de lactancia en el hospital","author":"Alejandro Sosa Ruda","date":"23 febrero, 2025","format":false,"excerpt":"Un espacio de aprendizaje y contenci\u00f3n para las futuras mam\u00e1s. 23 de Febrero de 2025 CHASCOM\u00daS\u00a0 -\u00a0 Los d\u00edas martes de 14 a 17.30 hs atiende el consultorio de lactancia, a cargo de la Lic. en Obstetricia Cielo Cano, en el Hospital Municipal San Vicente de Paul. Destinado a personas\u2026","rel":"","context":"En \u00abCHASCOM\u00daS\u00bb","block_context":{"text":"CHASCOM\u00daS","link":"https:\/\/larevistadigital.com.ar\/blog\/category\/chascomus\/"},"img":{"alt_text":"","src":"https:\/\/i0.wp.com\/larevistadigital.com.ar\/blog\/wp-content\/uploads\/67b8b679bf28c.png?fit=668%2C445&ssl=1&resize=350%2C200","width":350,"height":200,"srcset":"https:\/\/i0.wp.com\/larevistadigital.com.ar\/blog\/wp-content\/uploads\/67b8b679bf28c.png?fit=668%2C445&ssl=1&resize=350%2C200 1x, https:\/\/i0.wp.com\/larevistadigital.com.ar\/blog\/wp-content\/uploads\/67b8b679bf28c.png?fit=668%2C445&ssl=1&resize=525%2C300 1.5x"},"classes":[]},{"id":22323,"url":"https:\/\/larevistadigital.com.ar\/blog\/la-sala-de-pediatria-y-la-verdad-de-las-cosas\/","url_meta":{"origin":36433,"position":5},"title":"LA SALA DE PEDIATR\u00cdA, Y LA VERDAD DE LAS COSAS","author":"Alejandro Sosa Ruda","date":"11 octubre, 2021","format":false,"excerpt":"La dirigente y ex funcionaria, escribi\u00f3 y envi\u00f3 una reflexi\u00f3n, donde comenta lo que ocurri\u00f3 con la Sala de Pediatr\u00eda, y que a la fecha se cobr\u00f3 con creces, aunque no se ha finalizado, dici\u00e9ndole al gobierno municipal: \"No hace falta mostrar tan abiertamente el nerviosismo de la derrota\" Primero\u2026","rel":"","context":"En \u00abINTERES GENERAL\u00bb","block_context":{"text":"INTERES GENERAL","link":"https:\/\/larevistadigital.com.ar\/blog\/category\/interes-general\/"},"img":{"alt_text":"","src":"https:\/\/i0.wp.com\/larevistadigital.com.ar\/blog\/wp-content\/uploads\/bbx_945643569_1_katop01.jpg?fit=800%2C579&ssl=1&resize=350%2C200","width":350,"height":200,"srcset":"https:\/\/i0.wp.com\/larevistadigital.com.ar\/blog\/wp-content\/uploads\/bbx_945643569_1_katop01.jpg?fit=800%2C579&ssl=1&resize=350%2C200 1x, https:\/\/i0.wp.com\/larevistadigital.com.ar\/blog\/wp-content\/uploads\/bbx_945643569_1_katop01.jpg?fit=800%2C579&ssl=1&resize=525%2C300 1.5x, https:\/\/i0.wp.com\/larevistadigital.com.ar\/blog\/wp-content\/uploads\/bbx_945643569_1_katop01.jpg?fit=800%2C579&ssl=1&resize=700%2C400 2x"},"classes":[]}],"_links":{"self":[{"href":"https:\/\/larevistadigital.com.ar\/blog\/wp-json\/wp\/v2\/posts\/36433","targetHints":{"allow":["GET"]}}],"collection":[{"href":"https:\/\/larevistadigital.com.ar\/blog\/wp-json\/wp\/v2\/posts"}],"about":[{"href":"https:\/\/larevistadigital.com.ar\/blog\/wp-json\/wp\/v2\/types\/post"}],"author":[{"embeddable":true,"href":"https:\/\/larevistadigital.com.ar\/blog\/wp-json\/wp\/v2\/users\/3"}],"replies":[{"embeddable":true,"href":"https:\/\/larevistadigital.com.ar\/blog\/wp-json\/wp\/v2\/comments?post=36433"}],"version-history":[{"count":1,"href":"https:\/\/larevistadigital.com.ar\/blog\/wp-json\/wp\/v2\/posts\/36433\/revisions"}],"predecessor-version":[{"id":36435,"href":"https:\/\/larevistadigital.com.ar\/blog\/wp-json\/wp\/v2\/posts\/36433\/revisions\/36435"}],"wp:featuredmedia":[{"embeddable":true,"href":"https:\/\/larevistadigital.com.ar\/blog\/wp-json\/wp\/v2\/media\/36434"}],"wp:attachment":[{"href":"https:\/\/larevistadigital.com.ar\/blog\/wp-json\/wp\/v2\/media?parent=36433"}],"wp:term":[{"taxonomy":"category","embeddable":true,"href":"https:\/\/larevistadigital.com.ar\/blog\/wp-json\/wp\/v2\/categories?post=36433"},{"taxonomy":"post_tag","embeddable":true,"href":"https:\/\/larevistadigital.com.ar\/blog\/wp-json\/wp\/v2\/tags?post=36433"}],"curies":[{"name":"wp","href":"https:\/\/api.w.org\/{rel}","templated":true}]}}