{"id":36436,"date":"2024-06-26T01:21:20","date_gmt":"2024-06-26T04:21:20","guid":{"rendered":"https:\/\/larevistadigital.com.ar\/blog\/?p=36436"},"modified":"2024-06-26T01:21:20","modified_gmt":"2024-06-26T04:21:20","slug":"la-semana-proxima-se-entregaran-turnos-para-esterilizacion-de-mascotas","status":"publish","type":"post","link":"https:\/\/larevistadigital.com.ar\/blog\/la-semana-proxima-se-entregaran-turnos-para-esterilizacion-de-mascotas\/","title":{"rendered":"LA SEMANA PR\u00d3XIMA SE ENTREGAR\u00c1N TURNOS PARA ESTERILIZACI\u00d3N DE MASCOTAS"},"content":{"rendered":"<h2 class=\"notaIntro\">El Programa Municipal de Castraciones gratuitas busca fomentar la responsabilidad en la tenencia de mascotas y contribuir al bienestar animal.<\/h2>\n<p>26 de Junio de 2024<\/p>\n<p class=\"notaTexto\"><strong>CHASCOM\u00daS &#8211;\u00a0<\/strong> En la jornada del jueves 4 de julio, desde las 8 horas, se otorgar\u00e1n turnos por orden de llegada para las castraciones de mascotas, en el Fuerte San Juan Bautista, donde el quir\u00f3fano m\u00f3vil permanecer\u00e1 instalado temporalmente.<br \/>\nEn esta oportunidad, se llevar\u00e1n a cabo las revisiones prequir\u00fargicas y se asignar\u00e1n los turnos para las operaciones que se realizar\u00e1n en el transcurso del mes de julio.<br \/>\nEl proceso de esterilizaci\u00f3n es una medida efectiva para controlar la reproducci\u00f3n de perros y gatos, previniendo la proliferaci\u00f3n de cr\u00edas no deseadas.<br \/>\nEs importante tener en cuenta que las mascotas deben tener m\u00e1s de seis meses de edad y ser llevadas al quir\u00f3fano m\u00f3vil con collar y correa en el caso de los perros, mientras que los gatos deben transportarse en caja o mochila con cierre.<\/p>\n","protected":false},"excerpt":{"rendered":"<div class=\"mh-excerpt\"><p>El Programa Municipal de Castraciones gratuitas busca fomentar la responsabilidad en la tenencia de mascotas y contribuir al bienestar animal. 26 de Junio de 2024 CHASCOM\u00daS &#8211;\u00a0 En la jornada del jueves 4 de julio, <a class=\"mh-excerpt-more\" href=\"https:\/\/larevistadigital.com.ar\/blog\/la-semana-proxima-se-entregaran-turnos-para-esterilizacion-de-mascotas\/\" title=\"LA SEMANA PR\u00d3XIMA SE ENTREGAR\u00c1N TURNOS PARA ESTERILIZACI\u00d3N DE MASCOTAS\">[Leer M\u00e1s]<\/a><\/p>\n<\/div>","protected":false},"author":3,"featured_media":36437,"comment_status":"open","ping_status":"open","sticky":false,"template":"","format":"standard","meta":{"_jetpack_memberships_contains_paid_content":false,"footnotes":"","jetpack_publicize_message":"","jetpack_publicize_feature_enabled":true,"jetpack_social_post_already_shared":true,"jetpack_social_options":{"image_generator_settings":{"template":"highway","default_image_id":0,"font":"","enabled":false},"version":2}},"categories":[50],"tags":[],"class_list":{"0":"post-36436","1":"post","2":"type-post","3":"status-publish","4":"format-standard","5":"has-post-thumbnail","7":"category-interes-general"},"jetpack_publicize_connections":[],"jetpack_featured_media_url":"https:\/\/i0.wp.com\/larevistadigital.com.ar\/blog\/wp-content\/uploads\/2024_06_26_01_35_10_6541251.jpg?fit=600%2C401&ssl=1","jetpack_sharing_enabled":true,"jetpack_shortlink":"https:\/\/wp.me\/p8qtrQ-9tG","jetpack-related-posts":[{"id":37648,"url":"https:\/\/larevistadigital.com.ar\/blog\/chascomus-quirofano-movil-este-viernes-se-realizaran-las-revisiones-prequirurgicas\/","url_meta":{"origin":36436,"position":0},"title":"Chascom\u00fas: Quir\u00f3fano m\u00f3vil: este viernes se realizar\u00e1n las revisiones prequir\u00fargicas","author":"Alejandro Sosa Ruda","date":"30 octubre, 2024","format":false,"excerpt":"El Programa Municipal de Castraciones Gratuitas busca fomentar la responsabilidad en la tenencia de las mascotas y contribuir al bienestar animal. 30 de Octubre de 2024 CHASCOM\u00daS -\u00a0 En la jornada de este viernes 1\u00b0 de noviembre, a partir de las 8 horas, se otorgar\u00e1n turnos por orden de llegada\u2026","rel":"","context":"En \u00abCHASCOM\u00daS\u00bb","block_context":{"text":"CHASCOM\u00daS","link":"https:\/\/larevistadigital.com.ar\/blog\/category\/chascomus\/"},"img":{"alt_text":"","src":"https:\/\/i0.wp.com\/larevistadigital.com.ar\/blog\/wp-content\/uploads\/672269e8bed2e.png?fit=668%2C445&ssl=1&resize=350%2C200","width":350,"height":200,"srcset":"https:\/\/i0.wp.com\/larevistadigital.com.ar\/blog\/wp-content\/uploads\/672269e8bed2e.png?fit=668%2C445&ssl=1&resize=350%2C200 1x, https:\/\/i0.wp.com\/larevistadigital.com.ar\/blog\/wp-content\/uploads\/672269e8bed2e.png?fit=668%2C445&ssl=1&resize=525%2C300 1.5x"},"classes":[]},{"id":38776,"url":"https:\/\/larevistadigital.com.ar\/blog\/turnos-para-castraciones-de-pequenos-animales\/","url_meta":{"origin":36436,"position":1},"title":"Turnos para castraciones de peque\u00f1os animales","author":"Alejandro Sosa Ruda","date":"23 febrero, 2025","format":false,"excerpt":"El pr\u00f3ximo viernes 28 se realizar\u00e1n las revisaciones y se otorgar\u00e1n los turnos para el mes de marzo. 23 de Febrero de 2025 CHASCOM\u00daS -\u00a0 Desde el \u00e1rea de Bromatolog\u00eda municipal, informan que el pr\u00f3ximo lunes a partir de las 8 hs, se realizar\u00e1n las revisaciones y se otorgar\u00e1n turnos\u2026","rel":"","context":"En \u00abCHASCOM\u00daS\u00bb","block_context":{"text":"CHASCOM\u00daS","link":"https:\/\/larevistadigital.com.ar\/blog\/category\/chascomus\/"},"img":{"alt_text":"","src":"https:\/\/i0.wp.com\/larevistadigital.com.ar\/blog\/wp-content\/uploads\/67b8b792483ff.png?fit=668%2C445&ssl=1&resize=350%2C200","width":350,"height":200,"srcset":"https:\/\/i0.wp.com\/larevistadigital.com.ar\/blog\/wp-content\/uploads\/67b8b792483ff.png?fit=668%2C445&ssl=1&resize=350%2C200 1x, https:\/\/i0.wp.com\/larevistadigital.com.ar\/blog\/wp-content\/uploads\/67b8b792483ff.png?fit=668%2C445&ssl=1&resize=525%2C300 1.5x"},"classes":[]},{"id":44201,"url":"https:\/\/larevistadigital.com.ar\/blog\/chascomus-turnos-para-castraciones-de-pequenos-animales\/","url_meta":{"origin":36436,"position":2},"title":"Chascom\u00fas: Turnos para castraciones de peque\u00f1os animales","author":"Alejandro Sosa Ruda","date":"28 febrero, 2026","format":false,"excerpt":"El pr\u00f3ximo martes 3 de marzo se realizar\u00e1n las revisaciones y se otorgar\u00e1n los turnos para el mes de marzo en el barrio Ipor\u00e1 28 de febrero de 2026 CHASCOM\u00daS -\u00a0 \u00a0esde el \u00e1rea de Bromatolog\u00eda municipal, informan que el pr\u00f3ximo martes 3 de marzo, habr\u00e1 una nueva jornada de\u2026","rel":"","context":"En \u00abCHASCOM\u00daS\u00bb","block_context":{"text":"CHASCOM\u00daS","link":"https:\/\/larevistadigital.com.ar\/blog\/category\/chascomus\/"},"img":{"alt_text":"","src":"https:\/\/i0.wp.com\/larevistadigital.com.ar\/blog\/wp-content\/uploads\/69a1d65c2c508.png?fit=668%2C445&ssl=1&resize=350%2C200","width":350,"height":200,"srcset":"https:\/\/i0.wp.com\/larevistadigital.com.ar\/blog\/wp-content\/uploads\/69a1d65c2c508.png?fit=668%2C445&ssl=1&resize=350%2C200 1x, https:\/\/i0.wp.com\/larevistadigital.com.ar\/blog\/wp-content\/uploads\/69a1d65c2c508.png?fit=668%2C445&ssl=1&resize=525%2C300 1.5x"},"classes":[]},{"id":43618,"url":"https:\/\/larevistadigital.com.ar\/blog\/chascomus-castraciones-gratuitas-de-mascotas-en-los-sauces\/","url_meta":{"origin":36436,"position":3},"title":"Chascom\u00fas: Castraciones gratuitas de mascotas en Los Sauces","author":"Alejandro Sosa Ruda","date":"27 enero, 2026","format":false,"excerpt":"El Quir\u00f3fano M\u00f3vil estar\u00e1 en el acceso al barrio pr\u00f3ximo martes 3 de febrero. 27 de enero de 2026 CHASCOM\u00daS -\u00a0 \u00a0En el lugar, a partir de las 8,30 horas se realizar\u00e1n las revisaciones y se otorgar\u00e1n turnos limitados para las operaciones. Los interesados deber\u00e1n concurrir con la mascota, transportada\u2026","rel":"","context":"En \u00abCHASCOM\u00daS\u00bb","block_context":{"text":"CHASCOM\u00daS","link":"https:\/\/larevistadigital.com.ar\/blog\/category\/chascomus\/"},"img":{"alt_text":"","src":"https:\/\/i0.wp.com\/larevistadigital.com.ar\/blog\/wp-content\/uploads\/6978efd553e0c.png?fit=668%2C445&ssl=1&resize=350%2C200","width":350,"height":200,"srcset":"https:\/\/i0.wp.com\/larevistadigital.com.ar\/blog\/wp-content\/uploads\/6978efd553e0c.png?fit=668%2C445&ssl=1&resize=350%2C200 1x, https:\/\/i0.wp.com\/larevistadigital.com.ar\/blog\/wp-content\/uploads\/6978efd553e0c.png?fit=668%2C445&ssl=1&resize=525%2C300 1.5x"},"classes":[]},{"id":37368,"url":"https:\/\/larevistadigital.com.ar\/blog\/castraciones-de-pequenos-animales\/","url_meta":{"origin":36436,"position":4},"title":"Castraciones de peque\u00f1os animales","author":"Alejandro Sosa Ruda","date":"30 septiembre, 2024","format":false,"excerpt":"El mi\u00e9rcoles 2 se otorgar\u00e1n turnos para las operaciones que se realizar\u00e1n durante el mes de octubre. 01 de Octubre de 2024 CHASCOM\u00daS -\u00a0 A partir de las 8 hs se otorgar\u00e1n turnos limitados para la castraci\u00f3n de peque\u00f1os animales, en el marco del Programa Municipal de Castraciones. Los interesados\u2026","rel":"","context":"En \u00abINTERES GENERAL\u00bb","block_context":{"text":"INTERES GENERAL","link":"https:\/\/larevistadigital.com.ar\/blog\/category\/interes-general\/"},"img":{"alt_text":"","src":"https:\/\/i0.wp.com\/larevistadigital.com.ar\/blog\/wp-content\/uploads\/66fad90c5b3a0.png?fit=668%2C445&ssl=1&resize=350%2C200","width":350,"height":200,"srcset":"https:\/\/i0.wp.com\/larevistadigital.com.ar\/blog\/wp-content\/uploads\/66fad90c5b3a0.png?fit=668%2C445&ssl=1&resize=350%2C200 1x, https:\/\/i0.wp.com\/larevistadigital.com.ar\/blog\/wp-content\/uploads\/66fad90c5b3a0.png?fit=668%2C445&ssl=1&resize=525%2C300 1.5x"},"classes":[]},{"id":44313,"url":"https:\/\/larevistadigital.com.ar\/blog\/el-quirofano-movil-avanza-con-nuevas-castraciones-mas-de-50-turnos-confirmados-en-el-barrio-ipora\/","url_meta":{"origin":36436,"position":5},"title":"El Quir\u00f3fano M\u00f3vil avanza con nuevas castraciones: M\u00e1s de 50 turnos confirmados en el barrio Ipor\u00e1","author":"Alejandro Sosa Ruda","date":"5 marzo, 2026","format":false,"excerpt":"Con este tipo de operativos en los barrios, el Municipio contin\u00faa acercando servicios esenciales a la comunidad y reforzando su compromiso con el bienestar animal. 05 De Marzo de 2026 CHASCOM\u00daS -\u00a0 \u00a0El \u00faltimo martes, el Quir\u00f3fano M\u00f3vil de la Municipalidad de Chascom\u00fas llev\u00f3 adelante una jornada de revisaci\u00f3n de\u2026","rel":"","context":"En \u00abCHASCOM\u00daS\u00bb","block_context":{"text":"CHASCOM\u00daS","link":"https:\/\/larevistadigital.com.ar\/blog\/category\/chascomus\/"},"img":{"alt_text":"","src":"https:\/\/i0.wp.com\/larevistadigital.com.ar\/blog\/wp-content\/uploads\/69a86a69606ff.png?fit=668%2C445&ssl=1&resize=350%2C200","width":350,"height":200,"srcset":"https:\/\/i0.wp.com\/larevistadigital.com.ar\/blog\/wp-content\/uploads\/69a86a69606ff.png?fit=668%2C445&ssl=1&resize=350%2C200 1x, https:\/\/i0.wp.com\/larevistadigital.com.ar\/blog\/wp-content\/uploads\/69a86a69606ff.png?fit=668%2C445&ssl=1&resize=525%2C300 1.5x"},"classes":[]}],"_links":{"self":[{"href":"https:\/\/larevistadigital.com.ar\/blog\/wp-json\/wp\/v2\/posts\/36436","targetHints":{"allow":["GET"]}}],"collection":[{"href":"https:\/\/larevistadigital.com.ar\/blog\/wp-json\/wp\/v2\/posts"}],"about":[{"href":"https:\/\/larevistadigital.com.ar\/blog\/wp-json\/wp\/v2\/types\/post"}],"author":[{"embeddable":true,"href":"https:\/\/larevistadigital.com.ar\/blog\/wp-json\/wp\/v2\/users\/3"}],"replies":[{"embeddable":true,"href":"https:\/\/larevistadigital.com.ar\/blog\/wp-json\/wp\/v2\/comments?post=36436"}],"version-history":[{"count":1,"href":"https:\/\/larevistadigital.com.ar\/blog\/wp-json\/wp\/v2\/posts\/36436\/revisions"}],"predecessor-version":[{"id":36438,"href":"https:\/\/larevistadigital.com.ar\/blog\/wp-json\/wp\/v2\/posts\/36436\/revisions\/36438"}],"wp:featuredmedia":[{"embeddable":true,"href":"https:\/\/larevistadigital.com.ar\/blog\/wp-json\/wp\/v2\/media\/36437"}],"wp:attachment":[{"href":"https:\/\/larevistadigital.com.ar\/blog\/wp-json\/wp\/v2\/media?parent=36436"}],"wp:term":[{"taxonomy":"category","embeddable":true,"href":"https:\/\/larevistadigital.com.ar\/blog\/wp-json\/wp\/v2\/categories?post=36436"},{"taxonomy":"post_tag","embeddable":true,"href":"https:\/\/larevistadigital.com.ar\/blog\/wp-json\/wp\/v2\/tags?post=36436"}],"curies":[{"name":"wp","href":"https:\/\/api.w.org\/{rel}","templated":true}]}}