{"id":36439,"date":"2024-06-26T01:25:43","date_gmt":"2024-06-26T04:25:43","guid":{"rendered":"https:\/\/larevistadigital.com.ar\/blog\/?p=36439"},"modified":"2024-06-26T01:25:43","modified_gmt":"2024-06-26T04:25:43","slug":"estudiantes-secundarios-podran-realizar-capacitaciones-virtuales-para-tramitar-la-licencia-de-conducir","status":"publish","type":"post","link":"https:\/\/larevistadigital.com.ar\/blog\/estudiantes-secundarios-podran-realizar-capacitaciones-virtuales-para-tramitar-la-licencia-de-conducir\/","title":{"rendered":"ESTUDIANTES SECUNDARIOS PODR\u00c1N REALIZAR CAPACITACIONES VIRTUALES PARA TRAMITAR LA LICENCIA DE CONDUCIR"},"content":{"rendered":"<h2 class=\"notaIntro\">A trav\u00e9s de la plataforma formativa \u201cLicencia Joven\u201d, las y los alumnos de 5\u00ba y 6\u00ba a\u00f1o podr\u00e1n tramitar su primer carnet de conducci\u00f3n con el examen te\u00f3rico aprobado.<\/h2>\n<p>26 de Junio de 2024<\/p>\n<p class=\"notaTexto\"><strong>CHASCOM\u00daS &#8211;<\/strong>\u00a0 Estudiantes de 5\u00ba y 6\u00b0 a\u00f1o de escuelas secundarias, t\u00e9cnicas, agrarias y especializadas en arte podr\u00e1n inscribirse en el programa \u201cLicencia Joven\u201d para obtener la primera licencia de conducir.<\/p>\n<blockquote>\n<h3 class=\"notaTexto\">El programa del gobierno bonaerense est\u00e1 destinado a adolescentes de los \u00faltimos a\u00f1os del nivel secundario quienes, por medio de un curso virtual, adquirir\u00e1n conocimientos enmarcados en el programa y se convertir\u00e1n en promotores de la seguridad vial.<\/h3>\n<\/blockquote>\n<p class=\"notaTexto\">Quienes lo aprueben, pasar\u00e1n autom\u00e1ticamente el examen te\u00f3rico para obtener la primera licencia y s\u00f3lo deber\u00e1n rendir los ex\u00e1menes psicof\u00edsico y pr\u00e1ctico.<\/p>\n<blockquote>\n<h3 class=\"notaTexto\">La plataforma virtual les brindar\u00e1 conocimientos de manera din\u00e1mica y entretenida, podr\u00e1n practicar situaciones viales a trav\u00e9s de simuladores interactivos, experimentando como conductores de distintos tipos de veh\u00edculos y como peatones.<\/h3>\n<\/blockquote>\n<p class=\"notaTexto\">Al desarrollarse de manera digital, las y los estudiantes pueden acceder desde cualquier dispositivo m\u00f3vil que tenga acceso a internet.<br \/>\nLos interesados ya pueden acceder al sitio web con el n\u00famero de DNI, en este link: https:\/\/licenciajoven.transporte.gba.gob.ar\/controls\/alumnos.php.<\/p>\n","protected":false},"excerpt":{"rendered":"<div class=\"mh-excerpt\"><p>A trav\u00e9s de la plataforma formativa \u201cLicencia Joven\u201d, las y los alumnos de 5\u00ba y 6\u00ba a\u00f1o podr\u00e1n tramitar su primer carnet de conducci\u00f3n con el examen te\u00f3rico aprobado. 26 de Junio de 2024 CHASCOM\u00daS <a class=\"mh-excerpt-more\" href=\"https:\/\/larevistadigital.com.ar\/blog\/estudiantes-secundarios-podran-realizar-capacitaciones-virtuales-para-tramitar-la-licencia-de-conducir\/\" title=\"ESTUDIANTES SECUNDARIOS PODR\u00c1N REALIZAR CAPACITACIONES VIRTUALES PARA TRAMITAR LA LICENCIA DE CONDUCIR\">[Leer M\u00e1s]<\/a><\/p>\n<\/div>","protected":false},"author":3,"featured_media":36440,"comment_status":"open","ping_status":"open","sticky":false,"template":"","format":"standard","meta":{"_jetpack_memberships_contains_paid_content":false,"footnotes":"","jetpack_publicize_message":"","jetpack_publicize_feature_enabled":true,"jetpack_social_post_already_shared":true,"jetpack_social_options":{"image_generator_settings":{"template":"highway","default_image_id":0,"font":"","enabled":false},"version":2}},"categories":[50],"tags":[],"class_list":{"0":"post-36439","1":"post","2":"type-post","3":"status-publish","4":"format-standard","5":"has-post-thumbnail","7":"category-interes-general"},"jetpack_publicize_connections":[],"jetpack_featured_media_url":"https:\/\/i0.wp.com\/larevistadigital.com.ar\/blog\/wp-content\/uploads\/2024_06_26_01_13_26_9773378.jpg?fit=600%2C401&ssl=1","jetpack_sharing_enabled":true,"jetpack_shortlink":"https:\/\/wp.me\/p8qtrQ-9tJ","jetpack-related-posts":[{"id":36833,"url":"https:\/\/larevistadigital.com.ar\/blog\/el-gobierno-de-la-provincia-de-buenos-aires-extendio-el-programa-licencia-joven-para-estudiantes-secundarios\/","url_meta":{"origin":36439,"position":0},"title":"EL GOBIERNO DE LA PROVINCIA DE BUENOS AIRES EXTENDI\u00d3 EL PROGRAMA \u00abLICENCIA JOVEN\u00bb PARA ESTUDIANTES SECUNDARIOS","author":"Alejandro Sosa Ruda","date":"30 julio, 2024","format":false,"excerpt":"A trav\u00e9s de esta propuesta, alumnos y alumnas del \u00faltimo a\u00f1o del nivel educativo pueden realizar capacitaciones virtuales para tramitar la licencia de conducir. 30 de Julio de 2024 CHASCOM\u00daS -\u00a0 El gobierno de la provincia de Buenos Aires determin\u00f3 extender hasta el 13 de septiembre el plazo para que\u2026","rel":"","context":"En \u00abINTERES GENERAL\u00bb","block_context":{"text":"INTERES GENERAL","link":"https:\/\/larevistadigital.com.ar\/blog\/category\/interes-general\/"},"img":{"alt_text":"","src":"https:\/\/i0.wp.com\/larevistadigital.com.ar\/blog\/wp-content\/uploads\/66a91d0ed747e.png?fit=668%2C445&ssl=1&resize=350%2C200","width":350,"height":200,"srcset":"https:\/\/i0.wp.com\/larevistadigital.com.ar\/blog\/wp-content\/uploads\/66a91d0ed747e.png?fit=668%2C445&ssl=1&resize=350%2C200 1x, https:\/\/i0.wp.com\/larevistadigital.com.ar\/blog\/wp-content\/uploads\/66a91d0ed747e.png?fit=668%2C445&ssl=1&resize=525%2C300 1.5x"},"classes":[]},{"id":41470,"url":"https:\/\/larevistadigital.com.ar\/blog\/chascomus-turnos-digitales-para-tramitar-la-licencia-de-conducir\/","url_meta":{"origin":36439,"position":1},"title":"Chascom\u00fas: Turnos digitales para tramitar la licencia de conducir","author":"Alejandro Sosa Ruda","date":"16 septiembre, 2025","format":false,"excerpt":"Este sistema permite que cada vecino pueda elegir el d\u00eda y horario que le conviene y ser atendido en forma m\u00e1s \u00e1gil. 16 de septiembre de 2025 - CHASCOM\u00daS -\u00a0 La Municipalidad de Chascom\u00fas recuerda a los vecinos que sigue activa la p\u00e1gina municipal para solicitar turnos y realizar cualquier\u2026","rel":"","context":"En \u00abCHASCOM\u00daS\u00bb","block_context":{"text":"CHASCOM\u00daS","link":"https:\/\/larevistadigital.com.ar\/blog\/category\/chascomus\/"},"img":{"alt_text":"","src":"https:\/\/i0.wp.com\/larevistadigital.com.ar\/blog\/wp-content\/uploads\/68c997e9c86c8.png?fit=668%2C445&ssl=1&resize=350%2C200","width":350,"height":200,"srcset":"https:\/\/i0.wp.com\/larevistadigital.com.ar\/blog\/wp-content\/uploads\/68c997e9c86c8.png?fit=668%2C445&ssl=1&resize=350%2C200 1x, https:\/\/i0.wp.com\/larevistadigital.com.ar\/blog\/wp-content\/uploads\/68c997e9c86c8.png?fit=668%2C445&ssl=1&resize=525%2C300 1.5x"},"classes":[]},{"id":29257,"url":"https:\/\/larevistadigital.com.ar\/blog\/licencia-joven-la-seguridad-vial-se-sumara-a-la-curricula-en-2023\/","url_meta":{"origin":36439,"position":2},"title":"LICENCIA JOVEN: LA SEGURIDAD VIAL SE SUMAR\u00c1 A LA CURR\u00cdCULA EN 2023","author":"Alejandro Sosa Ruda","date":"5 diciembre, 2022","format":false,"excerpt":"El gobernador de la provincia de Buenos Aires, Axel Kicillof, encabez\u00f3 en Pilar, el acto que dio cierre a la prueba piloto del programa \u201cLicencia Joven\u201d. Estuvo acompa\u00f1ado por el intendente local, Federico Achaval; el ministro de Transporte, Jorge D\u2019Onofrio; y el director general de Cultura y Educaci\u00f3n, Alberto Sileoni.\u2026","rel":"","context":"En \u00abPOLITICA PROVINCIAL\u00bb","block_context":{"text":"POLITICA PROVINCIAL","link":"https:\/\/larevistadigital.com.ar\/blog\/category\/politica\/politica-provincial\/"},"img":{"alt_text":"","src":"https:\/\/i0.wp.com\/larevistadigital.com.ar\/blog\/wp-content\/uploads\/20221205195342_licencia-joven-la-seguridad-vial-se-sumara-a-la-curricula-escolar-en-2023.png?fit=880%2C512&ssl=1&resize=350%2C200","width":350,"height":200,"srcset":"https:\/\/i0.wp.com\/larevistadigital.com.ar\/blog\/wp-content\/uploads\/20221205195342_licencia-joven-la-seguridad-vial-se-sumara-a-la-curricula-escolar-en-2023.png?fit=880%2C512&ssl=1&resize=350%2C200 1x, https:\/\/i0.wp.com\/larevistadigital.com.ar\/blog\/wp-content\/uploads\/20221205195342_licencia-joven-la-seguridad-vial-se-sumara-a-la-curricula-escolar-en-2023.png?fit=880%2C512&ssl=1&resize=525%2C300 1.5x, https:\/\/i0.wp.com\/larevistadigital.com.ar\/blog\/wp-content\/uploads\/20221205195342_licencia-joven-la-seguridad-vial-se-sumara-a-la-curricula-escolar-en-2023.png?fit=880%2C512&ssl=1&resize=700%2C400 2x"},"classes":[]},{"id":7610,"url":"https:\/\/larevistadigital.com.ar\/blog\/chascomus-desde-el-lunes-comienza-a-funcionar-la-pista-de-conduccion-segura\/","url_meta":{"origin":36439,"position":3},"title":"CHASCOM\u00daS: DESDE EL LUNES COMIENZA A FUNCIONAR LA PISTA DE \u00abCONDUCCI\u00d3N SEGURA\u00bb","author":"Alejandro Sosa Ruda","date":"5 enero, 2019","format":false,"excerpt":"Inform\u00f3 el portal Municipal Chascom\u00fas.gob.ar que a trav\u00e9s del Plan Maestro de Seguridad Vial impulsado por el gobierno municipal, se promueve de manera permanente el cumplimiento de las normativas vigentes y la buena convivencia en la v\u00eda p\u00fablica mediante distintas acciones. Entre ellas, desde este lunes 7 de enero se\u2026","rel":"","context":"En \u00abCHASCOM\u00daS\u00bb","block_context":{"text":"CHASCOM\u00daS","link":"https:\/\/larevistadigital.com.ar\/blog\/category\/chascomus\/"},"img":{"alt_text":"","src":"https:\/\/i0.wp.com\/larevistadigital.com.ar\/blog\/wp-content\/uploads\/2019\/01\/2019_01_04_16_17_38_1931458.jpg?fit=600%2C338&ssl=1&resize=350%2C200","width":350,"height":200,"srcset":"https:\/\/i0.wp.com\/larevistadigital.com.ar\/blog\/wp-content\/uploads\/2019\/01\/2019_01_04_16_17_38_1931458.jpg?fit=600%2C338&ssl=1&resize=350%2C200 1x, https:\/\/i0.wp.com\/larevistadigital.com.ar\/blog\/wp-content\/uploads\/2019\/01\/2019_01_04_16_17_38_1931458.jpg?fit=600%2C338&ssl=1&resize=525%2C300 1.5x"},"classes":[]},{"id":27990,"url":"https:\/\/larevistadigital.com.ar\/blog\/en-la-provincia-se-podra-manejar-con-el-carnet-vencido-hasta-el-31-de-enero\/","url_meta":{"origin":36439,"position":4},"title":"EN LA PROVINCIA SE PODR\u00c1 MANEJAR CON EL CARNET VENCIDO HASTA EL 31 DE ENERO","author":"Alejandro Sosa Ruda","date":"22 septiembre, 2022","format":false,"excerpt":"El Ministerio de Transporte bonaerense confirm\u00f3 la decisi\u00f3n, pero adelant\u00f3 que es de car\u00e1cter excepcional y solo aplicar\u00e1 a quienes tengan turno para sacarlo. 22 de septiembre de 2022 El Gobierno de la provincia de Buenos Aires, a trav\u00e9s de su Ministerio de Transporte, estableci\u00f3 con car\u00e1cter excepcional que\u00a0los ciudadanos\u2026","rel":"","context":"En \u00abINTERES GENERAL\u00bb","block_context":{"text":"INTERES GENERAL","link":"https:\/\/larevistadigital.com.ar\/blog\/category\/interes-general\/"},"img":{"alt_text":"","src":"https:\/\/i0.wp.com\/larevistadigital.com.ar\/blog\/wp-content\/uploads\/1553814588577.jpg?fit=1200%2C594&ssl=1&resize=350%2C200","width":350,"height":200,"srcset":"https:\/\/i0.wp.com\/larevistadigital.com.ar\/blog\/wp-content\/uploads\/1553814588577.jpg?fit=1200%2C594&ssl=1&resize=350%2C200 1x, https:\/\/i0.wp.com\/larevistadigital.com.ar\/blog\/wp-content\/uploads\/1553814588577.jpg?fit=1200%2C594&ssl=1&resize=525%2C300 1.5x, https:\/\/i0.wp.com\/larevistadigital.com.ar\/blog\/wp-content\/uploads\/1553814588577.jpg?fit=1200%2C594&ssl=1&resize=700%2C400 2x, https:\/\/i0.wp.com\/larevistadigital.com.ar\/blog\/wp-content\/uploads\/1553814588577.jpg?fit=1200%2C594&ssl=1&resize=1050%2C600 3x"},"classes":[]},{"id":43260,"url":"https:\/\/larevistadigital.com.ar\/blog\/la-provincia-inhabilito-a-la-influencer-libertaria-novia-de-inaki-gutierrez-tras-el-choque-alcoholizada-en-mar-de-ajo\/","url_meta":{"origin":36439,"position":5},"title":"La Provincia inhabilit\u00f3 a la influencer libertaria, novia de I\u00f1aki Guti\u00e9rrez tras el choque alcoholizada en Mar de Aj\u00f3","author":"Alejandro Sosa Ruda","date":"10 enero, 2026","format":false,"excerpt":"El Ministerio de Transporte bonaerense dispuso de manera preventiva que Eugenia Rol\u00f3n no pueda tramitar la licencia de conducir tras protagonizar un siniestro vial con 1,89 gramos de alcohol en sangre y sin carnet habilitante. 10 de enero de 2026 La\u00a0Provincia de Buenos Aires\u00a0resolvi\u00f3 inhabilitar a\u00a0Eugenia Rol\u00f3n, una joven de\u2026","rel":"","context":"En \u00abINTERES GENERAL\u00bb","block_context":{"text":"INTERES GENERAL","link":"https:\/\/larevistadigital.com.ar\/blog\/category\/interes-general\/"},"img":{"alt_text":"","src":"https:\/\/i0.wp.com\/larevistadigital.com.ar\/blog\/wp-content\/uploads\/Captura-de-pantalla-2026-01-11-003732.jpg?fit=631%2C375&ssl=1&resize=350%2C200","width":350,"height":200,"srcset":"https:\/\/i0.wp.com\/larevistadigital.com.ar\/blog\/wp-content\/uploads\/Captura-de-pantalla-2026-01-11-003732.jpg?fit=631%2C375&ssl=1&resize=350%2C200 1x, https:\/\/i0.wp.com\/larevistadigital.com.ar\/blog\/wp-content\/uploads\/Captura-de-pantalla-2026-01-11-003732.jpg?fit=631%2C375&ssl=1&resize=525%2C300 1.5x"},"classes":[]}],"_links":{"self":[{"href":"https:\/\/larevistadigital.com.ar\/blog\/wp-json\/wp\/v2\/posts\/36439","targetHints":{"allow":["GET"]}}],"collection":[{"href":"https:\/\/larevistadigital.com.ar\/blog\/wp-json\/wp\/v2\/posts"}],"about":[{"href":"https:\/\/larevistadigital.com.ar\/blog\/wp-json\/wp\/v2\/types\/post"}],"author":[{"embeddable":true,"href":"https:\/\/larevistadigital.com.ar\/blog\/wp-json\/wp\/v2\/users\/3"}],"replies":[{"embeddable":true,"href":"https:\/\/larevistadigital.com.ar\/blog\/wp-json\/wp\/v2\/comments?post=36439"}],"version-history":[{"count":1,"href":"https:\/\/larevistadigital.com.ar\/blog\/wp-json\/wp\/v2\/posts\/36439\/revisions"}],"predecessor-version":[{"id":36441,"href":"https:\/\/larevistadigital.com.ar\/blog\/wp-json\/wp\/v2\/posts\/36439\/revisions\/36441"}],"wp:featuredmedia":[{"embeddable":true,"href":"https:\/\/larevistadigital.com.ar\/blog\/wp-json\/wp\/v2\/media\/36440"}],"wp:attachment":[{"href":"https:\/\/larevistadigital.com.ar\/blog\/wp-json\/wp\/v2\/media?parent=36439"}],"wp:term":[{"taxonomy":"category","embeddable":true,"href":"https:\/\/larevistadigital.com.ar\/blog\/wp-json\/wp\/v2\/categories?post=36439"},{"taxonomy":"post_tag","embeddable":true,"href":"https:\/\/larevistadigital.com.ar\/blog\/wp-json\/wp\/v2\/tags?post=36439"}],"curies":[{"name":"wp","href":"https:\/\/api.w.org\/{rel}","templated":true}]}}