{"id":36442,"date":"2024-06-26T01:29:03","date_gmt":"2024-06-26T04:29:03","guid":{"rendered":"https:\/\/larevistadigital.com.ar\/blog\/?p=36442"},"modified":"2024-06-26T01:29:03","modified_gmt":"2024-06-26T04:29:03","slug":"la-escuela-secundaria-no-8-lleva-el-nombre-del-bombero-voluntario-jose-aldabe","status":"publish","type":"post","link":"https:\/\/larevistadigital.com.ar\/blog\/la-escuela-secundaria-no-8-lleva-el-nombre-del-bombero-voluntario-jose-aldabe\/","title":{"rendered":"LA ESCUELA SECUNDARIA N\u00ba 8 LLEVA EL NOMBRE DEL \u201cBOMBERO VOLUNTARIO JOS\u00c9 ALDABE\u201d"},"content":{"rendered":"<h2 class=\"notaIntro\">Directivos de la instituci\u00f3n, junto con las autoridades presentes, descubrieron una placa con el nuevo nombre de la instituci\u00f3n.<\/h2>\n<p>26 de Junio de 2024<\/p>\n<p class=\"notaTexto\">CHASCOM\u00daS\u00a0 &#8211;\u00a0 \u00a0El intendente <strong>Javier Gast\u00f3n<\/strong> asisti\u00f3 al acto de imposici\u00f3n del nombre <strong>\u00abBombero Voluntario Jos\u00e9 Aldabe\u00bb<\/strong> a la Escuela Secundaria N\u00ba 8, ubicado en Avellaneda al 1.000.<\/p>\n<p class=\"notaTexto\">Acompa\u00f1ado por el subsecretario de Infancia y Juventudes, <strong>Lucio Alfons\u00edn<\/strong>, y la jefa distrital de Educaci\u00f3n, <strong>Julia Ugarte<\/strong>, el intendente destac\u00f3 la importancia de recordar a <strong>Jos\u00e9 Aldabe<\/strong> y a todos los bomberos que, como \u00e9l, entregan su vida por los dem\u00e1s.<\/p>\n<p class=\"notaTexto\">En su discurso, se\u00f1al\u00f3 que <strong><em>\u201cesto es un homenaje a Jos\u00e9 y tambi\u00e9n a todos los bomberos, es una ense\u00f1anza a dar la vida por el otro, algo que hacen los bomberos voluntarios cada d\u00eda y por eso les brindamos nuestro reconocimiento. El caso de Jos\u00e9 nos marc\u00f3 mucho como comunidad chascomunense cuando sucedi\u00f3 y que ustedes puedan hoy estar manteniendo en alto su memoria es un llamado a todos los chascomunenses a seguir entreg\u00e1ndonos por el otro\u201d.<\/em><\/strong><\/p>\n<p class=\"notaTexto\">El acto cont\u00f3 con la participaci\u00f3n del cuerpo activo y de la comisi\u00f3n directiva de la Sociedad de Bomberos Voluntarios de Chascom\u00fas, a quienes se sumaron Hilda, la mam\u00e1 del bombero fallecido tr\u00e1gicamente en servicio el 3 de noviembre de 1985, y su hermano Mart\u00edn.<\/p>\n","protected":false},"excerpt":{"rendered":"<div class=\"mh-excerpt\"><p>Directivos de la instituci\u00f3n, junto con las autoridades presentes, descubrieron una placa con el nuevo nombre de la instituci\u00f3n. 26 de Junio de 2024 CHASCOM\u00daS\u00a0 &#8211;\u00a0 \u00a0El intendente Javier Gast\u00f3n asisti\u00f3 al acto de imposici\u00f3n <a class=\"mh-excerpt-more\" href=\"https:\/\/larevistadigital.com.ar\/blog\/la-escuela-secundaria-no-8-lleva-el-nombre-del-bombero-voluntario-jose-aldabe\/\" title=\"LA ESCUELA SECUNDARIA N\u00ba 8 LLEVA EL NOMBRE DEL \u201cBOMBERO VOLUNTARIO JOS\u00c9 ALDABE\u201d\">[Leer M\u00e1s]<\/a><\/p>\n<\/div>","protected":false},"author":3,"featured_media":36443,"comment_status":"open","ping_status":"open","sticky":false,"template":"","format":"standard","meta":{"_jetpack_memberships_contains_paid_content":false,"footnotes":"","jetpack_publicize_message":"","jetpack_publicize_feature_enabled":true,"jetpack_social_post_already_shared":true,"jetpack_social_options":{"image_generator_settings":{"template":"highway","default_image_id":0,"font":"","enabled":false},"version":2}},"categories":[6,23],"tags":[],"class_list":{"0":"post-36442","1":"post","2":"type-post","3":"status-publish","4":"format-standard","5":"has-post-thumbnail","7":"category-chascomus","8":"category-politica-local"},"jetpack_publicize_connections":[],"jetpack_featured_media_url":"https:\/\/i0.wp.com\/larevistadigital.com.ar\/blog\/wp-content\/uploads\/2024_06_26_01_58_03_1048730.jpg?fit=600%2C400&ssl=1","jetpack_sharing_enabled":true,"jetpack_shortlink":"https:\/\/wp.me\/p8qtrQ-9tM","jetpack-related-posts":[{"id":43203,"url":"https:\/\/larevistadigital.com.ar\/blog\/profundo-pesar-en-chascomus-por-el-fallecimiento-del-bombero-voluntario-silvio-sullings\/","url_meta":{"origin":36442,"position":0},"title":"Profundo pesar en Chascom\u00fas por el fallecimiento del bombero voluntario Silvio Sullings","author":"Alejandro Sosa Ruda","date":"6 enero, 2026","format":false,"excerpt":"El Oficial Principal (R) dedic\u00f3 m\u00e1s de tres d\u00e9cadas al servicio de la comunidad y dej\u00f3 una huella imborrable en la instituci\u00f3n bomberil local. 06 de enero de 2026 CHASCOM\u00daS -\u00a0 \u00a0La comunidad de Bomberos Voluntarios de Chascom\u00fas atraviesa horas de profundo dolor tras conocerse el fallecimiento del Oficial Principal\u2026","rel":"","context":"En \u00abDESTACADAS\u00bb","block_context":{"text":"DESTACADAS","link":"https:\/\/larevistadigital.com.ar\/blog\/category\/destacadas\/"},"img":{"alt_text":"","src":"https:\/\/i0.wp.com\/larevistadigital.com.ar\/blog\/wp-content\/uploads\/Captura-de-pantalla-2026-01-06-201824.jpg?fit=635%2C482&ssl=1&resize=350%2C200","width":350,"height":200,"srcset":"https:\/\/i0.wp.com\/larevistadigital.com.ar\/blog\/wp-content\/uploads\/Captura-de-pantalla-2026-01-06-201824.jpg?fit=635%2C482&ssl=1&resize=350%2C200 1x, https:\/\/i0.wp.com\/larevistadigital.com.ar\/blog\/wp-content\/uploads\/Captura-de-pantalla-2026-01-06-201824.jpg?fit=635%2C482&ssl=1&resize=525%2C300 1.5x"},"classes":[]},{"id":15466,"url":"https:\/\/larevistadigital.com.ar\/blog\/feliz-dia-queridos-bomberos-voluntarios\/","url_meta":{"origin":36442,"position":1},"title":"\u00a1FELIZ D\u00cdA, QUERIDOS BOMBEROS VOLUNTARIOS!","author":"Alejandro Sosa Ruda","date":"2 junio, 2020","format":false,"excerpt":"En el d\u00eda Nacional del Bombero Voluntario, nuestros queridos Bomberos de Chascom\u00fas, hicieron una publicaci\u00f3n en su p\u00e1gina de facebook, en donde dicen muchas cosas, que queremos compartir. Para Chascom\u00fas, es una de las instituciones m\u00e1s queridas, y que siempre nos llenan de orgullo. Vaya nuestro saludo y todo el\u2026","rel":"","context":"En \u00abDESTACADAS\u00bb","block_context":{"text":"DESTACADAS","link":"https:\/\/larevistadigital.com.ar\/blog\/category\/destacadas\/"},"img":{"alt_text":"","src":"https:\/\/i0.wp.com\/larevistadigital.com.ar\/blog\/wp-content\/uploads\/101082562_2781074852128432_1628752272676618240_n.png?fit=650%2C242&ssl=1&resize=350%2C200","width":350,"height":200,"srcset":"https:\/\/i0.wp.com\/larevistadigital.com.ar\/blog\/wp-content\/uploads\/101082562_2781074852128432_1628752272676618240_n.png?fit=650%2C242&ssl=1&resize=350%2C200 1x, https:\/\/i0.wp.com\/larevistadigital.com.ar\/blog\/wp-content\/uploads\/101082562_2781074852128432_1628752272676618240_n.png?fit=650%2C242&ssl=1&resize=525%2C300 1.5x"},"classes":[]},{"id":42679,"url":"https:\/\/larevistadigital.com.ar\/blog\/chascomus-el-intendente-municipal-acompano-el-emotivo-desfile-por-el-aniversario-de-los-bomberos-voluntarios\/","url_meta":{"origin":36442,"position":2},"title":"Chascom\u00fas: El Intendente Municipal acompa\u00f1\u00f3 el emotivo desfile por el aniversario de los Bomberos Voluntarios","author":"Alejandro Sosa Ruda","date":"1 diciembre, 2025","format":false,"excerpt":"La comunidad de Chascom\u00fas junto a los bomberos voluntarios celebr\u00f3 65 a\u00f1os de un gran modelo de entrega y solidaridad. 01 De Diciembre de 2025 CHASCOM\u00daS\u00a0 -\u00a0 \u00a0 Tal como estaba previsto, el \u00faltimo domingo se realiz\u00f3 el gran desfile por los festejos del 65\u00b0 aniversario de la Sociedad de\u2026","rel":"","context":"En \u00abCHASCOM\u00daS\u00bb","block_context":{"text":"CHASCOM\u00daS","link":"https:\/\/larevistadigital.com.ar\/blog\/category\/chascomus\/"},"img":{"alt_text":"","src":"https:\/\/i0.wp.com\/larevistadigital.com.ar\/blog\/wp-content\/uploads\/692dcce002084.png?fit=668%2C445&ssl=1&resize=350%2C200","width":350,"height":200,"srcset":"https:\/\/i0.wp.com\/larevistadigital.com.ar\/blog\/wp-content\/uploads\/692dcce002084.png?fit=668%2C445&ssl=1&resize=350%2C200 1x, https:\/\/i0.wp.com\/larevistadigital.com.ar\/blog\/wp-content\/uploads\/692dcce002084.png?fit=668%2C445&ssl=1&resize=525%2C300 1.5x"},"classes":[]},{"id":38129,"url":"https:\/\/larevistadigital.com.ar\/blog\/villa-gesell-un-bombero-voluntario-sufrio-un-grave-accidente-mientras-practicaba-surf-y-pelea-por-su-vida\/","url_meta":{"origin":36442,"position":3},"title":"Villa Gesell: un bombero voluntario sufri\u00f3 un grave accidente mientras practicaba surf y pelea por su vida","author":"Alejandro Sosa Ruda","date":"5 diciembre, 2024","format":false,"excerpt":"Pablo Eliseo Stocco fue trasladado en un vuelo sanitario a La Plata y su estado es reservado. 05 de Diciembre de 2024 VILLA GESELL -\u00a0 Pablo Eliseo Stocco, Oficial Auxiliar de Dotaci\u00f3n del cuerpo de\u00a0Bomberos Voluntarios de Villa Gesell, pelea por su vida luego de un sufrir ayer por la\u2026","rel":"","context":"En \u00abREGIONALES\u00bb","block_context":{"text":"REGIONALES","link":"https:\/\/larevistadigital.com.ar\/blog\/category\/regionales\/"},"img":{"alt_text":"","src":"https:\/\/i0.wp.com\/larevistadigital.com.ar\/blog\/wp-content\/uploads\/d9ddb9f17b853ba9459415a87b2a3a59fe57851d.jpg?fit=1140%2C722&ssl=1&resize=350%2C200","width":350,"height":200,"srcset":"https:\/\/i0.wp.com\/larevistadigital.com.ar\/blog\/wp-content\/uploads\/d9ddb9f17b853ba9459415a87b2a3a59fe57851d.jpg?fit=1140%2C722&ssl=1&resize=350%2C200 1x, https:\/\/i0.wp.com\/larevistadigital.com.ar\/blog\/wp-content\/uploads\/d9ddb9f17b853ba9459415a87b2a3a59fe57851d.jpg?fit=1140%2C722&ssl=1&resize=525%2C300 1.5x, https:\/\/i0.wp.com\/larevistadigital.com.ar\/blog\/wp-content\/uploads\/d9ddb9f17b853ba9459415a87b2a3a59fe57851d.jpg?fit=1140%2C722&ssl=1&resize=700%2C400 2x, https:\/\/i0.wp.com\/larevistadigital.com.ar\/blog\/wp-content\/uploads\/d9ddb9f17b853ba9459415a87b2a3a59fe57851d.jpg?fit=1140%2C722&ssl=1&resize=1050%2C600 3x"},"classes":[]},{"id":41941,"url":"https:\/\/larevistadigital.com.ar\/blog\/chascomus-javier-gaston-visito-la-escuela-primaria-no-20-y-entrego-un-subsidio-para-su-puesta-en-valor\/","url_meta":{"origin":36442,"position":4},"title":"Chascom\u00fas: Javier Gast\u00f3n visit\u00f3 la Escuela Primaria N\u00ba 20 y entreg\u00f3 un subsidio para su puesta en valor","author":"Alejandro Sosa Ruda","date":"13 octubre, 2025","format":false,"excerpt":"El intendente recorri\u00f3 el establecimiento rural de Don Cipriano y confirm\u00f3 el apoyo municipal para los viajes de fin de curso de los egresados. 13 de Octubre de 2025 Chascom\u00fas - El intendente Javier Gast\u00f3n visit\u00f3 el jueves pasado la Escuela Primaria N\u00ba 20 \u201cAng\u00e9lica Newton\u201d, ubicada en el paraje\u2026","rel":"","context":"En \u00abCHASCOM\u00daS\u00bb","block_context":{"text":"CHASCOM\u00daS","link":"https:\/\/larevistadigital.com.ar\/blog\/category\/chascomus\/"},"img":{"alt_text":"","src":"https:\/\/i0.wp.com\/larevistadigital.com.ar\/blog\/wp-content\/uploads\/68ed72e48acb0.png?fit=668%2C445&ssl=1&resize=350%2C200","width":350,"height":200,"srcset":"https:\/\/i0.wp.com\/larevistadigital.com.ar\/blog\/wp-content\/uploads\/68ed72e48acb0.png?fit=668%2C445&ssl=1&resize=350%2C200 1x, https:\/\/i0.wp.com\/larevistadigital.com.ar\/blog\/wp-content\/uploads\/68ed72e48acb0.png?fit=668%2C445&ssl=1&resize=525%2C300 1.5x"},"classes":[]},{"id":42112,"url":"https:\/\/larevistadigital.com.ar\/blog\/chascomus-presente-en-el-encuentro-provincial-de-jovenes-y-memoria\/","url_meta":{"origin":36442,"position":5},"title":"Chascom\u00fas presente en el encuentro provincial de \u201cJ\u00f3venes y Memoria\u201d","author":"Alejandro Sosa Ruda","date":"20 octubre, 2025","format":false,"excerpt":"M\u00e1s de 50 j\u00f3venes locales compartieron sus producciones e investigaciones en Mar del Plata. 20 de Octubre de 2025 CHASCOM\u00daS -\u00a0 \u00a0M\u00e1s de medio centenar de j\u00f3venes de Chascom\u00fas participaron la semana pasada del encuentro provincial del programa \u201cJ\u00f3venes y Memoria\u201d, que se llev\u00f3 a cabo en la ciudad de\u2026","rel":"","context":"En \u00abCHASCOM\u00daS\u00bb","block_context":{"text":"CHASCOM\u00daS","link":"https:\/\/larevistadigital.com.ar\/blog\/category\/chascomus\/"},"img":{"alt_text":"","src":"https:\/\/i0.wp.com\/larevistadigital.com.ar\/blog\/wp-content\/uploads\/68f6718932c35.png?fit=668%2C445&ssl=1&resize=350%2C200","width":350,"height":200,"srcset":"https:\/\/i0.wp.com\/larevistadigital.com.ar\/blog\/wp-content\/uploads\/68f6718932c35.png?fit=668%2C445&ssl=1&resize=350%2C200 1x, https:\/\/i0.wp.com\/larevistadigital.com.ar\/blog\/wp-content\/uploads\/68f6718932c35.png?fit=668%2C445&ssl=1&resize=525%2C300 1.5x"},"classes":[]}],"_links":{"self":[{"href":"https:\/\/larevistadigital.com.ar\/blog\/wp-json\/wp\/v2\/posts\/36442","targetHints":{"allow":["GET"]}}],"collection":[{"href":"https:\/\/larevistadigital.com.ar\/blog\/wp-json\/wp\/v2\/posts"}],"about":[{"href":"https:\/\/larevistadigital.com.ar\/blog\/wp-json\/wp\/v2\/types\/post"}],"author":[{"embeddable":true,"href":"https:\/\/larevistadigital.com.ar\/blog\/wp-json\/wp\/v2\/users\/3"}],"replies":[{"embeddable":true,"href":"https:\/\/larevistadigital.com.ar\/blog\/wp-json\/wp\/v2\/comments?post=36442"}],"version-history":[{"count":1,"href":"https:\/\/larevistadigital.com.ar\/blog\/wp-json\/wp\/v2\/posts\/36442\/revisions"}],"predecessor-version":[{"id":36444,"href":"https:\/\/larevistadigital.com.ar\/blog\/wp-json\/wp\/v2\/posts\/36442\/revisions\/36444"}],"wp:featuredmedia":[{"embeddable":true,"href":"https:\/\/larevistadigital.com.ar\/blog\/wp-json\/wp\/v2\/media\/36443"}],"wp:attachment":[{"href":"https:\/\/larevistadigital.com.ar\/blog\/wp-json\/wp\/v2\/media?parent=36442"}],"wp:term":[{"taxonomy":"category","embeddable":true,"href":"https:\/\/larevistadigital.com.ar\/blog\/wp-json\/wp\/v2\/categories?post=36442"},{"taxonomy":"post_tag","embeddable":true,"href":"https:\/\/larevistadigital.com.ar\/blog\/wp-json\/wp\/v2\/tags?post=36442"}],"curies":[{"name":"wp","href":"https:\/\/api.w.org\/{rel}","templated":true}]}}