{"id":36445,"date":"2024-06-26T01:42:35","date_gmt":"2024-06-26T04:42:35","guid":{"rendered":"https:\/\/larevistadigital.com.ar\/blog\/?p=36445"},"modified":"2024-06-26T01:42:35","modified_gmt":"2024-06-26T04:42:35","slug":"choque-en-la-ruta-11-con-el-saldo-de-un-muerto-y-tres-heridos","status":"publish","type":"post","link":"https:\/\/larevistadigital.com.ar\/blog\/choque-en-la-ruta-11-con-el-saldo-de-un-muerto-y-tres-heridos\/","title":{"rendered":"CHOQUE EN LA RUTA 11 CON EL SALDO DE UN MUERTO Y TRES HERIDOS"},"content":{"rendered":"<h2>Ocurri\u00f3 en Mar Chiquita donde dos veh\u00edculos chocaron de frente.<\/h2>\n<p>26 de Junio de 2024<\/p>\n<p><strong>MAR CHIQUITA &#8211;\u00a0 \u00a0<\/strong>Un violento siniestro ocurri\u00f3 en la ruta 11 a la altura del kil\u00f3metro 480, en cercan\u00eda a Mar Chiquita, cuando un autom\u00f3vil Renault Kangoo y un Fiat Qubo chocaron de manera frontal, dejando el saldo de una persona muerta y tres heridos.<\/p>\n<blockquote>\n<h3>El fallecido, conduc\u00eda la Renault Kangoo, donde era acompa\u00f1ado por un hombre y una mujer. En el Fiat Qubo, viajaba solamente un hombre, de mediana edad.<\/h3>\n<\/blockquote>\n<p>Todo sucedi\u00f3 entrada la noche. La Renault Kangoo transitaba la Ruta 11 en sentido Villa Gesell-Mar Chiquita. Adem\u00e1s, se inform\u00f3 a trav\u00e9s del portal \u00abEl ciudadano de Mar Chiquita, que <strong>uno de los heridos es un polic\u00eda oriundo de Pinamar,<\/strong>\u00a0que cumple servicio en Mar del Plata, hacia donde se dirig\u00eda tras hacer dedo en la ruta.<\/p>\n<blockquote>\n<h3>Los tres heridos fueron derivados al\u00a0<strong>Hospital Interzonal General de Agudos (HIGA) de Mar del Plata<\/strong>, donde evolucionan favorablemente de sus heridas, seg\u00fan inform\u00f3 La Capital.<\/h3>\n<\/blockquote>\n<p>Se trata de un hombre de 44 a\u00f1os con fractura de pelvis y politraumatismos en la cabeza y la pierna izquierda; otro, de 34 a\u00f1os, fue operado por fracturas m\u00faltiples estabilizadas, tiene tubo de t\u00f3rax derecho para drenar neumot\u00f3rax y tratamiento por hematoma hep\u00e1tico y espera derivaci\u00f3n por su obra social. Por \u00faltimo, una joven de 20 a\u00f1os fue atendida por politraumatismos varios.<\/p>\n<p>fuente: entrel\u00edneas.info<\/p>\n","protected":false},"excerpt":{"rendered":"<div class=\"mh-excerpt\"><p>Ocurri\u00f3 en Mar Chiquita donde dos veh\u00edculos chocaron de frente. 26 de Junio de 2024 MAR CHIQUITA &#8211;\u00a0 \u00a0Un violento siniestro ocurri\u00f3 en la ruta 11 a la altura del kil\u00f3metro 480, en cercan\u00eda a <a class=\"mh-excerpt-more\" href=\"https:\/\/larevistadigital.com.ar\/blog\/choque-en-la-ruta-11-con-el-saldo-de-un-muerto-y-tres-heridos\/\" title=\"CHOQUE EN LA RUTA 11 CON EL SALDO DE UN MUERTO Y TRES HERIDOS\">[Leer M\u00e1s]<\/a><\/p>\n<\/div>","protected":false},"author":3,"featured_media":36446,"comment_status":"open","ping_status":"open","sticky":false,"template":"","format":"standard","meta":{"_jetpack_memberships_contains_paid_content":false,"footnotes":"","jetpack_publicize_message":"","jetpack_publicize_feature_enabled":true,"jetpack_social_post_already_shared":true,"jetpack_social_options":{"image_generator_settings":{"template":"highway","default_image_id":0,"font":"","enabled":false},"version":2}},"categories":[44,51],"tags":[],"class_list":{"0":"post-36445","1":"post","2":"type-post","3":"status-publish","4":"format-standard","5":"has-post-thumbnail","7":"category-policiales","8":"category-regionales"},"jetpack_publicize_connections":[],"jetpack_featured_media_url":"https:\/\/i0.wp.com\/larevistadigital.com.ar\/blog\/wp-content\/uploads\/2dc5e1f1e708c3dc97a8da97fcce3082102b1a71.png?fit=1140%2C708&ssl=1","jetpack_sharing_enabled":true,"jetpack_shortlink":"https:\/\/wp.me\/p8qtrQ-9tP","jetpack-related-posts":[{"id":20046,"url":"https:\/\/larevistadigital.com.ar\/blog\/mar-chiquita-despisto-y-volco-en-la-ruta-11-salio-ileso\/","url_meta":{"origin":36445,"position":0},"title":"MAR CHIQUITA: DESPIST\u00d3 Y VOLC\u00d3 EN LA RUTA 11. SALI\u00d3 ILESO","author":"Alejandro Sosa Ruda","date":"3 mayo, 2021","format":false,"excerpt":"MAR CHIQUITA - Un incidente vial, con\u00a0despite y posterior vuelco, tuvo lugar este lunes a la altura del kil\u00f3metro 492 de la ruta 11, protagonizado por un hombre oriundo de la ciudad de Villa Gesell\u00a0que result\u00f3 ileso. Seg\u00fan pudo saber\u00a00223\u00a0a partir de la informaci\u00f3n provista por la polic\u00eda vial, el\u2026","rel":"","context":"En \u00abREGIONALES\u00bb","block_context":{"text":"REGIONALES","link":"https:\/\/larevistadigital.com.ar\/blog\/category\/regionales\/"},"img":{"alt_text":"","src":"https:\/\/i0.wp.com\/larevistadigital.com.ar\/blog\/wp-content\/uploads\/VUELCO-MAR-CHIQUITA.png?fit=996%2C557&ssl=1&resize=350%2C200","width":350,"height":200,"srcset":"https:\/\/i0.wp.com\/larevistadigital.com.ar\/blog\/wp-content\/uploads\/VUELCO-MAR-CHIQUITA.png?fit=996%2C557&ssl=1&resize=350%2C200 1x, https:\/\/i0.wp.com\/larevistadigital.com.ar\/blog\/wp-content\/uploads\/VUELCO-MAR-CHIQUITA.png?fit=996%2C557&ssl=1&resize=525%2C300 1.5x, https:\/\/i0.wp.com\/larevistadigital.com.ar\/blog\/wp-content\/uploads\/VUELCO-MAR-CHIQUITA.png?fit=996%2C557&ssl=1&resize=700%2C400 2x"},"classes":[]},{"id":40629,"url":"https:\/\/larevistadigital.com.ar\/blog\/tragedia-en-ruta-29-una-mujer-fallecida-y-varios-heridos-tras-un-violento-choque-frontal-cerca-de-villanueva\/","url_meta":{"origin":36445,"position":1},"title":"Tragedia en Ruta 29: una mujer fallecida y varios heridos tras un violento choque frontal cerca de Villanueva","author":"Alejandro Sosa Ruda","date":"26 julio, 2025","format":false,"excerpt":"El accidente ocurri\u00f3 pasadas las 20 en un tramo cercano al acceso a Villanueva. La v\u00edctima fatal falleci\u00f3 en el acto y entre los heridos hay dos menores. Todos fueron trasladados al Hospital de Ranchos. 26 de Julio de 225 VILLANUEVA -\u00a0 \u00a0Un tr\u00e1gico accidente de tr\u00e1nsito se produjo en\u2026","rel":"","context":"En \u00abPOLICIALES\u00bb","block_context":{"text":"POLICIALES","link":"https:\/\/larevistadigital.com.ar\/blog\/category\/policiales\/"},"img":{"alt_text":"","src":"https:\/\/i0.wp.com\/larevistadigital.com.ar\/blog\/wp-content\/uploads\/istockphoto-1446474143-612x612-1.jpg?fit=612%2C344&ssl=1&resize=350%2C200","width":350,"height":200,"srcset":"https:\/\/i0.wp.com\/larevistadigital.com.ar\/blog\/wp-content\/uploads\/istockphoto-1446474143-612x612-1.jpg?fit=612%2C344&ssl=1&resize=350%2C200 1x, https:\/\/i0.wp.com\/larevistadigital.com.ar\/blog\/wp-content\/uploads\/istockphoto-1446474143-612x612-1.jpg?fit=612%2C344&ssl=1&resize=525%2C300 1.5x"},"classes":[]},{"id":41191,"url":"https:\/\/larevistadigital.com.ar\/blog\/despistes-en-ruta-2-y-ruta-11-dos-camionetas-cayeron-a-zanjones-con-agua-pero-no-hubo-heridos-de-gravedad\/","url_meta":{"origin":36445,"position":2},"title":"Despistes en ruta 2 y ruta 11: dos camionetas cayeron a zanjones con agua, pero no hubo heridos de gravedad","author":"Alejandro Sosa Ruda","date":"1 septiembre, 2025","format":false,"excerpt":"Un accidente en la Ruta 11 y otro en la Ruta 2 obligaron a operativos de rescate durante la ma\u00f1ana del domingo. En ambos casos, los ocupantes resultaron ilesos. 01 de septiembre de 2025 BUENOS AIRES -\u00a0 \u00a0La ma\u00f1ana del domingo dej\u00f3 dos accidentes viales en rutas de la provincia\u2026","rel":"","context":"En \u00abPOLICIALES\u00bb","block_context":{"text":"POLICIALES","link":"https:\/\/larevistadigital.com.ar\/blog\/category\/policiales\/"},"img":{"alt_text":"","src":"https:\/\/i0.wp.com\/larevistadigital.com.ar\/blog\/wp-content\/uploads\/e8464ea6770c33b2c36726326b7e216f53bdba99.jpg?fit=1140%2C726&ssl=1&resize=350%2C200","width":350,"height":200,"srcset":"https:\/\/i0.wp.com\/larevistadigital.com.ar\/blog\/wp-content\/uploads\/e8464ea6770c33b2c36726326b7e216f53bdba99.jpg?fit=1140%2C726&ssl=1&resize=350%2C200 1x, https:\/\/i0.wp.com\/larevistadigital.com.ar\/blog\/wp-content\/uploads\/e8464ea6770c33b2c36726326b7e216f53bdba99.jpg?fit=1140%2C726&ssl=1&resize=525%2C300 1.5x, https:\/\/i0.wp.com\/larevistadigital.com.ar\/blog\/wp-content\/uploads\/e8464ea6770c33b2c36726326b7e216f53bdba99.jpg?fit=1140%2C726&ssl=1&resize=700%2C400 2x, https:\/\/i0.wp.com\/larevistadigital.com.ar\/blog\/wp-content\/uploads\/e8464ea6770c33b2c36726326b7e216f53bdba99.jpg?fit=1140%2C726&ssl=1&resize=1050%2C600 3x"},"classes":[]},{"id":32813,"url":"https:\/\/larevistadigital.com.ar\/blog\/atropellaron-a-un-hombre-que-caminaba-por-la-ruta-2-esta-en-grave-estado\/","url_meta":{"origin":36445,"position":3},"title":"ATROPELLARON A UN HOMBRE QUE CAMINABA POR LA RUTA 2. EST\u00c1 EN GRAVE ESTADO","author":"Alejandro Sosa Ruda","date":"8 agosto, 2023","format":false,"excerpt":"Sucedi\u00f3 mientras la persona hac\u00eda ejercicios, durante la ma\u00f1ana de ayer. 8 de agosto de 2023 MAR CHIQUITA -\u00a0 Una persona de sexo masculino de 58 a\u00f1os de edad,\u00a0 fue atropellado en la ruta 2, en jurisdicci\u00f3n del partido de Mar Chiquita, y se encuentra en grave estado. El lamentable\u2026","rel":"","context":"En \u00abPOLICIALES\u00bb","block_context":{"text":"POLICIALES","link":"https:\/\/larevistadigital.com.ar\/blog\/category\/policiales\/"},"img":{"alt_text":"","src":"https:\/\/i0.wp.com\/larevistadigital.com.ar\/blog\/wp-content\/uploads\/2019\/02\/ambulancia.jpg?fit=800%2C454&ssl=1&resize=350%2C200","width":350,"height":200,"srcset":"https:\/\/i0.wp.com\/larevistadigital.com.ar\/blog\/wp-content\/uploads\/2019\/02\/ambulancia.jpg?fit=800%2C454&ssl=1&resize=350%2C200 1x, https:\/\/i0.wp.com\/larevistadigital.com.ar\/blog\/wp-content\/uploads\/2019\/02\/ambulancia.jpg?fit=800%2C454&ssl=1&resize=525%2C300 1.5x, https:\/\/i0.wp.com\/larevistadigital.com.ar\/blog\/wp-content\/uploads\/2019\/02\/ambulancia.jpg?fit=800%2C454&ssl=1&resize=700%2C400 2x"},"classes":[]},{"id":13108,"url":"https:\/\/larevistadigital.com.ar\/blog\/choque-frontal-con-dos-muertos-en-la-ruta-11\/","url_meta":{"origin":36445,"position":4},"title":"CHOQUE FRONTAL CON DOS MUERTOS EN LA RUTA 11","author":"Alejandro Sosa Ruda","date":"7 noviembre, 2019","format":false,"excerpt":"El accidente ocurri\u00f3 hace instantes a la altura de Mar de Cobo. El conductor de uno de los veh\u00edculos fue hospitalizado, mientras que los ocupantes del restante fallecieron en el lugar. Dos personas murieron esta ma\u00f1ana\u00a0al chocar dos veh\u00edculos de frente en la ruta 11. El accidente se registr\u00f3 alrededor\u2026","rel":"","context":"En \u00abDESTACADAS\u00bb","block_context":{"text":"DESTACADAS","link":"https:\/\/larevistadigital.com.ar\/blog\/category\/destacadas\/"},"img":{"alt_text":"","src":"https:\/\/i0.wp.com\/larevistadigital.com.ar\/blog\/wp-content\/uploads\/Screenshot_1-61.jpg?fit=1012%2C645&ssl=1&resize=350%2C200","width":350,"height":200,"srcset":"https:\/\/i0.wp.com\/larevistadigital.com.ar\/blog\/wp-content\/uploads\/Screenshot_1-61.jpg?fit=1012%2C645&ssl=1&resize=350%2C200 1x, https:\/\/i0.wp.com\/larevistadigital.com.ar\/blog\/wp-content\/uploads\/Screenshot_1-61.jpg?fit=1012%2C645&ssl=1&resize=525%2C300 1.5x, https:\/\/i0.wp.com\/larevistadigital.com.ar\/blog\/wp-content\/uploads\/Screenshot_1-61.jpg?fit=1012%2C645&ssl=1&resize=700%2C400 2x"},"classes":[]},{"id":20686,"url":"https:\/\/larevistadigital.com.ar\/blog\/violento-choque-en-la-ruta-11-con-saldo-de-8-heridos\/","url_meta":{"origin":36445,"position":5},"title":"VIOLENTO CHOQUE EN LA RUTA 11 CON SALDO DE 8 HERIDOS","author":"Alejandro Sosa Ruda","date":"9 junio, 2021","format":false,"excerpt":"Ocho heridos\u00a0fue el saldo que dej\u00f3 este mi\u00e9rcoles un\u00a0violento choque\u00a0entre una camioneta y un auto en la ruta 11, seg\u00fan informaron fuentes policiales. El accidente ocurri\u00f3 cerca de las 8.30 de la autov\u00eda en la autov\u00eda que une Santa Clara del Mar con Mar del Plata cuando, por causas que\u2026","rel":"","context":"En \u00abREGIONALES\u00bb","block_context":{"text":"REGIONALES","link":"https:\/\/larevistadigital.com.ar\/blog\/category\/regionales\/"},"img":{"alt_text":"","src":"https:\/\/i0.wp.com\/larevistadigital.com.ar\/blog\/wp-content\/uploads\/choque-mar-del-platajunio-2021.jpg?fit=770%2C577&ssl=1&resize=350%2C200","width":350,"height":200,"srcset":"https:\/\/i0.wp.com\/larevistadigital.com.ar\/blog\/wp-content\/uploads\/choque-mar-del-platajunio-2021.jpg?fit=770%2C577&ssl=1&resize=350%2C200 1x, https:\/\/i0.wp.com\/larevistadigital.com.ar\/blog\/wp-content\/uploads\/choque-mar-del-platajunio-2021.jpg?fit=770%2C577&ssl=1&resize=525%2C300 1.5x, https:\/\/i0.wp.com\/larevistadigital.com.ar\/blog\/wp-content\/uploads\/choque-mar-del-platajunio-2021.jpg?fit=770%2C577&ssl=1&resize=700%2C400 2x"},"classes":[]}],"_links":{"self":[{"href":"https:\/\/larevistadigital.com.ar\/blog\/wp-json\/wp\/v2\/posts\/36445","targetHints":{"allow":["GET"]}}],"collection":[{"href":"https:\/\/larevistadigital.com.ar\/blog\/wp-json\/wp\/v2\/posts"}],"about":[{"href":"https:\/\/larevistadigital.com.ar\/blog\/wp-json\/wp\/v2\/types\/post"}],"author":[{"embeddable":true,"href":"https:\/\/larevistadigital.com.ar\/blog\/wp-json\/wp\/v2\/users\/3"}],"replies":[{"embeddable":true,"href":"https:\/\/larevistadigital.com.ar\/blog\/wp-json\/wp\/v2\/comments?post=36445"}],"version-history":[{"count":1,"href":"https:\/\/larevistadigital.com.ar\/blog\/wp-json\/wp\/v2\/posts\/36445\/revisions"}],"predecessor-version":[{"id":36447,"href":"https:\/\/larevistadigital.com.ar\/blog\/wp-json\/wp\/v2\/posts\/36445\/revisions\/36447"}],"wp:featuredmedia":[{"embeddable":true,"href":"https:\/\/larevistadigital.com.ar\/blog\/wp-json\/wp\/v2\/media\/36446"}],"wp:attachment":[{"href":"https:\/\/larevistadigital.com.ar\/blog\/wp-json\/wp\/v2\/media?parent=36445"}],"wp:term":[{"taxonomy":"category","embeddable":true,"href":"https:\/\/larevistadigital.com.ar\/blog\/wp-json\/wp\/v2\/categories?post=36445"},{"taxonomy":"post_tag","embeddable":true,"href":"https:\/\/larevistadigital.com.ar\/blog\/wp-json\/wp\/v2\/tags?post=36445"}],"curies":[{"name":"wp","href":"https:\/\/api.w.org\/{rel}","templated":true}]}}