{"id":36452,"date":"2024-06-27T00:11:43","date_gmt":"2024-06-27T03:11:43","guid":{"rendered":"https:\/\/larevistadigital.com.ar\/blog\/?p=36452"},"modified":"2024-06-27T00:11:43","modified_gmt":"2024-06-27T03:11:43","slug":"chascomus-el-buen-clima-en-el-concejo-deliberante","status":"publish","type":"post","link":"https:\/\/larevistadigital.com.ar\/blog\/chascomus-el-buen-clima-en-el-concejo-deliberante\/","title":{"rendered":"CHASCOM\u00daS: \u00abEL BUEN CLIMA EN EL CONCEJO DELIBERANTE\u00bb&#8230;"},"content":{"rendered":"<h2><em>Una situaci\u00f3n que vuelve a repetirse: La movida de \u00abCasta\u00bb del Gen y la ajedrec\u00edstica respuesta de Unidad por Chascom\u00fas, que sorprendi\u00f3 a toda la oposici\u00f3n.\u00a0<\/em><\/h2>\n<p>27 de Junio de 2024<\/p>\n<p><strong>CHASCOM\u00daS &#8211;\u00a0<\/strong> La pol\u00edtica Chascomunense, se viene calentando, a contramano del fr\u00edo invierno que nos viene castigando los \u00faltimos d\u00edas. Aqu\u00ed\u00a0 trazamos una breve rese\u00f1a.<\/p>\n<blockquote>\n<h3>Esto, se manifiesta en el desarrollo de los hechos que vienen ocurriendo en el Concejo Deliberante. Inclusive desde antes de la mism\u00edsima asunci\u00f3n de las nuevas autoridades elegidas en la \u00faltima elecci\u00f3n.<\/h3>\n<\/blockquote>\n<p>As\u00ed, los roces y conflictos llegaron bien temprano y de la mano de la designaci\u00f3n del Presidente del Concejo lo que enfrent\u00f3 a Radicales con el Pro, en primer lugar por no acordar qui\u00e9n ejercer\u00eda ese cargo y luego por el acuerdo celebrado entre UCR y el oficialismo que catapult\u00f3 al sill\u00f3n m\u00e1s importante del concejo al edil <strong>Andr\u00e9s Sanuci. Esto, abri\u00f3 heridas que a\u00fan hoy no se han cicatrizado.<\/strong><\/p>\n<p>Parte del acuerdo entre <strong>Sanucci<\/strong> y el oficialismo, seg\u00fan dicen las malas lenguas, habr\u00eda sido el apoyo del oficialismo para la presidencia del concejo, a cambio de la presidencia de las comisiones. Esto no fue del agrado del grupo PRO, y otros ediles lo que provoc\u00f3 que se tarde much\u00edsimo m\u00e1s de lo normal, algo que tampoco le perdonan al presidente, y que en su momento gener\u00f3 roces y chicanas entre los distintos bloques.<\/p>\n<blockquote>\n<h3>Ahora, con la renuncia de la concejal Aparicio a su banca en el bloque de la UCR, asumi\u00f3 la concejal Claudia Quiroga, del partido GEN, lo que le posibilit\u00f3 la \u00abvieja costumbre\u00bb de abrir un interbloque que le permiti\u00f3 no solo tener su propio espacio, sino que adem\u00e1s nombrar otra persona en el superpoblado concejo (algo que molest\u00f3 a Sanuci, basado en el gasto y lo ajustado del presupuesto), y lo m\u00e1s importante; sumaron as\u00ed otra persona en las comisiones, que favorece al bloque radical-gen a tener mayor\u00eda en las votaciones.<\/h3>\n<\/blockquote>\n<p>Entonces apareci\u00f3 la \u00abjugada\u00bb de Unidad por Chascom\u00fas. R\u00e1pidos de reflejos cantaron \u00abquiero retruco\u00bb y <strong>presentaron al presidente del concejo tres notas de los concejales Leandro Bordalecou, Julieta Spina y Mar\u00eda Victoria Figueroa, donde ampar\u00e1ndose en el art\u00edculo 129 del reglamento interno, ser\u00e1n part\u00edcipes de <em>\u00abla totalidad de las comisiones del concejo en virtud del Art\u00edculo 26 del mismo reglamento. En la misma nota, dejaron bien en claro que ni necesitan otros espacios, y que no van a nombrar secretarios de bloque (exponiendo impl\u00edcitamente al gen, que s\u00ed lo hizo)\u00bb<\/em>&#8230;<\/strong><\/p>\n<blockquote>\n<h3><strong>TRADUCCI\u00d3N:<\/strong> <strong>El Gen, jug\u00f3 la carta de sumar a la concejal Claudia Quiroga a las comisiones, y como devoluci\u00f3n el oficialismo le sum\u00f3 tres!<\/strong><\/h3>\n<\/blockquote>\n<p>Esto tom\u00f3 totalmente de sorpresa al resto del cuerpo. As\u00ed lo declar\u00f3 a la ma\u00f1ana la concejal <strong>Soledad Nivio<\/strong> del bloque de Cambi\u00e9mos en un reportaje con <strong>Alejandro \u00abEl Tano\u00bb Sosa durante el programa \u00abAtaque de Radio\u00bb que se emite por la FM 102.7<\/strong> <strong>donde se dispar\u00f3 esta primicia<\/strong>. Mencion\u00f3 que seguramente en el transcurso del d\u00eda hablar\u00edan de esto con su bloque.<\/p>\n<p>Ma\u00f1ana, desde las 9:00 hs. (si empiezan a horario) habr\u00e1 una nueva sesi\u00f3n del Concejo, donde se abordar\u00e1n estos temas. Promete ser una jornada caliente. \u00bfSer\u00e1?&#8230;<\/p>\n<p><strong>LAS NOTAS PRESENTADAS&#8230;<\/strong><\/p>\n<p><img data-recalc-dims=\"1\" loading=\"lazy\" decoding=\"async\" class=\"alignnone size-full wp-image-36454\" src=\"https:\/\/i0.wp.com\/larevistadigital.com.ar\/blog\/wp-content\/uploads\/Julieta-Spina.jpg?resize=1179%2C1650&#038;ssl=1\" alt=\"\" width=\"1179\" height=\"1650\" srcset=\"https:\/\/i0.wp.com\/larevistadigital.com.ar\/blog\/wp-content\/uploads\/Julieta-Spina.jpg?w=1179&amp;ssl=1 1179w, https:\/\/i0.wp.com\/larevistadigital.com.ar\/blog\/wp-content\/uploads\/Julieta-Spina.jpg?resize=214%2C300&amp;ssl=1 214w, https:\/\/i0.wp.com\/larevistadigital.com.ar\/blog\/wp-content\/uploads\/Julieta-Spina.jpg?resize=732%2C1024&amp;ssl=1 732w, https:\/\/i0.wp.com\/larevistadigital.com.ar\/blog\/wp-content\/uploads\/Julieta-Spina.jpg?resize=768%2C1075&amp;ssl=1 768w, https:\/\/i0.wp.com\/larevistadigital.com.ar\/blog\/wp-content\/uploads\/Julieta-Spina.jpg?resize=1098%2C1536&amp;ssl=1 1098w\" sizes=\"auto, (max-width: 1000px) 100vw, 1000px\" \/><\/p>\n<p><img data-recalc-dims=\"1\" loading=\"lazy\" decoding=\"async\" class=\"alignnone size-full wp-image-36455\" src=\"https:\/\/i0.wp.com\/larevistadigital.com.ar\/blog\/wp-content\/uploads\/Leandro-Bordalecou.jpg?resize=1153%2C1650&#038;ssl=1\" alt=\"\" width=\"1153\" height=\"1650\" srcset=\"https:\/\/i0.wp.com\/larevistadigital.com.ar\/blog\/wp-content\/uploads\/Leandro-Bordalecou.jpg?w=1153&amp;ssl=1 1153w, https:\/\/i0.wp.com\/larevistadigital.com.ar\/blog\/wp-content\/uploads\/Leandro-Bordalecou.jpg?resize=210%2C300&amp;ssl=1 210w, https:\/\/i0.wp.com\/larevistadigital.com.ar\/blog\/wp-content\/uploads\/Leandro-Bordalecou.jpg?resize=716%2C1024&amp;ssl=1 716w, https:\/\/i0.wp.com\/larevistadigital.com.ar\/blog\/wp-content\/uploads\/Leandro-Bordalecou.jpg?resize=768%2C1099&amp;ssl=1 768w, https:\/\/i0.wp.com\/larevistadigital.com.ar\/blog\/wp-content\/uploads\/Leandro-Bordalecou.jpg?resize=1073%2C1536&amp;ssl=1 1073w\" sizes=\"auto, (max-width: 1000px) 100vw, 1000px\" \/><\/p>\n<p><img data-recalc-dims=\"1\" loading=\"lazy\" decoding=\"async\" class=\"alignnone size-full wp-image-36456\" src=\"https:\/\/i0.wp.com\/larevistadigital.com.ar\/blog\/wp-content\/uploads\/Ma.-Victoria-Figueroa.jpg?resize=1152%2C1650&#038;ssl=1\" alt=\"\" width=\"1152\" height=\"1650\" srcset=\"https:\/\/i0.wp.com\/larevistadigital.com.ar\/blog\/wp-content\/uploads\/Ma.-Victoria-Figueroa.jpg?w=1152&amp;ssl=1 1152w, https:\/\/i0.wp.com\/larevistadigital.com.ar\/blog\/wp-content\/uploads\/Ma.-Victoria-Figueroa.jpg?resize=209%2C300&amp;ssl=1 209w, https:\/\/i0.wp.com\/larevistadigital.com.ar\/blog\/wp-content\/uploads\/Ma.-Victoria-Figueroa.jpg?resize=715%2C1024&amp;ssl=1 715w, https:\/\/i0.wp.com\/larevistadigital.com.ar\/blog\/wp-content\/uploads\/Ma.-Victoria-Figueroa.jpg?resize=768%2C1100&amp;ssl=1 768w, https:\/\/i0.wp.com\/larevistadigital.com.ar\/blog\/wp-content\/uploads\/Ma.-Victoria-Figueroa.jpg?resize=1072%2C1536&amp;ssl=1 1072w\" sizes=\"auto, (max-width: 1000px) 100vw, 1000px\" \/><\/p>\n","protected":false},"excerpt":{"rendered":"<div class=\"mh-excerpt\"><p>Una situaci\u00f3n que vuelve a repetirse: La movida de \u00abCasta\u00bb del Gen y la ajedrec\u00edstica respuesta de Unidad por Chascom\u00fas, que sorprendi\u00f3 a toda la oposici\u00f3n.\u00a0 27 de Junio de 2024 CHASCOM\u00daS &#8211;\u00a0 La pol\u00edtica <a class=\"mh-excerpt-more\" href=\"https:\/\/larevistadigital.com.ar\/blog\/chascomus-el-buen-clima-en-el-concejo-deliberante\/\" title=\"CHASCOM\u00daS: \u00abEL BUEN CLIMA EN EL CONCEJO DELIBERANTE\u00bb&#8230;\">[Leer M\u00e1s]<\/a><\/p>\n<\/div>","protected":false},"author":3,"featured_media":36453,"comment_status":"open","ping_status":"open","sticky":false,"template":"","format":"standard","meta":{"_jetpack_memberships_contains_paid_content":false,"footnotes":"","jetpack_publicize_message":"","jetpack_publicize_feature_enabled":true,"jetpack_social_post_already_shared":true,"jetpack_social_options":{"image_generator_settings":{"template":"highway","default_image_id":0,"font":"","enabled":false},"version":2}},"categories":[41,23],"tags":[],"class_list":{"0":"post-36452","1":"post","2":"type-post","3":"status-publish","4":"format-standard","5":"has-post-thumbnail","7":"category-destacadas","8":"category-politica-local"},"jetpack_publicize_connections":[],"jetpack_featured_media_url":"https:\/\/i0.wp.com\/larevistadigital.com.ar\/blog\/wp-content\/uploads\/2765c3b1-c5c8-4ebb-85ae-e8fbea0edaf0.jpg?fit=1024%2C1024&ssl=1","jetpack_sharing_enabled":true,"jetpack_shortlink":"https:\/\/wp.me\/p8qtrQ-9tW","jetpack-related-posts":[{"id":4466,"url":"https:\/\/larevistadigital.com.ar\/blog\/chascomus-la-secretaria-general-del-sindicato-trabajadores-municipales-se-reunio-presidente-del-concejo-deliberante\/","url_meta":{"origin":36452,"position":0},"title":"CHASCOM\u00daS: LA SECRETARIA GENERAL DEL SINDICATO DE TRABAJADORES MUNICIPALES SE REUNI\u00d3 CON EL PRESIDENTE DEL CONCEJO DELIBERANTE","author":"Alejandro Sosa Ruda","date":"10 enero, 2018","format":false,"excerpt":"En la ma\u00f1ana de hoy, el Presidente del Honorable Concejo Deliberante Lic. Osvaldo Casalins recibi\u00f3 a la Secretaria General del Sindicato de Trabajadores Municipales, Sra. Mercedes Rold\u00e1n, para dialogar sobre el contenido del Proyecto de \u00a0Ordenanza presentado por el Bloque de concejales Cambiemos Chascom\u00fas y Cambiemos UCR, en el cu\u00e1l\u2026","rel":"","context":"En \u00abGREMIALES\u00bb","block_context":{"text":"GREMIALES","link":"https:\/\/larevistadigital.com.ar\/blog\/category\/gremiales\/"},"img":{"alt_text":"","src":"https:\/\/i0.wp.com\/larevistadigital.com.ar\/blog\/wp-content\/uploads\/2018\/01\/CASALINS-ROLDAN.jpg?fit=650%2C366&ssl=1&resize=350%2C200","width":350,"height":200,"srcset":"https:\/\/i0.wp.com\/larevistadigital.com.ar\/blog\/wp-content\/uploads\/2018\/01\/CASALINS-ROLDAN.jpg?fit=650%2C366&ssl=1&resize=350%2C200 1x, https:\/\/i0.wp.com\/larevistadigital.com.ar\/blog\/wp-content\/uploads\/2018\/01\/CASALINS-ROLDAN.jpg?fit=650%2C366&ssl=1&resize=525%2C300 1.5x"},"classes":[]},{"id":25294,"url":"https:\/\/larevistadigital.com.ar\/blog\/chascomus-la-ucr-solicito-en-el-concejo-deliberante-la-apertura-de-paritarias-gacetilla-de-prensa\/","url_meta":{"origin":36452,"position":1},"title":"CHASCOM\u00daS: LA UCR SOLICIT\u00d3 EN EL CONCEJO DELIBERANTE LA APERTURA DE PARITARIAS (Gacetilla de prensa)","author":"Alejandro Sosa Ruda","date":"26 abril, 2022","format":false,"excerpt":"CHASCOM\u00daS -\u00a0 Un proyecto ingresado al Honorable Concejo Deliberante a trav\u00e9s del Bloque de la Uni\u00f3n C\u00edvica Radical se solicitan medidas de urgencia con la finalidad de restablecer de los magros ingresos de los trabajadores del sector p\u00fablico local, empleados municipales activos y jubilados en sus derechos, siendo imperioso reajustar\u2026","rel":"","context":"En \u00abCHASCOM\u00daS\u00bb","block_context":{"text":"CHASCOM\u00daS","link":"https:\/\/larevistadigital.com.ar\/blog\/category\/chascomus\/"},"img":{"alt_text":"","src":"https:\/\/i0.wp.com\/larevistadigital.com.ar\/blog\/wp-content\/uploads\/279314959_295626539410957_5031287507829461317_n.jpg?fit=720%2C567&ssl=1&resize=350%2C200","width":350,"height":200,"srcset":"https:\/\/i0.wp.com\/larevistadigital.com.ar\/blog\/wp-content\/uploads\/279314959_295626539410957_5031287507829461317_n.jpg?fit=720%2C567&ssl=1&resize=350%2C200 1x, https:\/\/i0.wp.com\/larevistadigital.com.ar\/blog\/wp-content\/uploads\/279314959_295626539410957_5031287507829461317_n.jpg?fit=720%2C567&ssl=1&resize=525%2C300 1.5x, https:\/\/i0.wp.com\/larevistadigital.com.ar\/blog\/wp-content\/uploads\/279314959_295626539410957_5031287507829461317_n.jpg?fit=720%2C567&ssl=1&resize=700%2C400 2x"},"classes":[]},{"id":22819,"url":"https:\/\/larevistadigital.com.ar\/blog\/ultimo-momento-chascomus-en-plena-sesion-desalojan-de-urgencia-el-concejo-deliberante-por-una-amenaza-de-bomba\/","url_meta":{"origin":36452,"position":2},"title":"ULTIMO MOMENTO! CHASCOM\u00daS: EN PLENA SESI\u00d3N, DESALOJAN DE URGENCIA EL CONCEJO DELIBERANTE POR UNA AMENAZA DE BOMBA","author":"Alejandro Sosa Ruda","date":"2 diciembre, 2021","format":false,"excerpt":"CHASCOM\u00daS -\u00a0 \u00a0Hace instantes y mientras se desarrollaba la sesi\u00f3n del Concejo se recibi\u00f3 un llamado al 911 dando cuenta que hab\u00eda un aparato explosivo en el recinto. Las autoridades entonces, procedieron a evacuar el edificio, para ser inspeccionado por el personal, haciendo salir a todos los presentes, entre los\u2026","rel":"","context":"En \u00abDESTACADAS\u00bb","block_context":{"text":"DESTACADAS","link":"https:\/\/larevistadigital.com.ar\/blog\/category\/destacadas\/"},"img":{"alt_text":"","src":"https:\/\/i0.wp.com\/larevistadigital.com.ar\/blog\/wp-content\/uploads\/WhatsApp-Image-2021-12-02-at-10.36.41.jpeg?fit=1200%2C898&ssl=1&resize=350%2C200","width":350,"height":200,"srcset":"https:\/\/i0.wp.com\/larevistadigital.com.ar\/blog\/wp-content\/uploads\/WhatsApp-Image-2021-12-02-at-10.36.41.jpeg?fit=1200%2C898&ssl=1&resize=350%2C200 1x, https:\/\/i0.wp.com\/larevistadigital.com.ar\/blog\/wp-content\/uploads\/WhatsApp-Image-2021-12-02-at-10.36.41.jpeg?fit=1200%2C898&ssl=1&resize=525%2C300 1.5x, https:\/\/i0.wp.com\/larevistadigital.com.ar\/blog\/wp-content\/uploads\/WhatsApp-Image-2021-12-02-at-10.36.41.jpeg?fit=1200%2C898&ssl=1&resize=700%2C400 2x, https:\/\/i0.wp.com\/larevistadigital.com.ar\/blog\/wp-content\/uploads\/WhatsApp-Image-2021-12-02-at-10.36.41.jpeg?fit=1200%2C898&ssl=1&resize=1050%2C600 3x"},"classes":[]},{"id":16324,"url":"https:\/\/larevistadigital.com.ar\/blog\/desinfeccion-en-el-concejo-deliberante\/","url_meta":{"origin":36452,"position":3},"title":"DESINFECCI\u00d3N EN EL CONCEJO DELIBERANTE","author":"Alejandro Sosa Ruda","date":"14 septiembre, 2020","format":false,"excerpt":"El presidente del Concejo Deliberante de Chascom\u00fas, inform\u00f3 que el d\u00eda de hoy se realizar\u00e1 una desinfecci\u00f3n del recinto, en raz\u00f3n de haber aparecido un caso positivo entre los ediles. LA NOTA: Atento haber dado `positivo de Covid-19 el hisopado realizado a una concejala del cuerpo, el equipo epidemiol\u00f3gico municipal\u2026","rel":"","context":"En \u00abINTERES GENERAL\u00bb","block_context":{"text":"INTERES GENERAL","link":"https:\/\/larevistadigital.com.ar\/blog\/category\/interes-general\/"},"img":{"alt_text":"","src":"https:\/\/i0.wp.com\/larevistadigital.com.ar\/blog\/wp-content\/uploads\/2019\/05\/Screenshot_2-7.jpg?fit=1200%2C707&ssl=1&resize=350%2C200","width":350,"height":200,"srcset":"https:\/\/i0.wp.com\/larevistadigital.com.ar\/blog\/wp-content\/uploads\/2019\/05\/Screenshot_2-7.jpg?fit=1200%2C707&ssl=1&resize=350%2C200 1x, https:\/\/i0.wp.com\/larevistadigital.com.ar\/blog\/wp-content\/uploads\/2019\/05\/Screenshot_2-7.jpg?fit=1200%2C707&ssl=1&resize=525%2C300 1.5x, https:\/\/i0.wp.com\/larevistadigital.com.ar\/blog\/wp-content\/uploads\/2019\/05\/Screenshot_2-7.jpg?fit=1200%2C707&ssl=1&resize=700%2C400 2x, https:\/\/i0.wp.com\/larevistadigital.com.ar\/blog\/wp-content\/uploads\/2019\/05\/Screenshot_2-7.jpg?fit=1200%2C707&ssl=1&resize=1050%2C600 3x"},"classes":[]},{"id":9102,"url":"https:\/\/larevistadigital.com.ar\/blog\/chascomus-se-llevo-a-cabo-la-primera-sesion-ordinaria-del-concejo-deliberante\/","url_meta":{"origin":36452,"position":4},"title":"CHASCOM\u00daS: SE LLEV\u00d3 A CABO LA PRIMERA SESI\u00d3N ORDINARIA DEL CONCEJO DELIBERANTE","author":"Alejandro Sosa Ruda","date":"14 marzo, 2019","format":false,"excerpt":"En el d\u00eda de la fecha se llev\u00f3 a cabo la 1\u00ba Sesi\u00f3n Ordinaria del HCD del 2019. A la hora de los Homenajes se mencion\u00f3 el d\u00eda internacional de la Mujer y el natalicio de Ra\u00fal\u00a0Alfons\u00edn. De los 34 proyectos entrados 11 pasaron a las Comisiones respectivas y el\u2026","rel":"","context":"En \u00abCHASCOM\u00daS\u00bb","block_context":{"text":"CHASCOM\u00daS","link":"https:\/\/larevistadigital.com.ar\/blog\/category\/chascomus\/"},"img":{"alt_text":"","src":"https:\/\/i0.wp.com\/larevistadigital.com.ar\/blog\/wp-content\/uploads\/2019\/03\/1ra-2019-6-678x381.jpeg?fit=678%2C381&ssl=1&resize=350%2C200","width":350,"height":200,"srcset":"https:\/\/i0.wp.com\/larevistadigital.com.ar\/blog\/wp-content\/uploads\/2019\/03\/1ra-2019-6-678x381.jpeg?fit=678%2C381&ssl=1&resize=350%2C200 1x, https:\/\/i0.wp.com\/larevistadigital.com.ar\/blog\/wp-content\/uploads\/2019\/03\/1ra-2019-6-678x381.jpeg?fit=678%2C381&ssl=1&resize=525%2C300 1.5x"},"classes":[]},{"id":3595,"url":"https:\/\/larevistadigital.com.ar\/blog\/chascomus-vecinos-autoconvocados-promueven-marcha-al-concejo-deliberante\/","url_meta":{"origin":36452,"position":5},"title":"CHASCOM\u00daS: VECINOS AUTOCONVOCADOS PROMUEVEN MARCHA AL CONCEJO DELIBERANTE","author":"Alejandro Sosa Ruda","date":"24 octubre, 2017","format":false,"excerpt":"En el d\u00eda de hoy, comenz\u00f3 a circular por las redes sociales y los grupos de whats app, una convocatoria a una marcha para el d\u00eda jueves a las 16,30 horas al Concejo Deliberante, ubicado en calle Mitre entre Lastra y Cr\u00e1mer. La consigna se trata de que la sociedad\u2026","rel":"","context":"En \u00abDESTACADAS\u00bb","block_context":{"text":"DESTACADAS","link":"https:\/\/larevistadigital.com.ar\/blog\/category\/destacadas\/"},"img":{"alt_text":"","src":"","width":0,"height":0},"classes":[]}],"_links":{"self":[{"href":"https:\/\/larevistadigital.com.ar\/blog\/wp-json\/wp\/v2\/posts\/36452","targetHints":{"allow":["GET"]}}],"collection":[{"href":"https:\/\/larevistadigital.com.ar\/blog\/wp-json\/wp\/v2\/posts"}],"about":[{"href":"https:\/\/larevistadigital.com.ar\/blog\/wp-json\/wp\/v2\/types\/post"}],"author":[{"embeddable":true,"href":"https:\/\/larevistadigital.com.ar\/blog\/wp-json\/wp\/v2\/users\/3"}],"replies":[{"embeddable":true,"href":"https:\/\/larevistadigital.com.ar\/blog\/wp-json\/wp\/v2\/comments?post=36452"}],"version-history":[{"count":1,"href":"https:\/\/larevistadigital.com.ar\/blog\/wp-json\/wp\/v2\/posts\/36452\/revisions"}],"predecessor-version":[{"id":36457,"href":"https:\/\/larevistadigital.com.ar\/blog\/wp-json\/wp\/v2\/posts\/36452\/revisions\/36457"}],"wp:featuredmedia":[{"embeddable":true,"href":"https:\/\/larevistadigital.com.ar\/blog\/wp-json\/wp\/v2\/media\/36453"}],"wp:attachment":[{"href":"https:\/\/larevistadigital.com.ar\/blog\/wp-json\/wp\/v2\/media?parent=36452"}],"wp:term":[{"taxonomy":"category","embeddable":true,"href":"https:\/\/larevistadigital.com.ar\/blog\/wp-json\/wp\/v2\/categories?post=36452"},{"taxonomy":"post_tag","embeddable":true,"href":"https:\/\/larevistadigital.com.ar\/blog\/wp-json\/wp\/v2\/tags?post=36452"}],"curies":[{"name":"wp","href":"https:\/\/api.w.org\/{rel}","templated":true}]}}