{"id":36458,"date":"2024-06-27T23:24:35","date_gmt":"2024-06-28T02:24:35","guid":{"rendered":"https:\/\/larevistadigital.com.ar\/blog\/?p=36458"},"modified":"2024-06-27T23:24:35","modified_gmt":"2024-06-28T02:24:35","slug":"chascomus-la-policia-recupero-una-moto-robada-y-detuvo-a-dos-sujetos-por-el-hecho","status":"publish","type":"post","link":"https:\/\/larevistadigital.com.ar\/blog\/chascomus-la-policia-recupero-una-moto-robada-y-detuvo-a-dos-sujetos-por-el-hecho\/","title":{"rendered":"CHASCOM\u00daS: LA POLIC\u00cdA RECUPER\u00d3 UNA MOTO ROBADA Y DETUVO A DOS SUJETOS POR EL HECHO"},"content":{"rendered":"<h2>Se hab\u00eda denunciado el pasado l\u00fanes, con ayuda de las c\u00e1maras de Monitoreo. Hoy los dos responsables del hecho se encuentran detenidos.<\/h2>\n<p>27 de Junio de 2024<\/p>\n<p><strong>CHASCOM\u00daS &#8211;<\/strong>\u00a0 En la madrugada del \u00faltimo lunes, Se recibi\u00f3 en la comisar\u00eda local, la denuncia del robo de una motocicleta gilera Smash de color azul del interior de un domicilio de la calle Machado y Castelar,<\/p>\n<p>Iniciada la investigaci\u00f3n y recolectando las grabaciones de las c\u00e1maras de seguridad p\u00fablicas del centro de monitoreo m\u00e1s otros elementos de prueba, el titular de la unidad funcional de instrucci\u00f3n descentralizada n\u00famero 10 de esta localidad, <strong>Dr. Jonathan Robert<\/strong>, solicit\u00f3 al juzgado de garant\u00edas 5 de chascom\u00fas orden de allanamiento, registro y secuestro para un domicilio del Barrio La Noria y la detenci\u00f3n de dos personas masculinas oriundas de este medio.<\/p>\n<blockquote>\n<h3>En de la tarde del d\u00eda martes se realiz\u00f3 el allanamiento solicitado, logrando secuestrar en el interior de la vivienda la motocicleta denunciada como sustra\u00edda como as\u00ed tambi\u00e9n pl\u00e1sticos de la misma que ya hab\u00edan sido sacados de su lugar de origen.<\/h3>\n<\/blockquote>\n<p>M\u00e1s tarde, y en horas de la noche se procedi\u00f3 a la detenci\u00f3n de una de las dos personas sindicadas como autores del hecho investigado, quedando el sujeto alojado en el sector de calabozos de la estaci\u00f3n de polic\u00eda comunal de chascom\u00fas primera en calidad de detenido.<\/p>\n<blockquote>\n<h3>En horas de la ma\u00f1ana del d\u00eda de la fecha se procedi\u00f3 a efectivizar la detenci\u00f3n de la otra persona sindicada tambi\u00e9n como autor del hecho delictivo, siendo alojado en el sector de calabozos de la estaci\u00f3n de polic\u00eda comunal de chascom\u00fas primera tambi\u00e9n en calidad de detenido.<\/h3>\n<\/blockquote>\n<p>Ambas personas masculinas oriundas de este medio y con antecedentes delictivos se encuentran imputadas del delito de <strong>ROBO SIMPLE<\/strong> tramitando la investigacion por ante la U.F.I.D. N 10 a cargo del <strong>Dr. Jonathan Robert<\/strong>.<\/p>\n","protected":false},"excerpt":{"rendered":"<div class=\"mh-excerpt\"><p>Se hab\u00eda denunciado el pasado l\u00fanes, con ayuda de las c\u00e1maras de Monitoreo. Hoy los dos responsables del hecho se encuentran detenidos. 27 de Junio de 2024 CHASCOM\u00daS &#8211;\u00a0 En la madrugada del \u00faltimo lunes, <a class=\"mh-excerpt-more\" href=\"https:\/\/larevistadigital.com.ar\/blog\/chascomus-la-policia-recupero-una-moto-robada-y-detuvo-a-dos-sujetos-por-el-hecho\/\" title=\"CHASCOM\u00daS: LA POLIC\u00cdA RECUPER\u00d3 UNA MOTO ROBADA Y DETUVO A DOS SUJETOS POR EL HECHO\">[Leer M\u00e1s]<\/a><\/p>\n<\/div>","protected":false},"author":3,"featured_media":24886,"comment_status":"open","ping_status":"open","sticky":false,"template":"","format":"standard","meta":{"_jetpack_memberships_contains_paid_content":false,"footnotes":"","jetpack_publicize_message":"","jetpack_publicize_feature_enabled":true,"jetpack_social_post_already_shared":true,"jetpack_social_options":{"image_generator_settings":{"template":"highway","default_image_id":0,"font":"","enabled":false},"version":2}},"categories":[41],"tags":[],"class_list":{"0":"post-36458","1":"post","2":"type-post","3":"status-publish","4":"format-standard","5":"has-post-thumbnail","7":"category-destacadas"},"jetpack_publicize_connections":[],"jetpack_featured_media_url":"https:\/\/i0.wp.com\/larevistadigital.com.ar\/blog\/wp-content\/uploads\/policia-24-9-2021-4.jpg?fit=1279%2C1280&ssl=1","jetpack_sharing_enabled":true,"jetpack_shortlink":"https:\/\/wp.me\/p8qtrQ-9u2","jetpack-related-posts":[{"id":34211,"url":"https:\/\/larevistadigital.com.ar\/blog\/chascomus-roban-un-vehiculo-a-mano-armada-y-la-policia-comunal-con-ayuda-de-monitoreo-logro-detener-a-uno-de-los-responsables-buscan-a-otros-dos-todos-con-frondoso-prontuario\/","url_meta":{"origin":36458,"position":0},"title":"CHASCOM\u00daS: ROBAN UN VEH\u00cdCULO A MANO ARMADA Y LA POLICIA COMUNAL CON AYUDA DE MONITOREO LOGR\u00d3 DETENER A UNO DE LOS RESPONSABLES. BUSCAN A OTROS DOS, TODOS CON FRONDOSO PRONTUARIO.","author":"Alejandro Sosa Ruda","date":"26 octubre, 2023","format":false,"excerpt":"Los delincuentes tienen un frondoso prontuario que incluye \"homicidio en ocasi\u00f3n de robo\". La polic\u00eda tuvo un r\u00e1pido accionar que se sum\u00f3 al importante trabajo de Monitoreo. 25 de Octubre de 2023 CHASCOM\u00daS -\u00a0 El d\u00eda l\u00fanes pasado, se produjo un hecho en horas de la tarde donde 3 sujetos\u2026","rel":"","context":"En \u00abDESTACADAS\u00bb","block_context":{"text":"DESTACADAS","link":"https:\/\/larevistadigital.com.ar\/blog\/category\/destacadas\/"},"img":{"alt_text":"","src":"https:\/\/i0.wp.com\/larevistadigital.com.ar\/blog\/wp-content\/uploads\/WhatsApp-Image-2023-10-25-at-20.05.00.jpeg?fit=1200%2C675&ssl=1&resize=350%2C200","width":350,"height":200,"srcset":"https:\/\/i0.wp.com\/larevistadigital.com.ar\/blog\/wp-content\/uploads\/WhatsApp-Image-2023-10-25-at-20.05.00.jpeg?fit=1200%2C675&ssl=1&resize=350%2C200 1x, https:\/\/i0.wp.com\/larevistadigital.com.ar\/blog\/wp-content\/uploads\/WhatsApp-Image-2023-10-25-at-20.05.00.jpeg?fit=1200%2C675&ssl=1&resize=525%2C300 1.5x, https:\/\/i0.wp.com\/larevistadigital.com.ar\/blog\/wp-content\/uploads\/WhatsApp-Image-2023-10-25-at-20.05.00.jpeg?fit=1200%2C675&ssl=1&resize=700%2C400 2x, https:\/\/i0.wp.com\/larevistadigital.com.ar\/blog\/wp-content\/uploads\/WhatsApp-Image-2023-10-25-at-20.05.00.jpeg?fit=1200%2C675&ssl=1&resize=1050%2C600 3x"},"classes":[]},{"id":36236,"url":"https:\/\/larevistadigital.com.ar\/blog\/chascomus-la-ddi-realizo-un-allanamiento\/","url_meta":{"origin":36458,"position":1},"title":"CHASCOM\u00daS: LA DDI REALIZ\u00d3 UN ALLANAMIENTO","author":"Alejandro Sosa Ruda","date":"5 junio, 2024","format":false,"excerpt":"Gracias a las c\u00e1maras de Monitoreo, y el trabajo investigativo se logr\u00f3 identificar al ladr\u00f3n y recuperar el objeto robado. 5 de Junio de 2024 CHASCOM\u00daS\u00a0 -\u00a0 La DDI de Chascomus, juntamente con personal de E.P.C. Chascom\u00fas y GAD Chascom\u00fas, hicieron efectiva una orden de allanamientos solicitada por la UFID\u2026","rel":"","context":"En \u00abDESTACADAS\u00bb","block_context":{"text":"DESTACADAS","link":"https:\/\/larevistadigital.com.ar\/blog\/category\/destacadas\/"},"img":{"alt_text":"","src":"https:\/\/i0.wp.com\/larevistadigital.com.ar\/blog\/wp-content\/uploads\/2017\/03\/policia-nino-mata.jpg?fit=745%2C574&ssl=1&resize=350%2C200","width":350,"height":200,"srcset":"https:\/\/i0.wp.com\/larevistadigital.com.ar\/blog\/wp-content\/uploads\/2017\/03\/policia-nino-mata.jpg?fit=745%2C574&ssl=1&resize=350%2C200 1x, https:\/\/i0.wp.com\/larevistadigital.com.ar\/blog\/wp-content\/uploads\/2017\/03\/policia-nino-mata.jpg?fit=745%2C574&ssl=1&resize=525%2C300 1.5x, https:\/\/i0.wp.com\/larevistadigital.com.ar\/blog\/wp-content\/uploads\/2017\/03\/policia-nino-mata.jpg?fit=745%2C574&ssl=1&resize=700%2C400 2x"},"classes":[]},{"id":40138,"url":"https:\/\/larevistadigital.com.ar\/blog\/chascomus-recuperaron-motos-robadas-y-detuvieron-a-dos-sospechosos-gracias-a-la-intervencion-municipal\/","url_meta":{"origin":36458,"position":2},"title":"Chascom\u00fas: Recuperaron motos robadas y detuvieron a dos sospechosos gracias a la intervenci\u00f3n municipal","author":"Alejandro Sosa Ruda","date":"23 junio, 2025","format":false,"excerpt":"La intervenci\u00f3n de la Patrulla de Prevenci\u00f3n Municipal y del Centro de Monitoreo permiti\u00f3 en los \u00faltimos d\u00edas recuperar cinco motocicletas robadas y detener a dos personas involucradas en un hecho delictivo en el barrio Lomas Altas. 23 de Junio de 2025 CHASCOM\u00daS -\u00a0 \u00a0La intervenci\u00f3n se realiz\u00f3 a partir\u2026","rel":"","context":"En \u00abCHASCOM\u00daS\u00bb","block_context":{"text":"CHASCOM\u00daS","link":"https:\/\/larevistadigital.com.ar\/blog\/category\/chascomus\/"},"img":{"alt_text":"","src":"https:\/\/i0.wp.com\/larevistadigital.com.ar\/blog\/wp-content\/uploads\/6859954f8cc54.png?fit=668%2C445&ssl=1&resize=350%2C200","width":350,"height":200,"srcset":"https:\/\/i0.wp.com\/larevistadigital.com.ar\/blog\/wp-content\/uploads\/6859954f8cc54.png?fit=668%2C445&ssl=1&resize=350%2C200 1x, https:\/\/i0.wp.com\/larevistadigital.com.ar\/blog\/wp-content\/uploads\/6859954f8cc54.png?fit=668%2C445&ssl=1&resize=525%2C300 1.5x"},"classes":[]},{"id":3657,"url":"https:\/\/larevistadigital.com.ar\/blog\/chascomus-se-incorporaron-dos-nuevas-camaras-seguridad\/","url_meta":{"origin":36458,"position":3},"title":"CHASCOM\u00daS: SE INCORPORARON DOS NUEVAS C\u00c1MARAS DE SEGURIDAD","author":"Alejandro Sosa Ruda","date":"31 octubre, 2017","format":false,"excerpt":"Dos nuevas c\u00e1maras fijas desde el Centro de Monitoreo Municipal comenzaron a funcionar desde este s\u00e1bado. Estas \u00faltimas incorporaciones contemplan la cobertura del ingreso y egreso correspondiente al acceso a la ciudad por la zona del barrio La Liberata. Se trata de las c\u00e1maras N\u00ba 112 y 113, estas se\u2026","rel":"","context":"En \u00abCHASCOM\u00daS\u00bb","block_context":{"text":"CHASCOM\u00daS","link":"https:\/\/larevistadigital.com.ar\/blog\/category\/chascomus\/"},"img":{"alt_text":"","src":"https:\/\/i0.wp.com\/larevistadigital.com.ar\/blog\/wp-content\/uploads\/2017\/10\/22853214_1671475906206621_2068473438404028405_n.jpg?fit=742%2C513&ssl=1&resize=350%2C200","width":350,"height":200,"srcset":"https:\/\/i0.wp.com\/larevistadigital.com.ar\/blog\/wp-content\/uploads\/2017\/10\/22853214_1671475906206621_2068473438404028405_n.jpg?fit=742%2C513&ssl=1&resize=350%2C200 1x, https:\/\/i0.wp.com\/larevistadigital.com.ar\/blog\/wp-content\/uploads\/2017\/10\/22853214_1671475906206621_2068473438404028405_n.jpg?fit=742%2C513&ssl=1&resize=525%2C300 1.5x, https:\/\/i0.wp.com\/larevistadigital.com.ar\/blog\/wp-content\/uploads\/2017\/10\/22853214_1671475906206621_2068473438404028405_n.jpg?fit=742%2C513&ssl=1&resize=700%2C400 2x"},"classes":[]},{"id":41498,"url":"https:\/\/larevistadigital.com.ar\/blog\/chascomus-imputan-penalmente-a-un-joven-por-realizar-maniobras-peligrosas\/","url_meta":{"origin":36458,"position":4},"title":"Chascom\u00fas: Imputan penalmente a un joven por realizar maniobras peligrosas","author":"Alejandro Sosa Ruda","date":"18 septiembre, 2025","format":false,"excerpt":"Un joven fue citado a indagatoria tras una investigaci\u00f3n realizada con im\u00e1genes de c\u00e1maras del Centro de Monitoreo municipal. 18 de Septiembre de 2025 CHASCOM\u00daS -\u00a0 \u00a0La Fiscal\u00eda descentralizada de Chascom\u00fas, a cargo del Dr. Jonathan Robert (UFID N\u00b010), inici\u00f3 una a partir de una denuncia del director de Prevenci\u00f3n\u2026","rel":"","context":"En \u00abDESTACADAS\u00bb","block_context":{"text":"DESTACADAS","link":"https:\/\/larevistadigital.com.ar\/blog\/category\/destacadas\/"},"img":{"alt_text":"","src":"https:\/\/i0.wp.com\/larevistadigital.com.ar\/blog\/wp-content\/uploads\/68cc42715abda.png?fit=668%2C445&ssl=1&resize=350%2C200","width":350,"height":200,"srcset":"https:\/\/i0.wp.com\/larevistadigital.com.ar\/blog\/wp-content\/uploads\/68cc42715abda.png?fit=668%2C445&ssl=1&resize=350%2C200 1x, https:\/\/i0.wp.com\/larevistadigital.com.ar\/blog\/wp-content\/uploads\/68cc42715abda.png?fit=668%2C445&ssl=1&resize=525%2C300 1.5x"},"classes":[]},{"id":34675,"url":"https:\/\/larevistadigital.com.ar\/blog\/chascomus-denuncio-un-robo-y-agresion-que-no-sufrio-y-la-policia-junto-con-monitoreo-descubrieron-el-engano\/","url_meta":{"origin":36458,"position":5},"title":"CHASCOM\u00daS: DENUNCI\u00d3 UN ROBO Y AGRESI\u00d3N QUE NO SUFRI\u00d3, Y LA POLIC\u00cdA JUNTO CON MONITOREO DESCUBRIERON EL ENGA\u00d1O","author":"Alejandro Sosa Ruda","date":"28 noviembre, 2023","format":false,"excerpt":"Se trat\u00f3 de un problema de \u00edndole personal, y la mujer invent\u00f3 un hecho de robo. 28 de Noviembre de 2023 CHASCOM\u00daS -\u00a0 En el d\u00eda de ayer, Lunes 27 de Noviembre a alrededor de las 21 hs., la Estaci\u00f3n de Polic\u00eda Chascomus 1ra., tom\u00f3 conocimiento de un aparente hecho\u2026","rel":"","context":"En \u00abDESTACADAS\u00bb","block_context":{"text":"DESTACADAS","link":"https:\/\/larevistadigital.com.ar\/blog\/category\/destacadas\/"},"img":{"alt_text":"","src":"https:\/\/i0.wp.com\/larevistadigital.com.ar\/blog\/wp-content\/uploads\/2019\/01\/bbx_755050019_comisaria_chasco_01.jpg?fit=800%2C579&ssl=1&resize=350%2C200","width":350,"height":200,"srcset":"https:\/\/i0.wp.com\/larevistadigital.com.ar\/blog\/wp-content\/uploads\/2019\/01\/bbx_755050019_comisaria_chasco_01.jpg?fit=800%2C579&ssl=1&resize=350%2C200 1x, https:\/\/i0.wp.com\/larevistadigital.com.ar\/blog\/wp-content\/uploads\/2019\/01\/bbx_755050019_comisaria_chasco_01.jpg?fit=800%2C579&ssl=1&resize=525%2C300 1.5x, https:\/\/i0.wp.com\/larevistadigital.com.ar\/blog\/wp-content\/uploads\/2019\/01\/bbx_755050019_comisaria_chasco_01.jpg?fit=800%2C579&ssl=1&resize=700%2C400 2x"},"classes":[]}],"_links":{"self":[{"href":"https:\/\/larevistadigital.com.ar\/blog\/wp-json\/wp\/v2\/posts\/36458","targetHints":{"allow":["GET"]}}],"collection":[{"href":"https:\/\/larevistadigital.com.ar\/blog\/wp-json\/wp\/v2\/posts"}],"about":[{"href":"https:\/\/larevistadigital.com.ar\/blog\/wp-json\/wp\/v2\/types\/post"}],"author":[{"embeddable":true,"href":"https:\/\/larevistadigital.com.ar\/blog\/wp-json\/wp\/v2\/users\/3"}],"replies":[{"embeddable":true,"href":"https:\/\/larevistadigital.com.ar\/blog\/wp-json\/wp\/v2\/comments?post=36458"}],"version-history":[{"count":1,"href":"https:\/\/larevistadigital.com.ar\/blog\/wp-json\/wp\/v2\/posts\/36458\/revisions"}],"predecessor-version":[{"id":36459,"href":"https:\/\/larevistadigital.com.ar\/blog\/wp-json\/wp\/v2\/posts\/36458\/revisions\/36459"}],"wp:featuredmedia":[{"embeddable":true,"href":"https:\/\/larevistadigital.com.ar\/blog\/wp-json\/wp\/v2\/media\/24886"}],"wp:attachment":[{"href":"https:\/\/larevistadigital.com.ar\/blog\/wp-json\/wp\/v2\/media?parent=36458"}],"wp:term":[{"taxonomy":"category","embeddable":true,"href":"https:\/\/larevistadigital.com.ar\/blog\/wp-json\/wp\/v2\/categories?post=36458"},{"taxonomy":"post_tag","embeddable":true,"href":"https:\/\/larevistadigital.com.ar\/blog\/wp-json\/wp\/v2\/tags?post=36458"}],"curies":[{"name":"wp","href":"https:\/\/api.w.org\/{rel}","templated":true}]}}