{"id":36460,"date":"2024-06-27T23:59:30","date_gmt":"2024-06-28T02:59:30","guid":{"rendered":"https:\/\/larevistadigital.com.ar\/blog\/?p=36460"},"modified":"2024-06-27T23:59:47","modified_gmt":"2024-06-28T02:59:47","slug":"dolores-una-casa-usurpada-fue-desalojada-por-la-policia","status":"publish","type":"post","link":"https:\/\/larevistadigital.com.ar\/blog\/dolores-una-casa-usurpada-fue-desalojada-por-la-policia\/","title":{"rendered":"DOLORES: UNA CASA USURPADA FUE DESALOJADA POR LA POLIC\u00cdA"},"content":{"rendered":"<h2 class=\"nota__hero__summary\">La familia present\u00f3 la escritura que demuestra que desde 1946 es la propietaria de la vivienda ubicada a s\u00f3lo 3 cuadras de la Plaza Castelli.<\/h2>\n<p>27 de Junio de 2024<\/p>\n<p><strong>DOLORES &#8211;\u00a0 \u00a0<\/strong>Luego de una denuncia realizada por vecinos, la polic\u00eda de Dolores, desaloj\u00f3 una vivienda que hab\u00eda sido usurpada por desconocidos hace poco tiempo. La casa est\u00e1 ubicada en calle Alberdi, entre Mitre y Pellegrini, a tres cuadras de la Plaza Castelli.<\/p>\n<blockquote>\n<h3>Los propietarios de la casa, ya hab\u00edan radicado una denuncia al respecto, pero la Justicia desestim\u00f3 y archiv\u00f3 la misma.<\/h3>\n<\/blockquote>\n<p>A pesar de esto, la vivienda volvi\u00f3 a ser violentada y ocupada, entonces, los propietarios de la casa\u00a0<strong>presentaron la escritura que demostr\u00f3 que la familia es due\u00f1a de la propiedad<\/strong>\u00a0desde el a\u00f1o 1946, lo que permiti\u00f3 que la Polic\u00eda Local desaloje a los usurpadores.<\/p>\n<p>fuente e imagen: entrel\u00edneas.info<\/p>\n","protected":false},"excerpt":{"rendered":"<div class=\"mh-excerpt\"><p>La familia present\u00f3 la escritura que demuestra que desde 1946 es la propietaria de la vivienda ubicada a s\u00f3lo 3 cuadras de la Plaza Castelli. 27 de Junio de 2024 DOLORES &#8211;\u00a0 \u00a0Luego de una <a class=\"mh-excerpt-more\" href=\"https:\/\/larevistadigital.com.ar\/blog\/dolores-una-casa-usurpada-fue-desalojada-por-la-policia\/\" title=\"DOLORES: UNA CASA USURPADA FUE DESALOJADA POR LA POLIC\u00cdA\">[Leer M\u00e1s]<\/a><\/p>\n<\/div>","protected":false},"author":3,"featured_media":36461,"comment_status":"open","ping_status":"open","sticky":false,"template":"","format":"standard","meta":{"_jetpack_memberships_contains_paid_content":false,"footnotes":"","jetpack_publicize_message":"","jetpack_publicize_feature_enabled":true,"jetpack_social_post_already_shared":true,"jetpack_social_options":{"image_generator_settings":{"template":"highway","default_image_id":0,"font":"","enabled":false},"version":2}},"categories":[44],"tags":[],"class_list":{"0":"post-36460","1":"post","2":"type-post","3":"status-publish","4":"format-standard","5":"has-post-thumbnail","7":"category-policiales"},"jetpack_publicize_connections":[],"jetpack_featured_media_url":"https:\/\/i0.wp.com\/larevistadigital.com.ar\/blog\/wp-content\/uploads\/c336f6846ce16b25e77cf769d77ae33281a20d65.jpg?fit=1140%2C643&ssl=1","jetpack_sharing_enabled":true,"jetpack_shortlink":"https:\/\/wp.me\/p8qtrQ-9u4","jetpack-related-posts":[{"id":19423,"url":"https:\/\/larevistadigital.com.ar\/blog\/viajo-por-problemas-de-salud-y-a-su-regreso-encontro-su-casa-usurpada\/","url_meta":{"origin":36460,"position":0},"title":"VIAJ\u00d3 POR PROBLEMAS DE SALUD, Y A SU REGRESO ENCONTR\u00d3 SU CASA USURPADA","author":"Alejandro Sosa Ruda","date":"25 marzo, 2021","format":false,"excerpt":"Denunci\u00f3 que su vivienda fue ocupada por un grupo de personas, que la desvalijaron y comenzaron a vender sus bienes. LA PLATA - En Altos de San Lorenzo\u00a0hay un gran revuelo.\u00a0Una vecina denunci\u00f3 que tuvo que viajar por problemas de salud y al volver se llev\u00f3 una amarga sorpresa: le\u2026","rel":"","context":"En \u00abPOLICIALES\u00bb","block_context":{"text":"POLICIALES","link":"https:\/\/larevistadigital.com.ar\/blog\/category\/policiales\/"},"img":{"alt_text":"","src":"https:\/\/i0.wp.com\/larevistadigital.com.ar\/blog\/wp-content\/uploads\/CASA-USURPADA.jpg?fit=1200%2C675&ssl=1&resize=350%2C200","width":350,"height":200,"srcset":"https:\/\/i0.wp.com\/larevistadigital.com.ar\/blog\/wp-content\/uploads\/CASA-USURPADA.jpg?fit=1200%2C675&ssl=1&resize=350%2C200 1x, https:\/\/i0.wp.com\/larevistadigital.com.ar\/blog\/wp-content\/uploads\/CASA-USURPADA.jpg?fit=1200%2C675&ssl=1&resize=525%2C300 1.5x, https:\/\/i0.wp.com\/larevistadigital.com.ar\/blog\/wp-content\/uploads\/CASA-USURPADA.jpg?fit=1200%2C675&ssl=1&resize=700%2C400 2x, https:\/\/i0.wp.com\/larevistadigital.com.ar\/blog\/wp-content\/uploads\/CASA-USURPADA.jpg?fit=1200%2C675&ssl=1&resize=1050%2C600 3x"},"classes":[]},{"id":16540,"url":"https:\/\/larevistadigital.com.ar\/blog\/dolores-robo-en-una-vivienda\/","url_meta":{"origin":36460,"position":1},"title":"DOLORES: ROBO EN UNA VIVIENDA","author":"Alejandro Sosa Ruda","date":"27 septiembre, 2020","format":false,"excerpt":"Delincuentes tras violentar una ventana ingresaron a una vivienda ubicada sobre calle Bassi con fines de robo. En ese momento el propietario no se encontraba en su domicilio y, cuando regres\u00f3 una hora m\u00e1s tarde, constat\u00f3 que ladrones hab\u00edan ingresado a su casa. Seg\u00fan se pudo saber, los delincuentes se\u2026","rel":"","context":"En \u00abDOLORES\u00bb","block_context":{"text":"DOLORES","link":"https:\/\/larevistadigital.com.ar\/blog\/category\/dolores\/"},"img":{"alt_text":"","src":"https:\/\/i0.wp.com\/larevistadigital.com.ar\/blog\/wp-content\/uploads\/Policia-Local-Dolores-678x381.jpg?fit=678%2C381&ssl=1&resize=350%2C200","width":350,"height":200,"srcset":"https:\/\/i0.wp.com\/larevistadigital.com.ar\/blog\/wp-content\/uploads\/Policia-Local-Dolores-678x381.jpg?fit=678%2C381&ssl=1&resize=350%2C200 1x, https:\/\/i0.wp.com\/larevistadigital.com.ar\/blog\/wp-content\/uploads\/Policia-Local-Dolores-678x381.jpg?fit=678%2C381&ssl=1&resize=525%2C300 1.5x"},"classes":[]},{"id":11927,"url":"https:\/\/larevistadigital.com.ar\/blog\/violento-asalto-a-una-familia-en-una-quinta\/","url_meta":{"origin":36460,"position":2},"title":"VIOLENTO ASALTO A UNA FAMILIA EN UNA QUINTA","author":"Alejandro Sosa Ruda","date":"20 agosto, 2019","format":false,"excerpt":"Tres hombres armados ingresaron anoche, alrededor de las 22:00, a una vivienda ubicada en la calle Rivadavia al 2400, en las afueras de la ciudad de Dolores. Al grito de \u201cpolic\u00eda\u201d, los asaltantes ingresaron a la casa pateando la puerta de la vivienda, en la que se encontraban cinco miembros\u2026","rel":"","context":"En \u00abREGIONALES\u00bb","block_context":{"text":"REGIONALES","link":"https:\/\/larevistadigital.com.ar\/blog\/category\/regionales\/"},"img":{"alt_text":"","src":"https:\/\/i0.wp.com\/larevistadigital.com.ar\/blog\/wp-content\/uploads\/16c85ed8201de54ea78bcdb79335bb9530a7a04d.jpeg?fit=1140%2C759&ssl=1&resize=350%2C200","width":350,"height":200,"srcset":"https:\/\/i0.wp.com\/larevistadigital.com.ar\/blog\/wp-content\/uploads\/16c85ed8201de54ea78bcdb79335bb9530a7a04d.jpeg?fit=1140%2C759&ssl=1&resize=350%2C200 1x, https:\/\/i0.wp.com\/larevistadigital.com.ar\/blog\/wp-content\/uploads\/16c85ed8201de54ea78bcdb79335bb9530a7a04d.jpeg?fit=1140%2C759&ssl=1&resize=525%2C300 1.5x, https:\/\/i0.wp.com\/larevistadigital.com.ar\/blog\/wp-content\/uploads\/16c85ed8201de54ea78bcdb79335bb9530a7a04d.jpeg?fit=1140%2C759&ssl=1&resize=700%2C400 2x, https:\/\/i0.wp.com\/larevistadigital.com.ar\/blog\/wp-content\/uploads\/16c85ed8201de54ea78bcdb79335bb9530a7a04d.jpeg?fit=1140%2C759&ssl=1&resize=1050%2C600 3x"},"classes":[]},{"id":42003,"url":"https:\/\/larevistadigital.com.ar\/blog\/conmocion-en-dolores-hallaron-sin-vida-a-un-padre-y-su-hijo-en-una-vivienda\/","url_meta":{"origin":36460,"position":3},"title":"Conmoci\u00f3n en Dolores: hallaron sin vida a un padre y su hijo en una vivienda","author":"Alejandro Sosa Ruda","date":"15 octubre, 2025","format":false,"excerpt":"Los cuerpos fueron encontrados tras la denuncia de vecinos por un fuerte olor proveniente de la casa. Las primeras pericias indican que llevaban fallecidos cerca de un mes. No se hallaron signos de violencia. 15 de Octubre de 2025 DOLORES -\u00a0 \u00a0Dolores vive por estas horas una profunda conmoci\u00f3n tras\u2026","rel":"","context":"En \u00abDOLORES\u00bb","block_context":{"text":"DOLORES","link":"https:\/\/larevistadigital.com.ar\/blog\/category\/dolores\/"},"img":{"alt_text":"","src":"https:\/\/i0.wp.com\/larevistadigital.com.ar\/blog\/wp-content\/uploads\/d60d16c2adb4c61c3930e0f378493519b0cefddb.jpg?fit=1140%2C695&ssl=1&resize=350%2C200","width":350,"height":200,"srcset":"https:\/\/i0.wp.com\/larevistadigital.com.ar\/blog\/wp-content\/uploads\/d60d16c2adb4c61c3930e0f378493519b0cefddb.jpg?fit=1140%2C695&ssl=1&resize=350%2C200 1x, https:\/\/i0.wp.com\/larevistadigital.com.ar\/blog\/wp-content\/uploads\/d60d16c2adb4c61c3930e0f378493519b0cefddb.jpg?fit=1140%2C695&ssl=1&resize=525%2C300 1.5x, https:\/\/i0.wp.com\/larevistadigital.com.ar\/blog\/wp-content\/uploads\/d60d16c2adb4c61c3930e0f378493519b0cefddb.jpg?fit=1140%2C695&ssl=1&resize=700%2C400 2x, https:\/\/i0.wp.com\/larevistadigital.com.ar\/blog\/wp-content\/uploads\/d60d16c2adb4c61c3930e0f378493519b0cefddb.jpg?fit=1140%2C695&ssl=1&resize=1050%2C600 3x"},"classes":[]},{"id":41626,"url":"https:\/\/larevistadigital.com.ar\/blog\/dolores-detienen-a-un-hombre-acusado-de-agredir-y-amenazar-a-una-mujer\/","url_meta":{"origin":36460,"position":4},"title":"Dolores: detienen a un hombre acusado de agredir y amenazar a una mujer","author":"Alejandro Sosa Ruda","date":"24 septiembre, 2025","format":false,"excerpt":"La Polic\u00eda allan\u00f3 su vivienda y secuestr\u00f3 elementos vinculados al hecho. La v\u00edctima ya hab\u00eda denunciado episodios similares y contaba con bot\u00f3n antip\u00e1nico. 23 de septiembre de 2025 DOLORES -\u00a0 Un hombre de 41 a\u00f1os fue detenido en Dolores, tras un allanamiento en su vivienda ordenado por el Juzgado de\u2026","rel":"","context":"En \u00abDOLORES\u00bb","block_context":{"text":"DOLORES","link":"https:\/\/larevistadigital.com.ar\/blog\/category\/dolores\/"},"img":{"alt_text":"","src":"https:\/\/i0.wp.com\/larevistadigital.com.ar\/blog\/wp-content\/uploads\/3926b5058574142b31a38fcbcaad2895b4fdbbb1.jpg?fit=1140%2C716&ssl=1&resize=350%2C200","width":350,"height":200,"srcset":"https:\/\/i0.wp.com\/larevistadigital.com.ar\/blog\/wp-content\/uploads\/3926b5058574142b31a38fcbcaad2895b4fdbbb1.jpg?fit=1140%2C716&ssl=1&resize=350%2C200 1x, https:\/\/i0.wp.com\/larevistadigital.com.ar\/blog\/wp-content\/uploads\/3926b5058574142b31a38fcbcaad2895b4fdbbb1.jpg?fit=1140%2C716&ssl=1&resize=525%2C300 1.5x, https:\/\/i0.wp.com\/larevistadigital.com.ar\/blog\/wp-content\/uploads\/3926b5058574142b31a38fcbcaad2895b4fdbbb1.jpg?fit=1140%2C716&ssl=1&resize=700%2C400 2x, https:\/\/i0.wp.com\/larevistadigital.com.ar\/blog\/wp-content\/uploads\/3926b5058574142b31a38fcbcaad2895b4fdbbb1.jpg?fit=1140%2C716&ssl=1&resize=1050%2C600 3x"},"classes":[]},{"id":8815,"url":"https:\/\/larevistadigital.com.ar\/blog\/dolores-sustrajeron-arma-a-mujer-policia-y-un-smart-tv-de-32\/","url_meta":{"origin":36460,"position":5},"title":"DOLORES: SUSTRAJERON ARMA A MUJER POLIC\u00cdA Y UN SMART TV DE 32&#8243;","author":"Alejandro Sosa Ruda","date":"1 marzo, 2019","format":false,"excerpt":"Delincuentes ignorados, violentaron la puerta de ingreso del hogar de una polic\u00eda local, ingresando a la vivienda, y sustrayendo entre otras cosas un SMART TV de 32\" y lo peor de todo; el arma reglamentaria de la uniformada. La casa violentada se encuentra en calle Bulgaria al 1530 y hasta\u2026","rel":"","context":"En \u00abDOLORES\u00bb","block_context":{"text":"DOLORES","link":"https:\/\/larevistadigital.com.ar\/blog\/category\/dolores\/"},"img":{"alt_text":"","src":"https:\/\/i0.wp.com\/larevistadigital.com.ar\/blog\/wp-content\/uploads\/2019\/03\/Screenshot_1.jpg?fit=796%2C471&ssl=1&resize=350%2C200","width":350,"height":200,"srcset":"https:\/\/i0.wp.com\/larevistadigital.com.ar\/blog\/wp-content\/uploads\/2019\/03\/Screenshot_1.jpg?fit=796%2C471&ssl=1&resize=350%2C200 1x, https:\/\/i0.wp.com\/larevistadigital.com.ar\/blog\/wp-content\/uploads\/2019\/03\/Screenshot_1.jpg?fit=796%2C471&ssl=1&resize=525%2C300 1.5x, https:\/\/i0.wp.com\/larevistadigital.com.ar\/blog\/wp-content\/uploads\/2019\/03\/Screenshot_1.jpg?fit=796%2C471&ssl=1&resize=700%2C400 2x"},"classes":[]}],"_links":{"self":[{"href":"https:\/\/larevistadigital.com.ar\/blog\/wp-json\/wp\/v2\/posts\/36460","targetHints":{"allow":["GET"]}}],"collection":[{"href":"https:\/\/larevistadigital.com.ar\/blog\/wp-json\/wp\/v2\/posts"}],"about":[{"href":"https:\/\/larevistadigital.com.ar\/blog\/wp-json\/wp\/v2\/types\/post"}],"author":[{"embeddable":true,"href":"https:\/\/larevistadigital.com.ar\/blog\/wp-json\/wp\/v2\/users\/3"}],"replies":[{"embeddable":true,"href":"https:\/\/larevistadigital.com.ar\/blog\/wp-json\/wp\/v2\/comments?post=36460"}],"version-history":[{"count":1,"href":"https:\/\/larevistadigital.com.ar\/blog\/wp-json\/wp\/v2\/posts\/36460\/revisions"}],"predecessor-version":[{"id":36462,"href":"https:\/\/larevistadigital.com.ar\/blog\/wp-json\/wp\/v2\/posts\/36460\/revisions\/36462"}],"wp:featuredmedia":[{"embeddable":true,"href":"https:\/\/larevistadigital.com.ar\/blog\/wp-json\/wp\/v2\/media\/36461"}],"wp:attachment":[{"href":"https:\/\/larevistadigital.com.ar\/blog\/wp-json\/wp\/v2\/media?parent=36460"}],"wp:term":[{"taxonomy":"category","embeddable":true,"href":"https:\/\/larevistadigital.com.ar\/blog\/wp-json\/wp\/v2\/categories?post=36460"},{"taxonomy":"post_tag","embeddable":true,"href":"https:\/\/larevistadigital.com.ar\/blog\/wp-json\/wp\/v2\/tags?post=36460"}],"curies":[{"name":"wp","href":"https:\/\/api.w.org\/{rel}","templated":true}]}}