{"id":36463,"date":"2024-06-28T00:39:20","date_gmt":"2024-06-28T03:39:20","guid":{"rendered":"https:\/\/larevistadigital.com.ar\/blog\/?p=36463"},"modified":"2024-06-28T00:39:20","modified_gmt":"2024-06-28T03:39:20","slug":"turismo-teatral-una-nueva-apuesta-de-la-ciudad","status":"publish","type":"post","link":"https:\/\/larevistadigital.com.ar\/blog\/turismo-teatral-una-nueva-apuesta-de-la-ciudad\/","title":{"rendered":"TURISMO TEATRAL: UNA NUEVA APUESTA DE LA CIUDAD"},"content":{"rendered":"<h2 class=\"notaIntro\">Con una propuesta de primer nivel se busca romper con la estacionalidad y atraer a turistas especialmente interesados en el arte<\/h2>\n<p>28 de Junio de 2024<\/p>\n<p class=\"notaTexto\"><strong>CHASCOM\u00daS-<\/strong>\u00a0 Desde la Secretar\u00eda de Desarrollo Tur\u00edstico, Productivo y Cultural de la municipalidad se convoc\u00f3 a una reuni\u00f3n de la que participaron el grupo teatral El Esf\u00e9rico, prestadores tur\u00edsticos, representantes de la C\u00e1mara de Comercio local y el secretario del \u00e1rea, Pablo N\u00e1poli. El encuentro tuvo como eje principal la atracci\u00f3n de un tipo de turismo que rompa con la estacionalidad.<\/p>\n<p>En consecuencia, se trabaja en una alianza p\u00fablico\/privada que incluye a los prestadores tur\u00edsticos. La apuesta fuerte es el aumento de la programaci\u00f3n teatral en temporada alta y baja, a partir de la creaci\u00f3n de paquetes tur\u00edsticos con los distintos prestadores del sector, reforzando las campa\u00f1as de difusi\u00f3n de promoci\u00f3n de nuestra ciudad.<\/p>\n<p>La cercan\u00eda respecto de los grandes centros urbanos y el hecho de que la actividad teatral no dependa de factores clim\u00e1ticos o estacionales, resultan en una ventaja para la ciudad como punto tur\u00edstico. Sumado \u00e9sto al entorno natural y a la propuesta gastron\u00f3mica y hotelera, la vuelve a\u00fan m\u00e1s atractiva para un p\u00fablico que puede disfrutar de la ciudad y de una amplia cartelera durante todo el a\u00f1o, a precios m\u00e1s convenientes que en la Av. Corrientes. Adem\u00e1s, se incorporar\u00e1n recursos como una billetera virtual para facilitar la compra de entradas independientemente del efectivo con el que se cuente.<\/p>\n<p>Cabe recordar que \u201cEl Esf\u00e9rico\u201d se dedica tambi\u00e9n a la producci\u00f3n teatral y coorganiza con el municipio la Marat\u00f3n de Teatro en el Brazzola, festival que en noviembre cumplir\u00e1 su d\u00e9cima edici\u00f3n, y que se caracteriza por ofrecer obras de calidad a bajo precio.<\/p>\n","protected":false},"excerpt":{"rendered":"<div class=\"mh-excerpt\"><p>Con una propuesta de primer nivel se busca romper con la estacionalidad y atraer a turistas especialmente interesados en el arte 28 de Junio de 2024 CHASCOM\u00daS-\u00a0 Desde la Secretar\u00eda de Desarrollo Tur\u00edstico, Productivo y <a class=\"mh-excerpt-more\" href=\"https:\/\/larevistadigital.com.ar\/blog\/turismo-teatral-una-nueva-apuesta-de-la-ciudad\/\" title=\"TURISMO TEATRAL: UNA NUEVA APUESTA DE LA CIUDAD\">[Leer M\u00e1s]<\/a><\/p>\n<\/div>","protected":false},"author":3,"featured_media":0,"comment_status":"open","ping_status":"open","sticky":false,"template":"","format":"standard","meta":{"_jetpack_memberships_contains_paid_content":false,"footnotes":"","jetpack_publicize_message":"","jetpack_publicize_feature_enabled":true,"jetpack_social_post_already_shared":true,"jetpack_social_options":{"image_generator_settings":{"template":"highway","default_image_id":0,"font":"","enabled":false},"version":2}},"categories":[50],"tags":[],"class_list":{"0":"post-36463","1":"post","2":"type-post","3":"status-publish","4":"format-standard","6":"category-interes-general"},"jetpack_publicize_connections":[],"jetpack_featured_media_url":"","jetpack_sharing_enabled":true,"jetpack_shortlink":"https:\/\/wp.me\/p8qtrQ-9u7","jetpack-related-posts":[{"id":1315,"url":"https:\/\/larevistadigital.com.ar\/blog\/reunion-de-prestadores-turisticos\/","url_meta":{"origin":36463,"position":0},"title":"Reuni\u00f3n de prestadores tur\u00edsticos","author":"editor","date":"18 marzo, 2017","format":false,"excerpt":"La Municipalidad dio cuenta de una reuni\u00f3n del secretario de planificaci\u00f3n y turismo Leandro Otondo, con los prestadores del sector en nuestra ciudad.\u2008El encuentro tuvo lugar en las instalaciones del Museo Pampeano. De la reuni\u00f3n se inform\u00f3 participaron prestadores gastron\u00f3micos, hoteleros y representantes de las instituciones del ACE (Agrupaci\u00f3n de\u2026","rel":"","context":"En \u00abCHASCOM\u00daS\u00bb","block_context":{"text":"CHASCOM\u00daS","link":"https:\/\/larevistadigital.com.ar\/blog\/category\/chascomus\/"},"img":{"alt_text":"","src":"https:\/\/i0.wp.com\/larevistadigital.com.ar\/blog\/wp-content\/uploads\/2017\/03\/presturistico_elfuerte_190317.jpg?fit=875%2C492&ssl=1&resize=350%2C200","width":350,"height":200,"srcset":"https:\/\/i0.wp.com\/larevistadigital.com.ar\/blog\/wp-content\/uploads\/2017\/03\/presturistico_elfuerte_190317.jpg?fit=875%2C492&ssl=1&resize=350%2C200 1x, https:\/\/i0.wp.com\/larevistadigital.com.ar\/blog\/wp-content\/uploads\/2017\/03\/presturistico_elfuerte_190317.jpg?fit=875%2C492&ssl=1&resize=525%2C300 1.5x, https:\/\/i0.wp.com\/larevistadigital.com.ar\/blog\/wp-content\/uploads\/2017\/03\/presturistico_elfuerte_190317.jpg?fit=875%2C492&ssl=1&resize=700%2C400 2x"},"classes":[]},{"id":36269,"url":"https:\/\/larevistadigital.com.ar\/blog\/funcionaros-se-reunieron-con-prestadores-turisticos-para-analizar-el-aumento-de-las-tarifas-de-servicios\/","url_meta":{"origin":36463,"position":1},"title":"FUNCIONAROS SE REUNIERON CON PRESTADORES TUR\u00cdSTICOS PARA ANALIZAR EL AUMENTO DE LAS TARIFAS DE SERVICIOS","author":"Alejandro Sosa Ruda","date":"8 junio, 2024","format":false,"excerpt":"El secretario de Desarrollo Tur\u00edstico, Productivo y Cultural, Pablo N\u00e1poli, recibi\u00f3 a propietarios de emprendimientos tur\u00edsticos con quienes analiz\u00f3 la actual situaci\u00f3n del sector, afectado por los fuertes aumentos de las tarifas de energ\u00eda. 8 de Junio de 2024 CHASCOM\u00daS -\u00a0 Los prestadores presentes destacaron la preocupaci\u00f3n compartida por la\u2026","rel":"","context":"En \u00abINTERES GENERAL\u00bb","block_context":{"text":"INTERES GENERAL","link":"https:\/\/larevistadigital.com.ar\/blog\/category\/interes-general\/"},"img":{"alt_text":"","src":"https:\/\/i0.wp.com\/larevistadigital.com.ar\/blog\/wp-content\/uploads\/2024_06_08_05_24_44_9910754.jpg?fit=600%2C401&ssl=1&resize=350%2C200","width":350,"height":200,"srcset":"https:\/\/i0.wp.com\/larevistadigital.com.ar\/blog\/wp-content\/uploads\/2024_06_08_05_24_44_9910754.jpg?fit=600%2C401&ssl=1&resize=350%2C200 1x, https:\/\/i0.wp.com\/larevistadigital.com.ar\/blog\/wp-content\/uploads\/2024_06_08_05_24_44_9910754.jpg?fit=600%2C401&ssl=1&resize=525%2C300 1.5x"},"classes":[]},{"id":39775,"url":"https:\/\/larevistadigital.com.ar\/blog\/chascomus-relevamiento-para-regularizar-alojamientos-turisticos\/","url_meta":{"origin":36463,"position":2},"title":"Chascom\u00fas: Relevamiento para regularizar alojamientos tur\u00edsticos","author":"Alejandro Sosa Ruda","date":"16 mayo, 2025","format":false,"excerpt":"La Municipalidad de Chascom\u00fas inici\u00f3 esta semana un relevamiento destinado a regularizar los establecimientos y viviendas que funcionan como alojamientos tur\u00edsticos en la ciudad. 16 de Mayo de 2025 CHASCOM\u00daS -\u00a0 La medida, a cargo del \u00e1rea de Turismo y Producci\u00f3n municipal, se inici\u00f3 en el barrio Lomas Altas y\u2026","rel":"","context":"En \u00abCHASCOM\u00daS\u00bb","block_context":{"text":"CHASCOM\u00daS","link":"https:\/\/larevistadigital.com.ar\/blog\/category\/chascomus\/"},"img":{"alt_text":"","src":"https:\/\/i0.wp.com\/larevistadigital.com.ar\/blog\/wp-content\/uploads\/6826296230687.png?fit=668%2C445&ssl=1&resize=350%2C200","width":350,"height":200,"srcset":"https:\/\/i0.wp.com\/larevistadigital.com.ar\/blog\/wp-content\/uploads\/6826296230687.png?fit=668%2C445&ssl=1&resize=350%2C200 1x, https:\/\/i0.wp.com\/larevistadigital.com.ar\/blog\/wp-content\/uploads\/6826296230687.png?fit=668%2C445&ssl=1&resize=525%2C300 1.5x"},"classes":[]},{"id":5949,"url":"https:\/\/larevistadigital.com.ar\/blog\/los-prestadores-turisticos-pidieron-normativas-y-cambios-que-permitan-el-desarrollo-del-sector-en-beneficio-de-la-comunidad\/","url_meta":{"origin":36463,"position":3},"title":"Los prestadores tur\u00edsticos pidieron normativas y cambios que permitan el desarrollo del sector en beneficio de la comunidad","author":"admin","date":"15 julio, 2018","format":false,"excerpt":"En la reuni\u00f3n con Casalins Tal como adelantamos en la v\u00edspera, d\u00edas atr\u00e1s se realizo una reuni\u00f3n entre prestadores tur\u00edsticos, miembros de la C\u00e1mara de Comercio, y el Presidente del Concejo Deliberante, Osvaldo Casalins. La misma fue convocada a partir de la presentaci\u00f3n de diferentes notas por parte de los\u2026","rel":"","context":"En \u00abCHASCOM\u00daS\u00bb","block_context":{"text":"CHASCOM\u00daS","link":"https:\/\/larevistadigital.com.ar\/blog\/category\/chascomus\/"},"img":{"alt_text":"","src":"https:\/\/i0.wp.com\/larevistadigital.com.ar\/blog\/wp-content\/uploads\/2018\/07\/casalins_15dejuliode2108_elfuerte.jpg?fit=737%2C415&ssl=1&resize=350%2C200","width":350,"height":200,"srcset":"https:\/\/i0.wp.com\/larevistadigital.com.ar\/blog\/wp-content\/uploads\/2018\/07\/casalins_15dejuliode2108_elfuerte.jpg?fit=737%2C415&ssl=1&resize=350%2C200 1x, https:\/\/i0.wp.com\/larevistadigital.com.ar\/blog\/wp-content\/uploads\/2018\/07\/casalins_15dejuliode2108_elfuerte.jpg?fit=737%2C415&ssl=1&resize=525%2C300 1.5x, https:\/\/i0.wp.com\/larevistadigital.com.ar\/blog\/wp-content\/uploads\/2018\/07\/casalins_15dejuliode2108_elfuerte.jpg?fit=737%2C415&ssl=1&resize=700%2C400 2x"},"classes":[]},{"id":43100,"url":"https:\/\/larevistadigital.com.ar\/blog\/chascomus-brindis-con-prestadores-turisticos-y-presentacion-de-nuevas-autoridades\/","url_meta":{"origin":36463,"position":4},"title":"Chascom\u00fas: Brindis con prestadores tur\u00edsticos y presentaci\u00f3n de nuevas autoridades","author":"Alejandro Sosa Ruda","date":"2 enero, 2026","format":false,"excerpt":"En el encuentro se evalu\u00f3 el panorama de cara al inicio de la temporada de verano y el comienzo del nuevo a\u00f1o. 02 de enero de 2026 CHASCOM\u00daS -\u00a0 \u00a0El intendente Javier Gast\u00f3n recibi\u00f3 a prestadores tur\u00edsticos en su despacho para compartir un brindis de cierre del a\u00f1o 2025. \u201cEs\u2026","rel":"","context":"En \u00abCHASCOM\u00daS\u00bb","block_context":{"text":"CHASCOM\u00daS","link":"https:\/\/larevistadigital.com.ar\/blog\/category\/chascomus\/"},"img":{"alt_text":"","src":"https:\/\/i0.wp.com\/larevistadigital.com.ar\/blog\/wp-content\/uploads\/695801f846290.png?fit=668%2C445&ssl=1&resize=350%2C200","width":350,"height":200,"srcset":"https:\/\/i0.wp.com\/larevistadigital.com.ar\/blog\/wp-content\/uploads\/695801f846290.png?fit=668%2C445&ssl=1&resize=350%2C200 1x, https:\/\/i0.wp.com\/larevistadigital.com.ar\/blog\/wp-content\/uploads\/695801f846290.png?fit=668%2C445&ssl=1&resize=525%2C300 1.5x"},"classes":[]},{"id":37891,"url":"https:\/\/larevistadigital.com.ar\/blog\/prestadores-turisticos-y-comerciantes-recibieron-informacion-sobre-financiamiento-y-desarrollo-productivo\/","url_meta":{"origin":36463,"position":5},"title":"Prestadores tur\u00edsticos y comerciantes recibieron informaci\u00f3n sobre financiamiento y desarrollo productivo","author":"Alejandro Sosa Ruda","date":"15 noviembre, 2024","format":false,"excerpt":"En un desayuno de trabajo realizado en la sede de la UTHGRA, prestadores tur\u00edsticos y comerciantes locales fueron asesorados sobre nuevas l\u00edneas de financiamiento y productos para el fortalecimiento de la econom\u00eda local. 15 de Noviembre de 2024 CHASCOM\u00daS -\u00a0 La reuni\u00f3n fue impulsada conjuntamente por la Municipalidad de Chascom\u00fas,\u2026","rel":"","context":"En \u00abCHASCOM\u00daS\u00bb","block_context":{"text":"CHASCOM\u00daS","link":"https:\/\/larevistadigital.com.ar\/blog\/category\/chascomus\/"},"img":{"alt_text":"","src":"https:\/\/i0.wp.com\/larevistadigital.com.ar\/blog\/wp-content\/uploads\/6736306b38824.png?fit=668%2C445&ssl=1&resize=350%2C200","width":350,"height":200,"srcset":"https:\/\/i0.wp.com\/larevistadigital.com.ar\/blog\/wp-content\/uploads\/6736306b38824.png?fit=668%2C445&ssl=1&resize=350%2C200 1x, https:\/\/i0.wp.com\/larevistadigital.com.ar\/blog\/wp-content\/uploads\/6736306b38824.png?fit=668%2C445&ssl=1&resize=525%2C300 1.5x"},"classes":[]}],"_links":{"self":[{"href":"https:\/\/larevistadigital.com.ar\/blog\/wp-json\/wp\/v2\/posts\/36463","targetHints":{"allow":["GET"]}}],"collection":[{"href":"https:\/\/larevistadigital.com.ar\/blog\/wp-json\/wp\/v2\/posts"}],"about":[{"href":"https:\/\/larevistadigital.com.ar\/blog\/wp-json\/wp\/v2\/types\/post"}],"author":[{"embeddable":true,"href":"https:\/\/larevistadigital.com.ar\/blog\/wp-json\/wp\/v2\/users\/3"}],"replies":[{"embeddable":true,"href":"https:\/\/larevistadigital.com.ar\/blog\/wp-json\/wp\/v2\/comments?post=36463"}],"version-history":[{"count":1,"href":"https:\/\/larevistadigital.com.ar\/blog\/wp-json\/wp\/v2\/posts\/36463\/revisions"}],"predecessor-version":[{"id":36464,"href":"https:\/\/larevistadigital.com.ar\/blog\/wp-json\/wp\/v2\/posts\/36463\/revisions\/36464"}],"wp:attachment":[{"href":"https:\/\/larevistadigital.com.ar\/blog\/wp-json\/wp\/v2\/media?parent=36463"}],"wp:term":[{"taxonomy":"category","embeddable":true,"href":"https:\/\/larevistadigital.com.ar\/blog\/wp-json\/wp\/v2\/categories?post=36463"},{"taxonomy":"post_tag","embeddable":true,"href":"https:\/\/larevistadigital.com.ar\/blog\/wp-json\/wp\/v2\/tags?post=36463"}],"curies":[{"name":"wp","href":"https:\/\/api.w.org\/{rel}","templated":true}]}}