{"id":36465,"date":"2024-06-28T00:42:33","date_gmt":"2024-06-28T03:42:33","guid":{"rendered":"https:\/\/larevistadigital.com.ar\/blog\/?p=36465"},"modified":"2024-06-28T00:42:33","modified_gmt":"2024-06-28T03:42:33","slug":"chascomus-la-secretaria-de-seguridad-ciudadana-se-reunio-con-vecinos-de-la-liberata","status":"publish","type":"post","link":"https:\/\/larevistadigital.com.ar\/blog\/chascomus-la-secretaria-de-seguridad-ciudadana-se-reunio-con-vecinos-de-la-liberata\/","title":{"rendered":"CHASCOM\u00daS: LA SECRETARIA DE SEGURIDAD CIUDADANA SE REUNI\u00d3 CON VECINOS DE LA LIBERATA"},"content":{"rendered":"<h2 class=\"notaIntro\">En el encuentro, al que sumaron autoridades policiales, acordaron fortalecer la cooperaci\u00f3n y el trabajo en red.<\/h2>\n<p>28 de Junio de 2024<\/p>\n<p class=\"notaTexto\"><strong>CHASCOM\u00daS &#8211;\u00a0<\/strong> La secretaria de Seguridad Ciudadana,<strong> Mariela Moscarella<\/strong>, encabez\u00f3 un encuentro con residentes de La Liberata, en el que dialogaron sobre la actual situaci\u00f3n del barrio, en el contexto del incremento de delitos registrados en los \u00faltimos meses, que afecta a diversos sectores del pa\u00eds y de la provincia, realidad a la que no escapa el \u00e1mbito local.<\/p>\n<blockquote>\n<h3 class=\"notaTexto\">Los vecinos expresaron sus inquietudes y se acord\u00f3 intensificar el trabajo en conjunto y en red entre las autoridades locales y los habitantes del barrio.<br \/>\nAdem\u00e1s, se destac\u00f3 la importancia de organizar operativos de seguridad coordinados para mejorar la vigilancia y la prevenci\u00f3n del delito.<\/h3>\n<\/blockquote>\n<p class=\"notaTexto\">Como resultado de esta reuni\u00f3n, se determin\u00f3 realizar un nuevo encuentro dentro de dos semanas en el espacio p\u00fablico, donde se espera continuar avanzando en estrategias concretas para mejorar la seguridad barrial.<\/p>\n<p class=\"notaTexto\">Por otra parte, con el prop\u00f3sito de reforzar la presencia policial en el \u00e1rea, se llev\u00f3 a cabo un operativo nocturno de seguridad en el barrio, con la participaci\u00f3n activa de efectivos de la Estaci\u00f3n de Polic\u00eda Comunal, personal de Seguridad Urbana y de la Patrulla de Prevenci\u00f3n Municipal.<\/p>\n<ul class=\"social list-inline\">\n<li><\/li>\n<\/ul>\n","protected":false},"excerpt":{"rendered":"<div class=\"mh-excerpt\"><p>En el encuentro, al que sumaron autoridades policiales, acordaron fortalecer la cooperaci\u00f3n y el trabajo en red. 28 de Junio de 2024 CHASCOM\u00daS &#8211;\u00a0 La secretaria de Seguridad Ciudadana, Mariela Moscarella, encabez\u00f3 un encuentro con <a class=\"mh-excerpt-more\" href=\"https:\/\/larevistadigital.com.ar\/blog\/chascomus-la-secretaria-de-seguridad-ciudadana-se-reunio-con-vecinos-de-la-liberata\/\" title=\"CHASCOM\u00daS: LA SECRETARIA DE SEGURIDAD CIUDADANA SE REUNI\u00d3 CON VECINOS DE LA LIBERATA\">[Leer M\u00e1s]<\/a><\/p>\n<\/div>","protected":false},"author":3,"featured_media":36466,"comment_status":"open","ping_status":"open","sticky":false,"template":"","format":"standard","meta":{"_jetpack_memberships_contains_paid_content":false,"footnotes":"","jetpack_publicize_message":"","jetpack_publicize_feature_enabled":true,"jetpack_social_post_already_shared":true,"jetpack_social_options":{"image_generator_settings":{"template":"highway","default_image_id":0,"font":"","enabled":false},"version":2}},"categories":[50,23],"tags":[],"class_list":{"0":"post-36465","1":"post","2":"type-post","3":"status-publish","4":"format-standard","5":"has-post-thumbnail","7":"category-interes-general","8":"category-politica-local"},"jetpack_publicize_connections":[],"jetpack_featured_media_url":"https:\/\/i0.wp.com\/larevistadigital.com.ar\/blog\/wp-content\/uploads\/2024_06_28_01_42_22_806064.jpeg?fit=600%2C398&ssl=1","jetpack_sharing_enabled":true,"jetpack_shortlink":"https:\/\/wp.me\/p8qtrQ-9u9","jetpack-related-posts":[{"id":41530,"url":"https:\/\/larevistadigital.com.ar\/blog\/chascomus-operativo-en-el-barrio-san-andres\/","url_meta":{"origin":36465,"position":0},"title":"Chascom\u00fas: Operativo en el Barrio San Andr\u00e9s","author":"Alejandro Sosa Ruda","date":"19 septiembre, 2025","format":false,"excerpt":"En el marco del Plan Integral de Seguridad de la Municipalidad de Chascom\u00fas, se desarrollaron nuevas acciones destinadas a prevenir delitos y promover un entorno m\u00e1s seguro en la ciudad. 19 de septiembre de 2025 CHASCOM\u00daS -\u00a0 \u00a0La secretaria de Seguridad Ciudadana, Mariela Moscarella, mantuvo un encuentro con vecinos del\u2026","rel":"","context":"En \u00abCHASCOM\u00daS\u00bb","block_context":{"text":"CHASCOM\u00daS","link":"https:\/\/larevistadigital.com.ar\/blog\/category\/chascomus\/"},"img":{"alt_text":"","src":"https:\/\/i0.wp.com\/larevistadigital.com.ar\/blog\/wp-content\/uploads\/68cd9520177b2.png?fit=668%2C445&ssl=1&resize=350%2C200","width":350,"height":200,"srcset":"https:\/\/i0.wp.com\/larevistadigital.com.ar\/blog\/wp-content\/uploads\/68cd9520177b2.png?fit=668%2C445&ssl=1&resize=350%2C200 1x, https:\/\/i0.wp.com\/larevistadigital.com.ar\/blog\/wp-content\/uploads\/68cd9520177b2.png?fit=668%2C445&ssl=1&resize=525%2C300 1.5x"},"classes":[]},{"id":35984,"url":"https:\/\/larevistadigital.com.ar\/blog\/reunion-de-la-secretaria-de-seguridad-ciudadana-con-autoridades-policiales\/","url_meta":{"origin":36465,"position":1},"title":"REUNI\u00d3N DE LA SECRETARIA DE SEGURIDAD CIUDADANA CON AUTORIDADES POLICIALES","author":"Alejandro Sosa Ruda","date":"4 mayo, 2024","format":false,"excerpt":"El encuentro tuvo como objetivo fortalecer el trabajo de cooperaci\u00f3n entre la instituci\u00f3n policial y las \u00e1reas municipales de seguridad en cuanto a la prevenci\u00f3n del delito y las violencias, tanto en la zona rural como en la zona urbana. 4 de mayo de 2024 CHASCOM\u00daS -\u00a0 La secretaria de\u2026","rel":"","context":"En \u00abCHASCOM\u00daS\u00bb","block_context":{"text":"CHASCOM\u00daS","link":"https:\/\/larevistadigital.com.ar\/blog\/category\/chascomus\/"},"img":{"alt_text":"","src":"https:\/\/i0.wp.com\/larevistadigital.com.ar\/blog\/wp-content\/uploads\/2024_05_04_00_51_51_6230477.jpg?fit=600%2C450&ssl=1&resize=350%2C200","width":350,"height":200,"srcset":"https:\/\/i0.wp.com\/larevistadigital.com.ar\/blog\/wp-content\/uploads\/2024_05_04_00_51_51_6230477.jpg?fit=600%2C450&ssl=1&resize=350%2C200 1x, https:\/\/i0.wp.com\/larevistadigital.com.ar\/blog\/wp-content\/uploads\/2024_05_04_00_51_51_6230477.jpg?fit=600%2C450&ssl=1&resize=525%2C300 1.5x"},"classes":[]},{"id":23752,"url":"https:\/\/larevistadigital.com.ar\/blog\/manana-habra-un-operativo-preventivo-de-seguridad-vial-en-barrio-parque-girado\/","url_meta":{"origin":36465,"position":2},"title":"MA\u00d1ANA HABR\u00c1 UN OPERATIVO PREVENTIVO DE SEGURIDAD VIAL EN BARRIO PARQUE GIRADO","author":"Alejandro Sosa Ruda","date":"1 febrero, 2022","format":false,"excerpt":"El operativo, del que no hay antecedentes en el barrio de Girado, es solo una parte de los lineamientos de trabajo y acciones a implementarse en el marco del Plan Maestro de Seguridad Vial que impulsa la Secretar\u00eda de Seguridad Ciudadana, a cargo de Mariela Moscarella. D\u00edas atr\u00e1s se llev\u00f3\u2026","rel":"","context":"En \u00abCHASCOM\u00daS\u00bb","block_context":{"text":"CHASCOM\u00daS","link":"https:\/\/larevistadigital.com.ar\/blog\/category\/chascomus\/"},"img":{"alt_text":"","src":"https:\/\/i0.wp.com\/larevistadigital.com.ar\/blog\/wp-content\/uploads\/2022_02_01_02_04_28_5655152.jpeg?fit=600%2C450&ssl=1&resize=350%2C200","width":350,"height":200,"srcset":"https:\/\/i0.wp.com\/larevistadigital.com.ar\/blog\/wp-content\/uploads\/2022_02_01_02_04_28_5655152.jpeg?fit=600%2C450&ssl=1&resize=350%2C200 1x, https:\/\/i0.wp.com\/larevistadigital.com.ar\/blog\/wp-content\/uploads\/2022_02_01_02_04_28_5655152.jpeg?fit=600%2C450&ssl=1&resize=525%2C300 1.5x"},"classes":[]},{"id":24981,"url":"https:\/\/larevistadigital.com.ar\/blog\/chascomus-firme-avance-con-el-plan-integral-de-seguridad\/","url_meta":{"origin":36465,"position":3},"title":"CHASCOM\u00daS: FIRME AVANCE CON EL PLAN INTEGRAL DE SEGURIDAD","author":"Alejandro Sosa Ruda","date":"6 abril, 2022","format":false,"excerpt":"Con una firme decisi\u00f3n pol\u00edtica de Mariela Moscarella, se avanza con el \"Plan Integral de Seguridad\" para Chascom\u00fas. CHASCOM\u00daS - \u00a0Esta ma\u00f1ana, se llev\u00f3 a cabo una reuni\u00f3n de trabajo entre la Secretar\u00eda de Seguridad Ciudadana y la Direcci\u00f3n de Planificaci\u00f3n Estrat\u00e9gica del Ministerio de Seguridad de la Provincia de\u2026","rel":"","context":"En \u00abDESTACADAS\u00bb","block_context":{"text":"DESTACADAS","link":"https:\/\/larevistadigital.com.ar\/blog\/category\/destacadas\/"},"img":{"alt_text":"","src":"https:\/\/i0.wp.com\/larevistadigital.com.ar\/blog\/wp-content\/uploads\/Captura-de-pantalla-2022-04-06-202233.jpg?fit=746%2C560&ssl=1&resize=350%2C200","width":350,"height":200,"srcset":"https:\/\/i0.wp.com\/larevistadigital.com.ar\/blog\/wp-content\/uploads\/Captura-de-pantalla-2022-04-06-202233.jpg?fit=746%2C560&ssl=1&resize=350%2C200 1x, https:\/\/i0.wp.com\/larevistadigital.com.ar\/blog\/wp-content\/uploads\/Captura-de-pantalla-2022-04-06-202233.jpg?fit=746%2C560&ssl=1&resize=525%2C300 1.5x, https:\/\/i0.wp.com\/larevistadigital.com.ar\/blog\/wp-content\/uploads\/Captura-de-pantalla-2022-04-06-202233.jpg?fit=746%2C560&ssl=1&resize=700%2C400 2x"},"classes":[]},{"id":23894,"url":"https:\/\/larevistadigital.com.ar\/blog\/chascomus-la-comision-de-seguridad-de-los-vecinos-del-barrio-girado-dono-material-a-la-policia-para-su-destacamento-en-el-lugar\/","url_meta":{"origin":36465,"position":4},"title":"CHASCOM\u00daS: LA COMISI\u00d3N DE SEGURIDAD DE LOS VECINOS DEL BARRIO GIRADO DON\u00d3 MATERIAL A LA POLIC\u00cdA PARA SU DESTACAMENTO EN EL LUGAR","author":"Alejandro Sosa Ruda","date":"8 febrero, 2022","format":false,"excerpt":"CHASCOM\u00daS -\u00a0 D\u00edas atr\u00e1s, la Comisi\u00f3n de Seguridad conformada por vecinos del Barrio Parque Girado, hizo efectivas importantes donaciones para dotar el Destacamento del barrio, con algunos detalles que hagan m\u00e1s llevadero el trabajo en el lugar. As\u00ed, y luego de que la novel gesti\u00f3n de la Secretaria de Seguridad\u2026","rel":"","context":"En \u00abCHASCOM\u00daS\u00bb","block_context":{"text":"CHASCOM\u00daS","link":"https:\/\/larevistadigital.com.ar\/blog\/category\/chascomus\/"},"img":{"alt_text":"","src":"https:\/\/i0.wp.com\/larevistadigital.com.ar\/blog\/wp-content\/uploads\/WhatsApp-Image-2022-02-08-at-08.16.09.jpeg?fit=1032%2C774&ssl=1&resize=350%2C200","width":350,"height":200,"srcset":"https:\/\/i0.wp.com\/larevistadigital.com.ar\/blog\/wp-content\/uploads\/WhatsApp-Image-2022-02-08-at-08.16.09.jpeg?fit=1032%2C774&ssl=1&resize=350%2C200 1x, https:\/\/i0.wp.com\/larevistadigital.com.ar\/blog\/wp-content\/uploads\/WhatsApp-Image-2022-02-08-at-08.16.09.jpeg?fit=1032%2C774&ssl=1&resize=525%2C300 1.5x, https:\/\/i0.wp.com\/larevistadigital.com.ar\/blog\/wp-content\/uploads\/WhatsApp-Image-2022-02-08-at-08.16.09.jpeg?fit=1032%2C774&ssl=1&resize=700%2C400 2x"},"classes":[]},{"id":39769,"url":"https:\/\/larevistadigital.com.ar\/blog\/chascomus-trabajo-conjunto-con-comedores-y-merenderos-barriales\/","url_meta":{"origin":36465,"position":5},"title":"Chascom\u00fas: Trabajo conjunto con comedores y merenderos barriales","author":"Alejandro Sosa Ruda","date":"16 mayo, 2025","format":false,"excerpt":"El intendente Javier Gast\u00f3n y la secretaria de Desarrollo Social y Educaci\u00f3n, Yanina Gazzaniga, encabezaron una reuni\u00f3n con referentes de espacios comunitarios. 16 de Mayo de 2025 CHASCOM\u00daS -\u00a0 La actividad forma parte de las actividades programadas en el marco del programa Complemento Alimentario Municipal, que garantiza la entrega mensual\u2026","rel":"","context":"En \u00abCHASCOM\u00daS\u00bb","block_context":{"text":"CHASCOM\u00daS","link":"https:\/\/larevistadigital.com.ar\/blog\/category\/chascomus\/"},"img":{"alt_text":"","src":"https:\/\/i0.wp.com\/larevistadigital.com.ar\/blog\/wp-content\/uploads\/682627fa60139.png?fit=668%2C445&ssl=1&resize=350%2C200","width":350,"height":200,"srcset":"https:\/\/i0.wp.com\/larevistadigital.com.ar\/blog\/wp-content\/uploads\/682627fa60139.png?fit=668%2C445&ssl=1&resize=350%2C200 1x, https:\/\/i0.wp.com\/larevistadigital.com.ar\/blog\/wp-content\/uploads\/682627fa60139.png?fit=668%2C445&ssl=1&resize=525%2C300 1.5x"},"classes":[]}],"_links":{"self":[{"href":"https:\/\/larevistadigital.com.ar\/blog\/wp-json\/wp\/v2\/posts\/36465","targetHints":{"allow":["GET"]}}],"collection":[{"href":"https:\/\/larevistadigital.com.ar\/blog\/wp-json\/wp\/v2\/posts"}],"about":[{"href":"https:\/\/larevistadigital.com.ar\/blog\/wp-json\/wp\/v2\/types\/post"}],"author":[{"embeddable":true,"href":"https:\/\/larevistadigital.com.ar\/blog\/wp-json\/wp\/v2\/users\/3"}],"replies":[{"embeddable":true,"href":"https:\/\/larevistadigital.com.ar\/blog\/wp-json\/wp\/v2\/comments?post=36465"}],"version-history":[{"count":1,"href":"https:\/\/larevistadigital.com.ar\/blog\/wp-json\/wp\/v2\/posts\/36465\/revisions"}],"predecessor-version":[{"id":36467,"href":"https:\/\/larevistadigital.com.ar\/blog\/wp-json\/wp\/v2\/posts\/36465\/revisions\/36467"}],"wp:featuredmedia":[{"embeddable":true,"href":"https:\/\/larevistadigital.com.ar\/blog\/wp-json\/wp\/v2\/media\/36466"}],"wp:attachment":[{"href":"https:\/\/larevistadigital.com.ar\/blog\/wp-json\/wp\/v2\/media?parent=36465"}],"wp:term":[{"taxonomy":"category","embeddable":true,"href":"https:\/\/larevistadigital.com.ar\/blog\/wp-json\/wp\/v2\/categories?post=36465"},{"taxonomy":"post_tag","embeddable":true,"href":"https:\/\/larevistadigital.com.ar\/blog\/wp-json\/wp\/v2\/tags?post=36465"}],"curies":[{"name":"wp","href":"https:\/\/api.w.org\/{rel}","templated":true}]}}