{"id":36468,"date":"2024-06-28T00:50:47","date_gmt":"2024-06-28T03:50:47","guid":{"rendered":"https:\/\/larevistadigital.com.ar\/blog\/?p=36468"},"modified":"2024-06-28T00:50:47","modified_gmt":"2024-06-28T03:50:47","slug":"se-extiende-el-periodo-de-inscripcion-a-los-listados-oficiales-municipales-2025","status":"publish","type":"post","link":"https:\/\/larevistadigital.com.ar\/blog\/se-extiende-el-periodo-de-inscripcion-a-los-listados-oficiales-municipales-2025\/","title":{"rendered":"SE EXTIENDE EL PERIODO DE INSCRIPCI\u00d3N A LOS LISTADOS OFICIALES MUNICIPALES 2025"},"content":{"rendered":"<h2 class=\"notaIntro\">El Tribunal Docente Municipal informa que inscripci\u00f3n para el listado oficial 2025 se realizar\u00e1 hasta el viernes 12 de julio de 2024, para aspirantes con t\u00edtulo docente, para desempe\u00f1arse en los establecimientos educativos municipales.<\/h2>\n<p>28 de Junio de 2024<\/p>\n<p class=\"notaTexto\"><strong>CHASCOM\u00daS &#8211;\u00a0<\/strong> El horario de atenci\u00f3n de la oficina de Educaci\u00f3n es 8 a 14 hs, de lunes a viernes; mientras que el tribunal se re\u00fane lunes y mi\u00e9rcoles de 17 a 18.30 hs. En cualquiera de esos horarios de atenci\u00f3n puede efectuarse la inscripci\u00f3n. Se recuerda adem\u00e1s que las planillas se encuentran disponibles en Casa Mazzaro y Priante.<\/p>\n<p class=\"notaTexto\">A trav\u00e9s de dichos listados se cubrir\u00e1n en 2025 los cargos y m\u00f3dulos docentes de jard\u00edn maternal y de infantes, primaria y secundaria del \u00e1mbito municipal.<br \/>\nPor otra parte, se recuerda que la inscripci\u00f3n para el listado de dif\u00edcil cobertura 2024, al que se acude para la cobertura de cargos provisorios una vez agotado el listado oficial, se encuentra abierta todo el a\u00f1o. En este caso, pueden inscribirse aquellos aspirantes que no llegaron a anotarse oportunamente o que poseen porcentaje de carrera docente.<\/p>\n<p class=\"notaTexto\">Asimismo, vale aclarar que los actos p\u00fablicos para la cobertura de cargos y m\u00f3dulos docentes de car\u00e1cter provisional y suplente en los tres niveles obligatorios se realizan diariamente en la Direcci\u00f3n de Educaci\u00f3n Municipal a las 8.45 y a las 12.45 hs.<\/p>\n","protected":false},"excerpt":{"rendered":"<div class=\"mh-excerpt\"><p>El Tribunal Docente Municipal informa que inscripci\u00f3n para el listado oficial 2025 se realizar\u00e1 hasta el viernes 12 de julio de 2024, para aspirantes con t\u00edtulo docente, para desempe\u00f1arse en los establecimientos educativos municipales. 28 <a class=\"mh-excerpt-more\" href=\"https:\/\/larevistadigital.com.ar\/blog\/se-extiende-el-periodo-de-inscripcion-a-los-listados-oficiales-municipales-2025\/\" title=\"SE EXTIENDE EL PERIODO DE INSCRIPCI\u00d3N A LOS LISTADOS OFICIALES MUNICIPALES 2025\">[Leer M\u00e1s]<\/a><\/p>\n<\/div>","protected":false},"author":3,"featured_media":36469,"comment_status":"open","ping_status":"open","sticky":false,"template":"","format":"standard","meta":{"_jetpack_memberships_contains_paid_content":false,"footnotes":"","jetpack_publicize_message":"","jetpack_publicize_feature_enabled":true,"jetpack_social_post_already_shared":true,"jetpack_social_options":{"image_generator_settings":{"template":"highway","default_image_id":0,"font":"","enabled":false},"version":2}},"categories":[6],"tags":[],"class_list":{"0":"post-36468","1":"post","2":"type-post","3":"status-publish","4":"format-standard","5":"has-post-thumbnail","7":"category-chascomus"},"jetpack_publicize_connections":[],"jetpack_featured_media_url":"https:\/\/i0.wp.com\/larevistadigital.com.ar\/blog\/wp-content\/uploads\/2024_06_28_02_08_05_9937011.jpg?fit=600%2C401&ssl=1","jetpack_sharing_enabled":true,"jetpack_shortlink":"https:\/\/wp.me\/p8qtrQ-9uc","jetpack-related-posts":[{"id":40310,"url":"https:\/\/larevistadigital.com.ar\/blog\/chascomus-inscripcion-al-listado-oficial-docente-municipal\/","url_meta":{"origin":36468,"position":0},"title":"Chascom\u00fas: Inscripci\u00f3n al Listado Oficial Docente Municipal","author":"Alejandro Sosa Ruda","date":"4 julio, 2025","format":false,"excerpt":"Se extiende la inscripci\u00f3n para los aspirantes docentes a desempe\u00f1arse en establecimientos educativos municipales. 04 e Julio de 2025 CHASCOM\u00daS -\u00a0 \u00a0El Tribunal de Clasificaci\u00f3n Docente Municipal informa que los docentes aspirantes a desempe\u00f1arse en establecimientos educativos municipales, podr\u00e1n completar la inscripci\u00f3n al listado oficial correspondiente al 2026 hasta el\u2026","rel":"","context":"En \u00abCHASCOM\u00daS\u00bb","block_context":{"text":"CHASCOM\u00daS","link":"https:\/\/larevistadigital.com.ar\/blog\/category\/chascomus\/"},"img":{"alt_text":"","src":"https:\/\/i0.wp.com\/larevistadigital.com.ar\/blog\/wp-content\/uploads\/686814036ee45.png?fit=668%2C445&ssl=1&resize=350%2C200","width":350,"height":200,"srcset":"https:\/\/i0.wp.com\/larevistadigital.com.ar\/blog\/wp-content\/uploads\/686814036ee45.png?fit=668%2C445&ssl=1&resize=350%2C200 1x, https:\/\/i0.wp.com\/larevistadigital.com.ar\/blog\/wp-content\/uploads\/686814036ee45.png?fit=668%2C445&ssl=1&resize=525%2C300 1.5x"},"classes":[]},{"id":39939,"url":"https:\/\/larevistadigital.com.ar\/blog\/chascomus-abre-la-inscripcion-para-los-docentes-para-las-escuelas-municipales\/","url_meta":{"origin":36468,"position":1},"title":"Chascom\u00fas: Abre la inscripci\u00f3n para los docentes para las escuelas municipales","author":"Alejandro Sosa Ruda","date":"30 mayo, 2025","format":false,"excerpt":"Abre la inscripci\u00f3n para los aspirantes docentes a desempe\u00f1arse en establecimientos educativos municipales. 30 de Mayo de 2025 CHASCOM\u00daS -\u00a0 El Tribunal de Clasificaci\u00f3n Docente Municipal informa que entre el 2 y el 30 de junio los docentes aspirantes a desempe\u00f1arse en establecimientos educativos municipales, podr\u00e1n completar la inscripci\u00f3n al\u2026","rel":"","context":"En \u00abCHASCOM\u00daS\u00bb","block_context":{"text":"CHASCOM\u00daS","link":"https:\/\/larevistadigital.com.ar\/blog\/category\/chascomus\/"},"img":{"alt_text":"","src":"https:\/\/i0.wp.com\/larevistadigital.com.ar\/blog\/wp-content\/uploads\/68389cd72b833.png?fit=668%2C445&ssl=1&resize=350%2C200","width":350,"height":200,"srcset":"https:\/\/i0.wp.com\/larevistadigital.com.ar\/blog\/wp-content\/uploads\/68389cd72b833.png?fit=668%2C445&ssl=1&resize=350%2C200 1x, https:\/\/i0.wp.com\/larevistadigital.com.ar\/blog\/wp-content\/uploads\/68389cd72b833.png?fit=668%2C445&ssl=1&resize=525%2C300 1.5x"},"classes":[]},{"id":5090,"url":"https:\/\/larevistadigital.com.ar\/blog\/inscripcion-los-listados-108-b-infine\/","url_meta":{"origin":36468,"position":2},"title":"Inscripci\u00f3n los Listados 108 A y B INFINE","author":"admin","date":"26 febrero, 2018","format":false,"excerpt":"Secretar\u00eda de Asuntos Docentes comunica que desde el\u00a0d\u00eda martes 27 de febrero\u00a0y hasta la finalizaci\u00f3n del ciclo lectivo 2018 estar\u00e1 abierta la inscripci\u00f3n a losListados 108 A y B INFINE\u00a0para todos los Niveles y Modalidades. Documentaci\u00f3n a presentar: LISTADO 108 A INFINE Planilla de Inscripci\u00f3n: original y una copia. Fotocopia\u2026","rel":"","context":"En \u00abCASTELLI\u00bb","block_context":{"text":"CASTELLI","link":"https:\/\/larevistadigital.com.ar\/blog\/category\/castelli\/"},"img":{"alt_text":"","src":"https:\/\/i0.wp.com\/larevistadigital.com.ar\/blog\/wp-content\/uploads\/2018\/03\/secretaria-asuntos-docentes1_02-24-2015.jpg?fit=800%2C335&ssl=1&resize=350%2C200","width":350,"height":200,"srcset":"https:\/\/i0.wp.com\/larevistadigital.com.ar\/blog\/wp-content\/uploads\/2018\/03\/secretaria-asuntos-docentes1_02-24-2015.jpg?fit=800%2C335&ssl=1&resize=350%2C200 1x, https:\/\/i0.wp.com\/larevistadigital.com.ar\/blog\/wp-content\/uploads\/2018\/03\/secretaria-asuntos-docentes1_02-24-2015.jpg?fit=800%2C335&ssl=1&resize=525%2C300 1.5x, https:\/\/i0.wp.com\/larevistadigital.com.ar\/blog\/wp-content\/uploads\/2018\/03\/secretaria-asuntos-docentes1_02-24-2015.jpg?fit=800%2C335&ssl=1&resize=700%2C400 2x"},"classes":[]},{"id":37691,"url":"https:\/\/larevistadigital.com.ar\/blog\/inscripcion-a-las-escuelas-municipales-para-el-ciclo-lectivo-2025\/","url_meta":{"origin":36468,"position":3},"title":"Inscripci\u00f3n a las escuelas municipales para el ciclo lectivo 2025","author":"Alejandro Sosa Ruda","date":"31 octubre, 2024","format":false,"excerpt":"La Municipalidad de Chascom\u00fas da a conocer las fechas que, de acuerdo al calendario de actividades docentes 2024, se han establecido para la inscripci\u00f3n a las instituciones educativas municipales. A continuaci\u00f3n, brindamos el cronograma dispuesto a tal efecto: JARD\u00cdN MATERNAL Y DE INFANTES CLARISA AM\u00c9ZAGA - Del 11 al 15\u2026","rel":"","context":"En \u00abINTERES GENERAL\u00bb","block_context":{"text":"INTERES GENERAL","link":"https:\/\/larevistadigital.com.ar\/blog\/category\/interes-general\/"},"img":{"alt_text":"","src":"https:\/\/i0.wp.com\/larevistadigital.com.ar\/blog\/wp-content\/uploads\/6723bf209a6cb.png?fit=668%2C445&ssl=1&resize=350%2C200","width":350,"height":200,"srcset":"https:\/\/i0.wp.com\/larevistadigital.com.ar\/blog\/wp-content\/uploads\/6723bf209a6cb.png?fit=668%2C445&ssl=1&resize=350%2C200 1x, https:\/\/i0.wp.com\/larevistadigital.com.ar\/blog\/wp-content\/uploads\/6723bf209a6cb.png?fit=668%2C445&ssl=1&resize=525%2C300 1.5x"},"classes":[]},{"id":12480,"url":"https:\/\/larevistadigital.com.ar\/blog\/cronograma-de-inscripcion-en-las-escuelas-municipales-para-el-proximo-ciclo-lectivo\/","url_meta":{"origin":36468,"position":4},"title":"CRONOGRAMA DE INSCRIPCI\u00d3N EN LAS ESCUELAS MUNICIPALES PARA EL PR\u00d3XIMO CICLO LECTIVO","author":"Alejandro Sosa Ruda","date":"6 octubre, 2019","format":false,"excerpt":"Desde la Direcci\u00f3n de Educaci\u00f3n se hace recordar el cronograma de las fechas para la inscripci\u00f3n en los distintos niveles educativos del Jard\u00edn Maternal y de Infantes, Escuelas Primarias N\u00ba 1, 2 Y 3; y Escuela Secundaria Municipal. Este lunes 7 de octubre, se realizar\u00e1n las inscripciones para el Ciclo\u2026","rel":"","context":"En \u00abINTERES GENERAL\u00bb","block_context":{"text":"INTERES GENERAL","link":"https:\/\/larevistadigital.com.ar\/blog\/category\/interes-general\/"},"img":{"alt_text":"","src":"https:\/\/i0.wp.com\/larevistadigital.com.ar\/blog\/wp-content\/uploads\/municipal1_28deagostode2019_elfuerte.jpg?fit=737%2C415&ssl=1&resize=350%2C200","width":350,"height":200,"srcset":"https:\/\/i0.wp.com\/larevistadigital.com.ar\/blog\/wp-content\/uploads\/municipal1_28deagostode2019_elfuerte.jpg?fit=737%2C415&ssl=1&resize=350%2C200 1x, https:\/\/i0.wp.com\/larevistadigital.com.ar\/blog\/wp-content\/uploads\/municipal1_28deagostode2019_elfuerte.jpg?fit=737%2C415&ssl=1&resize=525%2C300 1.5x, https:\/\/i0.wp.com\/larevistadigital.com.ar\/blog\/wp-content\/uploads\/municipal1_28deagostode2019_elfuerte.jpg?fit=737%2C415&ssl=1&resize=700%2C400 2x"},"classes":[]},{"id":42271,"url":"https:\/\/larevistadigital.com.ar\/blog\/escuelas-municipales-abre-la-inscripcion-al-ciclo-lectivo-2026\/","url_meta":{"origin":36468,"position":5},"title":"Escuelas municipales: abre la inscripci\u00f3n al ciclo lectivo 2026","author":"Alejandro Sosa Ruda","date":"29 octubre, 2025","format":false,"excerpt":"Ser\u00e1 a partir del 10 de noviembre de acuerdo al calendario de la DGCYE Abren las inscripciones para las instituciones educativas de gesti\u00f3n municipal. El calendario de acuerdo a las disposiciones de la Direcci\u00f3n General de Cultura y Educaci\u00f3n de la Provincia de Buenos Aires comprende a todos los niveles\u2026","rel":"","context":"En \u00abCHASCOM\u00daS\u00bb","block_context":{"text":"CHASCOM\u00daS","link":"https:\/\/larevistadigital.com.ar\/blog\/category\/chascomus\/"},"img":{"alt_text":"","src":"https:\/\/i0.wp.com\/larevistadigital.com.ar\/blog\/wp-content\/uploads\/69023e14174bd.png?fit=668%2C445&ssl=1&resize=350%2C200","width":350,"height":200,"srcset":"https:\/\/i0.wp.com\/larevistadigital.com.ar\/blog\/wp-content\/uploads\/69023e14174bd.png?fit=668%2C445&ssl=1&resize=350%2C200 1x, https:\/\/i0.wp.com\/larevistadigital.com.ar\/blog\/wp-content\/uploads\/69023e14174bd.png?fit=668%2C445&ssl=1&resize=525%2C300 1.5x"},"classes":[]}],"_links":{"self":[{"href":"https:\/\/larevistadigital.com.ar\/blog\/wp-json\/wp\/v2\/posts\/36468","targetHints":{"allow":["GET"]}}],"collection":[{"href":"https:\/\/larevistadigital.com.ar\/blog\/wp-json\/wp\/v2\/posts"}],"about":[{"href":"https:\/\/larevistadigital.com.ar\/blog\/wp-json\/wp\/v2\/types\/post"}],"author":[{"embeddable":true,"href":"https:\/\/larevistadigital.com.ar\/blog\/wp-json\/wp\/v2\/users\/3"}],"replies":[{"embeddable":true,"href":"https:\/\/larevistadigital.com.ar\/blog\/wp-json\/wp\/v2\/comments?post=36468"}],"version-history":[{"count":1,"href":"https:\/\/larevistadigital.com.ar\/blog\/wp-json\/wp\/v2\/posts\/36468\/revisions"}],"predecessor-version":[{"id":36470,"href":"https:\/\/larevistadigital.com.ar\/blog\/wp-json\/wp\/v2\/posts\/36468\/revisions\/36470"}],"wp:featuredmedia":[{"embeddable":true,"href":"https:\/\/larevistadigital.com.ar\/blog\/wp-json\/wp\/v2\/media\/36469"}],"wp:attachment":[{"href":"https:\/\/larevistadigital.com.ar\/blog\/wp-json\/wp\/v2\/media?parent=36468"}],"wp:term":[{"taxonomy":"category","embeddable":true,"href":"https:\/\/larevistadigital.com.ar\/blog\/wp-json\/wp\/v2\/categories?post=36468"},{"taxonomy":"post_tag","embeddable":true,"href":"https:\/\/larevistadigital.com.ar\/blog\/wp-json\/wp\/v2\/tags?post=36468"}],"curies":[{"name":"wp","href":"https:\/\/api.w.org\/{rel}","templated":true}]}}