{"id":36474,"date":"2024-06-28T00:55:32","date_gmt":"2024-06-28T03:55:32","guid":{"rendered":"https:\/\/larevistadigital.com.ar\/blog\/?p=36474"},"modified":"2024-06-28T00:55:32","modified_gmt":"2024-06-28T03:55:32","slug":"este-viernes-vence-la-cuota-anual-del-impuesto-automotor-2024","status":"publish","type":"post","link":"https:\/\/larevistadigital.com.ar\/blog\/este-viernes-vence-la-cuota-anual-del-impuesto-automotor-2024\/","title":{"rendered":"ESTE VIERNES VENCE LA CUOTA ANUAL DEL IMPUESTO AUTOMOTOR 2024"},"content":{"rendered":"<h2 class=\"notaIntro\">Con un beneficio excepcional: quienes paguen las dos primeras cuotas estar\u00e1n cancelando el total del a\u00f1o.<\/h2>\n<p>28 de Junio de 2024<\/p>\n<p class=\"notaTexto\"><strong>CHASCOM\u00daS &#8211;\u00a0<\/strong> De esta manera la Municipalidad ofrece la posibilidad de reducir el impuesto anual automotor 2024. Cabe recordar que el cobro del mismo est\u00e1 descentralizado en los municipios, para los veh\u00edculos a\u00f1o-modelo 1990 a 2013, inclusive, de acuerdo a la Ley Impositiva 2024.<\/p>\n<p class=\"notaTexto\">Quienes paguen las dos primeras cuotas estar\u00e1n cancelando el total del a\u00f1o (no se les liquidar\u00e1 la cuota 3). Esta opci\u00f3n de pago podr\u00e1 realizarse con la boleta respectiva hasta el 28 de junio. Luego de esa fecha, podr\u00e1 cancelarse desde la p\u00e1gina web, hasta el 30 de junio.<\/p>\n<blockquote>\n<h3 class=\"notaTexto\">La opci\u00f3n de pago tiene dos modalidades: abonar solamente la primera cuota del a\u00f1o o cancelar el saldo anual con la suma de dos cuotas.<\/h3>\n<\/blockquote>\n<p class=\"notaTexto\">Los contribuyentes pueden realizar la transacci\u00f3n directamente a trav\u00e9s de la p\u00e1gina web www.chascomus.gob.ar, #PAGOTASAS (\u201cPago de deuda y tasas por vencer\u201d), donde encontrar\u00e1n la opci\u00f3n de pago en l\u00ednea, o bien descargar el comprobante de pago para abonar en cualquier Agencia de Cobro.<\/p>\n","protected":false},"excerpt":{"rendered":"<div class=\"mh-excerpt\"><p>Con un beneficio excepcional: quienes paguen las dos primeras cuotas estar\u00e1n cancelando el total del a\u00f1o. 28 de Junio de 2024 CHASCOM\u00daS &#8211;\u00a0 De esta manera la Municipalidad ofrece la posibilidad de reducir el impuesto <a class=\"mh-excerpt-more\" href=\"https:\/\/larevistadigital.com.ar\/blog\/este-viernes-vence-la-cuota-anual-del-impuesto-automotor-2024\/\" title=\"ESTE VIERNES VENCE LA CUOTA ANUAL DEL IMPUESTO AUTOMOTOR 2024\">[Leer M\u00e1s]<\/a><\/p>\n<\/div>","protected":false},"author":3,"featured_media":36475,"comment_status":"open","ping_status":"open","sticky":false,"template":"","format":"standard","meta":{"_jetpack_memberships_contains_paid_content":false,"footnotes":"","jetpack_publicize_message":"","jetpack_publicize_feature_enabled":true,"jetpack_social_post_already_shared":true,"jetpack_social_options":{"image_generator_settings":{"template":"highway","default_image_id":0,"font":"","enabled":false},"version":2}},"categories":[50],"tags":[],"class_list":{"0":"post-36474","1":"post","2":"type-post","3":"status-publish","4":"format-standard","5":"has-post-thumbnail","7":"category-interes-general"},"jetpack_publicize_connections":[],"jetpack_featured_media_url":"https:\/\/i0.wp.com\/larevistadigital.com.ar\/blog\/wp-content\/uploads\/2024_06_28_02_15_16_2750698.jpg?fit=600%2C401&ssl=1","jetpack_sharing_enabled":true,"jetpack_shortlink":"https:\/\/wp.me\/p8qtrQ-9ui","jetpack-related-posts":[{"id":36034,"url":"https:\/\/larevistadigital.com.ar\/blog\/chascomus-la-municipalidad-bonifica-la-tercera-cuota-del-impuesto-automotor-2024\/","url_meta":{"origin":36474,"position":0},"title":"CHASCOM\u00daS:  LA MUNICIPALIDAD BONIFICA LA TERCERA CUOTA DEL IMPUESTO AUTOMOTOR 2024","author":"Alejandro Sosa Ruda","date":"13 mayo, 2024","format":false,"excerpt":"Los contribuyentes que abonen las dos primeras cuotas juntas, no pagar\u00e1n la tercera. 13 de Mayo de 2024 CHASCOM\u00daS -\u00a0 De esta manera la Municipalidad ofrece la posibilidad de reducir el impuesto anual a pagar respecto a este impuesto provincial cuya liquidaci\u00f3n y cobro est\u00e1 descentralizada en los municipios, para\u2026","rel":"","context":"En \u00abINTERES GENERAL\u00bb","block_context":{"text":"INTERES GENERAL","link":"https:\/\/larevistadigital.com.ar\/blog\/category\/interes-general\/"},"img":{"alt_text":"","src":"https:\/\/i0.wp.com\/larevistadigital.com.ar\/blog\/wp-content\/uploads\/2024_05_14_00_50_12_181442.jpg?fit=600%2C400&ssl=1&resize=350%2C200","width":350,"height":200,"srcset":"https:\/\/i0.wp.com\/larevistadigital.com.ar\/blog\/wp-content\/uploads\/2024_05_14_00_50_12_181442.jpg?fit=600%2C400&ssl=1&resize=350%2C200 1x, https:\/\/i0.wp.com\/larevistadigital.com.ar\/blog\/wp-content\/uploads\/2024_05_14_00_50_12_181442.jpg?fit=600%2C400&ssl=1&resize=525%2C300 1.5x"},"classes":[]},{"id":40765,"url":"https:\/\/larevistadigital.com.ar\/blog\/chascomus-vencimientos-de-tasas-municipales-correspondientes-a-agosto\/","url_meta":{"origin":36474,"position":1},"title":"Chascom\u00fas: Vencimientos de tasas municipales correspondientes a agosto","author":"Alejandro Sosa Ruda","date":"5 agosto, 2025","format":false,"excerpt":"Se pueden abonar en el Palacio Municipal, a trav\u00e9s de la web y en agencias habilitadas. 05 de Agosto de 2025 CHASCOM\u00daS -\u00a0 \u00a0La Municipalidad de Chascom\u00fas da a conocer las fechas correspondientes a los vencimientos de las tasas municipales durante el corriente mes: Cementerio (arrendamiento): domingo 10 Seguridad e\u2026","rel":"","context":"En \u00abCHASCOM\u00daS\u00bb","block_context":{"text":"CHASCOM\u00daS","link":"https:\/\/larevistadigital.com.ar\/blog\/category\/chascomus\/"},"img":{"alt_text":"","src":"https:\/\/i0.wp.com\/larevistadigital.com.ar\/blog\/wp-content\/uploads\/68923133d7099.png?fit=668%2C445&ssl=1&resize=350%2C200","width":350,"height":200,"srcset":"https:\/\/i0.wp.com\/larevistadigital.com.ar\/blog\/wp-content\/uploads\/68923133d7099.png?fit=668%2C445&ssl=1&resize=350%2C200 1x, https:\/\/i0.wp.com\/larevistadigital.com.ar\/blog\/wp-content\/uploads\/68923133d7099.png?fit=668%2C445&ssl=1&resize=525%2C300 1.5x"},"classes":[]},{"id":25565,"url":"https:\/\/larevistadigital.com.ar\/blog\/nuevo-plan-de-pagos-de-arba-para-regularizar-deudas-de-este-ano\/","url_meta":{"origin":36474,"position":2},"title":"NUEVO PLAN DE PAGOS DE ARBA, PARA REGULARIZAR DEUDAS DE ESTE A\u00d1O","author":"Alejandro Sosa Ruda","date":"2 junio, 2022","format":false,"excerpt":"La Agencia de Recaudaci\u00f3n de la provincia de Buenos Aires instrument\u00f3 un nuevo plan de pagos que permitir\u00e1 a pymes, comercios y dem\u00e1s contribuyentes regularizar deudas de impuestos bonaerenses vencidas a lo largo de este a\u00f1o en hasta 24 cuotas de financiaci\u00f3n. Esto le permitir\u00e1 a pymes, comercios y dem\u00e1s\u2026","rel":"","context":"En \u00abINTERES GENERAL\u00bb","block_context":{"text":"INTERES GENERAL","link":"https:\/\/larevistadigital.com.ar\/blog\/category\/interes-general\/"},"img":{"alt_text":"","src":"https:\/\/i0.wp.com\/larevistadigital.com.ar\/blog\/wp-content\/uploads\/20220602085319_arba-nuevo-plan.jpg?fit=880%2C512&ssl=1&resize=350%2C200","width":350,"height":200,"srcset":"https:\/\/i0.wp.com\/larevistadigital.com.ar\/blog\/wp-content\/uploads\/20220602085319_arba-nuevo-plan.jpg?fit=880%2C512&ssl=1&resize=350%2C200 1x, https:\/\/i0.wp.com\/larevistadigital.com.ar\/blog\/wp-content\/uploads\/20220602085319_arba-nuevo-plan.jpg?fit=880%2C512&ssl=1&resize=525%2C300 1.5x, https:\/\/i0.wp.com\/larevistadigital.com.ar\/blog\/wp-content\/uploads\/20220602085319_arba-nuevo-plan.jpg?fit=880%2C512&ssl=1&resize=700%2C400 2x"},"classes":[]},{"id":16243,"url":"https:\/\/larevistadigital.com.ar\/blog\/municipales-es-suficiente-los-gremios-acordaron-por-un-bono-de-4-000-en-dos-cuotas-pero-ni-hablar-de-aumento-hasta-el-ano-proximo\/","url_meta":{"origin":36474,"position":3},"title":"MUNICIPALES: \u00bfES SUFICIENTE? LOS GREMIOS ACORDARON POR UN BONO DE $4.000.- EN DOS CUOTAS (PERO NI HABLAR DE AUMENTO HASTA EL A\u00d1O PR\u00d3XIMO)","author":"Alejandro Sosa Ruda","date":"5 septiembre, 2020","format":false,"excerpt":"Luego de idas y vueltas, reclamos y reuniones que a nada han conducido, mientras los empleados municipales han pedido a sus representantes gremiales que se decrete un paro, que peleen por sus derechos y magros ingresos, se supo el d\u00eda de ayer, que los gremios acordaron con el departamento ejecutivo,\u2026","rel":"","context":"En \u00abDESTACADAS\u00bb","block_context":{"text":"DESTACADAS","link":"https:\/\/larevistadigital.com.ar\/blog\/category\/destacadas\/"},"img":{"alt_text":"","src":"https:\/\/i0.wp.com\/larevistadigital.com.ar\/blog\/wp-content\/uploads\/municipalidad-de-chascomus.jpg?fit=1200%2C800&ssl=1&resize=350%2C200","width":350,"height":200,"srcset":"https:\/\/i0.wp.com\/larevistadigital.com.ar\/blog\/wp-content\/uploads\/municipalidad-de-chascomus.jpg?fit=1200%2C800&ssl=1&resize=350%2C200 1x, https:\/\/i0.wp.com\/larevistadigital.com.ar\/blog\/wp-content\/uploads\/municipalidad-de-chascomus.jpg?fit=1200%2C800&ssl=1&resize=525%2C300 1.5x, https:\/\/i0.wp.com\/larevistadigital.com.ar\/blog\/wp-content\/uploads\/municipalidad-de-chascomus.jpg?fit=1200%2C800&ssl=1&resize=700%2C400 2x, https:\/\/i0.wp.com\/larevistadigital.com.ar\/blog\/wp-content\/uploads\/municipalidad-de-chascomus.jpg?fit=1200%2C800&ssl=1&resize=1050%2C600 3x"},"classes":[]},{"id":23660,"url":"https:\/\/larevistadigital.com.ar\/blog\/la-afip-extendio-los-beneficios-de-los-planes-de-pago\/","url_meta":{"origin":36474,"position":4},"title":"LA AFIP EXTENDI\u00d3 LOS BENEFICIOS DE LOS PLANES DE PAGO","author":"Alejandro Sosa Ruda","date":"29 enero, 2022","format":false,"excerpt":"Hasta el 31 de marzo se podr\u00e1n cancelar las obligaciones de Ganancias y Bienes Personales, en hasta tres cuotas y con un pago a cuenta del 25%. La Administraci\u00f3n Federal de Ingresos P\u00fablicos (AFIP) dispuso que hasta el 31 de marzo pr\u00f3ximo, los contribuyentes podr\u00e1n cancelar obligaciones de los impuestos\u2026","rel":"","context":"En \u00abINTERES GENERAL\u00bb","block_context":{"text":"INTERES GENERAL","link":"https:\/\/larevistadigital.com.ar\/blog\/category\/interes-general\/"},"img":{"alt_text":"","src":"https:\/\/i0.wp.com\/larevistadigital.com.ar\/blog\/wp-content\/uploads\/afipjpg.jpg?fit=1200%2C675&ssl=1&resize=350%2C200","width":350,"height":200,"srcset":"https:\/\/i0.wp.com\/larevistadigital.com.ar\/blog\/wp-content\/uploads\/afipjpg.jpg?fit=1200%2C675&ssl=1&resize=350%2C200 1x, https:\/\/i0.wp.com\/larevistadigital.com.ar\/blog\/wp-content\/uploads\/afipjpg.jpg?fit=1200%2C675&ssl=1&resize=525%2C300 1.5x, https:\/\/i0.wp.com\/larevistadigital.com.ar\/blog\/wp-content\/uploads\/afipjpg.jpg?fit=1200%2C675&ssl=1&resize=700%2C400 2x, https:\/\/i0.wp.com\/larevistadigital.com.ar\/blog\/wp-content\/uploads\/afipjpg.jpg?fit=1200%2C675&ssl=1&resize=1050%2C600 3x"},"classes":[]},{"id":39690,"url":"https:\/\/larevistadigital.com.ar\/blog\/vencimientos-de-tasas-municipales-correspondientes-a-mayo\/","url_meta":{"origin":36474,"position":5},"title":"Vencimientos de tasas municipales correspondientes a mayo","author":"Alejandro Sosa Ruda","date":"6 mayo, 2025","format":false,"excerpt":"Se pueden abonar en el Palacio Municipal, a trav\u00e9s de la web y en agencias habilitadas. 06 De Mayo de 2025 CHASCOM\u00daS -\u00a0 \u00a0La Municipalidad de Chascom\u00fas da a conocer las fechas correspondientes a los vencimientos de las tasas municipales durante mayo: Cuota 5 Seguridad e Higiene: lunes 12 Arrendamiento\u2026","rel":"","context":"En \u00abCHASCOM\u00daS\u00bb","block_context":{"text":"CHASCOM\u00daS","link":"https:\/\/larevistadigital.com.ar\/blog\/category\/chascomus\/"},"img":{"alt_text":"","src":"https:\/\/i0.wp.com\/larevistadigital.com.ar\/blog\/wp-content\/uploads\/681a447befaa8.png?fit=668%2C445&ssl=1&resize=350%2C200","width":350,"height":200,"srcset":"https:\/\/i0.wp.com\/larevistadigital.com.ar\/blog\/wp-content\/uploads\/681a447befaa8.png?fit=668%2C445&ssl=1&resize=350%2C200 1x, https:\/\/i0.wp.com\/larevistadigital.com.ar\/blog\/wp-content\/uploads\/681a447befaa8.png?fit=668%2C445&ssl=1&resize=525%2C300 1.5x"},"classes":[]}],"_links":{"self":[{"href":"https:\/\/larevistadigital.com.ar\/blog\/wp-json\/wp\/v2\/posts\/36474","targetHints":{"allow":["GET"]}}],"collection":[{"href":"https:\/\/larevistadigital.com.ar\/blog\/wp-json\/wp\/v2\/posts"}],"about":[{"href":"https:\/\/larevistadigital.com.ar\/blog\/wp-json\/wp\/v2\/types\/post"}],"author":[{"embeddable":true,"href":"https:\/\/larevistadigital.com.ar\/blog\/wp-json\/wp\/v2\/users\/3"}],"replies":[{"embeddable":true,"href":"https:\/\/larevistadigital.com.ar\/blog\/wp-json\/wp\/v2\/comments?post=36474"}],"version-history":[{"count":1,"href":"https:\/\/larevistadigital.com.ar\/blog\/wp-json\/wp\/v2\/posts\/36474\/revisions"}],"predecessor-version":[{"id":36476,"href":"https:\/\/larevistadigital.com.ar\/blog\/wp-json\/wp\/v2\/posts\/36474\/revisions\/36476"}],"wp:featuredmedia":[{"embeddable":true,"href":"https:\/\/larevistadigital.com.ar\/blog\/wp-json\/wp\/v2\/media\/36475"}],"wp:attachment":[{"href":"https:\/\/larevistadigital.com.ar\/blog\/wp-json\/wp\/v2\/media?parent=36474"}],"wp:term":[{"taxonomy":"category","embeddable":true,"href":"https:\/\/larevistadigital.com.ar\/blog\/wp-json\/wp\/v2\/categories?post=36474"},{"taxonomy":"post_tag","embeddable":true,"href":"https:\/\/larevistadigital.com.ar\/blog\/wp-json\/wp\/v2\/tags?post=36474"}],"curies":[{"name":"wp","href":"https:\/\/api.w.org\/{rel}","templated":true}]}}