{"id":36477,"date":"2024-06-28T00:58:08","date_gmt":"2024-06-28T03:58:08","guid":{"rendered":"https:\/\/larevistadigital.com.ar\/blog\/?p=36477"},"modified":"2024-06-28T00:58:08","modified_gmt":"2024-06-28T03:58:08","slug":"chascomus-concierto-de-musica-de-camara-se-anuncia-en-el-brazzola","status":"publish","type":"post","link":"https:\/\/larevistadigital.com.ar\/blog\/chascomus-concierto-de-musica-de-camara-se-anuncia-en-el-brazzola\/","title":{"rendered":"CHASCOM\u00daS: CONCIERTO DE M\u00daSICA DE C\u00c1MARA SE ANUNCIA EN EL BRAZZOLA"},"content":{"rendered":"<h2 class=\"notaIntro\">Integrantes del Programa de Formaci\u00f3n Profesional que se desarrolla en la Orquesta-Escuela de Chascom\u00fas actuar\u00e1n este s\u00e1bado 29 a las 18 horas con entrada libre y gratuita.<\/h2>\n<p>28 De Junio de 2024<\/p>\n<p class=\"notaTexto\"><strong>CHASCOM\u00daS &#8211;\u00a0<\/strong> Siguiendo con el Ciclo de Conciertos 2024 en el Teatro Municipal Brazzola, este s\u00e1bado se podr\u00e1 vivir un concierto anunciado por la Orquesta-Escuela de Chascom\u00fas.<\/p>\n<p class=\"notaTexto\">La modalidad elegida para esta velada es recorrer la evoluci\u00f3n cronol\u00f3gica experimentada a lo largo de la historia por la m\u00fasica de c\u00e1mara.<br \/>\nAs\u00ed es que disfrutaremos de una Camerata, el Ensamble de Percusi\u00f3n, un Cuarteto de Cuerdas y el Ensamble de Metales.<\/p>\n<p class=\"notaTexto\">Las mencionadas agrupaciones musicales estar\u00e1n a cargo de integrantes del Programa de Formaci\u00f3n Profesional que desarrolla la Orquesta-Escuela de Chascom\u00fas para estudiantes que desean una educaci\u00f3n integral y musical y para quienes visualizan la m\u00fasica como una posibilidad para su futura profesi\u00f3n.<\/p>\n<p class=\"notaTexto\">Desde el PFP se busca que sus integrantes se desarrollen integralmente, no solo desde el aspecto t\u00e9cnico, musical, te\u00f3rico e instrumental, fundamental para la formaci\u00f3n profesional de un m\u00fasico, sino tambi\u00e9n como personas \u00edntegras y con vocaci\u00f3n de servicio.<\/p>\n<p class=\"notaTexto\">El concierto ser\u00e1 este s\u00e1bado 29 de junio, a las 18 horas, con entrada libre y gratuita, en el Teatro Municipal Brazzola.<\/p>\n","protected":false},"excerpt":{"rendered":"<div class=\"mh-excerpt\"><p>Integrantes del Programa de Formaci\u00f3n Profesional que se desarrolla en la Orquesta-Escuela de Chascom\u00fas actuar\u00e1n este s\u00e1bado 29 a las 18 horas con entrada libre y gratuita. 28 De Junio de 2024 CHASCOM\u00daS &#8211;\u00a0 Siguiendo <a class=\"mh-excerpt-more\" href=\"https:\/\/larevistadigital.com.ar\/blog\/chascomus-concierto-de-musica-de-camara-se-anuncia-en-el-brazzola\/\" title=\"CHASCOM\u00daS: CONCIERTO DE M\u00daSICA DE C\u00c1MARA SE ANUNCIA EN EL BRAZZOLA\">[Leer M\u00e1s]<\/a><\/p>\n<\/div>","protected":false},"author":3,"featured_media":36478,"comment_status":"open","ping_status":"open","sticky":false,"template":"","format":"standard","meta":{"_jetpack_memberships_contains_paid_content":false,"footnotes":"","jetpack_publicize_message":"","jetpack_publicize_feature_enabled":true,"jetpack_social_post_already_shared":true,"jetpack_social_options":{"image_generator_settings":{"template":"highway","default_image_id":0,"font":"","enabled":false},"version":2}},"categories":[15,51],"tags":[],"class_list":{"0":"post-36477","1":"post","2":"type-post","3":"status-publish","4":"format-standard","5":"has-post-thumbnail","7":"category-cultura","8":"category-regionales"},"jetpack_publicize_connections":[],"jetpack_featured_media_url":"https:\/\/i0.wp.com\/larevistadigital.com.ar\/blog\/wp-content\/uploads\/2024_06_28_02_02_30_4447933.jpg?fit=600%2C401&ssl=1","jetpack_sharing_enabled":true,"jetpack_shortlink":"https:\/\/wp.me\/p8qtrQ-9ul","jetpack-related-posts":[{"id":33218,"url":"https:\/\/larevistadigital.com.ar\/blog\/nuevo-concierto-de-la-orquesta-escuela-de-chascomus\/","url_meta":{"origin":36477,"position":0},"title":"NUEVO CONCIERTO DE LA ORQUESTA-ESCUELA DE CHASCOM\u00daS","author":"Alejandro Sosa Ruda","date":"2 septiembre, 2023","format":false,"excerpt":"Por Sergio \"Tony\" Peralta \"Coros y Guitarras en Concierto\" se podr\u00e1 presenciar con entrada libre y gratuita este domingo 3 a las 18 con entrada libre y gratuita en Regatas. 2 de Septiembre Luego del Concierto de la Orquesta Filarm\u00f3nica en el Teatro Brazzola el pasado jueves y la actuaci\u00f3n\u2026","rel":"","context":"En \u00abCHASCOM\u00daS\u00bb","block_context":{"text":"CHASCOM\u00daS","link":"https:\/\/larevistadigital.com.ar\/blog\/category\/chascomus\/"},"img":{"alt_text":"","src":"https:\/\/i0.wp.com\/larevistadigital.com.ar\/blog\/wp-content\/uploads\/WhatsApp-Image-2023-09-02-at-09.51.19.jpeg?fit=1080%2C1080&ssl=1&resize=350%2C200","width":350,"height":200,"srcset":"https:\/\/i0.wp.com\/larevistadigital.com.ar\/blog\/wp-content\/uploads\/WhatsApp-Image-2023-09-02-at-09.51.19.jpeg?fit=1080%2C1080&ssl=1&resize=350%2C200 1x, https:\/\/i0.wp.com\/larevistadigital.com.ar\/blog\/wp-content\/uploads\/WhatsApp-Image-2023-09-02-at-09.51.19.jpeg?fit=1080%2C1080&ssl=1&resize=525%2C300 1.5x, https:\/\/i0.wp.com\/larevistadigital.com.ar\/blog\/wp-content\/uploads\/WhatsApp-Image-2023-09-02-at-09.51.19.jpeg?fit=1080%2C1080&ssl=1&resize=700%2C400 2x, https:\/\/i0.wp.com\/larevistadigital.com.ar\/blog\/wp-content\/uploads\/WhatsApp-Image-2023-09-02-at-09.51.19.jpeg?fit=1080%2C1080&ssl=1&resize=1050%2C600 3x"},"classes":[]},{"id":33127,"url":"https:\/\/larevistadigital.com.ar\/blog\/anuncian-importante-concierto-de-la-filarmonica-de-chascomus-para-este-jueves\/","url_meta":{"origin":36477,"position":1},"title":"ANUNCIAN IMPORTANTE CONCIERTO DE LA FILARM\u00d3NICA DE CHASCOM\u00daS PARA ESTE JUEVES","author":"Alejandro Sosa Ruda","date":"29 agosto, 2023","format":false,"excerpt":"(Por Sergio Tony Peralta) El Maestro Nicol\u00e1s Favero es el director Invitado y se destaca la actuaci\u00f3n como Solista de Viol\u00edn del joven chascomunense Vicente Rodr\u00edguez Alfons\u00edn. 29 de agosto de 2023 CHASCOM\u00daS -\u00a0 Desde la Orquesta-Escuela de Chascom\u00fas que este a\u00f1o cumple 25 a\u00f1os se anuncia para este jueves\u2026","rel":"","context":"En \u00abCHASCOM\u00daS\u00bb","block_context":{"text":"CHASCOM\u00daS","link":"https:\/\/larevistadigital.com.ar\/blog\/category\/chascomus\/"},"img":{"alt_text":"","src":"https:\/\/i0.wp.com\/larevistadigital.com.ar\/blog\/wp-content\/uploads\/WhatsApp-Image-2023-08-29-at-19.32.51-e1693349528817.jpeg?fit=960%2C1026&ssl=1&resize=350%2C200","width":350,"height":200,"srcset":"https:\/\/i0.wp.com\/larevistadigital.com.ar\/blog\/wp-content\/uploads\/WhatsApp-Image-2023-08-29-at-19.32.51-e1693349528817.jpeg?fit=960%2C1026&ssl=1&resize=350%2C200 1x, https:\/\/i0.wp.com\/larevistadigital.com.ar\/blog\/wp-content\/uploads\/WhatsApp-Image-2023-08-29-at-19.32.51-e1693349528817.jpeg?fit=960%2C1026&ssl=1&resize=525%2C300 1.5x, https:\/\/i0.wp.com\/larevistadigital.com.ar\/blog\/wp-content\/uploads\/WhatsApp-Image-2023-08-29-at-19.32.51-e1693349528817.jpeg?fit=960%2C1026&ssl=1&resize=700%2C400 2x"},"classes":[]},{"id":41932,"url":"https:\/\/larevistadigital.com.ar\/blog\/chascomus-imponente-marco-tuvo-el-conciertazo-de-la-orquesta-escuela\/","url_meta":{"origin":36477,"position":2},"title":"Chascom\u00fas: Imponente marco tuvo el Conciertazo de la Orquesta-Escuela","author":"Alejandro Sosa Ruda","date":"13 octubre, 2025","format":false,"excerpt":"El pasado 10 de octubre se festej\u00f3 en el Gimnasio ICM un nuevo aniversario del primer concierto brindado por la Orquesta-Escuela de Chascom\u00fas. 13 de Octubre de 2025 CHASCOM\u00daS -\u00a0 \u00a0Ante un numeroso p\u00fablico que pr\u00e1cticamente colm\u00f3 las instalaciones del gimnasio ICM, el pasado viernes, se festejaron los 27 a\u00f1os\u2026","rel":"","context":"En \u00abCHASCOM\u00daS\u00bb","block_context":{"text":"CHASCOM\u00daS","link":"https:\/\/larevistadigital.com.ar\/blog\/category\/chascomus\/"},"img":{"alt_text":"","src":"https:\/\/i0.wp.com\/larevistadigital.com.ar\/blog\/wp-content\/uploads\/68ed42c1a54fb.png?fit=668%2C445&ssl=1&resize=350%2C200","width":350,"height":200,"srcset":"https:\/\/i0.wp.com\/larevistadigital.com.ar\/blog\/wp-content\/uploads\/68ed42c1a54fb.png?fit=668%2C445&ssl=1&resize=350%2C200 1x, https:\/\/i0.wp.com\/larevistadigital.com.ar\/blog\/wp-content\/uploads\/68ed42c1a54fb.png?fit=668%2C445&ssl=1&resize=525%2C300 1.5x"},"classes":[]},{"id":37768,"url":"https:\/\/larevistadigital.com.ar\/blog\/la-filarmonica-de-chascomus-se-presenta-en-el-salon-de-la-rural-local\/","url_meta":{"origin":36477,"position":3},"title":"La Filarm\u00f3nica de Chascom\u00fas se presenta en el sal\u00f3n de la Rural local","author":"Alejandro Sosa Ruda","date":"7 noviembre, 2024","format":false,"excerpt":"La agrupaci\u00f3n de excelencia de la Orquesta-Escuela de Chascom\u00fas anuncia \"J\u00f3venes Solistas\" para este s\u00e1bado 9 de noviembre, con entrada libre y gratuita. 7 de Noviembre de 2024 CHASCOM\u00daS -\u00a0 Este s\u00e1bado 9 de noviembre, la Orquesta Filarm\u00f3nica de Chascom\u00fas, agrupaci\u00f3n de excelencia de la Orquesta-Escuela de Chascom\u00fas, presentar\u00e1 \"J\u00f3venes\u2026","rel":"","context":"En \u00abINTERES GENERAL\u00bb","block_context":{"text":"INTERES GENERAL","link":"https:\/\/larevistadigital.com.ar\/blog\/category\/interes-general\/"},"img":{"alt_text":"","src":"https:\/\/i0.wp.com\/larevistadigital.com.ar\/blog\/wp-content\/uploads\/672ba3d2bf299.png?fit=668%2C445&ssl=1&resize=350%2C200","width":350,"height":200,"srcset":"https:\/\/i0.wp.com\/larevistadigital.com.ar\/blog\/wp-content\/uploads\/672ba3d2bf299.png?fit=668%2C445&ssl=1&resize=350%2C200 1x, https:\/\/i0.wp.com\/larevistadigital.com.ar\/blog\/wp-content\/uploads\/672ba3d2bf299.png?fit=668%2C445&ssl=1&resize=525%2C300 1.5x"},"classes":[]},{"id":39918,"url":"https:\/\/larevistadigital.com.ar\/blog\/teatro-brazzola-gala-aniversario-de-chascomus\/","url_meta":{"origin":36477,"position":4},"title":"Teatro Brazzola: Gala aniversario de Chascom\u00fas","author":"Alejandro Sosa Ruda","date":"29 mayo, 2025","format":false,"excerpt":"La cita es en las v\u00edsperas del 30 de mayo, desde las 20 horas, en el Teatro Municipal Brazzola. 29 de Mayo de 2025 CHASCOM\u00daS -\u00a0 \u00a0En el marco de los actos celebratorios por el 246\u00b0 aniversario de la fundaci\u00f3n de Chascom\u00fas, este jueves 29 de mayo, la Orquesta Filarm\u00f3nica\u2026","rel":"","context":"En \u00abCHASCOM\u00daS\u00bb","block_context":{"text":"CHASCOM\u00daS","link":"https:\/\/larevistadigital.com.ar\/blog\/category\/chascomus\/"},"img":{"alt_text":"","src":"https:\/\/i0.wp.com\/larevistadigital.com.ar\/blog\/wp-content\/uploads\/6837486f2a7e0.png?fit=668%2C445&ssl=1&resize=350%2C200","width":350,"height":200,"srcset":"https:\/\/i0.wp.com\/larevistadigital.com.ar\/blog\/wp-content\/uploads\/6837486f2a7e0.png?fit=668%2C445&ssl=1&resize=350%2C200 1x, https:\/\/i0.wp.com\/larevistadigital.com.ar\/blog\/wp-content\/uploads\/6837486f2a7e0.png?fit=668%2C445&ssl=1&resize=525%2C300 1.5x"},"classes":[]},{"id":42146,"url":"https:\/\/larevistadigital.com.ar\/blog\/chascomus-veni-a-colaborar-con-milo-y-disfrutar-del-concierto-de-rocio-quiroz-en-el-brazzola\/","url_meta":{"origin":36477,"position":5},"title":"Chascom\u00fas: Ven\u00ed a colaborar con Milo y disfrutar del concierto de Roc\u00edo Quiroz en el Brazzola","author":"Alejandro Sosa Ruda","date":"21 octubre, 2025","format":false,"excerpt":"La reconocida cantante tropical estar\u00e1 acompa\u00f1ada por la Banda Municipal de M\u00fasica, la Orquesta Filarm\u00f3nica de Chascom\u00fas e integrantes del Conservatorio de M\u00fasica. 21 de Octubre de 2025 CHASCOM\u00daS -\u00a0 \u00a0Este jueves 23 de octubre, el Teatro Municipal Brazzola, ser\u00e1 una fiesta de la m\u00fasica y la solidaridad, cuando haga\u2026","rel":"","context":"En \u00abCHASCOM\u00daS\u00bb","block_context":{"text":"CHASCOM\u00daS","link":"https:\/\/larevistadigital.com.ar\/blog\/category\/chascomus\/"},"img":{"alt_text":"","src":"https:\/\/i0.wp.com\/larevistadigital.com.ar\/blog\/wp-content\/uploads\/68f7b735e42a6.png?fit=668%2C445&ssl=1&resize=350%2C200","width":350,"height":200,"srcset":"https:\/\/i0.wp.com\/larevistadigital.com.ar\/blog\/wp-content\/uploads\/68f7b735e42a6.png?fit=668%2C445&ssl=1&resize=350%2C200 1x, https:\/\/i0.wp.com\/larevistadigital.com.ar\/blog\/wp-content\/uploads\/68f7b735e42a6.png?fit=668%2C445&ssl=1&resize=525%2C300 1.5x"},"classes":[]}],"_links":{"self":[{"href":"https:\/\/larevistadigital.com.ar\/blog\/wp-json\/wp\/v2\/posts\/36477","targetHints":{"allow":["GET"]}}],"collection":[{"href":"https:\/\/larevistadigital.com.ar\/blog\/wp-json\/wp\/v2\/posts"}],"about":[{"href":"https:\/\/larevistadigital.com.ar\/blog\/wp-json\/wp\/v2\/types\/post"}],"author":[{"embeddable":true,"href":"https:\/\/larevistadigital.com.ar\/blog\/wp-json\/wp\/v2\/users\/3"}],"replies":[{"embeddable":true,"href":"https:\/\/larevistadigital.com.ar\/blog\/wp-json\/wp\/v2\/comments?post=36477"}],"version-history":[{"count":1,"href":"https:\/\/larevistadigital.com.ar\/blog\/wp-json\/wp\/v2\/posts\/36477\/revisions"}],"predecessor-version":[{"id":36479,"href":"https:\/\/larevistadigital.com.ar\/blog\/wp-json\/wp\/v2\/posts\/36477\/revisions\/36479"}],"wp:featuredmedia":[{"embeddable":true,"href":"https:\/\/larevistadigital.com.ar\/blog\/wp-json\/wp\/v2\/media\/36478"}],"wp:attachment":[{"href":"https:\/\/larevistadigital.com.ar\/blog\/wp-json\/wp\/v2\/media?parent=36477"}],"wp:term":[{"taxonomy":"category","embeddable":true,"href":"https:\/\/larevistadigital.com.ar\/blog\/wp-json\/wp\/v2\/categories?post=36477"},{"taxonomy":"post_tag","embeddable":true,"href":"https:\/\/larevistadigital.com.ar\/blog\/wp-json\/wp\/v2\/tags?post=36477"}],"curies":[{"name":"wp","href":"https:\/\/api.w.org\/{rel}","templated":true}]}}