{"id":36481,"date":"2024-06-28T01:00:52","date_gmt":"2024-06-28T04:00:52","guid":{"rendered":"https:\/\/larevistadigital.com.ar\/blog\/?p=36481"},"modified":"2024-06-28T01:00:52","modified_gmt":"2024-06-28T04:00:52","slug":"miel-de-chascomus-al-mundo","status":"publish","type":"post","link":"https:\/\/larevistadigital.com.ar\/blog\/miel-de-chascomus-al-mundo\/","title":{"rendered":"MIEL DE CHASCOM\u00daS AL MUNDO"},"content":{"rendered":"<h2 class=\"notaIntro\">La familia Sarena se prepara para una nueva presentaci\u00f3n en Caminos y Sabores.<\/h2>\n<p>28 de Junio de 2024<\/p>\n<p class=\"notaTexto\"><strong>CHASCOM\u00daS &#8211;\u00a0<\/strong> Siguiendo a su pap\u00e1 Fabi\u00e1n, Y\u00e9sica se acerc\u00f3 a la apicultura a muy temprana edad. Ella misma cuenta que a partir de los ocho comenz\u00f3 a colaborar con el armado de cuadros y cosas que pod\u00eda hacer una persona de su edad en el peque\u00f1o emprendimiento.<\/p>\n<p>M\u00e1s tarde, mientras cumpl\u00eda con otros trabajos (fue moza y ni\u00f1era), comenz\u00f3 a incursionar en la sala de extracci\u00f3n de la miel. Cuenta tambi\u00e9n que Fabi\u00e1n fue invitado en varias oportunidades a participar de la feria en la Vieja Estaci\u00f3n, pero que por su trabajo en el campo no contaba con el tiempo suficiente. Entonces, en 2018 ella misma tom\u00f3 la iniciativa de atender el puesto donde ofrec\u00edan sus productos: prop\u00f3leo, miel y jalea real; durante la semana de la miel.<\/p>\n<p>En esa oportunidad tuvo lugar su primer acercamiento al \u00e1rea de Producci\u00f3n del municipio. All\u00ed la invitaron a ser parte del Paseo de Emprendedores en el marco del programa \u201cChascom\u00fas Emprende\u201d. Para Y\u00e9sica \u00e9ste fue el comienzo, y enfatiza que gracias a esa primera oportunidad, el peque\u00f1o emprendimiento se transform\u00f3 en la empresa familiar que es hoy. Un largo camino determinado por el esfuerzo, mucho trabajo y apuesta constante por la calidad de los procesos y fundamentalmente de los productos. Fueron tres a\u00f1os, inclu\u00eddo el aislamiento sanitario obligatorio, que hoy recuerda con nostalgia.<\/p>\n<p>Cuando por razones de tiempo, gracias al crecimiento del negocio, tuvo que dejar el paseo de emprendedores, Y\u00e9sica particip\u00f3 del programa de entrenamiento que impulsa el \u00e1rea de Producci\u00f3n municipal. All\u00ed apadrin\u00f3 a otras mujeres a quienes ense\u00f1\u00f3 el proceso de fraccionado durante seis meses; otra experiencia que describe como hermosa.<\/p>\n<p>En breve se realizar\u00e1 una nueva edici\u00f3n de la feria Caminos y Sabores. Colmenares Royesol, tal como se llama la empresa, estar\u00e1 all\u00ed. Y\u00e9sica cuenta sobre la experiencia anterior, que el enorme esfuerzo econ\u00f3mico vali\u00f3 la pena, ya que la miel que producen en Chascom\u00fas fue premiada. Tanto el premio como la feria marcan un antes y un despu\u00e9s en la historia de la empresa.<\/p>\n<p>Hoy Colmenares Royesol cuenta con sello argentino, una marca pa\u00eds que distingue la calidad de los productos y Yesica se prepara para el evento que tendr\u00e1 lugar en La Rural de Ciudad de Buenos Aires entre el 6 y el 9 de julio. Hablando sobre sus comienzos en un trabajo que siempre fue reconocido como \u201cde hombres\u201d, Y\u00e9sica recuerda las dificultades que tuvo que sortear y lo que le cost\u00f3 que su trabajo sea reconocido por otros apicultores varones. Sin embargo, su perseverancia le permiti\u00f3 cumplir con su sue\u00f1o de estar en la reconocida feria, siempre agradeciendo el apoyo de su pap\u00e1.<\/p>\n<p>Por \u00faltimo, deja como mensaje para otras mujeres con ganas de emprender que vayan para adelante. Que se trata de dedicarle tiempo sin bajar los brazos, porque el no, siempre est\u00e1.<\/p>\n","protected":false},"excerpt":{"rendered":"<div class=\"mh-excerpt\"><p>La familia Sarena se prepara para una nueva presentaci\u00f3n en Caminos y Sabores. 28 de Junio de 2024 CHASCOM\u00daS &#8211;\u00a0 Siguiendo a su pap\u00e1 Fabi\u00e1n, Y\u00e9sica se acerc\u00f3 a la apicultura a muy temprana edad. <a class=\"mh-excerpt-more\" href=\"https:\/\/larevistadigital.com.ar\/blog\/miel-de-chascomus-al-mundo\/\" title=\"MIEL DE CHASCOM\u00daS AL MUNDO\">[Leer M\u00e1s]<\/a><\/p>\n<\/div>","protected":false},"author":3,"featured_media":36482,"comment_status":"open","ping_status":"open","sticky":false,"template":"","format":"standard","meta":{"_jetpack_memberships_contains_paid_content":false,"footnotes":"","jetpack_publicize_message":"","jetpack_publicize_feature_enabled":true,"jetpack_social_post_already_shared":true,"jetpack_social_options":{"image_generator_settings":{"template":"highway","default_image_id":0,"font":"","enabled":false},"version":2}},"categories":[51,29],"tags":[],"class_list":{"0":"post-36481","1":"post","2":"type-post","3":"status-publish","4":"format-standard","5":"has-post-thumbnail","7":"category-regionales","8":"category-sociedad"},"jetpack_publicize_connections":[],"jetpack_featured_media_url":"https:\/\/i0.wp.com\/larevistadigital.com.ar\/blog\/wp-content\/uploads\/2024_06_28_01_56_23_1599104.jpeg?fit=600%2C450&ssl=1","jetpack_sharing_enabled":true,"jetpack_shortlink":"https:\/\/wp.me\/p8qtrQ-9up","jetpack-related-posts":[{"id":38546,"url":"https:\/\/larevistadigital.com.ar\/blog\/yesica-sarena-de-colmenares-roye-sol-nos-cuenta-los-beneficios-y-secretos-de-la-miel\/","url_meta":{"origin":36481,"position":0},"title":"Y\u00e9sica Sarena, de Colmenares Roye Sol, nos cuenta los beneficios y secretos de la miel","author":"Alejandro Sosa Ruda","date":"26 enero, 2025","format":false,"excerpt":"La miel es un alimento que tiene propiedades antibacterianas, antiinflamatorias, antioxidantes, cicatrizantes y laxantes\u00a0 . Adem\u00e1s, contiene vitaminas, minerales, amino\u00e1cidos y hierro. Y\u00e9sica Sarena, habl\u00f3 al respecto.\u00a0 26 de Enero de 2025 CHASCOM\u00daS -\u00a0 Que la miel tiene propiedades y bondades, al igual que sus derivados, no es nada novedoso,\u2026","rel":"","context":"En \u00abCHASCOM\u00daS\u00bb","block_context":{"text":"CHASCOM\u00daS","link":"https:\/\/larevistadigital.com.ar\/blog\/category\/chascomus\/"},"img":{"alt_text":"","src":"https:\/\/i0.wp.com\/larevistadigital.com.ar\/blog\/wp-content\/uploads\/yesica-sarena.jpg?fit=949%2C522&ssl=1&resize=350%2C200","width":350,"height":200,"srcset":"https:\/\/i0.wp.com\/larevistadigital.com.ar\/blog\/wp-content\/uploads\/yesica-sarena.jpg?fit=949%2C522&ssl=1&resize=350%2C200 1x, https:\/\/i0.wp.com\/larevistadigital.com.ar\/blog\/wp-content\/uploads\/yesica-sarena.jpg?fit=949%2C522&ssl=1&resize=525%2C300 1.5x, https:\/\/i0.wp.com\/larevistadigital.com.ar\/blog\/wp-content\/uploads\/yesica-sarena.jpg?fit=949%2C522&ssl=1&resize=700%2C400 2x"},"classes":[]},{"id":36037,"url":"https:\/\/larevistadigital.com.ar\/blog\/manana-martes-habra-una-nueva-feria-de-mercados-bonaerenses\/","url_meta":{"origin":36481,"position":1},"title":"MA\u00d1ANA MARTES HABR\u00c1 UNA NUEVA FERIA DE \u201cMERCADOS BONAERENSES\u201d","author":"Alejandro Sosa Ruda","date":"13 mayo, 2024","format":false,"excerpt":"Una nueva oportunidad para adquirir productos frescos directamente del productor al consumidor, a precios accesibles. 13 de Mayo de 2024 CHASCOM\u00daS -\u00a0 Ma\u00f1ana martes 14 de mayo, se llevar\u00e1 a cabo la Feria Mercados Bonaerenses, en el horario de 9 a 13 horas, en la plazoleta Newton, sita en calle\u2026","rel":"","context":"En \u00abCHASCOM\u00daS\u00bb","block_context":{"text":"CHASCOM\u00daS","link":"https:\/\/larevistadigital.com.ar\/blog\/category\/chascomus\/"},"img":{"alt_text":"","src":"https:\/\/i0.wp.com\/larevistadigital.com.ar\/blog\/wp-content\/uploads\/2024_05_14_00_48_52_5646155.jpg?fit=600%2C400&ssl=1&resize=350%2C200","width":350,"height":200,"srcset":"https:\/\/i0.wp.com\/larevistadigital.com.ar\/blog\/wp-content\/uploads\/2024_05_14_00_48_52_5646155.jpg?fit=600%2C400&ssl=1&resize=350%2C200 1x, https:\/\/i0.wp.com\/larevistadigital.com.ar\/blog\/wp-content\/uploads\/2024_05_14_00_48_52_5646155.jpg?fit=600%2C400&ssl=1&resize=525%2C300 1.5x"},"classes":[]},{"id":41304,"url":"https:\/\/larevistadigital.com.ar\/blog\/chascomus-el-proximo-martes-9-de-septiembre-habra-feria-de-mercados-bonaerenses\/","url_meta":{"origin":36481,"position":2},"title":"Chascom\u00fas: El pr\u00f3ximo martes 9 de septiembre habr\u00e1 feria de Mercados Bonaerenses","author":"Alejandro Sosa Ruda","date":"5 septiembre, 2025","format":false,"excerpt":"Ser\u00e1 en la plazoleta Newton, ubicada en Belgrano y Mazzini, de 10 a 13 horas, con importantes descuentos para los usuarios de Cuenta DNI. 05 de septiembre de 2025 CHASCOM\u00daS -\u00a0 \u00a0La plazoleta Newton, ubicada en Belgrano y Mazzini, ser\u00e1 el escenario de una nueva edici\u00f3n de la feria Mercados\u2026","rel":"","context":"En \u00abCHASCOM\u00daS\u00bb","block_context":{"text":"CHASCOM\u00daS","link":"https:\/\/larevistadigital.com.ar\/blog\/category\/chascomus\/"},"img":{"alt_text":"","src":"https:\/\/i0.wp.com\/larevistadigital.com.ar\/blog\/wp-content\/uploads\/68bb138b2429b.png?fit=668%2C445&ssl=1&resize=350%2C200","width":350,"height":200,"srcset":"https:\/\/i0.wp.com\/larevistadigital.com.ar\/blog\/wp-content\/uploads\/68bb138b2429b.png?fit=668%2C445&ssl=1&resize=350%2C200 1x, https:\/\/i0.wp.com\/larevistadigital.com.ar\/blog\/wp-content\/uploads\/68bb138b2429b.png?fit=668%2C445&ssl=1&resize=525%2C300 1.5x"},"classes":[]},{"id":28760,"url":"https:\/\/larevistadigital.com.ar\/blog\/chascomus-roban-casa-de-un-capitan-de-policia-y-luego-descubren-al-autor-que-fue-aprehendido\/","url_meta":{"origin":36481,"position":3},"title":"CHASCOM\u00daS: ROBAN CASA DE UN CAPIT\u00c1N DE POLICIA, Y LUEGO DESCUBREN AL AUTOR QUE FUE APREHENDIDO.","author":"Alejandro Sosa Ruda","date":"3 noviembre, 2022","format":false,"excerpt":"El ladr\u00f3n fue identificado y se recuperaron las cosas robadas. Tiene 17 a\u00f1os y fue aprehendido. 02 de noviembre de 2022 CHASCOM\u00daS -\u00a0 Durante el d\u00eda de hoy, se recibi\u00f3 una denuncia de un hombre que narr\u00f3 que hab\u00edan ingresado a casa de su padre y le hab\u00edan sustra\u00eddo objetos,\u2026","rel":"","context":"En \u00abDESTACADAS\u00bb","block_context":{"text":"DESTACADAS","link":"https:\/\/larevistadigital.com.ar\/blog\/category\/destacadas\/"},"img":{"alt_text":"","src":"https:\/\/i0.wp.com\/larevistadigital.com.ar\/blog\/wp-content\/uploads\/1620734310362.jpg?fit=1200%2C798&ssl=1&resize=350%2C200","width":350,"height":200,"srcset":"https:\/\/i0.wp.com\/larevistadigital.com.ar\/blog\/wp-content\/uploads\/1620734310362.jpg?fit=1200%2C798&ssl=1&resize=350%2C200 1x, https:\/\/i0.wp.com\/larevistadigital.com.ar\/blog\/wp-content\/uploads\/1620734310362.jpg?fit=1200%2C798&ssl=1&resize=525%2C300 1.5x, https:\/\/i0.wp.com\/larevistadigital.com.ar\/blog\/wp-content\/uploads\/1620734310362.jpg?fit=1200%2C798&ssl=1&resize=700%2C400 2x, https:\/\/i0.wp.com\/larevistadigital.com.ar\/blog\/wp-content\/uploads\/1620734310362.jpg?fit=1200%2C798&ssl=1&resize=1050%2C600 3x"},"classes":[]},{"id":27312,"url":"https:\/\/larevistadigital.com.ar\/blog\/chascomus-abrio-la-puerta-para-bajar-de-su-auto-y-una-senora-que-venia-en-su-bicicleta-la-embistio\/","url_meta":{"origin":36481,"position":4},"title":"CHASCOM\u00daS: ABRI\u00d3 LA PUERTA PARA BAJAR DE SU AUTO Y UNA SE\u00d1ORA QUE VEN\u00cdA EN SU BICICLETA LA EMBISTI\u00d3","author":"Alejandro Sosa Ruda","date":"25 agosto, 2022","format":false,"excerpt":"Ambos son mayores de edad, y la mujer sufri\u00f3 lesiones. 25 de agosto de 2022 CHASCOM\u00daS -\u00a0 Inform\u00f3 la Polic\u00eda Comunal que durante la jornada de hoy sucedi\u00f3 un accidente que por sus caracter\u00edsticas podr\u00eda ser m\u00e1s frecuente, pero a Dios gracias no ocurre con tanta asiduidad. Un hombre, de\u2026","rel":"","context":"En \u00abCHASCOM\u00daS\u00bb","block_context":{"text":"CHASCOM\u00daS","link":"https:\/\/larevistadigital.com.ar\/blog\/category\/chascomus\/"},"img":{"alt_text":"","src":"https:\/\/i0.wp.com\/larevistadigital.com.ar\/blog\/wp-content\/uploads\/2019\/01\/bbx_755050019_comisaria_chasco_01.jpg?fit=800%2C579&ssl=1&resize=350%2C200","width":350,"height":200,"srcset":"https:\/\/i0.wp.com\/larevistadigital.com.ar\/blog\/wp-content\/uploads\/2019\/01\/bbx_755050019_comisaria_chasco_01.jpg?fit=800%2C579&ssl=1&resize=350%2C200 1x, https:\/\/i0.wp.com\/larevistadigital.com.ar\/blog\/wp-content\/uploads\/2019\/01\/bbx_755050019_comisaria_chasco_01.jpg?fit=800%2C579&ssl=1&resize=525%2C300 1.5x, https:\/\/i0.wp.com\/larevistadigital.com.ar\/blog\/wp-content\/uploads\/2019\/01\/bbx_755050019_comisaria_chasco_01.jpg?fit=800%2C579&ssl=1&resize=700%2C400 2x"},"classes":[]},{"id":27451,"url":"https:\/\/larevistadigital.com.ar\/blog\/chascomus-fallecio-una-joven-que-ayer-sufrio-un-accidente\/","url_meta":{"origin":36481,"position":5},"title":"CHASCOM\u00daS: FALLECI\u00d3 UNA JOVEN QUE AYER SUFRI\u00d3 UN ACCIDENTE","author":"Alejandro Sosa Ruda","date":"1 septiembre, 2022","format":false,"excerpt":"Durante la tarde de ayer se accident\u00f3 colisionando en su moto con un autom\u00f3vil en Alfons\u00edn y M\u00e1rquez. Estaba grave y lamentablemente falleci\u00f3. 01 de septiembre de 2022 CHASCOM\u00daS -\u00a0 Lamentablemente, informamos que falleci\u00f3 una joven de 23 a\u00f1os de edad, a ra\u00edz de las consecuencias de un choque que\u2026","rel":"","context":"En \u00abDESTACADAS\u00bb","block_context":{"text":"DESTACADAS","link":"https:\/\/larevistadigital.com.ar\/blog\/category\/destacadas\/"},"img":{"alt_text":"","src":"https:\/\/i0.wp.com\/larevistadigital.com.ar\/blog\/wp-content\/uploads\/302750129_375759488094183_1039692111407876884_n.jpg?fit=843%2C1124&ssl=1&resize=350%2C200","width":350,"height":200,"srcset":"https:\/\/i0.wp.com\/larevistadigital.com.ar\/blog\/wp-content\/uploads\/302750129_375759488094183_1039692111407876884_n.jpg?fit=843%2C1124&ssl=1&resize=350%2C200 1x, https:\/\/i0.wp.com\/larevistadigital.com.ar\/blog\/wp-content\/uploads\/302750129_375759488094183_1039692111407876884_n.jpg?fit=843%2C1124&ssl=1&resize=525%2C300 1.5x, https:\/\/i0.wp.com\/larevistadigital.com.ar\/blog\/wp-content\/uploads\/302750129_375759488094183_1039692111407876884_n.jpg?fit=843%2C1124&ssl=1&resize=700%2C400 2x"},"classes":[]}],"_links":{"self":[{"href":"https:\/\/larevistadigital.com.ar\/blog\/wp-json\/wp\/v2\/posts\/36481","targetHints":{"allow":["GET"]}}],"collection":[{"href":"https:\/\/larevistadigital.com.ar\/blog\/wp-json\/wp\/v2\/posts"}],"about":[{"href":"https:\/\/larevistadigital.com.ar\/blog\/wp-json\/wp\/v2\/types\/post"}],"author":[{"embeddable":true,"href":"https:\/\/larevistadigital.com.ar\/blog\/wp-json\/wp\/v2\/users\/3"}],"replies":[{"embeddable":true,"href":"https:\/\/larevistadigital.com.ar\/blog\/wp-json\/wp\/v2\/comments?post=36481"}],"version-history":[{"count":1,"href":"https:\/\/larevistadigital.com.ar\/blog\/wp-json\/wp\/v2\/posts\/36481\/revisions"}],"predecessor-version":[{"id":36483,"href":"https:\/\/larevistadigital.com.ar\/blog\/wp-json\/wp\/v2\/posts\/36481\/revisions\/36483"}],"wp:featuredmedia":[{"embeddable":true,"href":"https:\/\/larevistadigital.com.ar\/blog\/wp-json\/wp\/v2\/media\/36482"}],"wp:attachment":[{"href":"https:\/\/larevistadigital.com.ar\/blog\/wp-json\/wp\/v2\/media?parent=36481"}],"wp:term":[{"taxonomy":"category","embeddable":true,"href":"https:\/\/larevistadigital.com.ar\/blog\/wp-json\/wp\/v2\/categories?post=36481"},{"taxonomy":"post_tag","embeddable":true,"href":"https:\/\/larevistadigital.com.ar\/blog\/wp-json\/wp\/v2\/tags?post=36481"}],"curies":[{"name":"wp","href":"https:\/\/api.w.org\/{rel}","templated":true}]}}