{"id":36484,"date":"2024-06-28T01:11:47","date_gmt":"2024-06-28T04:11:47","guid":{"rendered":"https:\/\/larevistadigital.com.ar\/blog\/?p=36484"},"modified":"2024-06-28T01:11:47","modified_gmt":"2024-06-28T04:11:47","slug":"el-gobernador-kicillof-inauguro-un-mercado-bonaerense-fijo-en-ituzaingo","status":"publish","type":"post","link":"https:\/\/larevistadigital.com.ar\/blog\/el-gobernador-kicillof-inauguro-un-mercado-bonaerense-fijo-en-ituzaingo\/","title":{"rendered":"EL GOBERNADOR KICILLOF INAUGUR\u00d3 UN MERCADO BONAERENSE  FIJO EN ITUZAING\u00d3"},"content":{"rendered":"<h2>Adem\u00e1s, el Gobernador encabez\u00f3 el acto de promesa a la bandera de 1.628 alumnos y alumnas del distrito.<\/h2>\n<p>28 de Junio de 2024<\/p>\n<p><strong>BUENOS AIRES &#8211;\u00a0 <\/strong>El gobernador de la provincia de Buenos Aires, Axel Kicillof, inaugur\u00f3 este jueves en Ituzaing\u00f3 un Mercado Bonaerense Fijo que promover\u00e1 precios justos en bienes esenciales a trav\u00e9s del v\u00ednculo directo entre productores locales y consumidores. Fue junto al ministro de Desarrollo Agrario, Javier Rodr\u00edguez; y al intendente local, Pablo Descalzo.<\/p>\n<p>En ese marco, <strong>Kicillof<\/strong> destac\u00f3: <strong><em>\u201cEste mercado fijo permite acortar la cadena de comercializaci\u00f3n y abrirles nuevas oportunidades a peque\u00f1os productores: el resultado es que los y las bonaerenses podr\u00e1n acceder a bienes de primera calidad a un mejor precio\u201c. \u201cHoy estamos dando un ejemplo muy claro de por qu\u00e9 la Argentina no puede caer nuevamente en falsas antinomias: no tenemos que elegir entre uno o el otro, sino lograr que haya un Estado presente que acompa\u00f1e al sector privado y mejore la calidad de vida de la gente\u201d<\/em><\/strong>, a\u00f1adi\u00f3.<\/p>\n<blockquote>\n<h3>Tras una inversi\u00f3n de $260 millones, el mercado cuenta con ocho locales y una feria de micro emprendedores artesanos distribuidos en un galp\u00f3n y un anexo que abarcan 355 metros cuadrados. Los puestos comercializar\u00e1n frutas, verduras, carnes, pescados, l\u00e1cteos, alimentos secos y art\u00edculos de limpieza, y contar\u00e1n con descuentos exclusivos del 40% a trav\u00e9s de Cuenta DNI.<\/h3>\n<\/blockquote>\n<p><em><strong>\u201cEn este momento tan complicado por la ca\u00edda del ingreso y la p\u00e9rdida del empleo, nuestra banca p\u00fablica est\u00e1 volcando todas sus herramientas a mejorar el bolsillo y sostener la actividad\u201d<\/strong><\/em>, expres\u00f3 el Gobernador y a\u00f1adi\u00f3: <em><strong>\u201cA quienes critican las pol\u00edticas de descuentos de Cuenta DNI, les decimos que lo \u00fanico que estamos haciendo es que la rentabilidad del Banco de la Provincia de Buenos Aires vaya a sus \u00fanicos due\u00f1os, que son los y las bonaerenses\u201d<\/strong><\/em>.<\/p>\n<blockquote>\n<h3>Se trata del sexto mercado fijo que inaugura la Provincia: anteriormente se hab\u00edan puesto en marcha en Lomas de Zamora, Ensenada, Mor\u00f3n, Marcos Paz y Hurlingham. Asimismo, hay otros cinco que est\u00e1n en ejecuci\u00f3n en los partidos de Baradero, Berazategui, Escobar, Florencio Varela y Tapalqu\u00e9.<\/h3>\n<\/blockquote>\n<p>Por su parte,<strong> Rodr\u00edguez<\/strong> sostuvo:<strong><em> \u201cFrente a un escenario de ca\u00edda del consumo de carnes y l\u00e1cteos, estamos cumpliendo con la instrucci\u00f3n del Gobernador para acompa\u00f1ar a los ciudadanos y mitigar los efectos negativos de las pol\u00edticas nacionales\u201d. \u201cEste programa tiene una l\u00f3gica muy sencilla: permite que quienes producen puedan vender de manera directa, logrand<\/em><\/strong>o precios un 21% m\u00e1s bajos que en las grandes cadenas de comercializaci\u00f3n\u201d, detall\u00f3.<\/p>\n<blockquote>\n<h3><em>\u201cEste tipo de obras posibilita que los productores locales comercialicen sus bienes de primera calidad y que los vecinos y vecinas de Ituzaing\u00f3 los adquieran a precios justos\u201d<\/em>, sostuvo Descalzo y a\u00f1adi\u00f3:<em> \u201cEsto solo es posible gracias al compromiso de una Provincia que da respuestas y genera esperanzas a\u00fan en un contexto tan negativo\u201d<\/em>.<\/h3>\n<\/blockquote>\n<p>Por \u00faltimo, <strong>Kicillof<\/strong> resalt\u00f3 que <strong><em>\u201ceste programa empez\u00f3 hace m\u00e1s de cuatro a\u00f1os, pero hoy se vuelve mucho m\u00e1s necesario como consecuencia de las pol\u00edticas de ajuste del Gobierno nacional\u201d. \u201cNosotros vamos a seguir defendiendo lo nuestro porque no somos la provincia de la timba, la importaci\u00f3n indiscriminada y la falta de inter\u00e9s nacional, sino, al contrario, somos la provincia de la producci\u00f3n, el trabajo y la industria argentina\u201d<\/em><\/strong>, concluy\u00f3.<\/p>\n<p><strong>Acto de promesa a la bandera<\/strong><\/p>\n<p>Durante la jornada, el Gobernador encabez\u00f3 junto al director general de Cultura y Educaci\u00f3n, Alberto Sileoni, el acto de promesa a la bandera de 1.628 alumnos de 4\u00b0 a\u00f1o de 31 escuelas p\u00fablicas, privadas y de educaci\u00f3n especial del distrito.<\/p>\n<p>Al respecto, Sileoni sostuvo: \u201cLa promesa a la bandera es un momento extraordinario para todos y todas las estudiantes, ya que es reconocer la obligaci\u00f3n a futuro de amar y defender la patria para siempre\u201d. \u201cBelgrano dec\u00eda que fundar escuelas era sembrar almas: siguiendo esa l\u00ednea es que nuestro Gobernador lleva ya inaugurados 223 edificios educativos en todo el territorio bonaerense\u201d, expres\u00f3.<\/p>\n<p>Estuvieron presentes funcionarios provinciales y municipales; concejales y concejalas; miembros del Consejo Escolar; inspectores regionales y distritales; excombatientes de Malvinas, bomberos locales y representantes de distintas instituciones educativas del distrito.<\/p>\n","protected":false},"excerpt":{"rendered":"<div class=\"mh-excerpt\"><p>Adem\u00e1s, el Gobernador encabez\u00f3 el acto de promesa a la bandera de 1.628 alumnos y alumnas del distrito. 28 de Junio de 2024 BUENOS AIRES &#8211;\u00a0 El gobernador de la provincia de Buenos Aires, Axel <a class=\"mh-excerpt-more\" href=\"https:\/\/larevistadigital.com.ar\/blog\/el-gobernador-kicillof-inauguro-un-mercado-bonaerense-fijo-en-ituzaingo\/\" title=\"EL GOBERNADOR KICILLOF INAUGUR\u00d3 UN MERCADO BONAERENSE  FIJO EN ITUZAING\u00d3\">[Leer M\u00e1s]<\/a><\/p>\n<\/div>","protected":false},"author":3,"featured_media":36485,"comment_status":"open","ping_status":"open","sticky":false,"template":"","format":"standard","meta":{"_jetpack_memberships_contains_paid_content":false,"footnotes":"","jetpack_publicize_message":"","jetpack_publicize_feature_enabled":true,"jetpack_social_post_already_shared":true,"jetpack_social_options":{"image_generator_settings":{"template":"highway","default_image_id":0,"font":"","enabled":false},"version":2}},"categories":[50],"tags":[],"class_list":{"0":"post-36484","1":"post","2":"type-post","3":"status-publish","4":"format-standard","5":"has-post-thumbnail","7":"category-interes-general"},"jetpack_publicize_connections":[],"jetpack_featured_media_url":"https:\/\/i0.wp.com\/larevistadigital.com.ar\/blog\/wp-content\/uploads\/EDItuzaingo.jpg?fit=743%2C530&ssl=1","jetpack_sharing_enabled":true,"jetpack_shortlink":"https:\/\/wp.me\/p8qtrQ-9us","jetpack-related-posts":[{"id":40777,"url":"https:\/\/larevistadigital.com.ar\/blog\/kicillof-y-katopodis-inauguraron-un-nuevo-mercado-bonaerense-fijo\/","url_meta":{"origin":36484,"position":0},"title":"Kicillof y Katopodis inauguraron un nuevo Mercado Bonaerense Fijo","author":"Alejandro Sosa Ruda","date":"5 agosto, 2025","format":false,"excerpt":"Adem\u00e1s, junto al intendente Sujarchuk, el Gobernador puso en funcionamiento nuevos m\u00f3viles policiales y recorri\u00f3 el centro m\u00e9dico de alta complejidad \u201cManuel Belgrano\u201d para afiliados de IOMA. 05 de Agosto de 2025 BUENOS AIRES -\u00a0 El gobernador de la provincia de Buenos Aires, Axel Kicillof, encabez\u00f3 este martes la inauguraci\u00f3n\u2026","rel":"","context":"En \u00abINTERES GENERAL\u00bb","block_context":{"text":"INTERES GENERAL","link":"https:\/\/larevistadigital.com.ar\/blog\/category\/interes-general\/"},"img":{"alt_text":"","src":"https:\/\/i0.wp.com\/larevistadigital.com.ar\/blog\/wp-content\/uploads\/DON_4524-1.jpg?fit=743%2C530&ssl=1&resize=350%2C200","width":350,"height":200,"srcset":"https:\/\/i0.wp.com\/larevistadigital.com.ar\/blog\/wp-content\/uploads\/DON_4524-1.jpg?fit=743%2C530&ssl=1&resize=350%2C200 1x, https:\/\/i0.wp.com\/larevistadigital.com.ar\/blog\/wp-content\/uploads\/DON_4524-1.jpg?fit=743%2C530&ssl=1&resize=525%2C300 1.5x, https:\/\/i0.wp.com\/larevistadigital.com.ar\/blog\/wp-content\/uploads\/DON_4524-1.jpg?fit=743%2C530&ssl=1&resize=700%2C400 2x"},"classes":[]},{"id":40886,"url":"https:\/\/larevistadigital.com.ar\/blog\/kicillof-entrego-patrulleros-y-equipamiento-en-ituzaingo-y-habilito-nuevas-obras-escolares\/","url_meta":{"origin":36484,"position":1},"title":"Kicillof entreg\u00f3 patrulleros y equipamiento en Ituzaing\u00f3 y habilit\u00f3 nuevas obras escolares","author":"Alejandro Sosa Ruda","date":"13 agosto, 2025","format":false,"excerpt":"El gobernador bonaerense, Axel Kicillof, encabez\u00f3 este martes en Ituzaing\u00f3 la entrega de patrulleros y equipamiento destinado a reforzar la seguridad del distrito. Lo acompa\u00f1aron el ministro de Seguridad, Javier Alonso; el titular de Infraestructura y Servicios P\u00fablicos, Gabriel Katopodis; y el intendente Pablo Descalzo. Adem\u00e1s, inaugur\u00f3 ampliaciones en la\u2026","rel":"","context":"En \u00abPOLITICA PROVINCIAL\u00bb","block_context":{"text":"POLITICA PROVINCIAL","link":"https:\/\/larevistadigital.com.ar\/blog\/category\/politica\/politica-provincial\/"},"img":{"alt_text":"","src":"https:\/\/i0.wp.com\/larevistadigital.com.ar\/blog\/wp-content\/uploads\/20250812185959_kicillof-alonso-katopodis-descalzo-ituzaingo.jpg?fit=880%2C512&ssl=1&resize=350%2C200","width":350,"height":200,"srcset":"https:\/\/i0.wp.com\/larevistadigital.com.ar\/blog\/wp-content\/uploads\/20250812185959_kicillof-alonso-katopodis-descalzo-ituzaingo.jpg?fit=880%2C512&ssl=1&resize=350%2C200 1x, https:\/\/i0.wp.com\/larevistadigital.com.ar\/blog\/wp-content\/uploads\/20250812185959_kicillof-alonso-katopodis-descalzo-ituzaingo.jpg?fit=880%2C512&ssl=1&resize=525%2C300 1.5x, https:\/\/i0.wp.com\/larevistadigital.com.ar\/blog\/wp-content\/uploads\/20250812185959_kicillof-alonso-katopodis-descalzo-ituzaingo.jpg?fit=880%2C512&ssl=1&resize=700%2C400 2x"},"classes":[]},{"id":41636,"url":"https:\/\/larevistadigital.com.ar\/blog\/kicillof-cruzo-a-caputo-es-un-caradura-y-mentiroso-no-hay-ningun-impuesto-nuevo-en-la-provincia\/","url_meta":{"origin":36484,"position":2},"title":"Kicillof cruz\u00f3 a Caputo: \u201cEs un caradura y mentiroso, no hay ning\u00fan impuesto nuevo en la provincia\u00bb","author":"Alejandro Sosa Ruda","date":"24 septiembre, 2025","format":false,"excerpt":"El gobernador bonaerense sostuvo que es otra \u201crepugnante mentira\u201d del Gobierno Nacional que busca \u201cgenerar confusi\u00f3n y rascar votos\u201d en las pr\u00f3ximas elecciones. 24 de septiembre de 2025 BUENOS AIRES -\u00a0 \u00a0El gobernador de la provincia de Buenos Aires, Axel Kicillof, cruz\u00f3 al ministro de Econom\u00eda de la Naci\u00f3n, Luis\u2026","rel":"","context":"En \u00abINTERES GENERAL\u00bb","block_context":{"text":"INTERES GENERAL","link":"https:\/\/larevistadigital.com.ar\/blog\/category\/interes-general\/"},"img":{"alt_text":"","src":"https:\/\/i0.wp.com\/larevistadigital.com.ar\/blog\/wp-content\/uploads\/Captura-de-pantalla-2025-09-24-185654.jpg?fit=624%2C353&ssl=1&resize=350%2C200","width":350,"height":200,"srcset":"https:\/\/i0.wp.com\/larevistadigital.com.ar\/blog\/wp-content\/uploads\/Captura-de-pantalla-2025-09-24-185654.jpg?fit=624%2C353&ssl=1&resize=350%2C200 1x, https:\/\/i0.wp.com\/larevistadigital.com.ar\/blog\/wp-content\/uploads\/Captura-de-pantalla-2025-09-24-185654.jpg?fit=624%2C353&ssl=1&resize=525%2C300 1.5x"},"classes":[]},{"id":37149,"url":"https:\/\/larevistadigital.com.ar\/blog\/kicillof-entrego-viviendas-y-suscribio-un-convenio-para-la-integracion-urbana-de-cuatro-barrios-populares\/","url_meta":{"origin":36484,"position":3},"title":"Kicillof entreg\u00f3 viviendas y suscribi\u00f3 un convenio para la integraci\u00f3n urbana de cuatro barrios populares","author":"Alejandro Sosa Ruda","date":"7 septiembre, 2024","format":false,"excerpt":"Adem\u00e1s, el Gobernador inaugur\u00f3 un Mercado Bonaerense Fijo, distribuy\u00f3 computadoras y present\u00f3 el nuevo plan de formaci\u00f3n inicial para bomberos voluntarios. 07 de Septiembre de 2024 TAPALQU\u00c9, BUENOS AIRES -\u00a0 El gobernador de la provincia de Buenos Aires, Axel Kicillof, encabez\u00f3 este viernes junto al intendente de Tapalqu\u00e9, Gustavo Cocconi,\u2026","rel":"","context":"En \u00abINTERES GENERAL\u00bb","block_context":{"text":"INTERES GENERAL","link":"https:\/\/larevistadigital.com.ar\/blog\/category\/interes-general\/"},"img":{"alt_text":"","src":"https:\/\/i0.wp.com\/larevistadigital.com.ar\/blog\/wp-content\/uploads\/Axel-Kicillof_50.jpg?fit=743%2C530&ssl=1&resize=350%2C200","width":350,"height":200,"srcset":"https:\/\/i0.wp.com\/larevistadigital.com.ar\/blog\/wp-content\/uploads\/Axel-Kicillof_50.jpg?fit=743%2C530&ssl=1&resize=350%2C200 1x, https:\/\/i0.wp.com\/larevistadigital.com.ar\/blog\/wp-content\/uploads\/Axel-Kicillof_50.jpg?fit=743%2C530&ssl=1&resize=525%2C300 1.5x, https:\/\/i0.wp.com\/larevistadigital.com.ar\/blog\/wp-content\/uploads\/Axel-Kicillof_50.jpg?fit=743%2C530&ssl=1&resize=700%2C400 2x"},"classes":[]},{"id":45334,"url":"https:\/\/larevistadigital.com.ar\/blog\/kicillof-presidente-del-pj-bonaerense-el-peronismo-va-a-terminar-con-este-modelo-de-destruccion\/","url_meta":{"origin":36484,"position":4},"title":"Kicillof presidente del PJ bonaerense: \u201cEl peronismo va a terminar con este modelo de destrucci\u00f3n\u201d","author":"Alejandro Sosa Ruda","date":"25 abril, 2026","format":false,"excerpt":"El gobernador provincial asumi\u00f3 el mando frente al Partido Justicialista bonaerense, en un acto rodeado de dirigentes kicillofistas en la capital de la Provincia de Buenos Aires. 25 de abril de 2026 Axel Kicillof, gobernador de la\u00a0Provincia de Buenos Aires, asumi\u00f3 el mando frente al\u00a0Partido Justicialista bonaerense, en un acto\u2026","rel":"","context":"En \u00abPOLITICA\u00bb","block_context":{"text":"POLITICA","link":"https:\/\/larevistadigital.com.ar\/blog\/category\/politica\/"},"img":{"alt_text":"","src":"https:\/\/i0.wp.com\/larevistadigital.com.ar\/blog\/wp-content\/uploads\/Captura-de-pantalla-2026-04-25-171400.jpg?fit=870%2C375&ssl=1&resize=350%2C200","width":350,"height":200,"srcset":"https:\/\/i0.wp.com\/larevistadigital.com.ar\/blog\/wp-content\/uploads\/Captura-de-pantalla-2026-04-25-171400.jpg?fit=870%2C375&ssl=1&resize=350%2C200 1x, https:\/\/i0.wp.com\/larevistadigital.com.ar\/blog\/wp-content\/uploads\/Captura-de-pantalla-2026-04-25-171400.jpg?fit=870%2C375&ssl=1&resize=525%2C300 1.5x, https:\/\/i0.wp.com\/larevistadigital.com.ar\/blog\/wp-content\/uploads\/Captura-de-pantalla-2026-04-25-171400.jpg?fit=870%2C375&ssl=1&resize=700%2C400 2x"},"classes":[]},{"id":33776,"url":"https:\/\/larevistadigital.com.ar\/blog\/kicillof-y-un-nuevo-guino-al-campo-resalto-la-produccion-rural-y-advirtio-los-riesgos-de-la-dolarizacion\/","url_meta":{"origin":36484,"position":5},"title":"KICILLOF Y UN NUEVO GUI\u00d1O AL CAMPO: RESALT\u00d3 LA PRODUCCI\u00d3N RURAL Y ADVIRTI\u00d3 LOS RIESGOS DE LA DOLARIZACI\u00d3N","author":"Alejandro Sosa Ruda","date":"4 octubre, 2023","format":false,"excerpt":"El gobernador de la Provincia de Buenos Aires encabez\u00f3 el Encuentro Provincial de la Ruralidad en la Estaci\u00f3n Experimental Gorina junto al ministro de Desarrollo Agrario bonaerense. 04 de Octubre de 2023 El gobernador de la Provincia de Buenos Aires, encabez\u00f3 un\u00a0Encuentro Provincial de la Ruralidad\u00a0en la\u00a0Estaci\u00f3n Experimental Gorina\u00a0de\u00a0La Plata.\u2026","rel":"","context":"En \u00abDESTACADAS\u00bb","block_context":{"text":"DESTACADAS","link":"https:\/\/larevistadigital.com.ar\/blog\/category\/destacadas\/"},"img":{"alt_text":"","src":"https:\/\/i0.wp.com\/larevistadigital.com.ar\/blog\/wp-content\/uploads\/20231003202103_231003-ak-ruralidad-30-1.webp?fit=1200%2C685&ssl=1&resize=350%2C200","width":350,"height":200,"srcset":"https:\/\/i0.wp.com\/larevistadigital.com.ar\/blog\/wp-content\/uploads\/20231003202103_231003-ak-ruralidad-30-1.webp?fit=1200%2C685&ssl=1&resize=350%2C200 1x, https:\/\/i0.wp.com\/larevistadigital.com.ar\/blog\/wp-content\/uploads\/20231003202103_231003-ak-ruralidad-30-1.webp?fit=1200%2C685&ssl=1&resize=525%2C300 1.5x, https:\/\/i0.wp.com\/larevistadigital.com.ar\/blog\/wp-content\/uploads\/20231003202103_231003-ak-ruralidad-30-1.webp?fit=1200%2C685&ssl=1&resize=700%2C400 2x, https:\/\/i0.wp.com\/larevistadigital.com.ar\/blog\/wp-content\/uploads\/20231003202103_231003-ak-ruralidad-30-1.webp?fit=1200%2C685&ssl=1&resize=1050%2C600 3x"},"classes":[]}],"_links":{"self":[{"href":"https:\/\/larevistadigital.com.ar\/blog\/wp-json\/wp\/v2\/posts\/36484","targetHints":{"allow":["GET"]}}],"collection":[{"href":"https:\/\/larevistadigital.com.ar\/blog\/wp-json\/wp\/v2\/posts"}],"about":[{"href":"https:\/\/larevistadigital.com.ar\/blog\/wp-json\/wp\/v2\/types\/post"}],"author":[{"embeddable":true,"href":"https:\/\/larevistadigital.com.ar\/blog\/wp-json\/wp\/v2\/users\/3"}],"replies":[{"embeddable":true,"href":"https:\/\/larevistadigital.com.ar\/blog\/wp-json\/wp\/v2\/comments?post=36484"}],"version-history":[{"count":1,"href":"https:\/\/larevistadigital.com.ar\/blog\/wp-json\/wp\/v2\/posts\/36484\/revisions"}],"predecessor-version":[{"id":36486,"href":"https:\/\/larevistadigital.com.ar\/blog\/wp-json\/wp\/v2\/posts\/36484\/revisions\/36486"}],"wp:featuredmedia":[{"embeddable":true,"href":"https:\/\/larevistadigital.com.ar\/blog\/wp-json\/wp\/v2\/media\/36485"}],"wp:attachment":[{"href":"https:\/\/larevistadigital.com.ar\/blog\/wp-json\/wp\/v2\/media?parent=36484"}],"wp:term":[{"taxonomy":"category","embeddable":true,"href":"https:\/\/larevistadigital.com.ar\/blog\/wp-json\/wp\/v2\/categories?post=36484"},{"taxonomy":"post_tag","embeddable":true,"href":"https:\/\/larevistadigital.com.ar\/blog\/wp-json\/wp\/v2\/tags?post=36484"}],"curies":[{"name":"wp","href":"https:\/\/api.w.org\/{rel}","templated":true}]}}