{"id":36490,"date":"2024-06-29T14:56:03","date_gmt":"2024-06-29T17:56:03","guid":{"rendered":"https:\/\/larevistadigital.com.ar\/blog\/?p=36490"},"modified":"2024-06-29T14:56:03","modified_gmt":"2024-06-29T17:56:03","slug":"caso-loan-la-tia-declaro-que-el-nino-esta-muerto-y-que-fue-atropellado-por-carlos-perez-y-su-mujer","status":"publish","type":"post","link":"https:\/\/larevistadigital.com.ar\/blog\/caso-loan-la-tia-declaro-que-el-nino-esta-muerto-y-que-fue-atropellado-por-carlos-perez-y-su-mujer\/","title":{"rendered":"CASO LOAN: LA T\u00cdA DECLAR\u00d3 QUE EL NI\u00d1O EST\u00c1 MUERTO, Y QUE FUE ATROPELLADO POR CARLOS PEREZ Y SU MUJER"},"content":{"rendered":"<h2>Ya lo dicen los medios nacionales. Fuentes del caso, dicen que Laudelina Pe\u00f1a admiti\u00f3 ante la Justicia que el menor muri\u00f3, que lo habr\u00eda atropellado el capit\u00e1n de nav\u00edo (RE) Carlos P\u00e9rez y su pareja, y que ella ayud\u00f3 a encubrir el hecho. La mujer no qued\u00f3 detenida. Ahora buscan el cuerpo en un basural.<\/h2>\n<p>29 de Junio de 2024<\/p>\n<p>La desaparici\u00f3n de Loan Danilo Pe\u00f1a en Corrientes dio un giro inesperado este s\u00e1bado: fuentes de la investigaci\u00f3n a distintos medios,\u00a0que\u00a0<b>Laudelina Pe\u00f1a, t\u00eda del nene, confes\u00f3\u00a0<\/b>que<b>\u00a0<\/b>el capit\u00e1n de nav\u00edo (RE) <strong>Carlos P\u00e9rez<\/strong> y su pareja\u00a0<b>habr\u00edan atropellado a Loan y que el ni\u00f1o est\u00e1 muerto<\/b>. La mujer, que habr\u00eda ayudado a<b>\u00a0encubrir\u00a0<\/b>el hecho, dio su declaraci\u00f3n durante la noche del viernes ante el fiscal <strong>Gustavo Alejandro Robineau<\/strong>, pero\u00a0<b>no qued\u00f3 detenida<\/b>.<\/p>\n<p class=\"paragraph\" data-mrf-recirculation=\"Links inline\">Sus dichos ahora\u00a0<b>fueron remitidos a la justicia federal\u00a0<\/b>que estaba llevando el caso, la cual deber\u00e1 ratificar lo que dijo, interrogando nuevamente a la t\u00eda del menor &#8211;<b>como testigo o ya como imputada<\/b>&#8211; y adem\u00e1s corroborar su versi\u00f3n con pruebas f\u00edsicas. Luego tendr\u00e1 que decidir en\u00a0<b>qu\u00e9 fuero sigue la causa:\u00a0<\/b>si, como dice la versi\u00f3n que hoy circula, se trat\u00f3 de un accidente, la causa deber\u00eda volver al fuero provincial porque se tratar\u00eda de un delito ordinario.<\/p>\n<div class=\"inline ad-wrapper\">\n<div class=\"dfpAd ad-inline\">fuente Infobae<\/div>\n<\/div>\n","protected":false},"excerpt":{"rendered":"<div class=\"mh-excerpt\"><p>Ya lo dicen los medios nacionales. Fuentes del caso, dicen que Laudelina Pe\u00f1a admiti\u00f3 ante la Justicia que el menor muri\u00f3, que lo habr\u00eda atropellado el capit\u00e1n de nav\u00edo (RE) Carlos P\u00e9rez y su pareja, <a class=\"mh-excerpt-more\" href=\"https:\/\/larevistadigital.com.ar\/blog\/caso-loan-la-tia-declaro-que-el-nino-esta-muerto-y-que-fue-atropellado-por-carlos-perez-y-su-mujer\/\" title=\"CASO LOAN: LA T\u00cdA DECLAR\u00d3 QUE EL NI\u00d1O EST\u00c1 MUERTO, Y QUE FUE ATROPELLADO POR CARLOS PEREZ Y SU MUJER\">[Leer M\u00e1s]<\/a><\/p>\n<\/div>","protected":false},"author":3,"featured_media":36491,"comment_status":"open","ping_status":"open","sticky":false,"template":"","format":"standard","meta":{"_jetpack_memberships_contains_paid_content":false,"footnotes":"","jetpack_publicize_message":"","jetpack_publicize_feature_enabled":true,"jetpack_social_post_already_shared":true,"jetpack_social_options":{"image_generator_settings":{"template":"highway","default_image_id":0,"font":"","enabled":false},"version":2}},"categories":[41],"tags":[],"class_list":{"0":"post-36490","1":"post","2":"type-post","3":"status-publish","4":"format-standard","5":"has-post-thumbnail","7":"category-destacadas"},"jetpack_publicize_connections":[],"jetpack_featured_media_url":"https:\/\/i0.wp.com\/larevistadigital.com.ar\/blog\/wp-content\/uploads\/pareja-detenida-por-el-caso-loan-1823317.jpg?fit=987%2C555&ssl=1","jetpack_sharing_enabled":true,"jetpack_shortlink":"https:\/\/wp.me\/p8qtrQ-9uy","jetpack-related-posts":[{"id":19871,"url":"https:\/\/larevistadigital.com.ar\/blog\/ayacucho-apunalan-a-una-mujer-y-su-pareja-fue-detenida\/","url_meta":{"origin":36490,"position":0},"title":"AYACUCHO: APU\u00d1ALAN A UNA MUJER Y SU PAREJA FUE DETENIDA","author":"Alejandro Sosa Ruda","date":"27 abril, 2021","format":false,"excerpt":"AYACUCHO - En un hecho que ser\u00eda caratulado como de Violencia de G\u00e9nero, en las \u00faltimas horas ingres\u00f3 al Hospital Municipal, una mujer con una \u201cimportante herida de arma. En lo que respecta al estado de salud se encuentra fuera de peligro seg\u00fan fuentes consultadas. Su pareja qued\u00f3 aprehendido. Comisaria\u2026","rel":"","context":"En \u00abREGIONALES\u00bb","block_context":{"text":"REGIONALES","link":"https:\/\/larevistadigital.com.ar\/blog\/category\/regionales\/"},"img":{"alt_text":"","src":"https:\/\/i0.wp.com\/larevistadigital.com.ar\/blog\/wp-content\/uploads\/hospital-frente-pintura-frente-hospital-feb-2019-1.jpg?fit=1181%2C787&ssl=1&resize=350%2C200","width":350,"height":200,"srcset":"https:\/\/i0.wp.com\/larevistadigital.com.ar\/blog\/wp-content\/uploads\/hospital-frente-pintura-frente-hospital-feb-2019-1.jpg?fit=1181%2C787&ssl=1&resize=350%2C200 1x, https:\/\/i0.wp.com\/larevistadigital.com.ar\/blog\/wp-content\/uploads\/hospital-frente-pintura-frente-hospital-feb-2019-1.jpg?fit=1181%2C787&ssl=1&resize=525%2C300 1.5x, https:\/\/i0.wp.com\/larevistadigital.com.ar\/blog\/wp-content\/uploads\/hospital-frente-pintura-frente-hospital-feb-2019-1.jpg?fit=1181%2C787&ssl=1&resize=700%2C400 2x, https:\/\/i0.wp.com\/larevistadigital.com.ar\/blog\/wp-content\/uploads\/hospital-frente-pintura-frente-hospital-feb-2019-1.jpg?fit=1181%2C787&ssl=1&resize=1050%2C600 3x"},"classes":[]},{"id":44650,"url":"https:\/\/larevistadigital.com.ar\/blog\/brutal-ataque-en-la-costa-una-mujer-fue-quemada-y-lucha-por-su-vida-su-pareja-quedo-detenida\/","url_meta":{"origin":36490,"position":1},"title":"Brutal ataque en la Costa: una mujer fue quemada y lucha por su vida, su pareja qued\u00f3 detenida","author":"Alejandro Sosa Ruda","date":"20 marzo, 2026","format":false,"excerpt":"La v\u00edctima presenta lesiones y quemaduras graves y permanece internada en estado reservado en el Hospital de Mar de Aj\u00f3. El principal sospechoso es su pareja, quien fue aprehendido tras un operativo policial. 20 de marzo de 2026 MAR DEL TUY\u00da -\u00a0 \u00a0Un estremecedor hecho de violencia se registr\u00f3 en\u2026","rel":"","context":"En \u00abINTERES GENERAL\u00bb","block_context":{"text":"INTERES GENERAL","link":"https:\/\/larevistadigital.com.ar\/blog\/category\/interes-general\/"},"img":{"alt_text":"","src":"https:\/\/i0.wp.com\/larevistadigital.com.ar\/blog\/wp-content\/uploads\/9c4128e45930265164debb9e7746685b8854594f.jpg?fit=1140%2C728&ssl=1&resize=350%2C200","width":350,"height":200,"srcset":"https:\/\/i0.wp.com\/larevistadigital.com.ar\/blog\/wp-content\/uploads\/9c4128e45930265164debb9e7746685b8854594f.jpg?fit=1140%2C728&ssl=1&resize=350%2C200 1x, https:\/\/i0.wp.com\/larevistadigital.com.ar\/blog\/wp-content\/uploads\/9c4128e45930265164debb9e7746685b8854594f.jpg?fit=1140%2C728&ssl=1&resize=525%2C300 1.5x, https:\/\/i0.wp.com\/larevistadigital.com.ar\/blog\/wp-content\/uploads\/9c4128e45930265164debb9e7746685b8854594f.jpg?fit=1140%2C728&ssl=1&resize=700%2C400 2x, https:\/\/i0.wp.com\/larevistadigital.com.ar\/blog\/wp-content\/uploads\/9c4128e45930265164debb9e7746685b8854594f.jpg?fit=1140%2C728&ssl=1&resize=1050%2C600 3x"},"classes":[]},{"id":12509,"url":"https:\/\/larevistadigital.com.ar\/blog\/la-autopsia-confirmo-que-el-hombre-muerto-hallado-en-la-ruta-88-fue-atropellado\/","url_meta":{"origin":36490,"position":2},"title":"LA AUTOPSIA CONFIRM\u00d3 QUE EL HOMBRE MUERTO HALLADO EN LA RUTA 88 FUE ATROPELLADO","author":"Alejandro Sosa Ruda","date":"8 octubre, 2019","format":false,"excerpt":"La v\u00edctima se hallaba en situaci\u00f3n de calle y sol\u00eda pernoctar varios de estos establecimientos. El conductor del auto a\u00fan no fue identificado. La autopsia realizada al cad\u00e1ver hallado el s\u00e1bado por la noche en la ruta 88 confirm\u00f3 que el hombre fallecido fue atropellado por un veh\u00edculo,\u00a0cuyo conductor a\u00fan\u2026","rel":"","context":"En \u00abREGIONALES\u00bb","block_context":{"text":"REGIONALES","link":"https:\/\/larevistadigital.com.ar\/blog\/category\/regionales\/"},"img":{"alt_text":"","src":"https:\/\/i0.wp.com\/larevistadigital.com.ar\/blog\/wp-content\/uploads\/capturagoogle.jpg?fit=754%2C431&ssl=1&resize=350%2C200","width":350,"height":200,"srcset":"https:\/\/i0.wp.com\/larevistadigital.com.ar\/blog\/wp-content\/uploads\/capturagoogle.jpg?fit=754%2C431&ssl=1&resize=350%2C200 1x, https:\/\/i0.wp.com\/larevistadigital.com.ar\/blog\/wp-content\/uploads\/capturagoogle.jpg?fit=754%2C431&ssl=1&resize=525%2C300 1.5x, https:\/\/i0.wp.com\/larevistadigital.com.ar\/blog\/wp-content\/uploads\/capturagoogle.jpg?fit=754%2C431&ssl=1&resize=700%2C400 2x"},"classes":[]},{"id":8905,"url":"https:\/\/larevistadigital.com.ar\/blog\/brandsen-tras-discusion-mujer-apunala-a-su-pareja-y-fue-detenida\/","url_meta":{"origin":36490,"position":3},"title":"BRANDSEN: TRAS DISCUSI\u00d3N, MUJER APU\u00d1ALA A SU PAREJA Y FUE DETENIDA","author":"Alejandro Sosa Ruda","date":"8 marzo, 2019","format":false,"excerpt":"El hecho ocurri\u00f3 en la ma\u00f1ana del jueves 7 de marzo en un domicilio ubicado en\u00a0Boulevard Pintos y Ortiz de Rosas de la localidad de Brandsen.\u00a0El hombre de 37 a\u00f1os fue derivado de urgencia al hospital Municipal mientras que la mujer, de 40 a\u00f1os, permanece aprehendida. Seg\u00fan informaron fuentes policiales\u2026","rel":"","context":"En \u00abPOLICIALES\u00bb","block_context":{"text":"POLICIALES","link":"https:\/\/larevistadigital.com.ar\/blog\/category\/policiales\/"},"img":{"alt_text":"","src":"https:\/\/i0.wp.com\/larevistadigital.com.ar\/blog\/wp-content\/uploads\/2019\/03\/1552007797386_wm-1.jpg?fit=1024%2C575&ssl=1&resize=350%2C200","width":350,"height":200,"srcset":"https:\/\/i0.wp.com\/larevistadigital.com.ar\/blog\/wp-content\/uploads\/2019\/03\/1552007797386_wm-1.jpg?fit=1024%2C575&ssl=1&resize=350%2C200 1x, https:\/\/i0.wp.com\/larevistadigital.com.ar\/blog\/wp-content\/uploads\/2019\/03\/1552007797386_wm-1.jpg?fit=1024%2C575&ssl=1&resize=525%2C300 1.5x, https:\/\/i0.wp.com\/larevistadigital.com.ar\/blog\/wp-content\/uploads\/2019\/03\/1552007797386_wm-1.jpg?fit=1024%2C575&ssl=1&resize=700%2C400 2x"},"classes":[]},{"id":9678,"url":"https:\/\/larevistadigital.com.ar\/blog\/horror-detienen-ninera-que-abuso-sexualmente-de-criatura-de-4-anos\/","url_meta":{"origin":36490,"position":4},"title":"HORROR: DETIENEN NI\u00d1ERA QUE ABUS\u00d3 SEXUALMENTE DE CRIATURA DE 4 A\u00d1OS","author":"Alejandro Sosa Ruda","date":"12 abril, 2019","format":false,"excerpt":"La mujer de 25 a\u00f1os, que ya se encuentra detenida, oblig\u00f3 al peque\u00f1o a practicarle sexo oral. El nene relat\u00f3 el hecho en C\u00e1mara Gesell. La indignaci\u00f3n es total en\u00a0Santiago del Estero\u00a0ante la difusi\u00f3n de la noticia horrenda del\u00a0abuso sexual\u00a0que sufri\u00f3 un\u00a0nene\u00a0de apenas 4 a\u00f1os por parte de quien era\u2026","rel":"","context":"En \u00abPOLICIALES\u00bb","block_context":{"text":"POLICIALES","link":"https:\/\/larevistadigital.com.ar\/blog\/category\/policiales\/"},"img":{"alt_text":"","src":"https:\/\/i0.wp.com\/larevistadigital.com.ar\/blog\/wp-content\/uploads\/2019\/04\/nene-abusado-radiomitre.jpg?fit=1079%2C694&ssl=1&resize=350%2C200","width":350,"height":200,"srcset":"https:\/\/i0.wp.com\/larevistadigital.com.ar\/blog\/wp-content\/uploads\/2019\/04\/nene-abusado-radiomitre.jpg?fit=1079%2C694&ssl=1&resize=350%2C200 1x, https:\/\/i0.wp.com\/larevistadigital.com.ar\/blog\/wp-content\/uploads\/2019\/04\/nene-abusado-radiomitre.jpg?fit=1079%2C694&ssl=1&resize=525%2C300 1.5x, https:\/\/i0.wp.com\/larevistadigital.com.ar\/blog\/wp-content\/uploads\/2019\/04\/nene-abusado-radiomitre.jpg?fit=1079%2C694&ssl=1&resize=700%2C400 2x, https:\/\/i0.wp.com\/larevistadigital.com.ar\/blog\/wp-content\/uploads\/2019\/04\/nene-abusado-radiomitre.jpg?fit=1079%2C694&ssl=1&resize=1050%2C600 3x"},"classes":[]},{"id":33853,"url":"https:\/\/larevistadigital.com.ar\/blog\/ensenada-un-chico-de-15-anos-mato-a-la-pareja-de-su-madre\/","url_meta":{"origin":36490,"position":5},"title":"ENSENADA: UN CHICO DE 15 A\u00d1OS MAT\u00d3 A LA PAREJA DE SU MADRE","author":"Alejandro Sosa Ruda","date":"5 octubre, 2023","format":false,"excerpt":"El episodio se dio este jueves en una vivienda de 127 y 39, Ensenada. El joven habr\u00eda salido en defensa de su hermana. 05 de octubre de 2023 ENSENADA -\u00a0 Un joven de 19 a\u00f1os es buscado desde este jueves por la tarde, acusado de\u00a0matar a pu\u00f1aladas al novio de\u2026","rel":"","context":"En \u00abINTERES GENERAL\u00bb","block_context":{"text":"INTERES GENERAL","link":"https:\/\/larevistadigital.com.ar\/blog\/category\/interes-general\/"},"img":{"alt_text":"","src":"https:\/\/i0.wp.com\/larevistadigital.com.ar\/blog\/wp-content\/uploads\/Captura-de-pantalla-2023-10-05-182304.png?fit=880%2C488&ssl=1&resize=350%2C200","width":350,"height":200,"srcset":"https:\/\/i0.wp.com\/larevistadigital.com.ar\/blog\/wp-content\/uploads\/Captura-de-pantalla-2023-10-05-182304.png?fit=880%2C488&ssl=1&resize=350%2C200 1x, https:\/\/i0.wp.com\/larevistadigital.com.ar\/blog\/wp-content\/uploads\/Captura-de-pantalla-2023-10-05-182304.png?fit=880%2C488&ssl=1&resize=525%2C300 1.5x, https:\/\/i0.wp.com\/larevistadigital.com.ar\/blog\/wp-content\/uploads\/Captura-de-pantalla-2023-10-05-182304.png?fit=880%2C488&ssl=1&resize=700%2C400 2x"},"classes":[]}],"_links":{"self":[{"href":"https:\/\/larevistadigital.com.ar\/blog\/wp-json\/wp\/v2\/posts\/36490","targetHints":{"allow":["GET"]}}],"collection":[{"href":"https:\/\/larevistadigital.com.ar\/blog\/wp-json\/wp\/v2\/posts"}],"about":[{"href":"https:\/\/larevistadigital.com.ar\/blog\/wp-json\/wp\/v2\/types\/post"}],"author":[{"embeddable":true,"href":"https:\/\/larevistadigital.com.ar\/blog\/wp-json\/wp\/v2\/users\/3"}],"replies":[{"embeddable":true,"href":"https:\/\/larevistadigital.com.ar\/blog\/wp-json\/wp\/v2\/comments?post=36490"}],"version-history":[{"count":1,"href":"https:\/\/larevistadigital.com.ar\/blog\/wp-json\/wp\/v2\/posts\/36490\/revisions"}],"predecessor-version":[{"id":36492,"href":"https:\/\/larevistadigital.com.ar\/blog\/wp-json\/wp\/v2\/posts\/36490\/revisions\/36492"}],"wp:featuredmedia":[{"embeddable":true,"href":"https:\/\/larevistadigital.com.ar\/blog\/wp-json\/wp\/v2\/media\/36491"}],"wp:attachment":[{"href":"https:\/\/larevistadigital.com.ar\/blog\/wp-json\/wp\/v2\/media?parent=36490"}],"wp:term":[{"taxonomy":"category","embeddable":true,"href":"https:\/\/larevistadigital.com.ar\/blog\/wp-json\/wp\/v2\/categories?post=36490"},{"taxonomy":"post_tag","embeddable":true,"href":"https:\/\/larevistadigital.com.ar\/blog\/wp-json\/wp\/v2\/tags?post=36490"}],"curies":[{"name":"wp","href":"https:\/\/api.w.org\/{rel}","templated":true}]}}