{"id":36496,"date":"2024-06-30T21:32:32","date_gmt":"2024-07-01T00:32:32","guid":{"rendered":"https:\/\/larevistadigital.com.ar\/blog\/?p=36496"},"modified":"2024-06-30T21:32:48","modified_gmt":"2024-07-01T00:32:48","slug":"los-lapices-siguen-escribiendo-en-la-provincia-de-buenos-aires","status":"publish","type":"post","link":"https:\/\/larevistadigital.com.ar\/blog\/los-lapices-siguen-escribiendo-en-la-provincia-de-buenos-aires\/","title":{"rendered":"\u00abLOS L\u00c1PICES SIGUEN ESCRIBIENDO\u00bb EN LA PROVINCIA DE BUENOS AIRES."},"content":{"rendered":"<h2 class=\"fparrafo ctext fz18 lh25\">Desde la Coordinaci\u00f3n de Juventudes de la Presidencia del Senado de la Provincia de Buenos Aires, invitan a j\u00f3venes bonaerenses a participar de un concurso art\u00edstico cultural, en homenaje a Mar\u00eda Claudia Falcone, la estudiante platense que el 16 de septiembre de 1976 en la denominada \u201cNoche de los L\u00e1pices\u201d, fue desaparecida por la dictadura c\u00edvico militar, mientras militaba por el derecho al boleto estudiantil y un pa\u00eds mejor.<\/h2>\n<p>30 De Junio de 2024<\/p>\n<p><strong>BUENOS AIRES &#8211;<\/strong>\u00a0 En reconocimiento a <strong>Mar\u00eda Claudia Falcone<\/strong>, el concurso art\u00edstico y cultural convoca a las juventudes a involucrarse en el ejercicio de la memoria colectiva, con la creaci\u00f3n de obras individuales o grupales que tengan como tem\u00e1tica central el ejercicio de la memoria y los derechos humanos, mediante poemas, cuentos, canciones, pinturas, o a trav\u00e9s de la tem\u00e1tica que el concursante desee hacerlo.<\/p>\n<blockquote>\n<h3><strong>La inscripci\u00f3n se hace mediante el siguiente link de forms:<\/strong>\u00a0<a href=\"https:\/\/forms.gle\/P2d7NZfZXDwXqXbH9\">https:\/\/forms.gle\/P2d7NZfZXDwXqXbH9<\/a>\u00a0y luego deben enviar sus propuestas al mail: senadojuventudeconvocatorias@gmail.com<\/h3>\n<\/blockquote>\n<p>Una de las Coordinadoras de Juventudes de la Presidencia del Senado bonaerense, <strong>Felicitas Actis Perinetto<\/strong>, explic\u00f3 que el per\u00edodo de inscripci\u00f3n y recepci\u00f3n de propuestas finaliza el 21 de agosto del corriente a\u00f1o y los proyectos seleccionados se anuncian el 28 de agosto.<\/p>\n<blockquote>\n<h3>Adem\u00e1s, se\u00f1al\u00f3 que las y los j\u00f3venes entre 12 y 25 a\u00f1os pueden presentar sus proyectos, con el requisito de que los derechos humanos sea el eje transversal del trabajo, e indic\u00f3 que el per\u00edodo de inscripci\u00f3n y recepci\u00f3n de propuestas finaliza el 21 de agosto del corriente a\u00f1o y los proyectos seleccionados se anunciar\u00e1n el 28 de agosto.<\/h3>\n<\/blockquote>\n<p>Por \u00faltimo, las y los interesados podr\u00e1n consultar las Bases y Condiciones del Concurso, en el siguiente link: https:\/\/docs.google.com\/document\/d\/1otrIgRDeZLBBHxUGl1iA77TLEF5I5BT4rrC9iWm_C5w\/edit \u00a0<b>(InfoGEI)Ac<\/b><\/p>\n","protected":false},"excerpt":{"rendered":"<div class=\"mh-excerpt\"><p>Desde la Coordinaci\u00f3n de Juventudes de la Presidencia del Senado de la Provincia de Buenos Aires, invitan a j\u00f3venes bonaerenses a participar de un concurso art\u00edstico cultural, en homenaje a Mar\u00eda Claudia Falcone, la estudiante <a class=\"mh-excerpt-more\" href=\"https:\/\/larevistadigital.com.ar\/blog\/los-lapices-siguen-escribiendo-en-la-provincia-de-buenos-aires\/\" title=\"\u00abLOS L\u00c1PICES SIGUEN ESCRIBIENDO\u00bb EN LA PROVINCIA DE BUENOS AIRES.\">[Leer M\u00e1s]<\/a><\/p>\n<\/div>","protected":false},"author":3,"featured_media":36497,"comment_status":"open","ping_status":"open","sticky":false,"template":"","format":"standard","meta":{"_jetpack_memberships_contains_paid_content":false,"footnotes":"","jetpack_publicize_message":"","jetpack_publicize_feature_enabled":true,"jetpack_social_post_already_shared":true,"jetpack_social_options":{"image_generator_settings":{"template":"highway","default_image_id":0,"font":"","enabled":false},"version":2}},"categories":[50,24],"tags":[],"class_list":{"0":"post-36496","1":"post","2":"type-post","3":"status-publish","4":"format-standard","5":"has-post-thumbnail","7":"category-interes-general","8":"category-politica-provincial"},"jetpack_publicize_connections":[],"jetpack_featured_media_url":"https:\/\/i0.wp.com\/larevistadigital.com.ar\/blog\/wp-content\/uploads\/20240629155441_concurso-artistico-cultural.jpg?fit=880%2C512&ssl=1","jetpack_sharing_enabled":true,"jetpack_shortlink":"https:\/\/wp.me\/p8qtrQ-9uE","jetpack-related-posts":[{"id":38989,"url":"https:\/\/larevistadigital.com.ar\/blog\/se-pinta-el-mural-en-memoria-de-maria-angelica-mellace-victima-del-terrorismo-de-estado\/","url_meta":{"origin":36496,"position":0},"title":"Se pinta el mural en memoria de Mar\u00eda Ang\u00e9lica Mellace, v\u00edctima del terrorismo de estado","author":"Alejandro Sosa Ruda","date":"13 marzo, 2025","format":false,"excerpt":"Con el prop\u00f3sito de generar en nuestra ciudad espacios que contribuyan a la recuperaci\u00f3n y valoraci\u00f3n de la memoria hist\u00f3rica 13 de Marzo de 2025 CHASCOM\u00daS -\u00a0 La Municipalidad de Chascom\u00fas informa que en las \u00faltimas horas comenz\u00f3 la realizaci\u00f3n del mural art\u00edstico, conmemorativo y de \u201chomenaje permanente y simult\u00e1neo\u2026","rel":"","context":"En \u00abINTERES GENERAL\u00bb","block_context":{"text":"INTERES GENERAL","link":"https:\/\/larevistadigital.com.ar\/blog\/category\/interes-general\/"},"img":{"alt_text":"","src":"https:\/\/i0.wp.com\/larevistadigital.com.ar\/blog\/wp-content\/uploads\/67d48e383d383.png?fit=668%2C445&ssl=1&resize=350%2C200","width":350,"height":200,"srcset":"https:\/\/i0.wp.com\/larevistadigital.com.ar\/blog\/wp-content\/uploads\/67d48e383d383.png?fit=668%2C445&ssl=1&resize=350%2C200 1x, https:\/\/i0.wp.com\/larevistadigital.com.ar\/blog\/wp-content\/uploads\/67d48e383d383.png?fit=668%2C445&ssl=1&resize=525%2C300 1.5x"},"classes":[]},{"id":3732,"url":"https:\/\/larevistadigital.com.ar\/blog\/aumentaran-los-peajes-la-provincia-buenos-aires\/","url_meta":{"origin":36496,"position":1},"title":"AUMENTARAN LOS PEAJES EN LA PROVINCIA DE BUENOS AIRES","author":"Alejandro Sosa Ruda","date":"7 noviembre, 2017","format":false,"excerpt":"El gobierno de Mar\u00eda Eugenia Vidal tom\u00f3 la decisi\u00f3n que a partir de diciembre pr\u00f3ximo, el peaje aumentar\u00e1 un 70% en la provincia, lo que significa que en la autov\u00eda 2, en los peajes de Samborobon, Maipu y Conesa se pasar\u00e1 de abonar 35 a casi 60 pesos aproximadamente. El\u2026","rel":"","context":"En \u00abPOLITICA\u00bb","block_context":{"text":"POLITICA","link":"https:\/\/larevistadigital.com.ar\/blog\/category\/politica\/"},"img":{"alt_text":"","src":"https:\/\/i0.wp.com\/larevistadigital.com.ar\/blog\/wp-content\/uploads\/2017\/11\/o_1435965093-1.jpg?fit=800%2C450&ssl=1&resize=350%2C200","width":350,"height":200,"srcset":"https:\/\/i0.wp.com\/larevistadigital.com.ar\/blog\/wp-content\/uploads\/2017\/11\/o_1435965093-1.jpg?fit=800%2C450&ssl=1&resize=350%2C200 1x, https:\/\/i0.wp.com\/larevistadigital.com.ar\/blog\/wp-content\/uploads\/2017\/11\/o_1435965093-1.jpg?fit=800%2C450&ssl=1&resize=525%2C300 1.5x, https:\/\/i0.wp.com\/larevistadigital.com.ar\/blog\/wp-content\/uploads\/2017\/11\/o_1435965093-1.jpg?fit=800%2C450&ssl=1&resize=700%2C400 2x"},"classes":[]},{"id":40060,"url":"https:\/\/larevistadigital.com.ar\/blog\/lucio-alfonsin-siempre-es-importante-la-participacion-de-los-jovenes-y-adolescentes\/","url_meta":{"origin":36496,"position":2},"title":"Lucio Alfons\u00edn: \u201csiempre es importante la participaci\u00f3n de los j\u00f3venes y adolescentes\u201d","author":"Alejandro Sosa Ruda","date":"12 junio, 2025","format":false,"excerpt":"J\u00f3venes de Envi\u00f3n de los barrios San Cayetano y 30 de Mayo trabajan en dos proyectos para participar de una nueva edici\u00f3n del programa Futuro Memoria. 12 de Junio de 2025 CHASCOM\u00daS -\u00a0 Los j\u00f3venes del grupo Envi\u00f3n de los barrios 30 de Mayo y San Cayetano participan del concurso\u2026","rel":"","context":"En \u00abCHASCOM\u00daS\u00bb","block_context":{"text":"CHASCOM\u00daS","link":"https:\/\/larevistadigital.com.ar\/blog\/category\/chascomus\/"},"img":{"alt_text":"","src":"https:\/\/i0.wp.com\/larevistadigital.com.ar\/blog\/wp-content\/uploads\/684b164e11b20.png?fit=668%2C445&ssl=1&resize=350%2C200","width":350,"height":200,"srcset":"https:\/\/i0.wp.com\/larevistadigital.com.ar\/blog\/wp-content\/uploads\/684b164e11b20.png?fit=668%2C445&ssl=1&resize=350%2C200 1x, https:\/\/i0.wp.com\/larevistadigital.com.ar\/blog\/wp-content\/uploads\/684b164e11b20.png?fit=668%2C445&ssl=1&resize=525%2C300 1.5x"},"classes":[]},{"id":36024,"url":"https:\/\/larevistadigital.com.ar\/blog\/arranco-el-maravillosa-musica-el-concurso-que-convoca-a-jovenes-y-adolescentes-bonaerenses\/","url_meta":{"origin":36496,"position":3},"title":"ARRANC\u00d3 EL \u00abMARAVILLOSA M\u00daSICA\u00bb, EL CONCURSO QUE CONVOCA A J\u00d3VENES Y ADOLESCENTES BONAERENSES","author":"Alejandro Sosa Ruda","date":"8 mayo, 2024","format":false,"excerpt":"Impulsado por el Instituto Cultura, est\u00e1 dirigido a proyectos musicales y artistas de entre 13 y 25 a\u00f1os. El 22 de mayo ser\u00e1 presentado con un festival en Plaza San Mart\u00edn (La Plata) 8 De Mayo de 2024 BUENOS AIRES -\u00a0\u00a0\"\u00a1Arranc\u00f3 el -Maravillosa M\u00fasica-! El Vel\u00f3dromo de Lan\u00fas fue el\u2026","rel":"","context":"En \u00abDESTACADAS\u00bb","block_context":{"text":"DESTACADAS","link":"https:\/\/larevistadigital.com.ar\/blog\/category\/destacadas\/"},"img":{"alt_text":"","src":"https:\/\/i0.wp.com\/larevistadigital.com.ar\/blog\/wp-content\/uploads\/440597630_857650969711780_354537591298792188_n.jpg?fit=1200%2C800&ssl=1&resize=350%2C200","width":350,"height":200,"srcset":"https:\/\/i0.wp.com\/larevistadigital.com.ar\/blog\/wp-content\/uploads\/440597630_857650969711780_354537591298792188_n.jpg?fit=1200%2C800&ssl=1&resize=350%2C200 1x, https:\/\/i0.wp.com\/larevistadigital.com.ar\/blog\/wp-content\/uploads\/440597630_857650969711780_354537591298792188_n.jpg?fit=1200%2C800&ssl=1&resize=525%2C300 1.5x, https:\/\/i0.wp.com\/larevistadigital.com.ar\/blog\/wp-content\/uploads\/440597630_857650969711780_354537591298792188_n.jpg?fit=1200%2C800&ssl=1&resize=700%2C400 2x, https:\/\/i0.wp.com\/larevistadigital.com.ar\/blog\/wp-content\/uploads\/440597630_857650969711780_354537591298792188_n.jpg?fit=1200%2C800&ssl=1&resize=1050%2C600 3x"},"classes":[]},{"id":1885,"url":"https:\/\/larevistadigital.com.ar\/blog\/la-feb-acepta-el-pedido-de-no-mas-paros-de-maria-eugenia-vidal\/","url_meta":{"origin":36496,"position":4},"title":"LA FEB ACEPTA EL PEDIDO DE NO MAS PAROS DE MARIA EUGENIA VIDAL","author":"Alejandro Sosa Ruda","date":"7 abril, 2017","format":false,"excerpt":"La Federaci\u00f3n de Educadores Bonaerenses (FEB) decidi\u00f3 no hacer m\u00e1s paros, en sinton\u00eda con el pedido de la gobernadora de la Provincia de buenos Aires, Mar\u00eda Eugenia Vidal, por lo que se sentar\u00e1n a negociar con la primera mandataria. La FEB que conduce\u00a0Mirta Petrocini\u00a0es el segundo gremio docente de la\u2026","rel":"","context":"En \u00abDESTACADAS\u00bb","block_context":{"text":"DESTACADAS","link":"https:\/\/larevistadigital.com.ar\/blog\/category\/destacadas\/"},"img":{"alt_text":"","src":"https:\/\/i0.wp.com\/larevistadigital.com.ar\/blog\/wp-content\/uploads\/2017\/04\/bbx_844739082_feb.jpg?fit=1200%2C544&ssl=1&resize=350%2C200","width":350,"height":200,"srcset":"https:\/\/i0.wp.com\/larevistadigital.com.ar\/blog\/wp-content\/uploads\/2017\/04\/bbx_844739082_feb.jpg?fit=1200%2C544&ssl=1&resize=350%2C200 1x, https:\/\/i0.wp.com\/larevistadigital.com.ar\/blog\/wp-content\/uploads\/2017\/04\/bbx_844739082_feb.jpg?fit=1200%2C544&ssl=1&resize=525%2C300 1.5x, https:\/\/i0.wp.com\/larevistadigital.com.ar\/blog\/wp-content\/uploads\/2017\/04\/bbx_844739082_feb.jpg?fit=1200%2C544&ssl=1&resize=700%2C400 2x, https:\/\/i0.wp.com\/larevistadigital.com.ar\/blog\/wp-content\/uploads\/2017\/04\/bbx_844739082_feb.jpg?fit=1200%2C544&ssl=1&resize=1050%2C600 3x"},"classes":[]},{"id":32484,"url":"https:\/\/larevistadigital.com.ar\/blog\/la-provincia-capacito-sobre-el-sistema-de-declaraciones-juradas-patrimoniales-pba-afip-a-64-direcciones-de-personal-de-todos-los-ministerios-y-organismos-de-la-constitucion\/","url_meta":{"origin":36496,"position":5},"title":"LA PROVINCIA CAPACIT\u00d3 SOBRE EL SISTEMA DE DECLARACIONES JURADAS PATRIMONIALES PBA-AFIP A 64 DIRECCIONES DE PERSONAL DE TODOS LOS MINISTERIOS Y ORGANISMOS DE LA CONSTITUCI\u00d3N","author":"Alejandro Sosa Ruda","date":"18 julio, 2023","format":false,"excerpt":"BUENOS AIRES -\u00a0 El Ministerio de Justicia y Derechos Humanos de la Provincia capacit\u00f3 a 64 direcciones de personal de la administraci\u00f3n p\u00fablica, organismos de la constituci\u00f3n y organismos descentralizados, sobre el Sistema de Declaraciones Juradas Patrimoniales PBA-AFIP. Esta iniciativa que se llev\u00f3 adelante a trav\u00e9s de la Subsecretar\u00eda de\u2026","rel":"","context":"En \u00abREGIONALES\u00bb","block_context":{"text":"REGIONALES","link":"https:\/\/larevistadigital.com.ar\/blog\/category\/regionales\/"},"img":{"alt_text":"","src":"https:\/\/i0.wp.com\/larevistadigital.com.ar\/blog\/wp-content\/uploads\/Capacitacion_DDJJ_02.jpeg?fit=1024%2C992&ssl=1&resize=350%2C200","width":350,"height":200,"srcset":"https:\/\/i0.wp.com\/larevistadigital.com.ar\/blog\/wp-content\/uploads\/Capacitacion_DDJJ_02.jpeg?fit=1024%2C992&ssl=1&resize=350%2C200 1x, https:\/\/i0.wp.com\/larevistadigital.com.ar\/blog\/wp-content\/uploads\/Capacitacion_DDJJ_02.jpeg?fit=1024%2C992&ssl=1&resize=525%2C300 1.5x, https:\/\/i0.wp.com\/larevistadigital.com.ar\/blog\/wp-content\/uploads\/Capacitacion_DDJJ_02.jpeg?fit=1024%2C992&ssl=1&resize=700%2C400 2x"},"classes":[]}],"_links":{"self":[{"href":"https:\/\/larevistadigital.com.ar\/blog\/wp-json\/wp\/v2\/posts\/36496","targetHints":{"allow":["GET"]}}],"collection":[{"href":"https:\/\/larevistadigital.com.ar\/blog\/wp-json\/wp\/v2\/posts"}],"about":[{"href":"https:\/\/larevistadigital.com.ar\/blog\/wp-json\/wp\/v2\/types\/post"}],"author":[{"embeddable":true,"href":"https:\/\/larevistadigital.com.ar\/blog\/wp-json\/wp\/v2\/users\/3"}],"replies":[{"embeddable":true,"href":"https:\/\/larevistadigital.com.ar\/blog\/wp-json\/wp\/v2\/comments?post=36496"}],"version-history":[{"count":1,"href":"https:\/\/larevistadigital.com.ar\/blog\/wp-json\/wp\/v2\/posts\/36496\/revisions"}],"predecessor-version":[{"id":36498,"href":"https:\/\/larevistadigital.com.ar\/blog\/wp-json\/wp\/v2\/posts\/36496\/revisions\/36498"}],"wp:featuredmedia":[{"embeddable":true,"href":"https:\/\/larevistadigital.com.ar\/blog\/wp-json\/wp\/v2\/media\/36497"}],"wp:attachment":[{"href":"https:\/\/larevistadigital.com.ar\/blog\/wp-json\/wp\/v2\/media?parent=36496"}],"wp:term":[{"taxonomy":"category","embeddable":true,"href":"https:\/\/larevistadigital.com.ar\/blog\/wp-json\/wp\/v2\/categories?post=36496"},{"taxonomy":"post_tag","embeddable":true,"href":"https:\/\/larevistadigital.com.ar\/blog\/wp-json\/wp\/v2\/tags?post=36496"}],"curies":[{"name":"wp","href":"https:\/\/api.w.org\/{rel}","templated":true}]}}