{"id":36499,"date":"2024-07-01T00:10:26","date_gmt":"2024-07-01T03:10:26","guid":{"rendered":"https:\/\/larevistadigital.com.ar\/blog\/?p=36499"},"modified":"2024-07-01T00:10:26","modified_gmt":"2024-07-01T03:10:26","slug":"impresionante-incendio-que-arraso-el-restaurante-la-gran-familia-en-san-bernardo","status":"publish","type":"post","link":"https:\/\/larevistadigital.com.ar\/blog\/impresionante-incendio-que-arraso-el-restaurante-la-gran-familia-en-san-bernardo\/","title":{"rendered":"IMPRESIONANTE INCENDIO QUE ARRAS\u00d3 EL RESTAURANTE \u00abLA GRAN FAMILIA\u00bb EN SAN BERNARDO"},"content":{"rendered":"<h2>Se desat\u00f3 un voraz incendio en el reconocido restaurante \u00abLa Gran Familia\u00bb de San Bernardo, ubicado en Querini entre La Rioja y Catamarca.<\/h2>\n<p>01 de Julio de 2024<\/p>\n<p><strong>SAN BERNARDO &#8211;\u00a0\u00a0<\/strong>Dirante la jornada de ayer, se produjo un voraz incendio en el conocido restaurante \u00abLa Gran Familia\u00bb de la localidad de San Bernardo.<\/p>\n<blockquote>\n<h3><b>Los bomberos debieron trabajar \u00e1rduamente, por m\u00e1s de seis horas de trabajo<\/b>.\u00a0<b>Lamentablemente\u00a0las p\u00e9rdidas materiales en lo local son totales.<\/b><\/h3>\n<\/blockquote>\n<p>Lo m\u00e1s importante, es destacar que no se registraron heridos, ya que el comercio se encontraba cerrado al momento del inicio del incendio.<\/p>\n<p>L<strong>as autoridades investigan las cuasas que generaron el fuego.<\/strong><\/p>\n","protected":false},"excerpt":{"rendered":"<div class=\"mh-excerpt\"><p>Se desat\u00f3 un voraz incendio en el reconocido restaurante \u00abLa Gran Familia\u00bb de San Bernardo, ubicado en Querini entre La Rioja y Catamarca. 01 de Julio de 2024 SAN BERNARDO &#8211;\u00a0\u00a0Dirante la jornada de ayer, <a class=\"mh-excerpt-more\" href=\"https:\/\/larevistadigital.com.ar\/blog\/impresionante-incendio-que-arraso-el-restaurante-la-gran-familia-en-san-bernardo\/\" title=\"IMPRESIONANTE INCENDIO QUE ARRAS\u00d3 EL RESTAURANTE \u00abLA GRAN FAMILIA\u00bb EN SAN BERNARDO\">[Leer M\u00e1s]<\/a><\/p>\n<\/div>","protected":false},"author":3,"featured_media":36500,"comment_status":"open","ping_status":"open","sticky":false,"template":"","format":"standard","meta":{"_jetpack_memberships_contains_paid_content":false,"footnotes":"","jetpack_publicize_message":"","jetpack_publicize_feature_enabled":true,"jetpack_social_post_already_shared":true,"jetpack_social_options":{"image_generator_settings":{"template":"highway","default_image_id":0,"font":"","enabled":false},"version":2}},"categories":[44,51],"tags":[],"class_list":{"0":"post-36499","1":"post","2":"type-post","3":"status-publish","4":"format-standard","5":"has-post-thumbnail","7":"category-policiales","8":"category-regionales"},"jetpack_publicize_connections":[],"jetpack_featured_media_url":"https:\/\/i0.wp.com\/larevistadigital.com.ar\/blog\/wp-content\/uploads\/71338ec839ab1c8e5fe1a09a752a2383726b7fd9.jpeg?fit=1140%2C760&ssl=1","jetpack_sharing_enabled":true,"jetpack_shortlink":"https:\/\/wp.me\/p8qtrQ-9uH","jetpack-related-posts":[{"id":37181,"url":"https:\/\/larevistadigital.com.ar\/blog\/santa-teresita-un-incendio-destruyo-un-taller-de-chapa-y-pintura\/","url_meta":{"origin":36499,"position":0},"title":"Santa Teresita: Un incendio destruy\u00f3 un taller de chapa y pintura","author":"Alejandro Sosa Ruda","date":"10 septiembre, 2024","format":false,"excerpt":"Afortunadamente solo hubo que lamentar p\u00e9rdidas materiales, pero las llamas consumieron el lugar. 10 de Septiembre de 2024 PARTIDO DE LA COSTA -\u00a0 Un voraz incendio se desat\u00f3 este lunes al mediod\u00eda en un taller de chapa y pintura en Santa Teresita, Partido de La Costa. Vecinos alertaron a los\u2026","rel":"","context":"En \u00abPOLICIALES\u00bb","block_context":{"text":"POLICIALES","link":"https:\/\/larevistadigital.com.ar\/blog\/category\/policiales\/"},"img":{"alt_text":"","src":"https:\/\/i0.wp.com\/larevistadigital.com.ar\/blog\/wp-content\/uploads\/d72ead4eac59a87c73c4598bbe16172c54cdc930.jpg?fit=1140%2C730&ssl=1&resize=350%2C200","width":350,"height":200,"srcset":"https:\/\/i0.wp.com\/larevistadigital.com.ar\/blog\/wp-content\/uploads\/d72ead4eac59a87c73c4598bbe16172c54cdc930.jpg?fit=1140%2C730&ssl=1&resize=350%2C200 1x, https:\/\/i0.wp.com\/larevistadigital.com.ar\/blog\/wp-content\/uploads\/d72ead4eac59a87c73c4598bbe16172c54cdc930.jpg?fit=1140%2C730&ssl=1&resize=525%2C300 1.5x, https:\/\/i0.wp.com\/larevistadigital.com.ar\/blog\/wp-content\/uploads\/d72ead4eac59a87c73c4598bbe16172c54cdc930.jpg?fit=1140%2C730&ssl=1&resize=700%2C400 2x, https:\/\/i0.wp.com\/larevistadigital.com.ar\/blog\/wp-content\/uploads\/d72ead4eac59a87c73c4598bbe16172c54cdc930.jpg?fit=1140%2C730&ssl=1&resize=1050%2C600 3x"},"classes":[]},{"id":17809,"url":"https:\/\/larevistadigital.com.ar\/blog\/mar-del-plata-se-incendio-casa-en-el-bosque-y-quedo-reducida-a-cenizas\/","url_meta":{"origin":36499,"position":1},"title":"MAR DEL PLATA: SE INCENDI\u00d3 CASA EN EL BOSQUE Y QUEDO REDUCIDA A CENIZAS","author":"Alejandro Sosa Ruda","date":"24 noviembre, 2020","format":false,"excerpt":"Sucedi\u00f3 esta madrugada en una vivienda de Los Cha\u00f1ares al 1500. La moradora de la casa result\u00f3 ilesa. Un voraz incendio se desat\u00f3 este martes a la madrugada sobre una vivienda del\u00a0Bosque de Peralta Ramos, que qued\u00f3 reducida a cenizas. Fuentes consultadas por\u00a00223, indicaron que el hecho sucedi\u00f3 alrededor de\u2026","rel":"","context":"En \u00abREGIONALES\u00bb","block_context":{"text":"REGIONALES","link":"https:\/\/larevistadigital.com.ar\/blog\/category\/regionales\/"},"img":{"alt_text":"","src":"https:\/\/i0.wp.com\/larevistadigital.com.ar\/blog\/wp-content\/uploads\/Screenshot_3-61.jpg?fit=1001%2C559&ssl=1&resize=350%2C200","width":350,"height":200,"srcset":"https:\/\/i0.wp.com\/larevistadigital.com.ar\/blog\/wp-content\/uploads\/Screenshot_3-61.jpg?fit=1001%2C559&ssl=1&resize=350%2C200 1x, https:\/\/i0.wp.com\/larevistadigital.com.ar\/blog\/wp-content\/uploads\/Screenshot_3-61.jpg?fit=1001%2C559&ssl=1&resize=525%2C300 1.5x, https:\/\/i0.wp.com\/larevistadigital.com.ar\/blog\/wp-content\/uploads\/Screenshot_3-61.jpg?fit=1001%2C559&ssl=1&resize=700%2C400 2x"},"classes":[]},{"id":21638,"url":"https:\/\/larevistadigital.com.ar\/blog\/san-bernardo-sorpresa-por-la-aparicion-de-un-lobo-marino-en-las-calles\/","url_meta":{"origin":36499,"position":2},"title":"SAN BERNARDO: SORPRESA POR LA APARICI\u00d3N DE UN LOBO MARINO EN LAS CALLES","author":"Alejandro Sosa Ruda","date":"22 agosto, 2021","format":false,"excerpt":"SAN BERNARDO - Un lobo marino sali\u00f3 del mar y sorprendi\u00f3 a quienes recorr\u00edan las playas de San Bernardo. El simp\u00e1tico animal recorri\u00f3 la avenida Costanera para luego descansar sobre Hernandarias, cautivando la mirada de quienes lo cruzaron y su imagen se viraliz\u00f3 en las redes sociales. Las autoridades recordaron\u2026","rel":"","context":"En \u00abREGIONALES\u00bb","block_context":{"text":"REGIONALES","link":"https:\/\/larevistadigital.com.ar\/blog\/category\/regionales\/"},"img":{"alt_text":"","src":"https:\/\/i0.wp.com\/larevistadigital.com.ar\/blog\/wp-content\/uploads\/57bae59d807de19e844ba7873642b3a5e47c5d87.jpg?fit=987%2C900&ssl=1&resize=350%2C200","width":350,"height":200,"srcset":"https:\/\/i0.wp.com\/larevistadigital.com.ar\/blog\/wp-content\/uploads\/57bae59d807de19e844ba7873642b3a5e47c5d87.jpg?fit=987%2C900&ssl=1&resize=350%2C200 1x, https:\/\/i0.wp.com\/larevistadigital.com.ar\/blog\/wp-content\/uploads\/57bae59d807de19e844ba7873642b3a5e47c5d87.jpg?fit=987%2C900&ssl=1&resize=525%2C300 1.5x, https:\/\/i0.wp.com\/larevistadigital.com.ar\/blog\/wp-content\/uploads\/57bae59d807de19e844ba7873642b3a5e47c5d87.jpg?fit=987%2C900&ssl=1&resize=700%2C400 2x"},"classes":[]},{"id":32816,"url":"https:\/\/larevistadigital.com.ar\/blog\/la-plata-tragedia-en-un-incendio-en-una-casa-donde-un-hombre-quedo-encerrado-y-murio\/","url_meta":{"origin":36499,"position":3},"title":"LA PLATA: TRAGEDIA EN UN INCENDIO EN UNA CASA DONDE UN HOMBRE QUED\u00d3 ENCERRADO Y MURI\u00d3","author":"Alejandro Sosa Ruda","date":"8 agosto, 2023","format":false,"excerpt":"La v\u00edctima viv\u00eda en una precaria casilla y qued\u00f3 atrapada en el voraz incendio que la consumi\u00f3 por completo. Los investigadores analizan qu\u00e9 inici\u00f3 el fuego. 08 de agosto de 2023 LA PLATA -\u00a0 Un hombre muri\u00f3 este martes por la ma\u00f1ana producto de un incendio desatado en San Carlos.\u00a0De\u2026","rel":"","context":"En \u00abPOLICIALES\u00bb","block_context":{"text":"POLICIALES","link":"https:\/\/larevistadigital.com.ar\/blog\/category\/policiales\/"},"img":{"alt_text":"","src":"https:\/\/i0.wp.com\/larevistadigital.com.ar\/blog\/wp-content\/uploads\/1691502850914.jpeg?fit=1200%2C594&ssl=1&resize=350%2C200","width":350,"height":200,"srcset":"https:\/\/i0.wp.com\/larevistadigital.com.ar\/blog\/wp-content\/uploads\/1691502850914.jpeg?fit=1200%2C594&ssl=1&resize=350%2C200 1x, https:\/\/i0.wp.com\/larevistadigital.com.ar\/blog\/wp-content\/uploads\/1691502850914.jpeg?fit=1200%2C594&ssl=1&resize=525%2C300 1.5x, https:\/\/i0.wp.com\/larevistadigital.com.ar\/blog\/wp-content\/uploads\/1691502850914.jpeg?fit=1200%2C594&ssl=1&resize=700%2C400 2x, https:\/\/i0.wp.com\/larevistadigital.com.ar\/blog\/wp-content\/uploads\/1691502850914.jpeg?fit=1200%2C594&ssl=1&resize=1050%2C600 3x"},"classes":[]},{"id":16230,"url":"https:\/\/larevistadigital.com.ar\/blog\/romero-se-incendio-fabrica-de-muebles\/","url_meta":{"origin":36499,"position":4},"title":"ROMERO: SE INCENDI\u00d3 F\u00c1BRICA DE MUEBLES","author":"Alejandro Sosa Ruda","date":"4 septiembre, 2020","format":false,"excerpt":"Esta madrugada, un voraz incendio destruy\u00f3 una f\u00e1brica de muebles en 528 entre 161 y 162, mereciendo el denodado trabajo de varias dotaciones de bomberos, que esta ma\u00f1ana lograron sofocar las llamas. La voracidad del fuego caus\u00f3\u00a0la destrucci\u00f3n total del local, dejando a los due\u00f1os sin nada. Ahora estar\u00edan necesitando\u2026","rel":"","context":"En \u00abREGIONALES\u00bb","block_context":{"text":"REGIONALES","link":"https:\/\/larevistadigital.com.ar\/blog\/category\/regionales\/"},"img":{"alt_text":"","src":"https:\/\/i0.wp.com\/larevistadigital.com.ar\/blog\/wp-content\/uploads\/20200904112850_00bec2c9_1bfb_43a0_9ce1_f5fd06fdff82.jpg?fit=880%2C586&ssl=1&resize=350%2C200","width":350,"height":200,"srcset":"https:\/\/i0.wp.com\/larevistadigital.com.ar\/blog\/wp-content\/uploads\/20200904112850_00bec2c9_1bfb_43a0_9ce1_f5fd06fdff82.jpg?fit=880%2C586&ssl=1&resize=350%2C200 1x, https:\/\/i0.wp.com\/larevistadigital.com.ar\/blog\/wp-content\/uploads\/20200904112850_00bec2c9_1bfb_43a0_9ce1_f5fd06fdff82.jpg?fit=880%2C586&ssl=1&resize=525%2C300 1.5x, https:\/\/i0.wp.com\/larevistadigital.com.ar\/blog\/wp-content\/uploads\/20200904112850_00bec2c9_1bfb_43a0_9ce1_f5fd06fdff82.jpg?fit=880%2C586&ssl=1&resize=700%2C400 2x"},"classes":[]},{"id":41055,"url":"https:\/\/larevistadigital.com.ar\/blog\/conmocion-una-mujer-de-83-anos-murio-en-el-incendio-de-su-vivienda\/","url_meta":{"origin":36499,"position":5},"title":"Conmoci\u00f3n: Una mujer de 83 a\u00f1os muri\u00f3 en el incendio de su vivienda","author":"Alejandro Sosa Ruda","date":"22 agosto, 2025","format":false,"excerpt":"El siniestro ocurri\u00f3 durante la madrugada del mi\u00e9rcoles en Ayacucho. Se incendi\u00f3 una casa de la calle San Mart\u00edn al 300. Una trabajadora que se encontraba en el lugar logr\u00f3 salvar su vida y fue asistida por personal m\u00e9dico. Las causas del fuego a\u00fan se investigan. 22 de agosto de\u2026","rel":"","context":"En \u00abDESTACADAS\u00bb","block_context":{"text":"DESTACADAS","link":"https:\/\/larevistadigital.com.ar\/blog\/category\/destacadas\/"},"img":{"alt_text":"","src":"https:\/\/i0.wp.com\/larevistadigital.com.ar\/blog\/wp-content\/uploads\/7854de0b00c8af3f3086d7f46f5e99f9d44e37d2.png?fit=1140%2C641&ssl=1&resize=350%2C200","width":350,"height":200,"srcset":"https:\/\/i0.wp.com\/larevistadigital.com.ar\/blog\/wp-content\/uploads\/7854de0b00c8af3f3086d7f46f5e99f9d44e37d2.png?fit=1140%2C641&ssl=1&resize=350%2C200 1x, https:\/\/i0.wp.com\/larevistadigital.com.ar\/blog\/wp-content\/uploads\/7854de0b00c8af3f3086d7f46f5e99f9d44e37d2.png?fit=1140%2C641&ssl=1&resize=525%2C300 1.5x, https:\/\/i0.wp.com\/larevistadigital.com.ar\/blog\/wp-content\/uploads\/7854de0b00c8af3f3086d7f46f5e99f9d44e37d2.png?fit=1140%2C641&ssl=1&resize=700%2C400 2x, https:\/\/i0.wp.com\/larevistadigital.com.ar\/blog\/wp-content\/uploads\/7854de0b00c8af3f3086d7f46f5e99f9d44e37d2.png?fit=1140%2C641&ssl=1&resize=1050%2C600 3x"},"classes":[]}],"_links":{"self":[{"href":"https:\/\/larevistadigital.com.ar\/blog\/wp-json\/wp\/v2\/posts\/36499","targetHints":{"allow":["GET"]}}],"collection":[{"href":"https:\/\/larevistadigital.com.ar\/blog\/wp-json\/wp\/v2\/posts"}],"about":[{"href":"https:\/\/larevistadigital.com.ar\/blog\/wp-json\/wp\/v2\/types\/post"}],"author":[{"embeddable":true,"href":"https:\/\/larevistadigital.com.ar\/blog\/wp-json\/wp\/v2\/users\/3"}],"replies":[{"embeddable":true,"href":"https:\/\/larevistadigital.com.ar\/blog\/wp-json\/wp\/v2\/comments?post=36499"}],"version-history":[{"count":1,"href":"https:\/\/larevistadigital.com.ar\/blog\/wp-json\/wp\/v2\/posts\/36499\/revisions"}],"predecessor-version":[{"id":36501,"href":"https:\/\/larevistadigital.com.ar\/blog\/wp-json\/wp\/v2\/posts\/36499\/revisions\/36501"}],"wp:featuredmedia":[{"embeddable":true,"href":"https:\/\/larevistadigital.com.ar\/blog\/wp-json\/wp\/v2\/media\/36500"}],"wp:attachment":[{"href":"https:\/\/larevistadigital.com.ar\/blog\/wp-json\/wp\/v2\/media?parent=36499"}],"wp:term":[{"taxonomy":"category","embeddable":true,"href":"https:\/\/larevistadigital.com.ar\/blog\/wp-json\/wp\/v2\/categories?post=36499"},{"taxonomy":"post_tag","embeddable":true,"href":"https:\/\/larevistadigital.com.ar\/blog\/wp-json\/wp\/v2\/tags?post=36499"}],"curies":[{"name":"wp","href":"https:\/\/api.w.org\/{rel}","templated":true}]}}