{"id":36502,"date":"2024-07-01T00:24:04","date_gmt":"2024-07-01T03:24:04","guid":{"rendered":"https:\/\/larevistadigital.com.ar\/blog\/?p=36502"},"modified":"2024-07-01T21:50:54","modified_gmt":"2024-07-02T00:50:54","slug":"chascomus-un-herido-y-un-fallecido-tras-una-rina-en-la-zona-rural","status":"publish","type":"post","link":"https:\/\/larevistadigital.com.ar\/blog\/chascomus-un-herido-y-un-fallecido-tras-una-rina-en-la-zona-rural\/","title":{"rendered":"CHASCOM\u00daS: UN HERIDO Y UN FALLECIDO TRAS UNA RI\u00d1A."},"content":{"rendered":"<h2>Seg\u00fan trascendi\u00f3 fue en una pelea y a\u00fan no hay informaci\u00f3n oficial acerca de c\u00f3mo sucedieron los hechos.<\/h2>\n<p>01 de Julio de 2024<\/p>\n<p><strong>CHASCOM\u00daS &#8211;\u00a0 <\/strong>La Polic\u00eda Comunal tom\u00f3 conocimiento de los hechos a trav\u00e9s de un llamado telef\u00f3nico y al llegar al lugar, encontr\u00f3 al fallecido.<\/p>\n<p>Tambi\u00e9n otro sujeto fue trasladado al Hospital con heridas.<\/p>\n<blockquote>\n<h3>Trascendi\u00f3 por las primeras investigaciones que los dos hombres habr\u00edan mantenido una feroz pelea, que tuvo el fatal descenlace.<\/h3>\n<\/blockquote>\n<p>La polic\u00eda incaut\u00f3 un arma blanca con sangre y las prendas de vestir del sospechoso.<\/p>\n<p>El lugar, fue peritado por Personal de la Polic\u00eda Cient\u00edfica y el suceso es investigado con intervenci\u00f3n del Departamento Judicial Dolores.<\/p>\n<p>&nbsp;<\/p>\n","protected":false},"excerpt":{"rendered":"<div class=\"mh-excerpt\"><p>Seg\u00fan trascendi\u00f3 fue en una pelea y a\u00fan no hay informaci\u00f3n oficial acerca de c\u00f3mo sucedieron los hechos. 01 de Julio de 2024 CHASCOM\u00daS &#8211;\u00a0 La Polic\u00eda Comunal tom\u00f3 conocimiento de los hechos a trav\u00e9s <a class=\"mh-excerpt-more\" href=\"https:\/\/larevistadigital.com.ar\/blog\/chascomus-un-herido-y-un-fallecido-tras-una-rina-en-la-zona-rural\/\" title=\"CHASCOM\u00daS: UN HERIDO Y UN FALLECIDO TRAS UNA RI\u00d1A.\">[Leer M\u00e1s]<\/a><\/p>\n<\/div>","protected":false},"author":3,"featured_media":23109,"comment_status":"open","ping_status":"open","sticky":false,"template":"","format":"standard","meta":{"_jetpack_memberships_contains_paid_content":false,"footnotes":"","jetpack_publicize_message":"","jetpack_publicize_feature_enabled":true,"jetpack_social_post_already_shared":true,"jetpack_social_options":{"image_generator_settings":{"template":"highway","default_image_id":0,"font":"","enabled":false},"version":2}},"categories":[50,44],"tags":[],"class_list":{"0":"post-36502","1":"post","2":"type-post","3":"status-publish","4":"format-standard","5":"has-post-thumbnail","7":"category-interes-general","8":"category-policiales"},"jetpack_publicize_connections":[],"jetpack_featured_media_url":"https:\/\/i0.wp.com\/larevistadigital.com.ar\/blog\/wp-content\/uploads\/Captura-de-pantalla-2021-12-29-203210.jpg?fit=1013%2C675&ssl=1","jetpack_sharing_enabled":true,"jetpack_shortlink":"https:\/\/wp.me\/p8qtrQ-9uK","jetpack-related-posts":[{"id":38447,"url":"https:\/\/larevistadigital.com.ar\/blog\/en-una-pelea-un-hombre-apunalo-a-su-hermano-fue-detenido\/","url_meta":{"origin":36502,"position":0},"title":"En una pelea, un hombre apu\u00f1al\u00f3 a su hermano. Fue detenido","author":"Alejandro Sosa Ruda","date":"8 enero, 2025","format":false,"excerpt":"Se lo detuvo m\u00e1s tarde, en inmediaciones de la calle Yrigoyen. 08 de Enero de 2025 CHASCOM\u00daS -\u00a0 El dia Jueves 2 del corriente personal policial se traslado hasta un domicilio de calle Peru al 700 ya que en el lugar se encontraba una persona herida producto de una pelea.\u2026","rel":"","context":"En \u00abINTERES GENERAL\u00bb","block_context":{"text":"INTERES GENERAL","link":"https:\/\/larevistadigital.com.ar\/blog\/category\/interes-general\/"},"img":{"alt_text":"","src":"https:\/\/i0.wp.com\/larevistadigital.com.ar\/blog\/wp-content\/uploads\/Polic%C3%ADa-Bonaerense-Patrulleros-3.jpg?fit=772%2C434&ssl=1&resize=350%2C200","width":350,"height":200,"srcset":"https:\/\/i0.wp.com\/larevistadigital.com.ar\/blog\/wp-content\/uploads\/Polic%C3%ADa-Bonaerense-Patrulleros-3.jpg?fit=772%2C434&ssl=1&resize=350%2C200 1x, https:\/\/i0.wp.com\/larevistadigital.com.ar\/blog\/wp-content\/uploads\/Polic%C3%ADa-Bonaerense-Patrulleros-3.jpg?fit=772%2C434&ssl=1&resize=525%2C300 1.5x, https:\/\/i0.wp.com\/larevistadigital.com.ar\/blog\/wp-content\/uploads\/Polic%C3%ADa-Bonaerense-Patrulleros-3.jpg?fit=772%2C434&ssl=1&resize=700%2C400 2x"},"classes":[]},{"id":29904,"url":"https:\/\/larevistadigital.com.ar\/blog\/chascomus-apunalan-a-un-joven-en-la-madrugada-se-encuentra-grave\/","url_meta":{"origin":36502,"position":1},"title":"CHASCOM\u00daS: APU\u00d1ALAN A UN JOVEN EN LA MADRUGADA, SE ENCUENTRA GRAVE","author":"Alejandro Sosa Ruda","date":"30 enero, 2023","format":false,"excerpt":"Todo habr\u00eda comenzado en una pelea por una chica, el joven apu\u00f1alado se encuentra en estado delicado. El agresor fue detenido y trasladado a Dolores. Ambos tienen 17 a\u00f1os de edad. 30 de enero de 2023 CHASCOM\u00daS -\u00a0 La jornada de ayer, comenz\u00f3 de la peor manera. Un incidente que\u2026","rel":"","context":"En \u00abDESTACADAS\u00bb","block_context":{"text":"DESTACADAS","link":"https:\/\/larevistadigital.com.ar\/blog\/category\/destacadas\/"},"img":{"alt_text":"","src":"https:\/\/i0.wp.com\/larevistadigital.com.ar\/blog\/wp-content\/uploads\/POLICIA.png?fit=1002%2C658&ssl=1&resize=350%2C200","width":350,"height":200,"srcset":"https:\/\/i0.wp.com\/larevistadigital.com.ar\/blog\/wp-content\/uploads\/POLICIA.png?fit=1002%2C658&ssl=1&resize=350%2C200 1x, https:\/\/i0.wp.com\/larevistadigital.com.ar\/blog\/wp-content\/uploads\/POLICIA.png?fit=1002%2C658&ssl=1&resize=525%2C300 1.5x, https:\/\/i0.wp.com\/larevistadigital.com.ar\/blog\/wp-content\/uploads\/POLICIA.png?fit=1002%2C658&ssl=1&resize=700%2C400 2x"},"classes":[]},{"id":36198,"url":"https:\/\/larevistadigital.com.ar\/blog\/mar-del-plata-encuentran-a-una-policia-en-su-casa\/","url_meta":{"origin":36502,"position":2},"title":"MAR DEL PLATA: ENCUENTRAN A UNA POLIC\u00cdA EN SU CASA","author":"Alejandro Sosa Ruda","date":"2 junio, 2024","format":false,"excerpt":"Se hallaba de licencia m\u00e9dica por trastornos en el estado de \u00e1nimo, informaron desde la fuerza. El fiscal Fernando Berlingeri estuvo en el lugar y sospecha que se habr\u00eda suicidado. 2 de Junio de 2024 Una polic\u00eda\u00a0fue encontrada muerta este domingo en su casa del barrio Parque Pe\u00f1a\u00a0y los investigadores\u2026","rel":"","context":"En \u00abPOLICIALES\u00bb","block_context":{"text":"POLICIALES","link":"https:\/\/larevistadigital.com.ar\/blog\/category\/policiales\/"},"img":{"alt_text":"","src":"https:\/\/i0.wp.com\/larevistadigital.com.ar\/blog\/wp-content\/uploads\/Captura-de-pantalla-2021-12-29-203210.jpg?fit=1013%2C675&ssl=1&resize=350%2C200","width":350,"height":200,"srcset":"https:\/\/i0.wp.com\/larevistadigital.com.ar\/blog\/wp-content\/uploads\/Captura-de-pantalla-2021-12-29-203210.jpg?fit=1013%2C675&ssl=1&resize=350%2C200 1x, https:\/\/i0.wp.com\/larevistadigital.com.ar\/blog\/wp-content\/uploads\/Captura-de-pantalla-2021-12-29-203210.jpg?fit=1013%2C675&ssl=1&resize=525%2C300 1.5x, https:\/\/i0.wp.com\/larevistadigital.com.ar\/blog\/wp-content\/uploads\/Captura-de-pantalla-2021-12-29-203210.jpg?fit=1013%2C675&ssl=1&resize=700%2C400 2x"},"classes":[]},{"id":14575,"url":"https:\/\/larevistadigital.com.ar\/blog\/mar-del-plata-delincuentes-balearon-a-un-policia\/","url_meta":{"origin":36502,"position":3},"title":"MAR DEL PLATA: DELINCUENTES BALEARON A UN POLIC\u00cdA","author":"Alejandro Sosa Ruda","date":"3 febrero, 2020","format":false,"excerpt":"El hecho ocurri\u00f3 a las 19 hs.. Los investigadores trabajan en el lugar: la zona fue vallada y se interrumpi\u00f3 el tr\u00e1nsito. En el enfrentamiento tambi\u00e9n fue herido uno de los ladrones. Un polic\u00eda fue baleado este lunes a la tarde durante un tiroteo que mantuvo con delincuentes La Rioja,\u2026","rel":"","context":"En \u00abREGIONALES\u00bb","block_context":{"text":"REGIONALES","link":"https:\/\/larevistadigital.com.ar\/blog\/category\/regionales\/"},"img":{"alt_text":"","src":"https:\/\/i0.wp.com\/larevistadigital.com.ar\/blog\/wp-content\/uploads\/Screenshot_3-40.jpg?fit=1010%2C475&ssl=1&resize=350%2C200","width":350,"height":200,"srcset":"https:\/\/i0.wp.com\/larevistadigital.com.ar\/blog\/wp-content\/uploads\/Screenshot_3-40.jpg?fit=1010%2C475&ssl=1&resize=350%2C200 1x, https:\/\/i0.wp.com\/larevistadigital.com.ar\/blog\/wp-content\/uploads\/Screenshot_3-40.jpg?fit=1010%2C475&ssl=1&resize=525%2C300 1.5x, https:\/\/i0.wp.com\/larevistadigital.com.ar\/blog\/wp-content\/uploads\/Screenshot_3-40.jpg?fit=1010%2C475&ssl=1&resize=700%2C400 2x"},"classes":[]},{"id":33968,"url":"https:\/\/larevistadigital.com.ar\/blog\/en-una-pelea-un-individuo-perdio-un-ojo-de-un-botellazo-y-la-policia-comunal-encontro-y-atrapo-al-responsable\/","url_meta":{"origin":36502,"position":4},"title":"EN UNA PELEA UN INDIVIDUO PERDI\u00d3 UN OJO DE UN BOTELLAZO Y LA POLIC\u00cdA COMUNAL ENCONTR\u00d3 Y ATRAP\u00d3 AL RESPONSABLE.","author":"Alejandro Sosa Ruda","date":"11 octubre, 2023","format":false,"excerpt":"Todo ocurri\u00f3 durante una ri\u00f1a a la salida de un \"Boliche\" en la costanera. El autor del hecho est\u00e1 imputado del delito de LESIONES GRAV\u00cdSIMAS. 11 de Octubre de 2023 CHASCOM\u00daS -\u00a0 En las \u00faltimas horas del d\u00eda Domingo 8, se recibi\u00f3 en la Estaci\u00f3n de Polic\u00eda Comunal una denuncia\u2026","rel":"","context":"En \u00abDESTACADAS\u00bb","block_context":{"text":"DESTACADAS","link":"https:\/\/larevistadigital.com.ar\/blog\/category\/destacadas\/"},"img":{"alt_text":"","src":"https:\/\/i0.wp.com\/larevistadigital.com.ar\/blog\/wp-content\/uploads\/Captura-de-pantalla-2023-10-11-105551.jpg?fit=700%2C600&ssl=1&resize=350%2C200","width":350,"height":200,"srcset":"https:\/\/i0.wp.com\/larevistadigital.com.ar\/blog\/wp-content\/uploads\/Captura-de-pantalla-2023-10-11-105551.jpg?fit=700%2C600&ssl=1&resize=350%2C200 1x, https:\/\/i0.wp.com\/larevistadigital.com.ar\/blog\/wp-content\/uploads\/Captura-de-pantalla-2023-10-11-105551.jpg?fit=700%2C600&ssl=1&resize=525%2C300 1.5x, https:\/\/i0.wp.com\/larevistadigital.com.ar\/blog\/wp-content\/uploads\/Captura-de-pantalla-2023-10-11-105551.jpg?fit=700%2C600&ssl=1&resize=700%2C400 2x"},"classes":[]},{"id":27535,"url":"https:\/\/larevistadigital.com.ar\/blog\/chascomus-dos-hechos-de-robo-esclarecidos-en-la-misma-noche-con-detenidos-en-ambos-casos\/","url_meta":{"origin":36502,"position":5},"title":"CHASCOM\u00daS: DOS HECHOS DE ROBO ESCLARECIDOS EN LA MISMA NOCHE, CON DETENIDOS EN AMBOS CASOS","author":"Alejandro Sosa Ruda","date":"4 septiembre, 2022","format":false,"excerpt":"Sucedieron durante la madrugada de ayer. Los hechos fueron esclarecidos y los autores aprehendidos. 04 de septiembre de 2022 CHASCOM\u00daS -\u00a0\u00a0Durante la madrugada de ayer, 03 de septiembre, sucedieron dos hechos de robo en la ciudad que la Polic\u00eda Comunal logr\u00f3 esclarecer, y detener en ambos casos a las personas\u2026","rel":"","context":"En \u00abINTERES GENERAL\u00bb","block_context":{"text":"INTERES GENERAL","link":"https:\/\/larevistadigital.com.ar\/blog\/category\/interes-general\/"},"img":{"alt_text":"","src":"https:\/\/i0.wp.com\/larevistadigital.com.ar\/blog\/wp-content\/uploads\/2018\/03\/Policia-allanamiento-noche.jpg?fit=777%2C498&ssl=1&resize=350%2C200","width":350,"height":200,"srcset":"https:\/\/i0.wp.com\/larevistadigital.com.ar\/blog\/wp-content\/uploads\/2018\/03\/Policia-allanamiento-noche.jpg?fit=777%2C498&ssl=1&resize=350%2C200 1x, https:\/\/i0.wp.com\/larevistadigital.com.ar\/blog\/wp-content\/uploads\/2018\/03\/Policia-allanamiento-noche.jpg?fit=777%2C498&ssl=1&resize=525%2C300 1.5x, https:\/\/i0.wp.com\/larevistadigital.com.ar\/blog\/wp-content\/uploads\/2018\/03\/Policia-allanamiento-noche.jpg?fit=777%2C498&ssl=1&resize=700%2C400 2x"},"classes":[]}],"_links":{"self":[{"href":"https:\/\/larevistadigital.com.ar\/blog\/wp-json\/wp\/v2\/posts\/36502","targetHints":{"allow":["GET"]}}],"collection":[{"href":"https:\/\/larevistadigital.com.ar\/blog\/wp-json\/wp\/v2\/posts"}],"about":[{"href":"https:\/\/larevistadigital.com.ar\/blog\/wp-json\/wp\/v2\/types\/post"}],"author":[{"embeddable":true,"href":"https:\/\/larevistadigital.com.ar\/blog\/wp-json\/wp\/v2\/users\/3"}],"replies":[{"embeddable":true,"href":"https:\/\/larevistadigital.com.ar\/blog\/wp-json\/wp\/v2\/comments?post=36502"}],"version-history":[{"count":3,"href":"https:\/\/larevistadigital.com.ar\/blog\/wp-json\/wp\/v2\/posts\/36502\/revisions"}],"predecessor-version":[{"id":36521,"href":"https:\/\/larevistadigital.com.ar\/blog\/wp-json\/wp\/v2\/posts\/36502\/revisions\/36521"}],"wp:featuredmedia":[{"embeddable":true,"href":"https:\/\/larevistadigital.com.ar\/blog\/wp-json\/wp\/v2\/media\/23109"}],"wp:attachment":[{"href":"https:\/\/larevistadigital.com.ar\/blog\/wp-json\/wp\/v2\/media?parent=36502"}],"wp:term":[{"taxonomy":"category","embeddable":true,"href":"https:\/\/larevistadigital.com.ar\/blog\/wp-json\/wp\/v2\/categories?post=36502"},{"taxonomy":"post_tag","embeddable":true,"href":"https:\/\/larevistadigital.com.ar\/blog\/wp-json\/wp\/v2\/tags?post=36502"}],"curies":[{"name":"wp","href":"https:\/\/api.w.org\/{rel}","templated":true}]}}