{"id":36504,"date":"2024-07-01T00:32:48","date_gmt":"2024-07-01T03:32:48","guid":{"rendered":"https:\/\/larevistadigital.com.ar\/blog\/?p=36504"},"modified":"2024-07-01T00:32:48","modified_gmt":"2024-07-01T03:32:48","slug":"dolores-choque-entre-un-camion-y-una-combi","status":"publish","type":"post","link":"https:\/\/larevistadigital.com.ar\/blog\/dolores-choque-entre-un-camion-y-una-combi\/","title":{"rendered":"DOLORES: CHOQUE ENTRE UN CAMI\u00d3N Y UNA COMBI"},"content":{"rendered":"<h2>Fue un choque de los denominados \u00abpor alcance\u00bb.<\/h2>\n<p>01 de Julio de 2024<\/p>\n<p><strong>DOLORES &#8211;\u00a0 \u00a0<\/strong>Un cami\u00f3n y una combi, protagonizaron una fuerte colisi\u00f3n, seg\u00fan pudo saberse fue de los que se denominan \u00abpor alcance\u00bb, es decir que un veh\u00edculo choca a otro por detr\u00e1s.<\/p>\n<p>El siniestro, ocurri\u00f3 a la altura del km.196 de la ruta 2, sobre la mano que circula hacia Caba, en jurisdicci\u00f3n de Dolores.<\/p>\n<blockquote>\n<h3>\u00a0El conductor de la combi oriundo de Mar del Plata debi\u00f3 ser rescatado por los Bomberos y trasladado para su atenci\u00f3n m\u00e9dica, mientras que el chofer de Castelli, oriundo de Castelli recibi\u00f3 asistencia en el lugar del accidente.<\/h3>\n<\/blockquote>\n<p>Trabajaron en el lugar personal de Bomberos, Sistema de Emergencias y Polic\u00eda Vial.<\/p>\n<p>fuente e imagen: entrel\u00edneas.info<\/p>\n","protected":false},"excerpt":{"rendered":"<div class=\"mh-excerpt\"><p>Fue un choque de los denominados \u00abpor alcance\u00bb. 01 de Julio de 2024 DOLORES &#8211;\u00a0 \u00a0Un cami\u00f3n y una combi, protagonizaron una fuerte colisi\u00f3n, seg\u00fan pudo saberse fue de los que se denominan \u00abpor alcance\u00bb, <a class=\"mh-excerpt-more\" href=\"https:\/\/larevistadigital.com.ar\/blog\/dolores-choque-entre-un-camion-y-una-combi\/\" title=\"DOLORES: CHOQUE ENTRE UN CAMI\u00d3N Y UNA COMBI\">[Leer M\u00e1s]<\/a><\/p>\n<\/div>","protected":false},"author":3,"featured_media":36505,"comment_status":"open","ping_status":"open","sticky":false,"template":"","format":"standard","meta":{"_jetpack_memberships_contains_paid_content":false,"footnotes":"","jetpack_publicize_message":"","jetpack_publicize_feature_enabled":true,"jetpack_social_post_already_shared":true,"jetpack_social_options":{"image_generator_settings":{"template":"highway","default_image_id":0,"font":"","enabled":false},"version":2}},"categories":[44,51],"tags":[],"class_list":{"0":"post-36504","1":"post","2":"type-post","3":"status-publish","4":"format-standard","5":"has-post-thumbnail","7":"category-policiales","8":"category-regionales"},"jetpack_publicize_connections":[],"jetpack_featured_media_url":"https:\/\/i0.wp.com\/larevistadigital.com.ar\/blog\/wp-content\/uploads\/50d955ea53f5678b4195cbf54dbf369a90a96842.jpg?fit=1140%2C858&ssl=1","jetpack_sharing_enabled":true,"jetpack_shortlink":"https:\/\/wp.me\/p8qtrQ-9uM","jetpack-related-posts":[{"id":21309,"url":"https:\/\/larevistadigital.com.ar\/blog\/tragedia-en-la-ruta-41-un-muerto-y-un-herido-en-choque-entre-camioneta-y-camion\/","url_meta":{"origin":36504,"position":0},"title":"TRAGEDIA EN LA RUTA 41, UN MUERTO Y UN HERIDO EN CHOQUE ENTRE CAMIONETA Y CAMI\u00d3N","author":"Alejandro Sosa Ruda","date":"30 julio, 2021","format":false,"excerpt":"El accidente se produjo a la altura de Castelli. Los efectivos eran oriundos del Partido de La Costa y volv\u00edan de prestar servicio en La Matanza. CASTELLI - Un joven efectivo policial falleci\u00f3 y otro se encuentra en grave estado tras chocar en la camioneta en que viajan contra un\u2026","rel":"","context":"En \u00abDESTACADAS\u00bb","block_context":{"text":"DESTACADAS","link":"https:\/\/larevistadigital.com.ar\/blog\/category\/destacadas\/"},"img":{"alt_text":"","src":"https:\/\/i0.wp.com\/larevistadigital.com.ar\/blog\/wp-content\/uploads\/d41074a186274508a605875d7452aff790827f44.jpg?fit=1140%2C775&ssl=1&resize=350%2C200","width":350,"height":200,"srcset":"https:\/\/i0.wp.com\/larevistadigital.com.ar\/blog\/wp-content\/uploads\/d41074a186274508a605875d7452aff790827f44.jpg?fit=1140%2C775&ssl=1&resize=350%2C200 1x, https:\/\/i0.wp.com\/larevistadigital.com.ar\/blog\/wp-content\/uploads\/d41074a186274508a605875d7452aff790827f44.jpg?fit=1140%2C775&ssl=1&resize=525%2C300 1.5x, https:\/\/i0.wp.com\/larevistadigital.com.ar\/blog\/wp-content\/uploads\/d41074a186274508a605875d7452aff790827f44.jpg?fit=1140%2C775&ssl=1&resize=700%2C400 2x, https:\/\/i0.wp.com\/larevistadigital.com.ar\/blog\/wp-content\/uploads\/d41074a186274508a605875d7452aff790827f44.jpg?fit=1140%2C775&ssl=1&resize=1050%2C600 3x"},"classes":[]},{"id":19141,"url":"https:\/\/larevistadigital.com.ar\/blog\/ruta-2-accidente-a-la-altura-de-castelli-con-cinco-heridos\/","url_meta":{"origin":36504,"position":1},"title":"RUTA 2: ACCIDENTE A LA ALTURA DE CASTELLI CON CINCO HERIDOS","author":"Alejandro Sosa Ruda","date":"2 marzo, 2021","format":false,"excerpt":"El choque fue protagonizado por un cami\u00f3n y una camioneta. Los servicios de emergencia debieron asistir a los ocupantes de los veh\u00edculos. Un total de cinco personas resultaron heridas como consecuencia de un accidente de tr\u00e1nsito ocurrido en el kil\u00f3metro 193 de la Ruta 2, en jurisdicci\u00f3n del partido de\u2026","rel":"","context":"En \u00abINTERES GENERAL\u00bb","block_context":{"text":"INTERES GENERAL","link":"https:\/\/larevistadigital.com.ar\/blog\/category\/interes-general\/"},"img":{"alt_text":"","src":"https:\/\/i0.wp.com\/larevistadigital.com.ar\/blog\/wp-content\/uploads\/baddb3d915a1a844eab9dab86c67cb371d190bb7.jpg?fit=1140%2C699&ssl=1&resize=350%2C200","width":350,"height":200,"srcset":"https:\/\/i0.wp.com\/larevistadigital.com.ar\/blog\/wp-content\/uploads\/baddb3d915a1a844eab9dab86c67cb371d190bb7.jpg?fit=1140%2C699&ssl=1&resize=350%2C200 1x, https:\/\/i0.wp.com\/larevistadigital.com.ar\/blog\/wp-content\/uploads\/baddb3d915a1a844eab9dab86c67cb371d190bb7.jpg?fit=1140%2C699&ssl=1&resize=525%2C300 1.5x, https:\/\/i0.wp.com\/larevistadigital.com.ar\/blog\/wp-content\/uploads\/baddb3d915a1a844eab9dab86c67cb371d190bb7.jpg?fit=1140%2C699&ssl=1&resize=700%2C400 2x, https:\/\/i0.wp.com\/larevistadigital.com.ar\/blog\/wp-content\/uploads\/baddb3d915a1a844eab9dab86c67cb371d190bb7.jpg?fit=1140%2C699&ssl=1&resize=1050%2C600 3x"},"classes":[]},{"id":33193,"url":"https:\/\/larevistadigital.com.ar\/blog\/ruta-51-dos-muertos-en-un-choque-frontal-de-camiones\/","url_meta":{"origin":36504,"position":2},"title":"RUTA 51: DOS MUERTOS EN UN CHOQUE FRONTAL DE CAMIONES","author":"Alejandro Sosa Ruda","date":"1 septiembre, 2023","format":false,"excerpt":"Las autoridades policiales informaron que el tr\u00e1gico suceso tuvo lugar en las cercan\u00edas de la planta de cemento L\u2019Amali. El impactante choque se produjo entre un cami\u00f3n Iveco y un rodado de gran envergadura de la marca Scania, generando un impacto devastador que result\u00f3 en la p\u00e9rdida de vida de\u2026","rel":"","context":"En \u00abPOLICIALES\u00bb","block_context":{"text":"POLICIALES","link":"https:\/\/larevistadigital.com.ar\/blog\/category\/policiales\/"},"img":{"alt_text":"","src":"https:\/\/i0.wp.com\/larevistadigital.com.ar\/blog\/wp-content\/uploads\/20230831170755_choque.jpg?fit=880%2C512&ssl=1&resize=350%2C200","width":350,"height":200,"srcset":"https:\/\/i0.wp.com\/larevistadigital.com.ar\/blog\/wp-content\/uploads\/20230831170755_choque.jpg?fit=880%2C512&ssl=1&resize=350%2C200 1x, https:\/\/i0.wp.com\/larevistadigital.com.ar\/blog\/wp-content\/uploads\/20230831170755_choque.jpg?fit=880%2C512&ssl=1&resize=525%2C300 1.5x, https:\/\/i0.wp.com\/larevistadigital.com.ar\/blog\/wp-content\/uploads\/20230831170755_choque.jpg?fit=880%2C512&ssl=1&resize=700%2C400 2x"},"classes":[]},{"id":2020,"url":"https:\/\/larevistadigital.com.ar\/blog\/accidente-con-dos-heridos-graves-en-castelli\/","url_meta":{"origin":36504,"position":3},"title":"ACCIDENTE CON DOS HERIDOS GRAVES EN CASTELLI","author":"Alejandro Sosa Ruda","date":"16 abril, 2017","format":false,"excerpt":"Dos personas, el acompa\u00f1ante que sali\u00f3 despedida del auto y el conductor del Ford Mondeo que protagoniz\u00f3 el accidente del s\u00e1bado por la tare, revisten gravedad y se encuentran internados en Dolores confi\u00f3 una fuente policial a\u00a0Castelli diario. En la tarde del s\u00e1bado, pasadas las 18hs por causas que se\u2026","rel":"","context":"En \u00abCASTELLI\u00bb","block_context":{"text":"CASTELLI","link":"https:\/\/larevistadigital.com.ar\/blog\/category\/castelli\/"},"img":{"alt_text":"","src":"https:\/\/i0.wp.com\/larevistadigital.com.ar\/blog\/wp-content\/uploads\/2017\/04\/17975978_594282207422780_1367558989_o-700x394.jpg?fit=700%2C394&ssl=1&resize=350%2C200","width":350,"height":200,"srcset":"https:\/\/i0.wp.com\/larevistadigital.com.ar\/blog\/wp-content\/uploads\/2017\/04\/17975978_594282207422780_1367558989_o-700x394.jpg?fit=700%2C394&ssl=1&resize=350%2C200 1x, https:\/\/i0.wp.com\/larevistadigital.com.ar\/blog\/wp-content\/uploads\/2017\/04\/17975978_594282207422780_1367558989_o-700x394.jpg?fit=700%2C394&ssl=1&resize=525%2C300 1.5x, https:\/\/i0.wp.com\/larevistadigital.com.ar\/blog\/wp-content\/uploads\/2017\/04\/17975978_594282207422780_1367558989_o-700x394.jpg?fit=700%2C394&ssl=1&resize=700%2C400 2x"},"classes":[]},{"id":24798,"url":"https:\/\/larevistadigital.com.ar\/blog\/ruta-2-choque-de-camiones-en-castelli\/","url_meta":{"origin":36504,"position":4},"title":"RUTA 2: CHOQUE DE CAMIONES EN CASTELLI","author":"Alejandro Sosa Ruda","date":"25 marzo, 2022","format":false,"excerpt":"CASTELLI -\u00a0 Un camionero result\u00f3 herido tras colisionar con el cami\u00f3n que manejaba marca Iveco, en la parte trasera de otro Mercedes Benz. El accidente fue a la altura del kil\u00f3metro 181 de la Ruta, en jurisdicci\u00f3n del partido de Castelli, en sentido hacia la Capital Federal. Debido al impacto,\u2026","rel":"","context":"En \u00abCASTELLI\u00bb","block_context":{"text":"CASTELLI","link":"https:\/\/larevistadigital.com.ar\/blog\/category\/castelli\/"},"img":{"alt_text":"","src":"https:\/\/i0.wp.com\/larevistadigital.com.ar\/blog\/wp-content\/uploads\/df98fe399fc709c80bb4f1d3a67d7a99d228ce86.jpg?fit=1140%2C642&ssl=1&resize=350%2C200","width":350,"height":200,"srcset":"https:\/\/i0.wp.com\/larevistadigital.com.ar\/blog\/wp-content\/uploads\/df98fe399fc709c80bb4f1d3a67d7a99d228ce86.jpg?fit=1140%2C642&ssl=1&resize=350%2C200 1x, https:\/\/i0.wp.com\/larevistadigital.com.ar\/blog\/wp-content\/uploads\/df98fe399fc709c80bb4f1d3a67d7a99d228ce86.jpg?fit=1140%2C642&ssl=1&resize=525%2C300 1.5x, https:\/\/i0.wp.com\/larevistadigital.com.ar\/blog\/wp-content\/uploads\/df98fe399fc709c80bb4f1d3a67d7a99d228ce86.jpg?fit=1140%2C642&ssl=1&resize=700%2C400 2x, https:\/\/i0.wp.com\/larevistadigital.com.ar\/blog\/wp-content\/uploads\/df98fe399fc709c80bb4f1d3a67d7a99d228ce86.jpg?fit=1140%2C642&ssl=1&resize=1050%2C600 3x"},"classes":[]},{"id":16801,"url":"https:\/\/larevistadigital.com.ar\/blog\/ultimo-momento-choque-en-cadena-en-panamericana-al-menos-un-muerto\/","url_meta":{"origin":36504,"position":5},"title":"ULTIMO MOMENTO: CHOQUE EN CADENA EN PANAMERICANA: AL MENOS UN MUERTO","author":"Alejandro Sosa Ruda","date":"7 octubre, 2020","format":false,"excerpt":"El choque sucedi\u00f3 hace instantes en la Panamericana, a la altura del Km 16,5, mano hacia\u00a0 hacia capital en donde hubo varios veh\u00edculos que colisionaron. Entre ellos un cami\u00f3n, un autom\u00f3vil, una combi y una moto. El siniestro fue a la altura de Mart\u00ednez, y hasta el momento se conoce\u2026","rel":"","context":"En \u00abINTERES GENERAL\u00bb","block_context":{"text":"INTERES GENERAL","link":"https:\/\/larevistadigital.com.ar\/blog\/category\/interes-general\/"},"img":{"alt_text":"","src":"https:\/\/i0.wp.com\/larevistadigital.com.ar\/blog\/wp-content\/uploads\/0000280837.jpg_418415744.jpg?fit=952%2C535&ssl=1&resize=350%2C200","width":350,"height":200,"srcset":"https:\/\/i0.wp.com\/larevistadigital.com.ar\/blog\/wp-content\/uploads\/0000280837.jpg_418415744.jpg?fit=952%2C535&ssl=1&resize=350%2C200 1x, https:\/\/i0.wp.com\/larevistadigital.com.ar\/blog\/wp-content\/uploads\/0000280837.jpg_418415744.jpg?fit=952%2C535&ssl=1&resize=525%2C300 1.5x, https:\/\/i0.wp.com\/larevistadigital.com.ar\/blog\/wp-content\/uploads\/0000280837.jpg_418415744.jpg?fit=952%2C535&ssl=1&resize=700%2C400 2x"},"classes":[]}],"_links":{"self":[{"href":"https:\/\/larevistadigital.com.ar\/blog\/wp-json\/wp\/v2\/posts\/36504","targetHints":{"allow":["GET"]}}],"collection":[{"href":"https:\/\/larevistadigital.com.ar\/blog\/wp-json\/wp\/v2\/posts"}],"about":[{"href":"https:\/\/larevistadigital.com.ar\/blog\/wp-json\/wp\/v2\/types\/post"}],"author":[{"embeddable":true,"href":"https:\/\/larevistadigital.com.ar\/blog\/wp-json\/wp\/v2\/users\/3"}],"replies":[{"embeddable":true,"href":"https:\/\/larevistadigital.com.ar\/blog\/wp-json\/wp\/v2\/comments?post=36504"}],"version-history":[{"count":1,"href":"https:\/\/larevistadigital.com.ar\/blog\/wp-json\/wp\/v2\/posts\/36504\/revisions"}],"predecessor-version":[{"id":36506,"href":"https:\/\/larevistadigital.com.ar\/blog\/wp-json\/wp\/v2\/posts\/36504\/revisions\/36506"}],"wp:featuredmedia":[{"embeddable":true,"href":"https:\/\/larevistadigital.com.ar\/blog\/wp-json\/wp\/v2\/media\/36505"}],"wp:attachment":[{"href":"https:\/\/larevistadigital.com.ar\/blog\/wp-json\/wp\/v2\/media?parent=36504"}],"wp:term":[{"taxonomy":"category","embeddable":true,"href":"https:\/\/larevistadigital.com.ar\/blog\/wp-json\/wp\/v2\/categories?post=36504"},{"taxonomy":"post_tag","embeddable":true,"href":"https:\/\/larevistadigital.com.ar\/blog\/wp-json\/wp\/v2\/tags?post=36504"}],"curies":[{"name":"wp","href":"https:\/\/api.w.org\/{rel}","templated":true}]}}