{"id":36507,"date":"2024-07-01T00:45:25","date_gmt":"2024-07-01T03:45:25","guid":{"rendered":"https:\/\/larevistadigital.com.ar\/blog\/?p=36507"},"modified":"2024-07-01T00:45:25","modified_gmt":"2024-07-01T03:45:25","slug":"la-plata-medicos-bonaerenses-aseguran-que-peligran-las-guardias-por-la-restitucion-de-ganancias","status":"publish","type":"post","link":"https:\/\/larevistadigital.com.ar\/blog\/la-plata-medicos-bonaerenses-aseguran-que-peligran-las-guardias-por-la-restitucion-de-ganancias\/","title":{"rendered":"LA PLATA: M\u00c9DICOS BONAERENSES ASEGURAN QUE PELIGRAN LAS GUARDIAS POR LA RESTITUCI\u00d3N DE GANANCIAS."},"content":{"rendered":"<h2>El gremio CICOP remarc\u00f3 que los trabajadores est\u00e1n \u00abante un enorme retroceso que expone al sistema de Salud a una situaci\u00f3n de mayor vulnerabilidad\u00bb.<\/h2>\n<p>01 de Julio de 2024<\/p>\n<p><strong>BUENOS AIRES &#8211;\u00a0 <\/strong>Luego de la aprobaci\u00f3n de la Ley Bases y el denominado paquete fiscal que restituye la cuarta categor\u00eda del Impuesto a las ganancias y elimina las exenciones vigentes para las guardias m\u00e9dicas, desde la Asociaci\u00f3n Sindical de Profesionales de la Salud de la Provincia de Buenos Aires (CICOP) rechazaron f\u00e9rreamente la medida por su impacto negativo en el sistema de Salud y en el poder adquisitivo de los trabajadores del sector.<\/p>\n<article class=\"article-body article-body--second-paragraph\">El presidente del gremio,\u00a0<strong>Pablo Maciel<\/strong>, explic\u00f3 que <strong><em>\u00abla reforma sancionada el jueves reincorpora alrededor de un mill\u00f3n de trabajadores al r\u00e9gimen de Ganancias. En lo que respecta al sector Salud, suprime las exenciones vigentes que los trabajadores hab\u00edamos logrado para que las guardias y horas extras no sean contabilizadas para dicho tributo\u00bb.<\/em><\/strong><\/p>\n<p><img data-recalc-dims=\"1\" loading=\"lazy\" decoding=\"async\" class=\"alignnone size-full wp-image-36508\" src=\"https:\/\/i0.wp.com\/larevistadigital.com.ar\/blog\/wp-content\/uploads\/Captura-de-pantalla-2024-07-01-004257.png?resize=900%2C507&#038;ssl=1\" alt=\"\" width=\"900\" height=\"507\" srcset=\"https:\/\/i0.wp.com\/larevistadigital.com.ar\/blog\/wp-content\/uploads\/Captura-de-pantalla-2024-07-01-004257.png?w=900&amp;ssl=1 900w, https:\/\/i0.wp.com\/larevistadigital.com.ar\/blog\/wp-content\/uploads\/Captura-de-pantalla-2024-07-01-004257.png?resize=300%2C169&amp;ssl=1 300w, https:\/\/i0.wp.com\/larevistadigital.com.ar\/blog\/wp-content\/uploads\/Captura-de-pantalla-2024-07-01-004257.png?resize=768%2C433&amp;ssl=1 768w, https:\/\/i0.wp.com\/larevistadigital.com.ar\/blog\/wp-content\/uploads\/Captura-de-pantalla-2024-07-01-004257.png?resize=678%2C381&amp;ssl=1 678w\" sizes=\"auto, (max-width: 900px) 100vw, 900px\" \/>En ese sentido, sostuvo que <strong><em>\u00abestamos ante un enorme retroceso que deja al sistema de Salud en una situaci\u00f3n de mayor vulnerabilidad\u00bb<\/em><\/strong> y destac\u00f3 que <strong><em>\u00aben los efectores p\u00fablicos de Salud, la demanda es permanente y creciente como consecuencia del aumento de las prepagas y el desfinanciamiento de las obras sociales\u00bb.<\/em><\/strong><\/p>\n<article class=\"article-body article-body--fourth-paragraph\">\n<h2>Peligran las guardias m\u00e9dicas por la restituci\u00f3n del Impuesto a las Ganancias<\/h2>\n<p><em><strong>\u00abComo lo venimos advirtiendo, nadie estar\u00e1 dispuesto a trabajar m\u00e1s y ganar menos. Ser\u00e1n m\u00e1s frecuentes los servicios de emergencia con planteles incompletos, lo que terminar\u00e1 quebrantando el derecho al acceso a la salud de la poblaci\u00f3n\u00bb<\/strong><\/em>, a\u00f1adi\u00f3 <strong>Maciel<\/strong>.<\/p>\n<\/article>\n<article class=\"article-body article-body--fifth-paragraph\">\n<blockquote>\n<h3>Por \u00faltimo, sostuvo que <em>\u00abjunto a los gremios que integramos la mesa &#8216;El salario no es Ganancia&#8217; vamos a denunciar en la Justicia la inconstitucionalidad de esta reforma\u00bb<\/em>.<\/h3>\n<\/blockquote>\n<\/article>\n<article class=\"article-body article-body--sixth-paragraph\">La medida aprobada implica que los trabajadores en relaci\u00f3n de dependencia que cobren m\u00e1s de $1.800.000 de sueldo bruto ($1.494.000 netos), en el caso de los solteros, o m\u00e1s de $2.300.000 brutos ($1.781.000 netos), en el caso de los casados, deber\u00e1n pagar el Impuesto a las Ganancias.<\/p>\n<\/article>\n<\/article>\n","protected":false},"excerpt":{"rendered":"<div class=\"mh-excerpt\"><p>El gremio CICOP remarc\u00f3 que los trabajadores est\u00e1n \u00abante un enorme retroceso que expone al sistema de Salud a una situaci\u00f3n de mayor vulnerabilidad\u00bb. 01 de Julio de 2024 BUENOS AIRES &#8211;\u00a0 Luego de la <a class=\"mh-excerpt-more\" href=\"https:\/\/larevistadigital.com.ar\/blog\/la-plata-medicos-bonaerenses-aseguran-que-peligran-las-guardias-por-la-restitucion-de-ganancias\/\" title=\"LA PLATA: M\u00c9DICOS BONAERENSES ASEGURAN QUE PELIGRAN LAS GUARDIAS POR LA RESTITUCI\u00d3N DE GANANCIAS.\">[Leer M\u00e1s]<\/a><\/p>\n<\/div>","protected":false},"author":3,"featured_media":5913,"comment_status":"open","ping_status":"open","sticky":false,"template":"","format":"standard","meta":{"_jetpack_memberships_contains_paid_content":false,"footnotes":"","jetpack_publicize_message":"","jetpack_publicize_feature_enabled":true,"jetpack_social_post_already_shared":true,"jetpack_social_options":{"image_generator_settings":{"template":"highway","default_image_id":0,"font":"","enabled":false},"version":2}},"categories":[51],"tags":[],"class_list":{"0":"post-36507","1":"post","2":"type-post","3":"status-publish","4":"format-standard","5":"has-post-thumbnail","7":"category-regionales"},"jetpack_publicize_connections":[],"jetpack_featured_media_url":"https:\/\/i0.wp.com\/larevistadigital.com.ar\/blog\/wp-content\/uploads\/2018\/06\/cicop_01deseptiembrede2017_elfuerte.jpg?fit=737%2C348&ssl=1","jetpack_sharing_enabled":true,"jetpack_shortlink":"https:\/\/wp.me\/p8qtrQ-9uP","jetpack-related-posts":[{"id":29148,"url":"https:\/\/larevistadigital.com.ar\/blog\/cicop-para-los-dias-1-y-7-de-diciembre\/","url_meta":{"origin":36507,"position":0},"title":"CICOP PARA A LOS PROFESIONALES DE LA SALUD, LOS D\u00cdAS 1\u00b0 Y 7 DE DICIEMBRE","author":"Alejandro Sosa Ruda","date":"29 noviembre, 2022","format":false,"excerpt":"El gremio de profesionales de la salud p\u00fablica bonaerense comienza diciembre con dos paros \"por recomposici\u00f3n salarial en salud, aprobaci\u00f3n del proyecto de pase de Ley 10.430 a 10.471, por pase a planta de todos los becarios y becarias, contra el Impuesto a las Ganancias, por la extensi\u00f3n del Desgaste\u2026","rel":"","context":"En \u00abGREMIALES\u00bb","block_context":{"text":"GREMIALES","link":"https:\/\/larevistadigital.com.ar\/blog\/category\/gremiales\/"},"img":{"alt_text":"","src":"https:\/\/i0.wp.com\/larevistadigital.com.ar\/blog\/wp-content\/uploads\/mail-1.png?fit=1200%2C1199&ssl=1&resize=350%2C200","width":350,"height":200,"srcset":"https:\/\/i0.wp.com\/larevistadigital.com.ar\/blog\/wp-content\/uploads\/mail-1.png?fit=1200%2C1199&ssl=1&resize=350%2C200 1x, https:\/\/i0.wp.com\/larevistadigital.com.ar\/blog\/wp-content\/uploads\/mail-1.png?fit=1200%2C1199&ssl=1&resize=525%2C300 1.5x, https:\/\/i0.wp.com\/larevistadigital.com.ar\/blog\/wp-content\/uploads\/mail-1.png?fit=1200%2C1199&ssl=1&resize=700%2C400 2x, https:\/\/i0.wp.com\/larevistadigital.com.ar\/blog\/wp-content\/uploads\/mail-1.png?fit=1200%2C1199&ssl=1&resize=1050%2C600 3x"},"classes":[]},{"id":27351,"url":"https:\/\/larevistadigital.com.ar\/blog\/nueva-federacion-de-trabajadores-de-la-salud\/","url_meta":{"origin":36507,"position":1},"title":"NUEVA FEDERACI\u00d3N DE TRABAJADORES DE LA SALUD","author":"Alejandro Sosa Ruda","date":"29 agosto, 2022","format":false,"excerpt":"El gremio bonaerense de profesionales de la salud p\u00fablica CICOP acord\u00f3 este viernes en la ciudad de Salta. la creaci\u00f3n de un nuevo sindicato nacional junto a UTS (C\u00f3rdoba), APSADES (Salta), la Asociaci\u00f3n de Profesionales Universitarios de la Administraci\u00f3n P\u00fablica (APUAP) de Jujuy, y APUAP (Jujuy), que ser\u00e1 lanzado el\u2026","rel":"","context":"En \u00abGREMIALES\u00bb","block_context":{"text":"GREMIALES","link":"https:\/\/larevistadigital.com.ar\/blog\/category\/gremiales\/"},"img":{"alt_text":"","src":"https:\/\/i0.wp.com\/larevistadigital.com.ar\/blog\/wp-content\/uploads\/20220828170817_fesintras-cicop-nueva-federacion.jpg?fit=880%2C512&ssl=1&resize=350%2C200","width":350,"height":200,"srcset":"https:\/\/i0.wp.com\/larevistadigital.com.ar\/blog\/wp-content\/uploads\/20220828170817_fesintras-cicop-nueva-federacion.jpg?fit=880%2C512&ssl=1&resize=350%2C200 1x, https:\/\/i0.wp.com\/larevistadigital.com.ar\/blog\/wp-content\/uploads\/20220828170817_fesintras-cicop-nueva-federacion.jpg?fit=880%2C512&ssl=1&resize=525%2C300 1.5x, https:\/\/i0.wp.com\/larevistadigital.com.ar\/blog\/wp-content\/uploads\/20220828170817_fesintras-cicop-nueva-federacion.jpg?fit=880%2C512&ssl=1&resize=700%2C400 2x"},"classes":[]},{"id":31185,"url":"https:\/\/larevistadigital.com.ar\/blog\/31185-2\/","url_meta":{"origin":36507,"position":2},"title":"CICOP: SE RATIFIC\u00d3 EN LAS URNAS LA ACTUAL CONDUCCI\u00d3N","author":"Alejandro Sosa Ruda","date":"22 abril, 2023","format":false,"excerpt":"Trabajadores de la salud de CICOP ratificaron en las urnas a la actual conducci\u00f3n del gremio para el per\u00edodo 2023-2026 con un contundente 84% de los votos 22 de abril de 2023 Los trabajadores de la salud nucleados en la Asociaci\u00f3n Sindical de Profesionales de la Salud de la Provincia\u2026","rel":"","context":"En \u00abGREMIALES\u00bb","block_context":{"text":"GREMIALES","link":"https:\/\/larevistadigital.com.ar\/blog\/category\/gremiales\/"},"img":{"alt_text":"","src":"https:\/\/i0.wp.com\/larevistadigital.com.ar\/blog\/wp-content\/uploads\/mail-2.png?fit=1200%2C1200&ssl=1&resize=350%2C200","width":350,"height":200,"srcset":"https:\/\/i0.wp.com\/larevistadigital.com.ar\/blog\/wp-content\/uploads\/mail-2.png?fit=1200%2C1200&ssl=1&resize=350%2C200 1x, https:\/\/i0.wp.com\/larevistadigital.com.ar\/blog\/wp-content\/uploads\/mail-2.png?fit=1200%2C1200&ssl=1&resize=525%2C300 1.5x, https:\/\/i0.wp.com\/larevistadigital.com.ar\/blog\/wp-content\/uploads\/mail-2.png?fit=1200%2C1200&ssl=1&resize=700%2C400 2x, https:\/\/i0.wp.com\/larevistadigital.com.ar\/blog\/wp-content\/uploads\/mail-2.png?fit=1200%2C1200&ssl=1&resize=1050%2C600 3x"},"classes":[]},{"id":28623,"url":"https:\/\/larevistadigital.com.ar\/blog\/historica-conquista-los-trabajadores-de-la-salud-pueden-jubilarse-a-los-50-por-desgaste-laboral\/","url_meta":{"origin":36507,"position":3},"title":"HIST\u00d3RICA CONQUISTA: LOS TRABAJADORES DE LA SALUD PUEDEN JUBILARSE A LOS 50 POR \u00abDESGASTE LABORAL\u00bb","author":"Alejandro Sosa Ruda","date":"27 octubre, 2022","format":false,"excerpt":"Desde el lunes 24 de octubre entr\u00f3 en vigencia el Decreto de Desgaste Laboral que hab\u00eda acordado el gremio luego de la Mesa T\u00e9cnica de Desgaste, en el marco de la paritaria Ley 10.471. \u201cSin dudas, es un logro hist\u00f3rico de nuestro gremio que tras muchos a\u00f1os de pelea para\u2026","rel":"","context":"En \u00abGREMIALES\u00bb","block_context":{"text":"GREMIALES","link":"https:\/\/larevistadigital.com.ar\/blog\/category\/gremiales\/"},"img":{"alt_text":"","src":"https:\/\/i0.wp.com\/larevistadigital.com.ar\/blog\/wp-content\/uploads\/20221026190013_hospi.jpg?fit=880%2C512&ssl=1&resize=350%2C200","width":350,"height":200,"srcset":"https:\/\/i0.wp.com\/larevistadigital.com.ar\/blog\/wp-content\/uploads\/20221026190013_hospi.jpg?fit=880%2C512&ssl=1&resize=350%2C200 1x, https:\/\/i0.wp.com\/larevistadigital.com.ar\/blog\/wp-content\/uploads\/20221026190013_hospi.jpg?fit=880%2C512&ssl=1&resize=525%2C300 1.5x, https:\/\/i0.wp.com\/larevistadigital.com.ar\/blog\/wp-content\/uploads\/20221026190013_hospi.jpg?fit=880%2C512&ssl=1&resize=700%2C400 2x"},"classes":[]},{"id":35304,"url":"https:\/\/larevistadigital.com.ar\/blog\/tandil-segun-los-profesionales-de-cicop-la-salud-publica-esta-al-borde-del-colapso\/","url_meta":{"origin":36507,"position":4},"title":"TANDIL: SEG\u00daN LOS PROFESIONALES DE CICOP, LA SALUD P\u00daBLICA EST\u00c1 AL BORDE DEL COLAPSO","author":"Alejandro Sosa Ruda","date":"22 febrero, 2024","format":false,"excerpt":"La reciente renuncia de los tres \u00fanicos onc\u00f3logos del Hospital Santamarina de Tandil puso al descubierto los bajos salarios, la precarizaci\u00f3n laboral y el destrato que padecen los profesionales de la salud del distrito. El gremio que nuclea a los profesionales de la salud p\u00fablica (CICOP) manifest\u00f3 su preocupaci\u00f3n por\u2026","rel":"","context":"En \u00abREGIONALES\u00bb","block_context":{"text":"REGIONALES","link":"https:\/\/larevistadigital.com.ar\/blog\/category\/regionales\/"},"img":{"alt_text":"","src":"https:\/\/i0.wp.com\/larevistadigital.com.ar\/blog\/wp-content\/uploads\/hospital-santamarina-tandil.jpg?fit=700%2C392&ssl=1&resize=350%2C200","width":350,"height":200,"srcset":"https:\/\/i0.wp.com\/larevistadigital.com.ar\/blog\/wp-content\/uploads\/hospital-santamarina-tandil.jpg?fit=700%2C392&ssl=1&resize=350%2C200 1x, https:\/\/i0.wp.com\/larevistadigital.com.ar\/blog\/wp-content\/uploads\/hospital-santamarina-tandil.jpg?fit=700%2C392&ssl=1&resize=525%2C300 1.5x, https:\/\/i0.wp.com\/larevistadigital.com.ar\/blog\/wp-content\/uploads\/hospital-santamarina-tandil.jpg?fit=700%2C392&ssl=1&resize=700%2C400 2x"},"classes":[]},{"id":19966,"url":"https:\/\/larevistadigital.com.ar\/blog\/cicop-los-trabajadores-de-la-salud-acamparon-frente-a-la-municipalidad-de-pinamar\/","url_meta":{"origin":36507,"position":5},"title":"CICOP: LOS TRABAJADORES DE LA SALUD ACAMPARON FRENTE A LA MUNICIPALIDAD DE PINAMAR","author":"Alejandro Sosa Ruda","date":"30 abril, 2021","format":false,"excerpt":"Fue para rechazar la oferta salarial del ejecutivo local. Desde CICOP Seccional Pinamar advirtieron que\u00a0\u201cestamos dando la pelea en el peor momento de la pandemia y el intendente Yeza se nos r\u00ede en la cara con una magra propuesta de aumento de apenas 17,5% para el primer trimestre del 2021\u201d.\u2026","rel":"","context":"En \u00abGREMIALES\u00bb","block_context":{"text":"GREMIALES","link":"https:\/\/larevistadigital.com.ar\/blog\/category\/gremiales\/"},"img":{"alt_text":"","src":"https:\/\/i0.wp.com\/larevistadigital.com.ar\/blog\/wp-content\/uploads\/CICOP.png?fit=1200%2C797&ssl=1&resize=350%2C200","width":350,"height":200,"srcset":"https:\/\/i0.wp.com\/larevistadigital.com.ar\/blog\/wp-content\/uploads\/CICOP.png?fit=1200%2C797&ssl=1&resize=350%2C200 1x, https:\/\/i0.wp.com\/larevistadigital.com.ar\/blog\/wp-content\/uploads\/CICOP.png?fit=1200%2C797&ssl=1&resize=525%2C300 1.5x, https:\/\/i0.wp.com\/larevistadigital.com.ar\/blog\/wp-content\/uploads\/CICOP.png?fit=1200%2C797&ssl=1&resize=700%2C400 2x, https:\/\/i0.wp.com\/larevistadigital.com.ar\/blog\/wp-content\/uploads\/CICOP.png?fit=1200%2C797&ssl=1&resize=1050%2C600 3x"},"classes":[]}],"_links":{"self":[{"href":"https:\/\/larevistadigital.com.ar\/blog\/wp-json\/wp\/v2\/posts\/36507","targetHints":{"allow":["GET"]}}],"collection":[{"href":"https:\/\/larevistadigital.com.ar\/blog\/wp-json\/wp\/v2\/posts"}],"about":[{"href":"https:\/\/larevistadigital.com.ar\/blog\/wp-json\/wp\/v2\/types\/post"}],"author":[{"embeddable":true,"href":"https:\/\/larevistadigital.com.ar\/blog\/wp-json\/wp\/v2\/users\/3"}],"replies":[{"embeddable":true,"href":"https:\/\/larevistadigital.com.ar\/blog\/wp-json\/wp\/v2\/comments?post=36507"}],"version-history":[{"count":1,"href":"https:\/\/larevistadigital.com.ar\/blog\/wp-json\/wp\/v2\/posts\/36507\/revisions"}],"predecessor-version":[{"id":36509,"href":"https:\/\/larevistadigital.com.ar\/blog\/wp-json\/wp\/v2\/posts\/36507\/revisions\/36509"}],"wp:featuredmedia":[{"embeddable":true,"href":"https:\/\/larevistadigital.com.ar\/blog\/wp-json\/wp\/v2\/media\/5913"}],"wp:attachment":[{"href":"https:\/\/larevistadigital.com.ar\/blog\/wp-json\/wp\/v2\/media?parent=36507"}],"wp:term":[{"taxonomy":"category","embeddable":true,"href":"https:\/\/larevistadigital.com.ar\/blog\/wp-json\/wp\/v2\/categories?post=36507"},{"taxonomy":"post_tag","embeddable":true,"href":"https:\/\/larevistadigital.com.ar\/blog\/wp-json\/wp\/v2\/tags?post=36507"}],"curies":[{"name":"wp","href":"https:\/\/api.w.org\/{rel}","templated":true}]}}