{"id":36513,"date":"2024-07-01T09:15:43","date_gmt":"2024-07-01T12:15:43","guid":{"rendered":"https:\/\/larevistadigital.com.ar\/blog\/?p=36513"},"modified":"2024-07-01T09:15:43","modified_gmt":"2024-07-01T12:15:43","slug":"la-plata-descarrilo-y-volco-el-trencito-de-la-alegria-de-la-republica-de-los-ninos","status":"publish","type":"post","link":"https:\/\/larevistadigital.com.ar\/blog\/la-plata-descarrilo-y-volco-el-trencito-de-la-alegria-de-la-republica-de-los-ninos\/","title":{"rendered":"LA PLATA: DESCARRIL\u00d3 Y VOLC\u00d3 EL \u00abTRENCITO DE LA ALEGR\u00cdA\u00bb DE LA REP\u00daBLICA DE LOS NI\u00d1OS\u00bb."},"content":{"rendered":"<h2>Afortunadamente no hubo heridos de consideraci\u00f3n. El comunicado de la empresa.<\/h2>\n<p>01 de Julio de 2024<\/p>\n<p><strong>LA PLATA &#8211;<\/strong><\/p>\n<article class=\"article-body article-body--first-paragraph\" data-td-script-src=\"https:\/\/www.0221.com.ar\/js-custom\/vendor\/jquery\/jquery-3.6.0.min-min-version-1719633975.js\">Luego de que uno de los vagones del Tren de la Alegr\u00eda de la Ciudad de los Ni\u00f1os en La Plata descarrilara durante la tarde de este domingo, la administraci\u00f3n del predio de Gonnet memiti\u00f3 un comunicado para aclarar la situaci\u00f3n y dar detalles sobre lo ocurrido.<\/p>\n<\/article>\n<article class=\"article-body article-body--second-paragraph\">\n<blockquote>\n<h3>Seg\u00fan indicaron, el accidente se dio <em><strong>\u00abpor la rotura de una de las ruedas traseras del vag\u00f3n\u00bb. \u00abComo consecuencia de este hecho, cinco adultos tuvieron lesiones leves, los cuales fueron atendidos por el Servicio de Atenci\u00f3n M\u00e9dica municipal y ya se encuentran en sus hogares\u00bb<\/strong><\/em>, expresaron.<\/h3>\n<\/blockquote>\n<\/article>\n<p>El hecho se registr\u00f3 cuando la formaci\u00f3n transitaba a la altura del puente, ubicado en el fondo del predio. Producto del siniestro, tanto mayores de edad como dos menores (una nena de 2 a\u00f1os y un nene de 8) recibieron asistencia por parte del SAME.<\/p>\n<blockquote>\n<h3>De acuerdo a los voceros,\u00a0ninguna de las v\u00edctimas sufri\u00f3 lesiones de consideraci\u00f3n, solo golpes leves, por lo que no fue necesario realizar traslados al hospital. <em><strong>\u00abSolo por precauci\u00f3n, la nena fue derivada al\u00a0hospital Guti\u00e9rrez\u00a0para hacerse una placa\u00bb<\/strong><\/em>, agregaron.<\/h3>\n<\/blockquote>\n<p>Se le dio intervenci\u00f3n a la comisar\u00eda Decimotercera y a la UFI N\u00b0 14 del Departamento Judicial de La Plata. La causa fue caratulada como\u00a0<strong>\u00ablesiones por accidente\u00bb.<\/strong><\/p>\n<article class=\"article-body article-body--third-paragraph\">\n<h2>Auditor\u00eda de los juegos mec\u00e1nicos de la Rep\u00fablica de los Ni\u00f1os<\/h2>\n<p><em><strong>\u00abEn relaci\u00f3n al estado de los juegos mec\u00e1nicos, se est\u00e1 realizando una auditor\u00eda integral con personal especializado en ingenier\u00eda mec\u00e1nica y con personal especializado universitario, luego de lo cual se tomar\u00e1n las medidas necesarias para que hechos de estas caracter\u00edsticas no vuelvan a suceder. El funcionamiento de los juegos a\u00fan est\u00e1 siendo operado por empresas privadas que hab\u00edan sido adjudicadas por licitaciones a\u00f1os atr\u00e1s\u00bb<\/strong><\/em>, agregaron.<\/p>\n<p>En ese sentido, confirmaron que pr\u00f3ximamente <em><strong>\u00abse llamar\u00e1 a licitaci\u00f3n p\u00fablica para la renovaci\u00f3n de la concesi\u00f3n existente de los juegos de entretenimiento y los servicios de gastronom\u00eda\u00bb.<\/strong><\/em><\/p>\n<\/article>\n<div>\n<div id=\"Parallax\">\n<div id=\"sas_container_10770497\"><\/div>\n<\/div>\n<\/div>\n<p>&nbsp;<\/p>\n","protected":false},"excerpt":{"rendered":"<div class=\"mh-excerpt\"><p>Afortunadamente no hubo heridos de consideraci\u00f3n. El comunicado de la empresa. 01 de Julio de 2024 LA PLATA &#8211; Luego de que uno de los vagones del Tren de la Alegr\u00eda de la Ciudad de <a class=\"mh-excerpt-more\" href=\"https:\/\/larevistadigital.com.ar\/blog\/la-plata-descarrilo-y-volco-el-trencito-de-la-alegria-de-la-republica-de-los-ninos\/\" title=\"LA PLATA: DESCARRIL\u00d3 Y VOLC\u00d3 EL \u00abTRENCITO DE LA ALEGR\u00cdA\u00bb DE LA REP\u00daBLICA DE LOS NI\u00d1OS\u00bb.\">[Leer M\u00e1s]<\/a><\/p>\n<\/div>","protected":false},"author":3,"featured_media":36514,"comment_status":"open","ping_status":"open","sticky":false,"template":"","format":"standard","meta":{"_jetpack_memberships_contains_paid_content":false,"footnotes":"","jetpack_publicize_message":"","jetpack_publicize_feature_enabled":true,"jetpack_social_post_already_shared":true,"jetpack_social_options":{"image_generator_settings":{"template":"highway","default_image_id":0,"font":"","enabled":false},"version":2}},"categories":[51],"tags":[],"class_list":{"0":"post-36513","1":"post","2":"type-post","3":"status-publish","4":"format-standard","5":"has-post-thumbnail","7":"category-regionales"},"jetpack_publicize_connections":[],"jetpack_featured_media_url":"https:\/\/i0.wp.com\/larevistadigital.com.ar\/blog\/wp-content\/uploads\/Captura-de-pantalla-2024-07-01-091022.png?fit=905%2C492&ssl=1","jetpack_sharing_enabled":true,"jetpack_shortlink":"https:\/\/wp.me\/p8qtrQ-9uV","jetpack-related-posts":[{"id":29956,"url":"https:\/\/larevistadigital.com.ar\/blog\/mar-del-plata-video-escandalo-en-el-tren-de-la-alegria-tiraron-gas-pimienta-y-hubo-adultos-y-ninos-descompuestos\/","url_meta":{"origin":36513,"position":0},"title":"MAR DEL PLATA:  [VIDEO] ESCANDALO EN EL \u00abTREN DE LA ALEGR\u00cdA\u00bb TIRARON GAS PIMIENTA Y HUBO ADULTOS Y NI\u00d1OS DESCOMPUESTOS.","author":"Alejandro Sosa Ruda","date":"3 febrero, 2023","format":false,"excerpt":"Sucedi\u00f3 en cercan\u00edas del municipio, y provoc\u00f3 que todos bajaran del veh\u00edculo, l\u00f3gicamente afectados por el gas pimienta. Se habla de conflictos de competencia. 3 de febrero de 2023 MAR DEL PLATA -\u00a0\u00a0Una ins\u00f3lita situaci\u00f3n se vivi\u00f3 a bordo del cl\u00e1sico \"Trencito de la alegr\u00eda\"\u00a0, cuando de pronto alguien arroj\u00f3\u2026","rel":"","context":"En \u00abDESTACADAS\u00bb","block_context":{"text":"DESTACADAS","link":"https:\/\/larevistadigital.com.ar\/blog\/category\/destacadas\/"},"img":{"alt_text":"","src":"https:\/\/i0.wp.com\/larevistadigital.com.ar\/blog\/wp-content\/uploads\/Captura-de-pantalla-2023-02-03-115655.png?fit=779%2C455&ssl=1&resize=350%2C200","width":350,"height":200,"srcset":"https:\/\/i0.wp.com\/larevistadigital.com.ar\/blog\/wp-content\/uploads\/Captura-de-pantalla-2023-02-03-115655.png?fit=779%2C455&ssl=1&resize=350%2C200 1x, https:\/\/i0.wp.com\/larevistadigital.com.ar\/blog\/wp-content\/uploads\/Captura-de-pantalla-2023-02-03-115655.png?fit=779%2C455&ssl=1&resize=525%2C300 1.5x, https:\/\/i0.wp.com\/larevistadigital.com.ar\/blog\/wp-content\/uploads\/Captura-de-pantalla-2023-02-03-115655.png?fit=779%2C455&ssl=1&resize=700%2C400 2x"},"classes":[]},{"id":15273,"url":"https:\/\/larevistadigital.com.ar\/blog\/seis-internados-por-covid-19-en-el-hospital-de-ninos-de-la-plata\/","url_meta":{"origin":36513,"position":1},"title":"SEIS INTERNADOS POR COVID-19 EN EL HOSPITAL DE NI\u00d1OS DE LA PLATA","author":"Alejandro Sosa Ruda","date":"21 mayo, 2020","format":false,"excerpt":"En el Hospital de Ni\u00f1os de La Plata \"Sor Mar\u00eda Ludovica\" son seis\u00a0los casos sospechosos de coronavirus y que esperan el resultado del hisopado, seg\u00fan pudo saber El Editor Platense de fuentes fidedignas. Este diario viene informando regularmente sobre el COVID-19 pedi\u00e1trico, que por ahora en La Plata registra un\u2026","rel":"","context":"En \u00abREGIONALES\u00bb","block_context":{"text":"REGIONALES","link":"https:\/\/larevistadigital.com.ar\/blog\/category\/regionales\/"},"img":{"alt_text":"","src":"https:\/\/i0.wp.com\/larevistadigital.com.ar\/blog\/wp-content\/uploads\/20200521112841_20200421212726_2d214933_22ca_47f3_9431_7063d835e620.jpg?fit=880%2C586&ssl=1&resize=350%2C200","width":350,"height":200,"srcset":"https:\/\/i0.wp.com\/larevistadigital.com.ar\/blog\/wp-content\/uploads\/20200521112841_20200421212726_2d214933_22ca_47f3_9431_7063d835e620.jpg?fit=880%2C586&ssl=1&resize=350%2C200 1x, https:\/\/i0.wp.com\/larevistadigital.com.ar\/blog\/wp-content\/uploads\/20200521112841_20200421212726_2d214933_22ca_47f3_9431_7063d835e620.jpg?fit=880%2C586&ssl=1&resize=525%2C300 1.5x, https:\/\/i0.wp.com\/larevistadigital.com.ar\/blog\/wp-content\/uploads\/20200521112841_20200421212726_2d214933_22ca_47f3_9431_7063d835e620.jpg?fit=880%2C586&ssl=1&resize=700%2C400 2x"},"classes":[]},{"id":21358,"url":"https:\/\/larevistadigital.com.ar\/blog\/mar-del-plata-se-hundio-un-barco-pesquero-y-debieron-rescatar-a-sus-tripulantes\/","url_meta":{"origin":36513,"position":2},"title":"MAR DEL PLATA: SE HUNDI\u00d3 UN BARCO PESQUERO Y DEBIERON RESCATAR A SUS TRIPULANTES","author":"Alejandro Sosa Ruda","date":"2 agosto, 2021","format":false,"excerpt":"Eran ocho tripulantes. Cuatro fueron rescatados desde el agua y los otros desde una balsa salvavidas. MAR DEL PLATA - Un pesquero se hundi\u00f3 este s\u00e1bado por la noche a 140 kil\u00f3metros de la costa marplatense y su tripulaci\u00f3n fue rescatada por otro buque que estaba en zona, inform\u00f3 Prefectura\u2026","rel":"","context":"En \u00abREGIONALES\u00bb","block_context":{"text":"REGIONALES","link":"https:\/\/larevistadigital.com.ar\/blog\/category\/regionales\/"},"img":{"alt_text":"","src":"https:\/\/i0.wp.com\/larevistadigital.com.ar\/blog\/wp-content\/uploads\/40e96ffdd2f4b82dd40ab8d64213100f5c8c3500.jpeg?fit=1140%2C640&ssl=1&resize=350%2C200","width":350,"height":200,"srcset":"https:\/\/i0.wp.com\/larevistadigital.com.ar\/blog\/wp-content\/uploads\/40e96ffdd2f4b82dd40ab8d64213100f5c8c3500.jpeg?fit=1140%2C640&ssl=1&resize=350%2C200 1x, https:\/\/i0.wp.com\/larevistadigital.com.ar\/blog\/wp-content\/uploads\/40e96ffdd2f4b82dd40ab8d64213100f5c8c3500.jpeg?fit=1140%2C640&ssl=1&resize=525%2C300 1.5x, https:\/\/i0.wp.com\/larevistadigital.com.ar\/blog\/wp-content\/uploads\/40e96ffdd2f4b82dd40ab8d64213100f5c8c3500.jpeg?fit=1140%2C640&ssl=1&resize=700%2C400 2x, https:\/\/i0.wp.com\/larevistadigital.com.ar\/blog\/wp-content\/uploads\/40e96ffdd2f4b82dd40ab8d64213100f5c8c3500.jpeg?fit=1140%2C640&ssl=1&resize=1050%2C600 3x"},"classes":[]},{"id":23802,"url":"https:\/\/larevistadigital.com.ar\/blog\/la-plata-busqueda-laboral-para-trabajar-en-la-republica-de-los-ninos\/","url_meta":{"origin":36513,"position":3},"title":"LA PLATA: BUSQUEDA LABORAL PARA TRABAJAR EN LA REP\u00daBLICA DE LOS NI\u00d1OS","author":"Alejandro Sosa Ruda","date":"3 febrero, 2022","format":false,"excerpt":"Cantidad de puestos a cubrir, requisitos y todo lo hay que saber para poder participar de la selecci\u00f3n de personal que har\u00e1 la empresa encargada del \u00e1rea. En las \u00faltimas horas se dio a conocer que se lanz\u00f3 una b\u00fasqueda de trabajadores para que cubran puestos y se desempe\u00f1en en\u2026","rel":"","context":"En \u00abREGIONALES\u00bb","block_context":{"text":"REGIONALES","link":"https:\/\/larevistadigital.com.ar\/blog\/category\/regionales\/"},"img":{"alt_text":"","src":"https:\/\/i0.wp.com\/larevistadigital.com.ar\/blog\/wp-content\/uploads\/Republica-de-los-Ninos-1.jpg?fit=1200%2C802&ssl=1&resize=350%2C200","width":350,"height":200,"srcset":"https:\/\/i0.wp.com\/larevistadigital.com.ar\/blog\/wp-content\/uploads\/Republica-de-los-Ninos-1.jpg?fit=1200%2C802&ssl=1&resize=350%2C200 1x, https:\/\/i0.wp.com\/larevistadigital.com.ar\/blog\/wp-content\/uploads\/Republica-de-los-Ninos-1.jpg?fit=1200%2C802&ssl=1&resize=525%2C300 1.5x, https:\/\/i0.wp.com\/larevistadigital.com.ar\/blog\/wp-content\/uploads\/Republica-de-los-Ninos-1.jpg?fit=1200%2C802&ssl=1&resize=700%2C400 2x, https:\/\/i0.wp.com\/larevistadigital.com.ar\/blog\/wp-content\/uploads\/Republica-de-los-Ninos-1.jpg?fit=1200%2C802&ssl=1&resize=1050%2C600 3x"},"classes":[]},{"id":25418,"url":"https:\/\/larevistadigital.com.ar\/blog\/dolor-en-la-plata-murio-un-nene-de-tres-anos-que-habia-caido-a-un-pozo-ciego\/","url_meta":{"origin":36513,"position":4},"title":"DOLOR EN LA PLATA: MURI\u00d3 UN NENE DE TRES A\u00d1OS, QUE HAB\u00cdA CA\u00cdDO A UN POZO CIEGO","author":"Alejandro Sosa Ruda","date":"26 mayo, 2022","format":false,"excerpt":"El menor se encontraba grave desde el 16 de mayo, cuando ocurri\u00f3 el accidente en una vivienda de la localidad platense de \u00c1ngel Etcheverry. LA PLATA -\u00a0 Muri\u00f3 un nene de tres a\u00f1os que permaneci\u00f3 diez d\u00edas internado luego de caer a un pozo ciego, en la localidad de Echeverry.\u2026","rel":"","context":"En \u00abPOLICIALES\u00bb","block_context":{"text":"POLICIALES","link":"https:\/\/larevistadigital.com.ar\/blog\/category\/policiales\/"},"img":{"alt_text":"","src":"https:\/\/i0.wp.com\/larevistadigital.com.ar\/blog\/wp-content\/uploads\/45be67733f4dc2f54bcecb1866edd79de4e32b67.jpg?fit=1140%2C642&ssl=1&resize=350%2C200","width":350,"height":200,"srcset":"https:\/\/i0.wp.com\/larevistadigital.com.ar\/blog\/wp-content\/uploads\/45be67733f4dc2f54bcecb1866edd79de4e32b67.jpg?fit=1140%2C642&ssl=1&resize=350%2C200 1x, https:\/\/i0.wp.com\/larevistadigital.com.ar\/blog\/wp-content\/uploads\/45be67733f4dc2f54bcecb1866edd79de4e32b67.jpg?fit=1140%2C642&ssl=1&resize=525%2C300 1.5x, https:\/\/i0.wp.com\/larevistadigital.com.ar\/blog\/wp-content\/uploads\/45be67733f4dc2f54bcecb1866edd79de4e32b67.jpg?fit=1140%2C642&ssl=1&resize=700%2C400 2x, https:\/\/i0.wp.com\/larevistadigital.com.ar\/blog\/wp-content\/uploads\/45be67733f4dc2f54bcecb1866edd79de4e32b67.jpg?fit=1140%2C642&ssl=1&resize=1050%2C600 3x"},"classes":[]},{"id":43492,"url":"https:\/\/larevistadigital.com.ar\/blog\/violento-robo-en-la-ruta-226-asaltaron-a-una-familia-mendocina-y-dejaron-a-dos-ninos-solos-en-la-ruta\/","url_meta":{"origin":36513,"position":5},"title":"Violento robo en la Ruta 226: asaltaron a una familia mendocina y dejaron a dos ni\u00f1os solos en la ruta","author":"Alejandro Sosa Ruda","date":"20 enero, 2026","format":false,"excerpt":"Ocurri\u00f3 en el ingreso a Mar del Plata, a la altura de la rotonda del Hip\u00f3dromo. La camioneta fue hallada horas despu\u00e9s en un descampado y los menores fueron encontrados sanos y salvos. 20 de enero de 2026 MAR DEL PLATA -\u00a0 \u00a0Una familia oriunda de la provincia de Mendoza\u2026","rel":"","context":"En \u00abPOLICIALES\u00bb","block_context":{"text":"POLICIALES","link":"https:\/\/larevistadigital.com.ar\/blog\/category\/policiales\/"},"img":{"alt_text":"","src":"https:\/\/i0.wp.com\/larevistadigital.com.ar\/blog\/wp-content\/uploads\/Captura-de-pantalla-2026-01-20-172538.jpg?fit=751%2C340&ssl=1&resize=350%2C200","width":350,"height":200,"srcset":"https:\/\/i0.wp.com\/larevistadigital.com.ar\/blog\/wp-content\/uploads\/Captura-de-pantalla-2026-01-20-172538.jpg?fit=751%2C340&ssl=1&resize=350%2C200 1x, https:\/\/i0.wp.com\/larevistadigital.com.ar\/blog\/wp-content\/uploads\/Captura-de-pantalla-2026-01-20-172538.jpg?fit=751%2C340&ssl=1&resize=525%2C300 1.5x, https:\/\/i0.wp.com\/larevistadigital.com.ar\/blog\/wp-content\/uploads\/Captura-de-pantalla-2026-01-20-172538.jpg?fit=751%2C340&ssl=1&resize=700%2C400 2x"},"classes":[]}],"_links":{"self":[{"href":"https:\/\/larevistadigital.com.ar\/blog\/wp-json\/wp\/v2\/posts\/36513","targetHints":{"allow":["GET"]}}],"collection":[{"href":"https:\/\/larevistadigital.com.ar\/blog\/wp-json\/wp\/v2\/posts"}],"about":[{"href":"https:\/\/larevistadigital.com.ar\/blog\/wp-json\/wp\/v2\/types\/post"}],"author":[{"embeddable":true,"href":"https:\/\/larevistadigital.com.ar\/blog\/wp-json\/wp\/v2\/users\/3"}],"replies":[{"embeddable":true,"href":"https:\/\/larevistadigital.com.ar\/blog\/wp-json\/wp\/v2\/comments?post=36513"}],"version-history":[{"count":1,"href":"https:\/\/larevistadigital.com.ar\/blog\/wp-json\/wp\/v2\/posts\/36513\/revisions"}],"predecessor-version":[{"id":36515,"href":"https:\/\/larevistadigital.com.ar\/blog\/wp-json\/wp\/v2\/posts\/36513\/revisions\/36515"}],"wp:featuredmedia":[{"embeddable":true,"href":"https:\/\/larevistadigital.com.ar\/blog\/wp-json\/wp\/v2\/media\/36514"}],"wp:attachment":[{"href":"https:\/\/larevistadigital.com.ar\/blog\/wp-json\/wp\/v2\/media?parent=36513"}],"wp:term":[{"taxonomy":"category","embeddable":true,"href":"https:\/\/larevistadigital.com.ar\/blog\/wp-json\/wp\/v2\/categories?post=36513"},{"taxonomy":"post_tag","embeddable":true,"href":"https:\/\/larevistadigital.com.ar\/blog\/wp-json\/wp\/v2\/tags?post=36513"}],"curies":[{"name":"wp","href":"https:\/\/api.w.org\/{rel}","templated":true}]}}