{"id":36523,"date":"2024-07-01T23:10:23","date_gmt":"2024-07-02T02:10:23","guid":{"rendered":"https:\/\/larevistadigital.com.ar\/blog\/?p=36523"},"modified":"2024-07-01T23:40:32","modified_gmt":"2024-07-02T02:40:32","slug":"unete-a-ataque-de-radio-en-radio-amistad-y-youtube","status":"publish","type":"post","link":"https:\/\/larevistadigital.com.ar\/blog\/unete-a-ataque-de-radio-en-radio-amistad-y-youtube\/","title":{"rendered":"\u00a1\u00danete a \u00abAtaque de Radio\u00bb en Radio Amistad y YouTube!"},"content":{"rendered":"<p><a href=\"https:\/\/www.youtube.com\/@radiopowerch\/streams\"><img data-recalc-dims=\"1\" loading=\"lazy\" decoding=\"async\" class=\"alignright wp-image-36524 size-medium\" src=\"https:\/\/i0.wp.com\/larevistadigital.com.ar\/blog\/wp-content\/uploads\/RADIOok.png?resize=300%2C300&#038;ssl=1\" alt=\"\" width=\"300\" height=\"300\" srcset=\"https:\/\/i0.wp.com\/larevistadigital.com.ar\/blog\/wp-content\/uploads\/RADIOok.png?resize=300%2C300&amp;ssl=1 300w, https:\/\/i0.wp.com\/larevistadigital.com.ar\/blog\/wp-content\/uploads\/RADIOok.png?resize=150%2C150&amp;ssl=1 150w, https:\/\/i0.wp.com\/larevistadigital.com.ar\/blog\/wp-content\/uploads\/RADIOok.png?resize=768%2C768&amp;ssl=1 768w, https:\/\/i0.wp.com\/larevistadigital.com.ar\/blog\/wp-content\/uploads\/RADIOok.png?w=1024&amp;ssl=1 1024w\" sizes=\"auto, (max-width: 300px) 100vw, 300px\" \/><\/a><\/p>\n<p>Nos complace invitarlos a sintonizar \u00abAtaque de Radio\u00bb, nuestro programa que se transmite en vivo por Radio Amistad 102.7 MHz de Chascom\u00fas, provincia de Buenos Aires, y a trav\u00e9s de nuestro canal de YouTube, RadioPowerCh. Con la conducci\u00f3n por Alejandro \u00abEl Tano\u00bb Sosa, estamos al aire de lunes a viernes, desde las 10:00 AM hasta las 13:00 horas.<\/p>\n<p>En \u00abAtaque de Radio\u00bb, nos dedicamos a mantenerlos informados y entretenidos con una combinaci\u00f3n de noticias, informaci\u00f3n relevante, entrevistas en vivo y un toque de humor. Nuestro objetivo es acompa\u00f1arlos cada ma\u00f1ana y ofrecerles contenido de calidad que les saque una sonrisa y los mantenga al tanto de lo que sucede.<\/p>\n<p>Alejandro \u00abEl Tano\u00bb Sosa, conduce el programa que ya se ha convertido en una compania para muchos oyentes y espectadores. Adem\u00e1s de la transmisi\u00f3n radial, pueden seguirnos en nuestro canal de YouTube, donde tambi\u00e9n transmitimos en vivo, ampliando nuestro alcance y permitiendo que m\u00e1s personas se unan a la experiencia de \u00abAtaque de Radio\u00bb.<\/p>\n<p>Les dejamos el enlace para que puedan unirse a nuestras transmisiones en vivo y disfrutar de todo lo que \u00abAtaque de Radio\u00bb tiene para ofrecer:<\/p>\n<p><a href=\"https:\/\/www.youtube.com\/@radiopowerch\/streams\">Enlace al vivo<\/a><\/p>\n<p>\u00a1No se lo pierdan! Los esperamos cada ma\u00f1ana de lunes a viernes, de 10:00 AM a 13:00 horas, por Radio Amistad 102.7 MHz y en nuestro canal de YouTube RadioPowerCh. \u00a1Mantente informado y divi\u00e9rtete con nosotros!<\/p>\n<p>Este julio lo arrancamos con todo!!!!<\/p>\n<p>Te invitamos a ver el programa del 1\u00b0 de julio, o lo que se pudo debido a un corte electrico general en la ciudad de Chascom\u00fas.<\/p>\n<p><iframe loading=\"lazy\" title=\"&quot;ATAQUE DE RADIO&quot; EDICION  01.07.24\" width=\"500\" height=\"375\" src=\"https:\/\/www.youtube.com\/embed\/0og0kiHS3I8?start=613&#038;feature=oembed\" frameborder=\"0\" allow=\"accelerometer; autoplay; clipboard-write; encrypted-media; gyroscope; picture-in-picture; web-share\" referrerpolicy=\"strict-origin-when-cross-origin\" allowfullscreen><\/iframe><\/p>\n","protected":false},"excerpt":{"rendered":"<div class=\"mh-excerpt\"><p>Nos complace invitarlos a sintonizar \u00abAtaque de Radio\u00bb, nuestro programa que se transmite en vivo por Radio Amistad 102.7 MHz de Chascom\u00fas, provincia de Buenos Aires, y a trav\u00e9s de nuestro canal de YouTube, RadioPowerCh. <a class=\"mh-excerpt-more\" href=\"https:\/\/larevistadigital.com.ar\/blog\/unete-a-ataque-de-radio-en-radio-amistad-y-youtube\/\" title=\"\u00a1\u00danete a \u00abAtaque de Radio\u00bb en Radio Amistad y YouTube!\">[Leer M\u00e1s]<\/a><\/p>\n<\/div>","protected":false},"author":1,"featured_media":36530,"comment_status":"open","ping_status":"open","sticky":false,"template":"","format":"standard","meta":{"_jetpack_memberships_contains_paid_content":false,"footnotes":"","jetpack_publicize_message":"","jetpack_publicize_feature_enabled":true,"jetpack_social_post_already_shared":true,"jetpack_social_options":{"image_generator_settings":{"template":"highway","default_image_id":0,"font":"","enabled":false},"version":2}},"categories":[247],"tags":[],"class_list":{"0":"post-36523","1":"post","2":"type-post","3":"status-publish","4":"format-standard","5":"has-post-thumbnail","7":"category-ataque-de-radio"},"jetpack_publicize_connections":[],"jetpack_featured_media_url":"https:\/\/i0.wp.com\/larevistadigital.com.ar\/blog\/wp-content\/uploads\/1-21.jpg?fit=1920%2C1080&ssl=1","jetpack_sharing_enabled":true,"jetpack_shortlink":"https:\/\/wp.me\/p8qtrQ-9v5","jetpack-related-posts":[{"id":40592,"url":"https:\/\/larevistadigital.com.ar\/blog\/candidatos-de-lla-fredy-toledo-y-yamila-mekbel-hay-que-devolverle-el-poder-a-la-gente\/","url_meta":{"origin":36523,"position":0},"title":"Candidatos de LLA Fredy Toledo y Yamila Mekbel: \u00abHay que devolverle el poder a la gente\u00bb.","author":"Alejandro Sosa Ruda","date":"22 julio, 2025","format":false,"excerpt":"Fredy Toledo y Yamila Mekbel, candidatos de La Libertad Avanza, hablaron en Ataque de Radio sobre su propuesta para una pol\u00edtica m\u00e1s cercana y participativa en Chascom\u00fas. 22 de Julio de 2025 CHASCOM\u00daS -\u00a0 \u00a0En una entrevista realizada por Alejandro \"El Tano\" Sosa en el programa Ataque de Radio! \u2014emitido\u2026","rel":"","context":"En \u00abATAQUE DE RADIO\u00bb","block_context":{"text":"ATAQUE DE RADIO","link":"https:\/\/larevistadigital.com.ar\/blog\/category\/ataque-de-radio\/"},"img":{"alt_text":"","src":"https:\/\/i0.wp.com\/larevistadigital.com.ar\/blog\/wp-content\/uploads\/Captura-de-pantalla-2025-07-22-234844.jpg?fit=1200%2C493&ssl=1&resize=350%2C200","width":350,"height":200,"srcset":"https:\/\/i0.wp.com\/larevistadigital.com.ar\/blog\/wp-content\/uploads\/Captura-de-pantalla-2025-07-22-234844.jpg?fit=1200%2C493&ssl=1&resize=350%2C200 1x, https:\/\/i0.wp.com\/larevistadigital.com.ar\/blog\/wp-content\/uploads\/Captura-de-pantalla-2025-07-22-234844.jpg?fit=1200%2C493&ssl=1&resize=525%2C300 1.5x, https:\/\/i0.wp.com\/larevistadigital.com.ar\/blog\/wp-content\/uploads\/Captura-de-pantalla-2025-07-22-234844.jpg?fit=1200%2C493&ssl=1&resize=700%2C400 2x, https:\/\/i0.wp.com\/larevistadigital.com.ar\/blog\/wp-content\/uploads\/Captura-de-pantalla-2025-07-22-234844.jpg?fit=1200%2C493&ssl=1&resize=1050%2C600 3x"},"classes":[]},{"id":22152,"url":"https:\/\/larevistadigital.com.ar\/blog\/fue-magia-luego-de-la-nota-en-ataque-de-radio-y-la-revista-digital-aparecieron-los-papeles-y-actas\/","url_meta":{"origin":36523,"position":1},"title":"\u00ab\u00bfFUE MAGIA?&#8230;LUEGO DE LA NOTA EN \u00abATAQUE DE RADIO\u00bb Y \u00abLA REVISTA DIGITAL\u00bb APARECIERON LOS PAPELES Y ACTAS&#8230;","author":"Alejandro Sosa Ruda","date":"29 septiembre, 2021","format":false,"excerpt":"Luego de la repercusi\u00f3n que tomaron las notas realizadas en el programa radial \"Ataque de Radio\" que conducen Alejandro \"El Tano\" Sosa y Carlos Lasserre por la FM ACTIVA 93,1, respecto de la lamentable situaci\u00f3n que deben atravesar la flamante presidente de la Comisi\u00f3n Del Barrio San Cayetano, el gobierno\u2026","rel":"","context":"En \u00abDESTACADAS\u00bb","block_context":{"text":"DESTACADAS","link":"https:\/\/larevistadigital.com.ar\/blog\/category\/destacadas\/"},"img":{"alt_text":"","src":"https:\/\/i0.wp.com\/larevistadigital.com.ar\/blog\/wp-content\/uploads\/WhatsApp-Image-2021-09-28-at-23.17.16.jpeg?fit=720%2C1046&ssl=1&resize=350%2C200","width":350,"height":200,"srcset":"https:\/\/i0.wp.com\/larevistadigital.com.ar\/blog\/wp-content\/uploads\/WhatsApp-Image-2021-09-28-at-23.17.16.jpeg?fit=720%2C1046&ssl=1&resize=350%2C200 1x, https:\/\/i0.wp.com\/larevistadigital.com.ar\/blog\/wp-content\/uploads\/WhatsApp-Image-2021-09-28-at-23.17.16.jpeg?fit=720%2C1046&ssl=1&resize=525%2C300 1.5x, https:\/\/i0.wp.com\/larevistadigital.com.ar\/blog\/wp-content\/uploads\/WhatsApp-Image-2021-09-28-at-23.17.16.jpeg?fit=720%2C1046&ssl=1&resize=700%2C400 2x"},"classes":[]},{"id":38617,"url":"https:\/\/larevistadigital.com.ar\/blog\/gabriel-macchi-en-ataque-de-radio-el-motor-esta-afinado-y-listo\/","url_meta":{"origin":36523,"position":2},"title":"Gabriel Macchi en \u00abAtaque de Radio\u00bb: \u00abEl motor est\u00e1 afinado y listo\u00bb&#8230;","author":"Alejandro Sosa Ruda","date":"6 febrero, 2025","format":false,"excerpt":"El ex candidato a Intendente y concejal m\/c del PJ, Gabriel Macchi contest\u00f3 todas las preguntas en una nota radial. \u00bfSer\u00e1 candidato? 06 de Febrero de 2025 CHASCOM\u00daS -\u00a0 Finalmente la \u201cfigurita dif\u00edcil\u201d, Gabriel Macchi, \u00a0a quien todo el \u00e1mbito de la prensa pol\u00edtica de Chascom\u00fas quer\u00eda entrevistar, sali\u00f3 de\u2026","rel":"","context":"En \u00abATAQUE DE RADIO\u00bb","block_context":{"text":"ATAQUE DE RADIO","link":"https:\/\/larevistadigital.com.ar\/blog\/category\/ataque-de-radio\/"},"img":{"alt_text":"","src":"https:\/\/i0.wp.com\/larevistadigital.com.ar\/blog\/wp-content\/uploads\/GABRIEL-MACCHI.jpg?fit=869%2C480&ssl=1&resize=350%2C200","width":350,"height":200,"srcset":"https:\/\/i0.wp.com\/larevistadigital.com.ar\/blog\/wp-content\/uploads\/GABRIEL-MACCHI.jpg?fit=869%2C480&ssl=1&resize=350%2C200 1x, https:\/\/i0.wp.com\/larevistadigital.com.ar\/blog\/wp-content\/uploads\/GABRIEL-MACCHI.jpg?fit=869%2C480&ssl=1&resize=525%2C300 1.5x, https:\/\/i0.wp.com\/larevistadigital.com.ar\/blog\/wp-content\/uploads\/GABRIEL-MACCHI.jpg?fit=869%2C480&ssl=1&resize=700%2C400 2x"},"classes":[]},{"id":21935,"url":"https:\/\/larevistadigital.com.ar\/blog\/ramiro-ferrante-dialogo-en-el-programa-ataque-de-radio-donde-se-mostro-muy-preocupado-por-la-realidad-del-vecino-y-la-falta-de-escucha-por-parte-del-oficialismo\/","url_meta":{"origin":36523,"position":3},"title":"RAMIRO FERRANTE DIALOG\u00d3 EN EL PROGRAMA \u00abATAQUE DE RADIO\u00bb, DONDE SE MOSTR\u00d3 MUY PREOCUPADO POR LA REALIDAD DEL VECINO Y LA FALTA DE ESCUCHA POR PARTE DEL OFICIALISMO","author":"Alejandro Sosa Ruda","date":"11 septiembre, 2021","format":false,"excerpt":"El pasado jueves, el pre candidato a concejal por el espacio de \"Juntos\", Ramiro Ferrante, dialog\u00f3 de su gesti\u00f3n, y lo que planea \"para la pr\u00f3xima\", haciendo hincapi\u00e9 en corregir errores, entre ellos el no difundir como corresponde el trabajo realizado. CHASCOM\u00daS - En el ciclo de entrevistas con los\u2026","rel":"","context":"En \u00abSin categor\u00eda\u00bb","block_context":{"text":"Sin categor\u00eda","link":"https:\/\/larevistadigital.com.ar\/blog\/category\/sin-categoria\/"},"img":{"alt_text":"","src":"https:\/\/i0.wp.com\/larevistadigital.com.ar\/blog\/wp-content\/uploads\/237213048_118720407166154_4312019856579861238_n.jpg?fit=1200%2C900&ssl=1&resize=350%2C200","width":350,"height":200,"srcset":"https:\/\/i0.wp.com\/larevistadigital.com.ar\/blog\/wp-content\/uploads\/237213048_118720407166154_4312019856579861238_n.jpg?fit=1200%2C900&ssl=1&resize=350%2C200 1x, https:\/\/i0.wp.com\/larevistadigital.com.ar\/blog\/wp-content\/uploads\/237213048_118720407166154_4312019856579861238_n.jpg?fit=1200%2C900&ssl=1&resize=525%2C300 1.5x, https:\/\/i0.wp.com\/larevistadigital.com.ar\/blog\/wp-content\/uploads\/237213048_118720407166154_4312019856579861238_n.jpg?fit=1200%2C900&ssl=1&resize=700%2C400 2x, https:\/\/i0.wp.com\/larevistadigital.com.ar\/blog\/wp-content\/uploads\/237213048_118720407166154_4312019856579861238_n.jpg?fit=1200%2C900&ssl=1&resize=1050%2C600 3x"},"classes":[]},{"id":36095,"url":"https:\/\/larevistadigital.com.ar\/blog\/chascomus-el-subcomisario-ferreyra-hablo-de-los-robos-en-barrio-girado-y-lomas-altas\/","url_meta":{"origin":36523,"position":4},"title":"CHASCOM\u00daS: EL SUBCOMISARIO FERREYRA HABL\u00d3 DE LOS ROBOS EN BARRIO GIRADO Y LOMAS ALTAS","author":"Alejandro Sosa Ruda","date":"21 mayo, 2024","format":false,"excerpt":"Asegur\u00f3 que \"las investigaciones est\u00e1n encaminadas\" y que est\u00e1n recolectando pruebas. 21 de Mayo de 2024 CHASCOM\u00daS -\u00a0 El sub comisario Gerardo Ferreira durante una entrevista brindada al programa \"Ataque de Radio\" que se emite por la FM AMISTAD (102.7 Mhtz.) y conducen Alejandro \"El Tano\" Sosa y Carlos Lasserre,\u2026","rel":"","context":"En \u00abDESTACADAS\u00bb","block_context":{"text":"DESTACADAS","link":"https:\/\/larevistadigital.com.ar\/blog\/category\/destacadas\/"},"img":{"alt_text":"","src":"https:\/\/i0.wp.com\/larevistadigital.com.ar\/blog\/wp-content\/uploads\/2019\/01\/bbx_755050019_comisaria_chasco_01.jpg?fit=800%2C579&ssl=1&resize=350%2C200","width":350,"height":200,"srcset":"https:\/\/i0.wp.com\/larevistadigital.com.ar\/blog\/wp-content\/uploads\/2019\/01\/bbx_755050019_comisaria_chasco_01.jpg?fit=800%2C579&ssl=1&resize=350%2C200 1x, https:\/\/i0.wp.com\/larevistadigital.com.ar\/blog\/wp-content\/uploads\/2019\/01\/bbx_755050019_comisaria_chasco_01.jpg?fit=800%2C579&ssl=1&resize=525%2C300 1.5x, https:\/\/i0.wp.com\/larevistadigital.com.ar\/blog\/wp-content\/uploads\/2019\/01\/bbx_755050019_comisaria_chasco_01.jpg?fit=800%2C579&ssl=1&resize=700%2C400 2x"},"classes":[]},{"id":38562,"url":"https:\/\/larevistadigital.com.ar\/blog\/chascomus-por-esquivar-a-una-mujer-que-cruzo-sin-mirar-termino-en-la-zanja-frente-al-howard-johnson\/","url_meta":{"origin":36523,"position":5},"title":"Chascom\u00fas: Por esquivar a una mujer que cruz\u00f3 sin mirar, termin\u00f3 en la zanja, frente al Howard Johnson","author":"Alejandro Sosa Ruda","date":"27 enero, 2025","format":false,"excerpt":"Afortunadamente no hubo que lamentar heridas, pero si, el auto qued\u00f3 muy golpeado. 26 de Enero de 2025 CHASCOM\u00daS -\u00a0 En horas de la ma\u00f1ana del viernes pasado, una mujer cruz\u00f3 la calle en el camino de circunvalaci\u00f3n, a la altura del Hotel Howard Johnson, cuando pasaba por el lugar\u2026","rel":"","context":"En \u00abDESTACADAS\u00bb","block_context":{"text":"DESTACADAS","link":"https:\/\/larevistadigital.com.ar\/blog\/category\/destacadas\/"},"img":{"alt_text":"","src":"https:\/\/i0.wp.com\/larevistadigital.com.ar\/blog\/wp-content\/uploads\/zanja-3.jpg?fit=720%2C761&ssl=1&resize=350%2C200","width":350,"height":200,"srcset":"https:\/\/i0.wp.com\/larevistadigital.com.ar\/blog\/wp-content\/uploads\/zanja-3.jpg?fit=720%2C761&ssl=1&resize=350%2C200 1x, https:\/\/i0.wp.com\/larevistadigital.com.ar\/blog\/wp-content\/uploads\/zanja-3.jpg?fit=720%2C761&ssl=1&resize=525%2C300 1.5x, https:\/\/i0.wp.com\/larevistadigital.com.ar\/blog\/wp-content\/uploads\/zanja-3.jpg?fit=720%2C761&ssl=1&resize=700%2C400 2x"},"classes":[]}],"_links":{"self":[{"href":"https:\/\/larevistadigital.com.ar\/blog\/wp-json\/wp\/v2\/posts\/36523","targetHints":{"allow":["GET"]}}],"collection":[{"href":"https:\/\/larevistadigital.com.ar\/blog\/wp-json\/wp\/v2\/posts"}],"about":[{"href":"https:\/\/larevistadigital.com.ar\/blog\/wp-json\/wp\/v2\/types\/post"}],"author":[{"embeddable":true,"href":"https:\/\/larevistadigital.com.ar\/blog\/wp-json\/wp\/v2\/users\/1"}],"replies":[{"embeddable":true,"href":"https:\/\/larevistadigital.com.ar\/blog\/wp-json\/wp\/v2\/comments?post=36523"}],"version-history":[{"count":3,"href":"https:\/\/larevistadigital.com.ar\/blog\/wp-json\/wp\/v2\/posts\/36523\/revisions"}],"predecessor-version":[{"id":36529,"href":"https:\/\/larevistadigital.com.ar\/blog\/wp-json\/wp\/v2\/posts\/36523\/revisions\/36529"}],"wp:featuredmedia":[{"embeddable":true,"href":"https:\/\/larevistadigital.com.ar\/blog\/wp-json\/wp\/v2\/media\/36530"}],"wp:attachment":[{"href":"https:\/\/larevistadigital.com.ar\/blog\/wp-json\/wp\/v2\/media?parent=36523"}],"wp:term":[{"taxonomy":"category","embeddable":true,"href":"https:\/\/larevistadigital.com.ar\/blog\/wp-json\/wp\/v2\/categories?post=36523"},{"taxonomy":"post_tag","embeddable":true,"href":"https:\/\/larevistadigital.com.ar\/blog\/wp-json\/wp\/v2\/tags?post=36523"}],"curies":[{"name":"wp","href":"https:\/\/api.w.org\/{rel}","templated":true}]}}