{"id":36541,"date":"2024-07-02T21:06:05","date_gmt":"2024-07-03T00:06:05","guid":{"rendered":"https:\/\/larevistadigital.com.ar\/blog\/?p=36541"},"modified":"2024-07-02T21:06:05","modified_gmt":"2024-07-03T00:06:05","slug":"mas-de-60-proyectos-se-presentaron-en-la-feria-de-educacion-artes-ciencias-y-tecnologia","status":"publish","type":"post","link":"https:\/\/larevistadigital.com.ar\/blog\/mas-de-60-proyectos-se-presentaron-en-la-feria-de-educacion-artes-ciencias-y-tecnologia\/","title":{"rendered":"M\u00c1S DE 60 PROYECTOS SE PRESENTARON EN LA FERIA DE EDUCACI\u00d3N, ARTES, CIENCIAS Y TECNOLOG\u00cdA"},"content":{"rendered":"<h2 class=\"notaIntro\">El intendente Javier Gast\u00f3n y el subsecretario de Infancias y Juventudes, Lucio Alfons\u00edn, acompa\u00f1aron a las y los estudiantes durante la etapa distrital.<\/h2>\n<p>02 de Julio de 2024<\/p>\n<p class=\"notaTexto\"><strong>CHASCOM\u00daS &#8211;\u00a0<\/strong> Esta propuesta educativa, que depende de la Direcci\u00f3n de Pol\u00edticas Socio Educativas provincial, convoca a alumnos y alumnas de todos los niveles, desde el jard\u00edn de infantes hasta las instituciones terciarias.<br \/>\nLa actividad se llev\u00f3 a cabo en la Escuela de Educaci\u00f3n Especial 504, donde se presentaron m\u00e1s de 60 proyectos de escuelas p\u00fablicas y privadas de la ciudad y del sector rural.<\/p>\n<p class=\"notaTexto\">Durante la jornada, el intendente <strong>Javier Gast\u00f3n<\/strong> felicit\u00f3 a los estudiantes por el nivel de los trabajos presentados:<strong><em> \u201cLa feria educativa nos sorprende cada a\u00f1o por la gran calidad de las propuestas que nos muestran y es un orgullo poder conocer y compartir el trabajo que realizan los chicos y chicas de Chascom\u00fas. Esta instancia es muy positiva porque, adem\u00e1s de los proyectos, es una oportunidad para que se encuentren y cada uno pueda conocer en qu\u00e9 est\u00e1 trabajando cada escuela\u201d<\/em><\/strong>, expres\u00f3.<\/p>\n<p class=\"notaTexto\">La feria corresponde a la etapa distrital y los proyectos seleccionados avanzar\u00e1n a la etapa regional y posteriormente a la provincial.<br \/>\nEl evento cont\u00f3 tambi\u00e9n con la presencia de la jefa distrital de Educaci\u00f3n, <strong>Julia Ugarte<\/strong>; la inspectora regional Regi\u00f3n 17 DIEGEP, <strong>Mar\u00eda Giribaldi<\/strong>, y otras autoridades educativas.<\/p>\n","protected":false},"excerpt":{"rendered":"<div class=\"mh-excerpt\"><p>El intendente Javier Gast\u00f3n y el subsecretario de Infancias y Juventudes, Lucio Alfons\u00edn, acompa\u00f1aron a las y los estudiantes durante la etapa distrital. 02 de Julio de 2024 CHASCOM\u00daS &#8211;\u00a0 Esta propuesta educativa, que depende <a class=\"mh-excerpt-more\" href=\"https:\/\/larevistadigital.com.ar\/blog\/mas-de-60-proyectos-se-presentaron-en-la-feria-de-educacion-artes-ciencias-y-tecnologia\/\" title=\"M\u00c1S DE 60 PROYECTOS SE PRESENTARON EN LA FERIA DE EDUCACI\u00d3N, ARTES, CIENCIAS Y TECNOLOG\u00cdA\">[Leer M\u00e1s]<\/a><\/p>\n<\/div>","protected":false},"author":3,"featured_media":36542,"comment_status":"open","ping_status":"open","sticky":false,"template":"","format":"standard","meta":{"_jetpack_memberships_contains_paid_content":false,"footnotes":"","jetpack_publicize_message":"","jetpack_publicize_feature_enabled":true,"jetpack_social_post_already_shared":true,"jetpack_social_options":{"image_generator_settings":{"template":"highway","default_image_id":0,"font":"","enabled":false},"version":2}},"categories":[6],"tags":[],"class_list":{"0":"post-36541","1":"post","2":"type-post","3":"status-publish","4":"format-standard","5":"has-post-thumbnail","7":"category-chascomus"},"jetpack_publicize_connections":[],"jetpack_featured_media_url":"https:\/\/i0.wp.com\/larevistadigital.com.ar\/blog\/wp-content\/uploads\/2024_07_03_01_00_20_486387.jpg?fit=600%2C400&ssl=1","jetpack_sharing_enabled":true,"jetpack_shortlink":"https:\/\/wp.me\/p8qtrQ-9vn","jetpack-related-posts":[{"id":44310,"url":"https:\/\/larevistadigital.com.ar\/blog\/chascomus-el-intendente-javier-gaston-articulo-una-agenda-educativa-con-inspectoras-en-el-inicio-del-ciclo-lectivo\/","url_meta":{"origin":36541,"position":0},"title":"Chascom\u00fas: El intendente Javier Gast\u00f3n articul\u00f3 una agenda educativa con inspectoras en el inicio del ciclo lectivo","author":"Alejandro Sosa Ruda","date":"5 marzo, 2026","format":false,"excerpt":"Se hizo hincapi\u00e9 en la importancia de profundizar el trabajo interinstitucional como estrategia para garantizar m\u00e1s y mejores oportunidades educativas. 05 de Marzo de 2026 CHASCOM\u00daS -\u00a0 \u00a0En el marco del comienzo del ciclo lectivo 2026, el intendente Javier Gast\u00f3n mantuvo una reuni\u00f3n de trabajo con la Inspectora Jefa Regional\u2026","rel":"","context":"En \u00abCHASCOM\u00daS\u00bb","block_context":{"text":"CHASCOM\u00daS","link":"https:\/\/larevistadigital.com.ar\/blog\/category\/chascomus\/"},"img":{"alt_text":"","src":"https:\/\/i0.wp.com\/larevistadigital.com.ar\/blog\/wp-content\/uploads\/69a878c82a849.png?fit=668%2C445&ssl=1&resize=350%2C200","width":350,"height":200,"srcset":"https:\/\/i0.wp.com\/larevistadigital.com.ar\/blog\/wp-content\/uploads\/69a878c82a849.png?fit=668%2C445&ssl=1&resize=350%2C200 1x, https:\/\/i0.wp.com\/larevistadigital.com.ar\/blog\/wp-content\/uploads\/69a878c82a849.png?fit=668%2C445&ssl=1&resize=525%2C300 1.5x"},"classes":[]},{"id":37846,"url":"https:\/\/larevistadigital.com.ar\/blog\/javier-gaston-recibio-a-las-nuevas-autoridades-de-la-fes\/","url_meta":{"origin":36541,"position":1},"title":"Javier Gast\u00f3n recibi\u00f3 a las nuevas autoridades de la FES","author":"Alejandro Sosa Ruda","date":"12 noviembre, 2024","format":false,"excerpt":"El intendente destac\u00f3 el compromiso juvenil con la educaci\u00f3n local y el trabajo conjunto entre el municipio y los estudiantes para seguir construyendo una comunidad m\u00e1s participativa. 12 de Noviembre de 2024 CHASCOM\u00daS -\u00a0 En el despacho comunal, el intendente Javier Gast\u00f3n recibi\u00f3 este lunes a las nuevas autoridades de\u2026","rel":"","context":"En \u00abCHASCOM\u00daS\u00bb","block_context":{"text":"CHASCOM\u00daS","link":"https:\/\/larevistadigital.com.ar\/blog\/category\/chascomus\/"},"img":{"alt_text":"","src":"https:\/\/i0.wp.com\/larevistadigital.com.ar\/blog\/wp-content\/uploads\/67337ac6bfc67.png?fit=668%2C445&ssl=1&resize=350%2C200","width":350,"height":200,"srcset":"https:\/\/i0.wp.com\/larevistadigital.com.ar\/blog\/wp-content\/uploads\/67337ac6bfc67.png?fit=668%2C445&ssl=1&resize=350%2C200 1x, https:\/\/i0.wp.com\/larevistadigital.com.ar\/blog\/wp-content\/uploads\/67337ac6bfc67.png?fit=668%2C445&ssl=1&resize=525%2C300 1.5x"},"classes":[]},{"id":41013,"url":"https:\/\/larevistadigital.com.ar\/blog\/educacion-publica-mas-de-80-estudiantes-finalizaron-diplomaturas-dictadas-en-el-intech\/","url_meta":{"origin":36541,"position":2},"title":"Educaci\u00f3n P\u00fablica: M\u00e1s de 80 estudiantes finalizaron diplomaturas dictadas en el INTECH","author":"Alejandro Sosa Ruda","date":"20 agosto, 2025","format":false,"excerpt":"El intendente Javier Gast\u00f3n y el subsecretario de Educaci\u00f3n provincial, Pablo Urquiza, encabezaron la entrega de certificados. 20 de agosto de 2025 CHASCOM\u00daS\u00a0 -\u00a0 \u00a0En un acto realizado en el Centro Universitario Chascom\u00fas, m\u00e1s de 80 estudiantes recibieron sus diplomas tras completar la Diplomatura en Recursos Acu\u00e1ticos y la Diplomatura\u2026","rel":"","context":"En \u00abCHASCOM\u00daS\u00bb","block_context":{"text":"CHASCOM\u00daS","link":"https:\/\/larevistadigital.com.ar\/blog\/category\/chascomus\/"},"img":{"alt_text":"","src":"https:\/\/i0.wp.com\/larevistadigital.com.ar\/blog\/wp-content\/uploads\/68a5fa03143ce.png?fit=668%2C445&ssl=1&resize=350%2C200","width":350,"height":200,"srcset":"https:\/\/i0.wp.com\/larevistadigital.com.ar\/blog\/wp-content\/uploads\/68a5fa03143ce.png?fit=668%2C445&ssl=1&resize=350%2C200 1x, https:\/\/i0.wp.com\/larevistadigital.com.ar\/blog\/wp-content\/uploads\/68a5fa03143ce.png?fit=668%2C445&ssl=1&resize=525%2C300 1.5x"},"classes":[]},{"id":42856,"url":"https:\/\/larevistadigital.com.ar\/blog\/chascomus-egresados-de-la-escuela-secundaria-municipal-recibieron-sus-diplomas\/","url_meta":{"origin":36541,"position":3},"title":"Chascom\u00fas: Egresados de la Escuela Secundaria Municipal recibieron sus diplomas","author":"Alejandro Sosa Ruda","date":"12 diciembre, 2025","format":false,"excerpt":"El intendente Javier Gast\u00f3n acompa\u00f1\u00f3 el cierre del ciclo lectivo en el establecimiento educativo. 12 de Diciembre de 2025 CHASCOM\u00daS -\u00a0 \u00a0 En la Escuela Secundaria Municipal \u201cElo\u00edsa Gonz\u00e1lez de Soler\u201d, se realiz\u00f3 el acto de entrega de diplomas a los estudiantes que completaron sus estudios. La ceremonia cont\u00f3 con\u2026","rel":"","context":"En \u00abCHASCOM\u00daS\u00bb","block_context":{"text":"CHASCOM\u00daS","link":"https:\/\/larevistadigital.com.ar\/blog\/category\/chascomus\/"},"img":{"alt_text":"","src":"https:\/\/i0.wp.com\/larevistadigital.com.ar\/blog\/wp-content\/uploads\/693c56841a86a.png?fit=668%2C445&ssl=1&resize=350%2C200","width":350,"height":200,"srcset":"https:\/\/i0.wp.com\/larevistadigital.com.ar\/blog\/wp-content\/uploads\/693c56841a86a.png?fit=668%2C445&ssl=1&resize=350%2C200 1x, https:\/\/i0.wp.com\/larevistadigital.com.ar\/blog\/wp-content\/uploads\/693c56841a86a.png?fit=668%2C445&ssl=1&resize=525%2C300 1.5x"},"classes":[]},{"id":44638,"url":"https:\/\/larevistadigital.com.ar\/blog\/javier-gaston-recibio-a-la-nueva-conduccion-de-la-fes\/","url_meta":{"origin":36541,"position":4},"title":"Javier Gast\u00f3n recibi\u00f3 a la nueva conducci\u00f3n de la FES","author":"Alejandro Sosa Ruda","date":"20 marzo, 2026","format":false,"excerpt":"Autoridades de la Federaci\u00f3n de Estudiantes Secundarios presentaron sus propuestas y l\u00edneas de trabajo para el ciclo 2026. 20 de marzo de 2026 CHASCOM\u00daS -\u00a0 \u00a0El intendente Javier Gast\u00f3n recibi\u00f3 en su despacho a los integrantes de la mesa directiva de la Federaci\u00f3n de Estudiantes Secundarios (FES), entidad que nuclea\u2026","rel":"","context":"En \u00abCHASCOM\u00daS\u00bb","block_context":{"text":"CHASCOM\u00daS","link":"https:\/\/larevistadigital.com.ar\/blog\/category\/chascomus\/"},"img":{"alt_text":"","src":"https:\/\/i0.wp.com\/larevistadigital.com.ar\/blog\/wp-content\/uploads\/69bd9eceb5a2d.png?fit=668%2C445&ssl=1&resize=350%2C200","width":350,"height":200,"srcset":"https:\/\/i0.wp.com\/larevistadigital.com.ar\/blog\/wp-content\/uploads\/69bd9eceb5a2d.png?fit=668%2C445&ssl=1&resize=350%2C200 1x, https:\/\/i0.wp.com\/larevistadigital.com.ar\/blog\/wp-content\/uploads\/69bd9eceb5a2d.png?fit=668%2C445&ssl=1&resize=525%2C300 1.5x"},"classes":[]},{"id":44474,"url":"https:\/\/larevistadigital.com.ar\/blog\/javier-gaston-y-el-ministro-carlos-bianco-presentaron-una-nueva-carrera-universitaria-para-chascomus\/","url_meta":{"origin":36541,"position":5},"title":"Javier Gast\u00f3n y el ministro Carlos Bianco presentaron una nueva carrera universitaria para Chascom\u00fas","author":"Alejandro Sosa Ruda","date":"12 marzo, 2026","format":false,"excerpt":"Adem\u00e1s, el intendente y el titular de la cartera de Gobierno bonaerense recorrieron las instalaciones del Centro Universitario de Chascom\u00fas, ubicado en el barrio 30 de Mayo, y la obra de ampliaci\u00f3n que se encuentra en marcha. 12 de marzo de 2026 En horas de la tarde de ayer, el\u2026","rel":"","context":"En \u00abSin categor\u00eda\u00bb","block_context":{"text":"Sin categor\u00eda","link":"https:\/\/larevistadigital.com.ar\/blog\/category\/sin-categoria\/"},"img":{"alt_text":"","src":"https:\/\/i0.wp.com\/larevistadigital.com.ar\/blog\/wp-content\/uploads\/69b2f1a68b13c.png?fit=668%2C445&ssl=1&resize=350%2C200","width":350,"height":200,"srcset":"https:\/\/i0.wp.com\/larevistadigital.com.ar\/blog\/wp-content\/uploads\/69b2f1a68b13c.png?fit=668%2C445&ssl=1&resize=350%2C200 1x, https:\/\/i0.wp.com\/larevistadigital.com.ar\/blog\/wp-content\/uploads\/69b2f1a68b13c.png?fit=668%2C445&ssl=1&resize=525%2C300 1.5x"},"classes":[]}],"_links":{"self":[{"href":"https:\/\/larevistadigital.com.ar\/blog\/wp-json\/wp\/v2\/posts\/36541","targetHints":{"allow":["GET"]}}],"collection":[{"href":"https:\/\/larevistadigital.com.ar\/blog\/wp-json\/wp\/v2\/posts"}],"about":[{"href":"https:\/\/larevistadigital.com.ar\/blog\/wp-json\/wp\/v2\/types\/post"}],"author":[{"embeddable":true,"href":"https:\/\/larevistadigital.com.ar\/blog\/wp-json\/wp\/v2\/users\/3"}],"replies":[{"embeddable":true,"href":"https:\/\/larevistadigital.com.ar\/blog\/wp-json\/wp\/v2\/comments?post=36541"}],"version-history":[{"count":1,"href":"https:\/\/larevistadigital.com.ar\/blog\/wp-json\/wp\/v2\/posts\/36541\/revisions"}],"predecessor-version":[{"id":36543,"href":"https:\/\/larevistadigital.com.ar\/blog\/wp-json\/wp\/v2\/posts\/36541\/revisions\/36543"}],"wp:featuredmedia":[{"embeddable":true,"href":"https:\/\/larevistadigital.com.ar\/blog\/wp-json\/wp\/v2\/media\/36542"}],"wp:attachment":[{"href":"https:\/\/larevistadigital.com.ar\/blog\/wp-json\/wp\/v2\/media?parent=36541"}],"wp:term":[{"taxonomy":"category","embeddable":true,"href":"https:\/\/larevistadigital.com.ar\/blog\/wp-json\/wp\/v2\/categories?post=36541"},{"taxonomy":"post_tag","embeddable":true,"href":"https:\/\/larevistadigital.com.ar\/blog\/wp-json\/wp\/v2\/tags?post=36541"}],"curies":[{"name":"wp","href":"https:\/\/api.w.org\/{rel}","templated":true}]}}