{"id":36544,"date":"2024-07-02T22:20:44","date_gmt":"2024-07-03T01:20:44","guid":{"rendered":"https:\/\/larevistadigital.com.ar\/blog\/?p=36544"},"modified":"2024-07-02T22:20:44","modified_gmt":"2024-07-03T01:20:44","slug":"chascomus-continuan-los-operativos-de-seguridad-en-diferentes-puntos-de-la-ciudad","status":"publish","type":"post","link":"https:\/\/larevistadigital.com.ar\/blog\/chascomus-continuan-los-operativos-de-seguridad-en-diferentes-puntos-de-la-ciudad\/","title":{"rendered":"CHASCOM\u00daS: CONTIN\u00daAN LOS OPERATIVOS DE SEGURIDAD EN DIFERENTES PUNTOS DE LA CIUDAD"},"content":{"rendered":"<h2 class=\"notaIntro\">El despliegue cont\u00f3 con la participaci\u00f3n de efectivos de la Estaci\u00f3n de Polic\u00eda Comunal, junto con personal de la Seguridad Urbana y de la Patrulla de Prevenci\u00f3n Municipal.<\/h2>\n<p>03 de julio de 2024<\/p>\n<p class=\"notaTexto\"><strong>CHASCOM\u00daS &#8211;<\/strong>\u00a0 Personal municipal de seguridad, en colaboraci\u00f3n con las fuerzas policiales, llev\u00f3 a cabo operativos de control.<br \/>\nLos operativos se realizaron en los barrios La Pava Grande, La Pava Chica y Parque Girado.<\/p>\n<blockquote>\n<h3 class=\"notaTexto\">Por otra parte, se realiz\u00f3 un despliegue conjunto entre el Grupo de Apoyo Departamental (GAD) y personal de Seguridad Urbana en el ingreso a la avenida Presidente Alfons\u00edn y al barrio Anah\u00ed.<\/h3>\n<\/blockquote>\n<p class=\"notaTexto\">En ese marco, se llev\u00f3 a cabo la identificaci\u00f3n de personas, veh\u00edculos y motocicletas. Se intensificaron las medidas de seguridad con la presencia coordinada de las fuerzas policiales provinciales y los agentes locales.<\/p>\n<p class=\"notaTexto\">Estas acciones forman parte del Plan Integral de Seguridad Local con el objetivo de ampliar y reforzar las medidas de prevenci\u00f3n del delito y las violencias que incluye diversos sectores de la ciudad.<\/p>\n","protected":false},"excerpt":{"rendered":"<div class=\"mh-excerpt\"><p>El despliegue cont\u00f3 con la participaci\u00f3n de efectivos de la Estaci\u00f3n de Polic\u00eda Comunal, junto con personal de la Seguridad Urbana y de la Patrulla de Prevenci\u00f3n Municipal. 03 de julio de 2024 CHASCOM\u00daS &#8211;\u00a0 <a class=\"mh-excerpt-more\" href=\"https:\/\/larevistadigital.com.ar\/blog\/chascomus-continuan-los-operativos-de-seguridad-en-diferentes-puntos-de-la-ciudad\/\" title=\"CHASCOM\u00daS: CONTIN\u00daAN LOS OPERATIVOS DE SEGURIDAD EN DIFERENTES PUNTOS DE LA CIUDAD\">[Leer M\u00e1s]<\/a><\/p>\n<\/div>","protected":false},"author":3,"featured_media":36545,"comment_status":"open","ping_status":"open","sticky":false,"template":"","format":"standard","meta":{"_jetpack_memberships_contains_paid_content":false,"footnotes":"","jetpack_publicize_message":"","jetpack_publicize_feature_enabled":true,"jetpack_social_post_already_shared":true,"jetpack_social_options":{"image_generator_settings":{"template":"highway","default_image_id":0,"font":"","enabled":false},"version":2}},"categories":[6,44],"tags":[],"class_list":{"0":"post-36544","1":"post","2":"type-post","3":"status-publish","4":"format-standard","5":"has-post-thumbnail","7":"category-chascomus","8":"category-policiales"},"jetpack_publicize_connections":[],"jetpack_featured_media_url":"https:\/\/i0.wp.com\/larevistadigital.com.ar\/blog\/wp-content\/uploads\/Captura-de-pantalla-2024-07-01-091912-1.png?fit=899%2C496&ssl=1","jetpack_sharing_enabled":true,"jetpack_shortlink":"https:\/\/wp.me\/p8qtrQ-9vq","jetpack-related-posts":[{"id":36216,"url":"https:\/\/larevistadigital.com.ar\/blog\/continuan-los-operativos-preventivos-en-diversos-sectores-de-la-ciudad\/","url_meta":{"origin":36544,"position":0},"title":"CONTIN\u00daAN LOS OPERATIVOS PREVENTIVOS EN DIVERSOS SECTORES DE LA CIUDAD","author":"Alejandro Sosa Ruda","date":"4 junio, 2024","format":false,"excerpt":"Colaboraci\u00f3n entre personal municipal y fuerzas policiales para reforzar la seguridad. 4 de junio de 2024 CHASCOM\u00daS -\u00a0 El \u00faltimo fin de semana, se llevaron a cabo operativos de control en Lomas Altas y Parque Girado por parte del personal municipal de seguridad, en colaboraci\u00f3n con Las fuerzas policiales. El\u2026","rel":"","context":"En \u00abCHASCOM\u00daS\u00bb","block_context":{"text":"CHASCOM\u00daS","link":"https:\/\/larevistadigital.com.ar\/blog\/category\/chascomus\/"},"img":{"alt_text":"","src":"https:\/\/i0.wp.com\/larevistadigital.com.ar\/blog\/wp-content\/uploads\/2024_06_05_00_35_14_3279495.jpg?fit=600%2C365&ssl=1&resize=350%2C200","width":350,"height":200,"srcset":"https:\/\/i0.wp.com\/larevistadigital.com.ar\/blog\/wp-content\/uploads\/2024_06_05_00_35_14_3279495.jpg?fit=600%2C365&ssl=1&resize=350%2C200 1x, https:\/\/i0.wp.com\/larevistadigital.com.ar\/blog\/wp-content\/uploads\/2024_06_05_00_35_14_3279495.jpg?fit=600%2C365&ssl=1&resize=525%2C300 1.5x"},"classes":[]},{"id":36141,"url":"https:\/\/larevistadigital.com.ar\/blog\/operativos-preventivos-en-distintos-barrios-de-la-ciudad\/","url_meta":{"origin":36544,"position":1},"title":"OPERATIVOS PREVENTIVOS EN DISTINTOS BARRIOS DE LA CIUDAD","author":"Alejandro Sosa Ruda","date":"26 mayo, 2024","format":false,"excerpt":"Personal municipal de seguridad, en colaboraci\u00f3n con las fuerzas policiales, llev\u00f3 a cabo ayer operativos de control en Lomas Altas y Parque Girado. 26 de mayo de 2024 CHASCOM\u00daS -\u00a0 El despliegue, realizado este jueves, cont\u00f3 con la participaci\u00f3n de efectivos de la Estaci\u00f3n de Polic\u00eda Comunal, junto con personal\u2026","rel":"","context":"En \u00abINTERES GENERAL\u00bb","block_context":{"text":"INTERES GENERAL","link":"https:\/\/larevistadigital.com.ar\/blog\/category\/interes-general\/"},"img":{"alt_text":"","src":"https:\/\/i0.wp.com\/larevistadigital.com.ar\/blog\/wp-content\/uploads\/2024_05_25_01_06_47_5071565.jpg?fit=600%2C384&ssl=1&resize=350%2C200","width":350,"height":200,"srcset":"https:\/\/i0.wp.com\/larevistadigital.com.ar\/blog\/wp-content\/uploads\/2024_05_25_01_06_47_5071565.jpg?fit=600%2C384&ssl=1&resize=350%2C200 1x, https:\/\/i0.wp.com\/larevistadigital.com.ar\/blog\/wp-content\/uploads\/2024_05_25_01_06_47_5071565.jpg?fit=600%2C384&ssl=1&resize=525%2C300 1.5x"},"classes":[]},{"id":36414,"url":"https:\/\/larevistadigital.com.ar\/blog\/operativos-especiales-de-prevencion-con-drones-en-chascomus-durante-el-fin-de-semana-largo\/","url_meta":{"origin":36544,"position":2},"title":"OPERATIVOS ESPECIALES DE PREVENCI\u00d3N CON DRONES EN CHASCOM\u00daS DURANTE EL FIN DE SEMANA LARGO","author":"Alejandro Sosa Ruda","date":"24 junio, 2024","format":false,"excerpt":"La Municipalidad de Chascom\u00fas, en conjunto con las fuerzas policiales descentralizadas de la provincia de Buenos Aires, realiz\u00f3 una serie de operativos preventivos de seguridad durante el pasado fin de semana largo, con el uso de drones para la vigilancia a\u00e9rea. 24 de Junio de 2024 CHASCOM\u00daS\u00a0 -\u00a0 La Subsecretar\u00eda\u2026","rel":"","context":"En \u00abINTERES GENERAL\u00bb","block_context":{"text":"INTERES GENERAL","link":"https:\/\/larevistadigital.com.ar\/blog\/category\/interes-general\/"},"img":{"alt_text":"","src":"https:\/\/i0.wp.com\/larevistadigital.com.ar\/blog\/wp-content\/uploads\/2024_06_25_00_58_17_824511.jpg?fit=600%2C377&ssl=1&resize=350%2C200","width":350,"height":200,"srcset":"https:\/\/i0.wp.com\/larevistadigital.com.ar\/blog\/wp-content\/uploads\/2024_06_25_00_58_17_824511.jpg?fit=600%2C377&ssl=1&resize=350%2C200 1x, https:\/\/i0.wp.com\/larevistadigital.com.ar\/blog\/wp-content\/uploads\/2024_06_25_00_58_17_824511.jpg?fit=600%2C377&ssl=1&resize=525%2C300 1.5x"},"classes":[]},{"id":36692,"url":"https:\/\/larevistadigital.com.ar\/blog\/chascomus-operativos-de-prevencion-en-las-vacaciones-de-invierno\/","url_meta":{"origin":36544,"position":3},"title":"CHASCOM\u00daS: OPERATIVOS DE PREVENCI\u00d3N EN LAS VACACIONES DE INVIERNO","author":"Alejandro Sosa Ruda","date":"15 julio, 2024","format":false,"excerpt":"Estos controles, en los accesos y en la estaci\u00f3n ferroautomotor, se mantendr\u00e1n durante los fines de semana del receso invernal. 15 de Julio de 2024 CHASCOM\u00daS -\u00a0 Ante la afluencia de turistas y visitantes a la ciudad por el inicio de las vacaciones, se llevan a cabo diversos operativos preventivos\u2026","rel":"","context":"En \u00abDESTACADAS\u00bb","block_context":{"text":"DESTACADAS","link":"https:\/\/larevistadigital.com.ar\/blog\/category\/destacadas\/"},"img":{"alt_text":"","src":"https:\/\/i0.wp.com\/larevistadigital.com.ar\/blog\/wp-content\/uploads\/6695541a44573.png?fit=668%2C445&ssl=1&resize=350%2C200","width":350,"height":200,"srcset":"https:\/\/i0.wp.com\/larevistadigital.com.ar\/blog\/wp-content\/uploads\/6695541a44573.png?fit=668%2C445&ssl=1&resize=350%2C200 1x, https:\/\/i0.wp.com\/larevistadigital.com.ar\/blog\/wp-content\/uploads\/6695541a44573.png?fit=668%2C445&ssl=1&resize=525%2C300 1.5x"},"classes":[]},{"id":31786,"url":"https:\/\/larevistadigital.com.ar\/blog\/chascomus-gran-actividad-de-prevencion-y-educacion-de-las-fuerzas-de-seguridad-durante-el-fin-de-semana-largo\/","url_meta":{"origin":36544,"position":4},"title":"CHASCOM\u00daS: GRAN ACTIVIDAD DE PREVENCI\u00d3N Y EDUCACI\u00d3N  DE LAS FUERZAS DE SEGURIDAD DURANTE EL FIN DE SEMANA LARGO","author":"Alejandro Sosa Ruda","date":"29 mayo, 2023","format":false,"excerpt":"Durante todo el finde semana largo, la Secretar\u00eda de Seguridad dispuso gran cantidad de operativos y acciones de prevenci\u00f3n de distintos tipo a efectos de brindad una mejor seguridad y prevenir algunas contravenciones y delitos. 28 de mayo de 2023 CHASCOM\u00daS -\u00a0 \u00a0La ciudad de Chascom\u00fas fue escenario de un\u2026","rel":"","context":"En \u00abINTERES GENERAL\u00bb","block_context":{"text":"INTERES GENERAL","link":"https:\/\/larevistadigital.com.ar\/blog\/category\/interes-general\/"},"img":{"alt_text":"","src":"https:\/\/i0.wp.com\/larevistadigital.com.ar\/blog\/wp-content\/uploads\/WhatsApp-Image-2023-05-28-at-20.40.47.jpeg?fit=867%2C1156&ssl=1&resize=350%2C200","width":350,"height":200,"srcset":"https:\/\/i0.wp.com\/larevistadigital.com.ar\/blog\/wp-content\/uploads\/WhatsApp-Image-2023-05-28-at-20.40.47.jpeg?fit=867%2C1156&ssl=1&resize=350%2C200 1x, https:\/\/i0.wp.com\/larevistadigital.com.ar\/blog\/wp-content\/uploads\/WhatsApp-Image-2023-05-28-at-20.40.47.jpeg?fit=867%2C1156&ssl=1&resize=525%2C300 1.5x, https:\/\/i0.wp.com\/larevistadigital.com.ar\/blog\/wp-content\/uploads\/WhatsApp-Image-2023-05-28-at-20.40.47.jpeg?fit=867%2C1156&ssl=1&resize=700%2C400 2x"},"classes":[]},{"id":44628,"url":"https:\/\/larevistadigital.com.ar\/blog\/chascomus-operativos-sorpresivos-en-los-accesos-a-la-ciudad-para-reforzar-la-seguridad-vial\/","url_meta":{"origin":36544,"position":5},"title":"Chascom\u00fas: Operativos sorpresivos en los accesos a la ciudad para reforzar la seguridad vial","author":"Alejandro Sosa Ruda","date":"20 marzo, 2026","format":false,"excerpt":"Las acciones buscan detectar veh\u00edculos sin patente o con irregularidades y fortalecer el monitoreo urbano. 20 de marzo de 2026 CHASCOM\u00daS -\u00a0 \u00a0La Secretar\u00eda de Seguridad Ciudadana lleva adelante operativos sorpresivos en distintos horarios en los ingresos a la ciudad. Estas tareas preventivas, realizadas por el personal de la Patrulla\u2026","rel":"","context":"En \u00abDESTACADAS\u00bb","block_context":{"text":"DESTACADAS","link":"https:\/\/larevistadigital.com.ar\/blog\/category\/destacadas\/"},"img":{"alt_text":"","src":"https:\/\/i0.wp.com\/larevistadigital.com.ar\/blog\/wp-content\/uploads\/69bc30315bfd0.png?fit=668%2C445&ssl=1&resize=350%2C200","width":350,"height":200,"srcset":"https:\/\/i0.wp.com\/larevistadigital.com.ar\/blog\/wp-content\/uploads\/69bc30315bfd0.png?fit=668%2C445&ssl=1&resize=350%2C200 1x, https:\/\/i0.wp.com\/larevistadigital.com.ar\/blog\/wp-content\/uploads\/69bc30315bfd0.png?fit=668%2C445&ssl=1&resize=525%2C300 1.5x"},"classes":[]}],"_links":{"self":[{"href":"https:\/\/larevistadigital.com.ar\/blog\/wp-json\/wp\/v2\/posts\/36544","targetHints":{"allow":["GET"]}}],"collection":[{"href":"https:\/\/larevistadigital.com.ar\/blog\/wp-json\/wp\/v2\/posts"}],"about":[{"href":"https:\/\/larevistadigital.com.ar\/blog\/wp-json\/wp\/v2\/types\/post"}],"author":[{"embeddable":true,"href":"https:\/\/larevistadigital.com.ar\/blog\/wp-json\/wp\/v2\/users\/3"}],"replies":[{"embeddable":true,"href":"https:\/\/larevistadigital.com.ar\/blog\/wp-json\/wp\/v2\/comments?post=36544"}],"version-history":[{"count":1,"href":"https:\/\/larevistadigital.com.ar\/blog\/wp-json\/wp\/v2\/posts\/36544\/revisions"}],"predecessor-version":[{"id":36546,"href":"https:\/\/larevistadigital.com.ar\/blog\/wp-json\/wp\/v2\/posts\/36544\/revisions\/36546"}],"wp:featuredmedia":[{"embeddable":true,"href":"https:\/\/larevistadigital.com.ar\/blog\/wp-json\/wp\/v2\/media\/36545"}],"wp:attachment":[{"href":"https:\/\/larevistadigital.com.ar\/blog\/wp-json\/wp\/v2\/media?parent=36544"}],"wp:term":[{"taxonomy":"category","embeddable":true,"href":"https:\/\/larevistadigital.com.ar\/blog\/wp-json\/wp\/v2\/categories?post=36544"},{"taxonomy":"post_tag","embeddable":true,"href":"https:\/\/larevistadigital.com.ar\/blog\/wp-json\/wp\/v2\/tags?post=36544"}],"curies":[{"name":"wp","href":"https:\/\/api.w.org\/{rel}","templated":true}]}}