{"id":36547,"date":"2024-07-02T22:25:21","date_gmt":"2024-07-03T01:25:21","guid":{"rendered":"https:\/\/larevistadigital.com.ar\/blog\/?p=36547"},"modified":"2024-07-02T22:25:21","modified_gmt":"2024-07-03T01:25:21","slug":"inauguracion-en-el-club-de-leones","status":"publish","type":"post","link":"https:\/\/larevistadigital.com.ar\/blog\/inauguracion-en-el-club-de-leones\/","title":{"rendered":"INAUGURACI\u00d3N EN EL CLUB DE LEONES"},"content":{"rendered":"<h2 class=\"notaIntro\">El intendente Gast\u00f3n particip\u00f3 del evento junto a autoridades de la entidad<\/h2>\n<p>03 de Julio de 2024<\/p>\n<p class=\"notaTexto\"><strong>CHASCOM\u00daS &#8211;\u00a0<\/strong> El s\u00e1bado por la tarde el intendente Javier Gaston fue invitado a participar del acto de inauguraci\u00f3n de la plazoleta de los leones, ubicada en Av. Yrigoyen y Bol\u00edvar, frente a la sede del Club de Leones de Chascom\u00fas. Estuvieron presentes su presidente, Dr Oscar Toledo y autoridades regionales de la instituci\u00f3n.<\/p>\n<p>La plaza cuenta ahora con bancos y m\u00e1stiles que embellecen el lugar. En este sentido, <strong>Gast\u00f3n<\/strong> expres\u00f3: <em><strong>\u201cgracias a la familia leona por generar esta posibilidad de seguir encontr\u00e1ndonos. En estos cincuenta y cinco a\u00f1os han generado continuamente espacios de encuentro para que podamos mirarnos y escucharnos, generando acciones para que a los chascomunenses nos vaya mejor\u2026 Muchas gracias a esta selva de Chascom\u00fas y a los leones que hoy nos visitan, porque apuestan a seguir construyendo una ciudad para los vecinos y para los que nos quieran visitar, con estas acciones, entablando los lazos de hermandad necesaria para crecer como comunidad\u2026 gracias por recordarnos a todos que podemos dar cada vez m\u00e1s para hacer de Chascom\u00fas nuestro lugar en el mundo\u201d.<\/strong><\/em><\/p>\n<p>Para finalizar, los presentes compartieron un chocolate en la sede del Club.<\/p>\n","protected":false},"excerpt":{"rendered":"<div class=\"mh-excerpt\"><p>El intendente Gast\u00f3n particip\u00f3 del evento junto a autoridades de la entidad 03 de Julio de 2024 CHASCOM\u00daS &#8211;\u00a0 El s\u00e1bado por la tarde el intendente Javier Gaston fue invitado a participar del acto de <a class=\"mh-excerpt-more\" href=\"https:\/\/larevistadigital.com.ar\/blog\/inauguracion-en-el-club-de-leones\/\" title=\"INAUGURACI\u00d3N EN EL CLUB DE LEONES\">[Leer M\u00e1s]<\/a><\/p>\n<\/div>","protected":false},"author":3,"featured_media":36548,"comment_status":"open","ping_status":"open","sticky":false,"template":"","format":"standard","meta":{"_jetpack_memberships_contains_paid_content":false,"footnotes":"","jetpack_publicize_message":"","jetpack_publicize_feature_enabled":true,"jetpack_social_post_already_shared":true,"jetpack_social_options":{"image_generator_settings":{"template":"highway","default_image_id":0,"font":"","enabled":false},"version":2}},"categories":[50],"tags":[],"class_list":{"0":"post-36547","1":"post","2":"type-post","3":"status-publish","4":"format-standard","5":"has-post-thumbnail","7":"category-interes-general"},"jetpack_publicize_connections":[],"jetpack_featured_media_url":"https:\/\/i0.wp.com\/larevistadigital.com.ar\/blog\/wp-content\/uploads\/2024_07_03_01_14_26_5357983.jpg?fit=600%2C400&ssl=1","jetpack_sharing_enabled":true,"jetpack_shortlink":"https:\/\/wp.me\/p8qtrQ-9vt","jetpack-related-posts":[{"id":37869,"url":"https:\/\/larevistadigital.com.ar\/blog\/chascomus-el-intendente-gaston-recorrio-la-obra-del-parador-lamadrid\/","url_meta":{"origin":36547,"position":0},"title":"Chascom\u00fas: El intendente Gast\u00f3n recorri\u00f3 la obra del Parador Lamadrid","author":"Alejandro Sosa Ruda","date":"13 noviembre, 2024","format":false,"excerpt":"Javier Gast\u00f3n visit\u00f3 la obra de puesta en valor que se encuentra en su etapa final. 13 de Noviembre de 2024 CHASCOM\u00daS -\u00a0 Las obras de recuperaci\u00f3n y puesta en valor del edificio ubicado en Av. Costanera Espa\u00f1a y Av. Tte. Gral. Juan Domingo Per\u00f3n, se encuentran pr\u00f3ximas a finalizar,\u2026","rel":"","context":"En \u00abCHASCOM\u00daS\u00bb","block_context":{"text":"CHASCOM\u00daS","link":"https:\/\/larevistadigital.com.ar\/blog\/category\/chascomus\/"},"img":{"alt_text":"","src":"https:\/\/i0.wp.com\/larevistadigital.com.ar\/blog\/wp-content\/uploads\/6734ec3219551.png?fit=668%2C445&ssl=1&resize=350%2C200","width":350,"height":200,"srcset":"https:\/\/i0.wp.com\/larevistadigital.com.ar\/blog\/wp-content\/uploads\/6734ec3219551.png?fit=668%2C445&ssl=1&resize=350%2C200 1x, https:\/\/i0.wp.com\/larevistadigital.com.ar\/blog\/wp-content\/uploads\/6734ec3219551.png?fit=668%2C445&ssl=1&resize=525%2C300 1.5x"},"classes":[]},{"id":8731,"url":"https:\/\/larevistadigital.com.ar\/blog\/chascomus-javier-gaston-estuvo-presente-en-la-inauguracion-de-la-nueva-farmacia-del-gallo-blanco\/","url_meta":{"origin":36547,"position":1},"title":"CHASCOM\u00daS: JAVIER GAST\u00d3N ESTUVO PRESENTE EN LA INAUGURACI\u00d3N DE LA NUEVA FARMACIA DEL GALLO BLANCO","author":"Alejandro Sosa Ruda","date":"26 febrero, 2019","format":false,"excerpt":"El Intendente Municipal se hizo presente para dialogar con los vecinos del barrio, en el marco de la apertura de una farmacia que resultar\u00e1 de utilidad para los barrios cercanos. El nuevo comercio transforma en realidad un pedido de los vecinos que data desde hace m\u00e1s de 10 a\u00f1os y\u2026","rel":"","context":"En \u00abCHASCOM\u00daS\u00bb","block_context":{"text":"CHASCOM\u00daS","link":"https:\/\/larevistadigital.com.ar\/blog\/category\/chascomus\/"},"img":{"alt_text":"","src":"https:\/\/i0.wp.com\/larevistadigital.com.ar\/blog\/wp-content\/uploads\/2019\/02\/52729378_2307856425901896_5243607455790792704_o.jpg?fit=1200%2C797&ssl=1&resize=350%2C200","width":350,"height":200,"srcset":"https:\/\/i0.wp.com\/larevistadigital.com.ar\/blog\/wp-content\/uploads\/2019\/02\/52729378_2307856425901896_5243607455790792704_o.jpg?fit=1200%2C797&ssl=1&resize=350%2C200 1x, https:\/\/i0.wp.com\/larevistadigital.com.ar\/blog\/wp-content\/uploads\/2019\/02\/52729378_2307856425901896_5243607455790792704_o.jpg?fit=1200%2C797&ssl=1&resize=525%2C300 1.5x, https:\/\/i0.wp.com\/larevistadigital.com.ar\/blog\/wp-content\/uploads\/2019\/02\/52729378_2307856425901896_5243607455790792704_o.jpg?fit=1200%2C797&ssl=1&resize=700%2C400 2x, https:\/\/i0.wp.com\/larevistadigital.com.ar\/blog\/wp-content\/uploads\/2019\/02\/52729378_2307856425901896_5243607455790792704_o.jpg?fit=1200%2C797&ssl=1&resize=1050%2C600 3x"},"classes":[]},{"id":41932,"url":"https:\/\/larevistadigital.com.ar\/blog\/chascomus-imponente-marco-tuvo-el-conciertazo-de-la-orquesta-escuela\/","url_meta":{"origin":36547,"position":2},"title":"Chascom\u00fas: Imponente marco tuvo el Conciertazo de la Orquesta-Escuela","author":"Alejandro Sosa Ruda","date":"13 octubre, 2025","format":false,"excerpt":"El pasado 10 de octubre se festej\u00f3 en el Gimnasio ICM un nuevo aniversario del primer concierto brindado por la Orquesta-Escuela de Chascom\u00fas. 13 de Octubre de 2025 CHASCOM\u00daS -\u00a0 \u00a0Ante un numeroso p\u00fablico que pr\u00e1cticamente colm\u00f3 las instalaciones del gimnasio ICM, el pasado viernes, se festejaron los 27 a\u00f1os\u2026","rel":"","context":"En \u00abCHASCOM\u00daS\u00bb","block_context":{"text":"CHASCOM\u00daS","link":"https:\/\/larevistadigital.com.ar\/blog\/category\/chascomus\/"},"img":{"alt_text":"","src":"https:\/\/i0.wp.com\/larevistadigital.com.ar\/blog\/wp-content\/uploads\/68ed42c1a54fb.png?fit=668%2C445&ssl=1&resize=350%2C200","width":350,"height":200,"srcset":"https:\/\/i0.wp.com\/larevistadigital.com.ar\/blog\/wp-content\/uploads\/68ed42c1a54fb.png?fit=668%2C445&ssl=1&resize=350%2C200 1x, https:\/\/i0.wp.com\/larevistadigital.com.ar\/blog\/wp-content\/uploads\/68ed42c1a54fb.png?fit=668%2C445&ssl=1&resize=525%2C300 1.5x"},"classes":[]},{"id":13656,"url":"https:\/\/larevistadigital.com.ar\/blog\/javier-gaston-asumio-su-segundo-mandato-como-intendente-de-chascomus\/","url_meta":{"origin":36547,"position":3},"title":"JAVIER GAST\u00d3N ASUMI\u00d3 SU SEGUNDO MANDATO COMO INTENDENTE DE CHASCOM\u00daS","author":"Alejandro Sosa Ruda","date":"13 diciembre, 2019","format":false,"excerpt":"Previamente el Intendente realiz\u00f3 la jura correspondiente en el Honorable Concejo Deliberante, donde estuvo acompa\u00f1ado por su familia, equipo de trabajo, concejales y p\u00fablico en general. Luego, en la plaza, lleg\u00f3 el momento de la Orquesta Filarm\u00f3nica Municipal, creada en 2017, que interpret\u00f3 las estrofas del Himno Nacional. Continuando con\u2026","rel":"","context":"En \u00abDESTACADAS\u00bb","block_context":{"text":"DESTACADAS","link":"https:\/\/larevistadigital.com.ar\/blog\/category\/destacadas\/"},"img":{"alt_text":"","src":"https:\/\/i0.wp.com\/larevistadigital.com.ar\/blog\/wp-content\/uploads\/78869289_2860712707282929_6023469827643932672_o.jpg?fit=960%2C639&ssl=1&resize=350%2C200","width":350,"height":200,"srcset":"https:\/\/i0.wp.com\/larevistadigital.com.ar\/blog\/wp-content\/uploads\/78869289_2860712707282929_6023469827643932672_o.jpg?fit=960%2C639&ssl=1&resize=350%2C200 1x, https:\/\/i0.wp.com\/larevistadigital.com.ar\/blog\/wp-content\/uploads\/78869289_2860712707282929_6023469827643932672_o.jpg?fit=960%2C639&ssl=1&resize=525%2C300 1.5x, https:\/\/i0.wp.com\/larevistadigital.com.ar\/blog\/wp-content\/uploads\/78869289_2860712707282929_6023469827643932672_o.jpg?fit=960%2C639&ssl=1&resize=700%2C400 2x"},"classes":[]},{"id":4427,"url":"https:\/\/larevistadigital.com.ar\/blog\/chascomus-buena-senal-del-intendente-javier-gaston\/","url_meta":{"origin":36547,"position":4},"title":"CHASCOM\u00daS: BUENA SE\u00d1AL DEL INTENDENTE JAVIER GAST\u00d3N","author":"Alejandro Sosa Ruda","date":"8 enero, 2018","format":false,"excerpt":"El municipio pidi\u00f3 de manera urgente una reuni\u00f3n con autoridades de la firma EDEA, por la gran cantidad de cortes a los que se ve sometida la poblaci\u00f3n, que, entre otras cosas, provoc\u00f3 que un grupo de vecinos saliera en algunos medios de comunicaci\u00f3n, y se reunieran con algunos concejales\u2026","rel":"","context":"En \u00abDESTACADAS\u00bb","block_context":{"text":"DESTACADAS","link":"https:\/\/larevistadigital.com.ar\/blog\/category\/destacadas\/"},"img":{"alt_text":"","src":"https:\/\/i0.wp.com\/larevistadigital.com.ar\/blog\/wp-content\/uploads\/2018\/01\/chascomus.jpg?fit=960%2C640&ssl=1&resize=350%2C200","width":350,"height":200,"srcset":"https:\/\/i0.wp.com\/larevistadigital.com.ar\/blog\/wp-content\/uploads\/2018\/01\/chascomus.jpg?fit=960%2C640&ssl=1&resize=350%2C200 1x, https:\/\/i0.wp.com\/larevistadigital.com.ar\/blog\/wp-content\/uploads\/2018\/01\/chascomus.jpg?fit=960%2C640&ssl=1&resize=525%2C300 1.5x, https:\/\/i0.wp.com\/larevistadigital.com.ar\/blog\/wp-content\/uploads\/2018\/01\/chascomus.jpg?fit=960%2C640&ssl=1&resize=700%2C400 2x"},"classes":[]},{"id":28982,"url":"https:\/\/larevistadigital.com.ar\/blog\/se-dictara-una-clinica-abierta-de-hockey-en-chascomus\/","url_meta":{"origin":36547,"position":5},"title":"SE DICTAR\u00c1 UNA CL\u00cdNICA ABIERTA DE HOCKEY EN CHASCOM\u00daS","author":"Alejandro Sosa Ruda","date":"22 noviembre, 2022","format":false,"excerpt":"CHASCOM\u00daS -\u00a0 \u00a0Desde la Sede local del Instituto Rep\u00fablica se invita a toda la comunidad a participar de esta actividad libre y gratuita, organizada conjuntamente con la Secretar\u00eda de Deportes de la Ciudad de Buenos Aires y el Club Atl\u00e9tico Chascom\u00fas. La misma se desarrollar\u00e1 desde las 18:30 del mi\u00e9rcoles\u2026","rel":"","context":"En \u00abINTERES GENERAL\u00bb","block_context":{"text":"INTERES GENERAL","link":"https:\/\/larevistadigital.com.ar\/blog\/category\/interes-general\/"},"img":{"alt_text":"","src":"https:\/\/i0.wp.com\/larevistadigital.com.ar\/blog\/wp-content\/uploads\/WhatsApp-Image-2022-11-22-at-17.38.22.jpeg?fit=1200%2C1200&ssl=1&resize=350%2C200","width":350,"height":200,"srcset":"https:\/\/i0.wp.com\/larevistadigital.com.ar\/blog\/wp-content\/uploads\/WhatsApp-Image-2022-11-22-at-17.38.22.jpeg?fit=1200%2C1200&ssl=1&resize=350%2C200 1x, https:\/\/i0.wp.com\/larevistadigital.com.ar\/blog\/wp-content\/uploads\/WhatsApp-Image-2022-11-22-at-17.38.22.jpeg?fit=1200%2C1200&ssl=1&resize=525%2C300 1.5x, https:\/\/i0.wp.com\/larevistadigital.com.ar\/blog\/wp-content\/uploads\/WhatsApp-Image-2022-11-22-at-17.38.22.jpeg?fit=1200%2C1200&ssl=1&resize=700%2C400 2x, https:\/\/i0.wp.com\/larevistadigital.com.ar\/blog\/wp-content\/uploads\/WhatsApp-Image-2022-11-22-at-17.38.22.jpeg?fit=1200%2C1200&ssl=1&resize=1050%2C600 3x"},"classes":[]}],"_links":{"self":[{"href":"https:\/\/larevistadigital.com.ar\/blog\/wp-json\/wp\/v2\/posts\/36547","targetHints":{"allow":["GET"]}}],"collection":[{"href":"https:\/\/larevistadigital.com.ar\/blog\/wp-json\/wp\/v2\/posts"}],"about":[{"href":"https:\/\/larevistadigital.com.ar\/blog\/wp-json\/wp\/v2\/types\/post"}],"author":[{"embeddable":true,"href":"https:\/\/larevistadigital.com.ar\/blog\/wp-json\/wp\/v2\/users\/3"}],"replies":[{"embeddable":true,"href":"https:\/\/larevistadigital.com.ar\/blog\/wp-json\/wp\/v2\/comments?post=36547"}],"version-history":[{"count":1,"href":"https:\/\/larevistadigital.com.ar\/blog\/wp-json\/wp\/v2\/posts\/36547\/revisions"}],"predecessor-version":[{"id":36549,"href":"https:\/\/larevistadigital.com.ar\/blog\/wp-json\/wp\/v2\/posts\/36547\/revisions\/36549"}],"wp:featuredmedia":[{"embeddable":true,"href":"https:\/\/larevistadigital.com.ar\/blog\/wp-json\/wp\/v2\/media\/36548"}],"wp:attachment":[{"href":"https:\/\/larevistadigital.com.ar\/blog\/wp-json\/wp\/v2\/media?parent=36547"}],"wp:term":[{"taxonomy":"category","embeddable":true,"href":"https:\/\/larevistadigital.com.ar\/blog\/wp-json\/wp\/v2\/categories?post=36547"},{"taxonomy":"post_tag","embeddable":true,"href":"https:\/\/larevistadigital.com.ar\/blog\/wp-json\/wp\/v2\/tags?post=36547"}],"curies":[{"name":"wp","href":"https:\/\/api.w.org\/{rel}","templated":true}]}}