{"id":36561,"date":"2024-07-03T00:34:17","date_gmt":"2024-07-03T03:34:17","guid":{"rendered":"https:\/\/larevistadigital.com.ar\/blog\/?p=36561"},"modified":"2024-07-03T00:34:17","modified_gmt":"2024-07-03T03:34:17","slug":"kicillof-y-kreplak-anunciaron-la-ampliacion-de-la-cobertura-de-medicamentos-oncologicos","status":"publish","type":"post","link":"https:\/\/larevistadigital.com.ar\/blog\/kicillof-y-kreplak-anunciaron-la-ampliacion-de-la-cobertura-de-medicamentos-oncologicos\/","title":{"rendered":"KICILLOF Y KREPLAK ANUNCIARON LA AMPLIACI\u00d3N DE LA COBERTURA DE MEDICAMENTOS ONCOL\u00d3GICOS"},"content":{"rendered":"<h2>La Provincia invertir\u00e1 $12.000 millones para brindar m\u00e1s y mejores tratamientos contra el c\u00e1ncer.<\/h2>\n<p>03 de Julio de 2024<\/p>\n<p><strong>BUENOS AIRES &#8211;\u00a0 <\/strong>El gobernador <strong>Axel Kicillof<\/strong> anunci\u00f3 este martes junto al ministro de Salud, <strong>Nicol\u00e1s Kreplak<\/strong>, la ampliaci\u00f3n del vadem\u00e9cum provincial de medicamentos oncol\u00f3gicos, que con una inversi\u00f3n de $12.000 millones permitir\u00e1 sumar 10 principios activos de alto precio a la cobertura del Instituto Provincial del C\u00e1ncer (IPC).<\/p>\n<blockquote>\n<h3>En el Sal\u00f3n Dorado de la Casa de Gobierno, <strong>Kicillof<\/strong> destac\u00f3: <strong><em>\u201cPara la provincia de Buenos Aires no hay otra posibilidad: no se trata de recortar y ajustar, sino de hacer todas las inversiones que hagan falta para garantizar el derecho a la salud\u201d. \u201cM\u00e1s que duplicamos la presencia territorial del Instituto Provincial del C\u00e1ncer y dotamos a los hospitales del equipamiento necesario para mejorar la atenci\u00f3n, el diagn\u00f3stico y los tratamientos\u201d<\/em><\/strong>, agreg\u00f3.<\/h3>\n<\/blockquote>\n<p>De esta forma, el IPC brinda acceso a 162 principios activos y alcanza al 90% de las personas con cobertura p\u00fablica exclusiva que requieren medicaci\u00f3n oncol\u00f3gica en la provincia. Implica dar respuesta al 98% de las solicitudes realizadas por pacientes bonaerenses y reducir de manera significativa (43%) las derivaciones a los sistemas de asistencia nacionales.<\/p>\n<p><strong><em>\u201cTras haber encontrado un sistema de salud absolutamente deteriorado, nos dedicamos a reconstruir e integrar una enorme red de prestaciones que nos permite hoy mostrar resultados muy importantes\u201d<\/em><\/strong>, explic\u00f3 el Gobernador y sostuvo: <strong><em>\u201cA pesar del abandono de un Gobierno nacional que se desentiende de todas las problem\u00e1ticas de los argentinos y las argentinas, hacemos todos los esfuerzos necesarios para brindar la cobertura que necesitan las y los bonaerenses que est\u00e1n atravesando una situaci\u00f3n tan complicada\u201d.<\/em><\/strong><\/p>\n<blockquote>\n<h3>Por su parte, Kreplak subray\u00f3 que <em>\u201cesta inversi\u00f3n tiene como antecedentes las pol\u00edticas llevadas adelante para estar m\u00e1s cerca de los y las ciudadanas con el objetivo de facilitar el inicio y la continuidad de los tratamientos\u201d. \u201cRealizamos una inversi\u00f3n hist\u00f3rica que apunta al diagn\u00f3stico temprano de la enfermedad, sumando equipamiento fundamental como mam\u00f3grafos, endoscopios, resonadores y tom\u00f3grafos\u201d<\/em>, a\u00f1adi\u00f3.<\/h3>\n<\/blockquote>\n<p>Estas incorporaciones podr\u00e1n ser solicitadas por beneficiarios del Programa Federal Incluir Salud, quienes actualmente encuentran dificultades para la tramitaci\u00f3n y no son contemplados en los circuitos de derivaci\u00f3n a Naci\u00f3n.<\/p>\n<p>Al respecto, el Ministro sostuvo que <strong><em>\u201cnos encontramos en un momento muy complejo, en el que el Gobierno nacional asegura que todo debe ser analizado como un gasto que se puede reducir\u201d. \u201cNosotros no apuntamos a reemplazar sus funciones, pero nos dedicamos a trabajar para que todos los y las bonaerenses que transitan esta enfermedad lo puedan hacer sin la incertidumbre de saber si podr\u00e1n o no acceder a los medicamentos cuando los requieran\u201d<\/em><\/strong>, indic\u00f3.<\/p>\n<p>Estuvieron presentes el subsecretario de Pol\u00edticas de Cuidados en Salud, Jonatan Konfino; las subsecretarias de Atenci\u00f3n y Cuidados Integrales de la Salud, Alexia Navarro, y de Gesti\u00f3n de la Informaci\u00f3n, Educaci\u00f3n Permanente y Fiscalizaci\u00f3n, Leticia Ceriani; la directora del IPC, Marina Pifano; directores de hospitales y referentes de la oncolog\u00eda.<\/p>\n","protected":false},"excerpt":{"rendered":"<div class=\"mh-excerpt\"><p>La Provincia invertir\u00e1 $12.000 millones para brindar m\u00e1s y mejores tratamientos contra el c\u00e1ncer. 03 de Julio de 2024 BUENOS AIRES &#8211;\u00a0 El gobernador Axel Kicillof anunci\u00f3 este martes junto al ministro de Salud, Nicol\u00e1s <a class=\"mh-excerpt-more\" href=\"https:\/\/larevistadigital.com.ar\/blog\/kicillof-y-kreplak-anunciaron-la-ampliacion-de-la-cobertura-de-medicamentos-oncologicos\/\" title=\"KICILLOF Y KREPLAK ANUNCIARON LA AMPLIACI\u00d3N DE LA COBERTURA DE MEDICAMENTOS ONCOL\u00d3GICOS\">[Leer M\u00e1s]<\/a><\/p>\n<\/div>","protected":false},"author":3,"featured_media":36562,"comment_status":"open","ping_status":"open","sticky":false,"template":"","format":"standard","meta":{"_jetpack_memberships_contains_paid_content":false,"footnotes":"","jetpack_publicize_message":"","jetpack_publicize_feature_enabled":true,"jetpack_social_post_already_shared":true,"jetpack_social_options":{"image_generator_settings":{"template":"highway","default_image_id":0,"font":"","enabled":false},"version":2}},"categories":[41,24],"tags":[],"class_list":{"0":"post-36561","1":"post","2":"type-post","3":"status-publish","4":"format-standard","5":"has-post-thumbnail","7":"category-destacadas","8":"category-politica-provincial"},"jetpack_publicize_connections":[],"jetpack_featured_media_url":"https:\/\/i0.wp.com\/larevistadigital.com.ar\/blog\/wp-content\/uploads\/DAE3236.jpg?fit=743%2C530&ssl=1","jetpack_sharing_enabled":true,"jetpack_shortlink":"https:\/\/wp.me\/p8qtrQ-9vH","jetpack-related-posts":[{"id":40723,"url":"https:\/\/larevistadigital.com.ar\/blog\/kicillof-inauguro-un-nuevo-centro-de-salud-y-entrego-patrulleros-en-junin\/","url_meta":{"origin":36561,"position":0},"title":"Kicillof inaugur\u00f3 un nuevo centro de salud y entreg\u00f3 patrulleros en Jun\u00edn","author":"Alejandro Sosa Ruda","date":"2 agosto, 2025","format":false,"excerpt":"El gobernador bonaerense Axel Kicillof encabez\u00f3 este viernes la apertura de un nuevo Centro de Atenci\u00f3n Primaria de la Salud (CAPS) en el barrio San Cayetano del partido de Jun\u00edn. Adem\u00e1s, hizo entrega de patrulleros con el objetivo de reforzar las tareas de seguridad en el municipio. Estuvo acompa\u00f1ado por\u2026","rel":"","context":"En \u00abDESTACADAS\u00bb","block_context":{"text":"DESTACADAS","link":"https:\/\/larevistadigital.com.ar\/blog\/category\/destacadas\/"},"img":{"alt_text":"","src":"https:\/\/i0.wp.com\/larevistadigital.com.ar\/blog\/wp-content\/uploads\/20250801171157_kicillof-petrecca-junin.jpg?fit=880%2C512&ssl=1&resize=350%2C200","width":350,"height":200,"srcset":"https:\/\/i0.wp.com\/larevistadigital.com.ar\/blog\/wp-content\/uploads\/20250801171157_kicillof-petrecca-junin.jpg?fit=880%2C512&ssl=1&resize=350%2C200 1x, https:\/\/i0.wp.com\/larevistadigital.com.ar\/blog\/wp-content\/uploads\/20250801171157_kicillof-petrecca-junin.jpg?fit=880%2C512&ssl=1&resize=525%2C300 1.5x, https:\/\/i0.wp.com\/larevistadigital.com.ar\/blog\/wp-content\/uploads\/20250801171157_kicillof-petrecca-junin.jpg?fit=880%2C512&ssl=1&resize=700%2C400 2x"},"classes":[]},{"id":21301,"url":"https:\/\/larevistadigital.com.ar\/blog\/nicolas-kreplack-es-el-nuevo-ministro-de-salud-de-la-provincia\/","url_meta":{"origin":36561,"position":1},"title":"NICOL\u00c1S KREPLACK ES EL NUEVO MINISTRO DE SALUD DE LA PROVINCIA","author":"Alejandro Sosa Ruda","date":"30 julio, 2021","format":false,"excerpt":"El gobernador Axel Kicillof tom\u00f3 juramento esta ma\u00f1ana al nuevo ministro de Salud de la provincia de Buenos Aires, Nicol\u00e1s Kreplak, durante un acto celebrado en Sal\u00f3n Dorado de la Casa de Gobierno junto a la vicegobernadora Ver\u00f3nica Magario. Estuvieron presentes tambi\u00e9n el ministro saliente, Daniel Gollan, y la ministra\u2026","rel":"","context":"En \u00abINTERES GENERAL\u00bb","block_context":{"text":"INTERES GENERAL","link":"https:\/\/larevistadigital.com.ar\/blog\/category\/interes-general\/"},"img":{"alt_text":"","src":"https:\/\/i0.wp.com\/larevistadigital.com.ar\/blog\/wp-content\/uploads\/Nicolas-Kreplak-jura-salud-27-7-2021-scaled-1.jpg?fit=1200%2C800&ssl=1&resize=350%2C200","width":350,"height":200,"srcset":"https:\/\/i0.wp.com\/larevistadigital.com.ar\/blog\/wp-content\/uploads\/Nicolas-Kreplak-jura-salud-27-7-2021-scaled-1.jpg?fit=1200%2C800&ssl=1&resize=350%2C200 1x, https:\/\/i0.wp.com\/larevistadigital.com.ar\/blog\/wp-content\/uploads\/Nicolas-Kreplak-jura-salud-27-7-2021-scaled-1.jpg?fit=1200%2C800&ssl=1&resize=525%2C300 1.5x, https:\/\/i0.wp.com\/larevistadigital.com.ar\/blog\/wp-content\/uploads\/Nicolas-Kreplak-jura-salud-27-7-2021-scaled-1.jpg?fit=1200%2C800&ssl=1&resize=700%2C400 2x, https:\/\/i0.wp.com\/larevistadigital.com.ar\/blog\/wp-content\/uploads\/Nicolas-Kreplak-jura-salud-27-7-2021-scaled-1.jpg?fit=1200%2C800&ssl=1&resize=1050%2C600 3x"},"classes":[]},{"id":40482,"url":"https:\/\/larevistadigital.com.ar\/blog\/kicillof-entrego-equipamiento-informatico-para-hospitales-provinciales-y-municipales\/","url_meta":{"origin":36561,"position":2},"title":"Kicillof entreg\u00f3 equipamiento inform\u00e1tico para hospitales provinciales y municipales","author":"Alejandro Sosa Ruda","date":"15 julio, 2025","format":false,"excerpt":"Fue en el marco del fortalecimiento de la Agenda Digital de Salud bonaerense, que incluye tambi\u00e9n al sistema de telemedicina. 15 de Julio de 20254 BUENOS AIRES -\u00a0 \u00a0 \u00a0El gobernador de la provincia de Buenos Aires, Axel Kicillof, encabez\u00f3 este lunes la entrega de equipamiento inform\u00e1tico para hospitales municipales\u2026","rel":"","context":"En \u00abPOLITICA PROVINCIAL\u00bb","block_context":{"text":"POLITICA PROVINCIAL","link":"https:\/\/larevistadigital.com.ar\/blog\/category\/politica\/politica-provincial\/"},"img":{"alt_text":"","src":"https:\/\/i0.wp.com\/larevistadigital.com.ar\/blog\/wp-content\/uploads\/SGE7580.jpg?fit=743%2C530&ssl=1&resize=350%2C200","width":350,"height":200,"srcset":"https:\/\/i0.wp.com\/larevistadigital.com.ar\/blog\/wp-content\/uploads\/SGE7580.jpg?fit=743%2C530&ssl=1&resize=350%2C200 1x, https:\/\/i0.wp.com\/larevistadigital.com.ar\/blog\/wp-content\/uploads\/SGE7580.jpg?fit=743%2C530&ssl=1&resize=525%2C300 1.5x, https:\/\/i0.wp.com\/larevistadigital.com.ar\/blog\/wp-content\/uploads\/SGE7580.jpg?fit=743%2C530&ssl=1&resize=700%2C400 2x"},"classes":[]},{"id":39927,"url":"https:\/\/larevistadigital.com.ar\/blog\/kicillof-inauguro-una-estacion-transformadora-en-quenuma-y-anuncian-mas-inversiones-en-el-distrito\/","url_meta":{"origin":36561,"position":3},"title":"Kicillof inaugur\u00f3 una estaci\u00f3n transformadora en Quenum\u00e1 y anuncian m\u00e1s inversiones en el distrito","author":"Alejandro Sosa Ruda","date":"29 mayo, 2025","format":false,"excerpt":"El gobernador bonaerense Axel Kicillof encabez\u00f3 este mi\u00e9rcoles la puesta en funcionamiento de la nueva Estaci\u00f3n Transformadora (ET) de Quenum\u00e1, en el partido de Salliquel\u00f3. Lo acompa\u00f1aron el ministro de Infraestructura y Servicios P\u00fablicos, Gabriel Katopodis, y el intendente local, Ariel Succurro. Adem\u00e1s, durante la jornada se entregaron patrulleros y\u2026","rel":"","context":"En \u00abPOLITICA PROVINCIAL\u00bb","block_context":{"text":"POLITICA PROVINCIAL","link":"https:\/\/larevistadigital.com.ar\/blog\/category\/politica\/politica-provincial\/"},"img":{"alt_text":"","src":"https:\/\/i0.wp.com\/larevistadigital.com.ar\/blog\/wp-content\/uploads\/20250528163112_kicillof-estacion-transformadora-quenuma-salliquelo-succurro.jpg?fit=880%2C512&ssl=1&resize=350%2C200","width":350,"height":200,"srcset":"https:\/\/i0.wp.com\/larevistadigital.com.ar\/blog\/wp-content\/uploads\/20250528163112_kicillof-estacion-transformadora-quenuma-salliquelo-succurro.jpg?fit=880%2C512&ssl=1&resize=350%2C200 1x, https:\/\/i0.wp.com\/larevistadigital.com.ar\/blog\/wp-content\/uploads\/20250528163112_kicillof-estacion-transformadora-quenuma-salliquelo-succurro.jpg?fit=880%2C512&ssl=1&resize=525%2C300 1.5x, https:\/\/i0.wp.com\/larevistadigital.com.ar\/blog\/wp-content\/uploads\/20250528163112_kicillof-estacion-transformadora-quenuma-salliquelo-succurro.jpg?fit=880%2C512&ssl=1&resize=700%2C400 2x"},"classes":[]},{"id":36917,"url":"https:\/\/larevistadigital.com.ar\/blog\/la-provincia-puso-en-funcionamiento-un-nuevo-centro-de-atencion-primaria-de-salud-en-lezama\/","url_meta":{"origin":36561,"position":4},"title":"LA PROVINCIA PUSO EN FUNCIONAMIENTO UN NUEVO CENTRO DE ATENCI\u00d3N PRIMARIA DE SALUD EN LEZAMA","author":"Alejandro Sosa Ruda","date":"7 agosto, 2024","format":false,"excerpt":"Fue en un acto encabezado por el gobernador Axel Kicillof; los ministros Nicol\u00e1s Kreplak y Gabriel Katopodis; y el intendente local, Arnaldo Harispe. 07 de Agosto de 2024 BUENOS AIRES -\u00a0 \u201cEstamos dando un paso m\u00e1s para garantizar el acceso a la salud en los barrios de la provincia: no\u2026","rel":"","context":"En \u00abDESTACADAS\u00bb","block_context":{"text":"DESTACADAS","link":"https:\/\/larevistadigital.com.ar\/blog\/category\/destacadas\/"},"img":{"alt_text":"","src":"https:\/\/i0.wp.com\/larevistadigital.com.ar\/blog\/wp-content\/uploads\/Axel-Kicillof_44.jpg?fit=743%2C530&ssl=1&resize=350%2C200","width":350,"height":200,"srcset":"https:\/\/i0.wp.com\/larevistadigital.com.ar\/blog\/wp-content\/uploads\/Axel-Kicillof_44.jpg?fit=743%2C530&ssl=1&resize=350%2C200 1x, https:\/\/i0.wp.com\/larevistadigital.com.ar\/blog\/wp-content\/uploads\/Axel-Kicillof_44.jpg?fit=743%2C530&ssl=1&resize=525%2C300 1.5x, https:\/\/i0.wp.com\/larevistadigital.com.ar\/blog\/wp-content\/uploads\/Axel-Kicillof_44.jpg?fit=743%2C530&ssl=1&resize=700%2C400 2x"},"classes":[]},{"id":45367,"url":"https:\/\/larevistadigital.com.ar\/blog\/la-provincia-avanzara-con-un-refuerzo-de-entrega-de-medicamentos-a-municipios\/","url_meta":{"origin":36561,"position":5},"title":"La Provincia avanzar\u00e1 con un refuerzo de entrega de medicamentos a municipios","author":"Alejandro Sosa Ruda","date":"27 abril, 2026","format":false,"excerpt":"Lo adelant\u00f3 el ministro Carlos Bianco. El gobernador Axel Kicillof anunciar\u00e1 el jueves un refuerzo del programa en medio de la pol\u00e9mica por el Plan Remediar. 27 de abril de 2026 El gobernador de la\u00a0provincia de Buenos Aires,\u00a0Axel Kicillof, avanzar\u00e1 con un refuerzo del programa\u00a0Medicamentos Bonaerenses, que garantiza a la\u2026","rel":"","context":"En \u00abPOLITICA\u00bb","block_context":{"text":"POLITICA","link":"https:\/\/larevistadigital.com.ar\/blog\/category\/politica\/"},"img":{"alt_text":"","src":"https:\/\/i0.wp.com\/larevistadigital.com.ar\/blog\/wp-content\/uploads\/Captura-de-pantalla-2026-04-27-182155.jpg?fit=626%2C417&ssl=1&resize=350%2C200","width":350,"height":200,"srcset":"https:\/\/i0.wp.com\/larevistadigital.com.ar\/blog\/wp-content\/uploads\/Captura-de-pantalla-2026-04-27-182155.jpg?fit=626%2C417&ssl=1&resize=350%2C200 1x, https:\/\/i0.wp.com\/larevistadigital.com.ar\/blog\/wp-content\/uploads\/Captura-de-pantalla-2026-04-27-182155.jpg?fit=626%2C417&ssl=1&resize=525%2C300 1.5x"},"classes":[]}],"_links":{"self":[{"href":"https:\/\/larevistadigital.com.ar\/blog\/wp-json\/wp\/v2\/posts\/36561","targetHints":{"allow":["GET"]}}],"collection":[{"href":"https:\/\/larevistadigital.com.ar\/blog\/wp-json\/wp\/v2\/posts"}],"about":[{"href":"https:\/\/larevistadigital.com.ar\/blog\/wp-json\/wp\/v2\/types\/post"}],"author":[{"embeddable":true,"href":"https:\/\/larevistadigital.com.ar\/blog\/wp-json\/wp\/v2\/users\/3"}],"replies":[{"embeddable":true,"href":"https:\/\/larevistadigital.com.ar\/blog\/wp-json\/wp\/v2\/comments?post=36561"}],"version-history":[{"count":1,"href":"https:\/\/larevistadigital.com.ar\/blog\/wp-json\/wp\/v2\/posts\/36561\/revisions"}],"predecessor-version":[{"id":36564,"href":"https:\/\/larevistadigital.com.ar\/blog\/wp-json\/wp\/v2\/posts\/36561\/revisions\/36564"}],"wp:featuredmedia":[{"embeddable":true,"href":"https:\/\/larevistadigital.com.ar\/blog\/wp-json\/wp\/v2\/media\/36562"}],"wp:attachment":[{"href":"https:\/\/larevistadigital.com.ar\/blog\/wp-json\/wp\/v2\/media?parent=36561"}],"wp:term":[{"taxonomy":"category","embeddable":true,"href":"https:\/\/larevistadigital.com.ar\/blog\/wp-json\/wp\/v2\/categories?post=36561"},{"taxonomy":"post_tag","embeddable":true,"href":"https:\/\/larevistadigital.com.ar\/blog\/wp-json\/wp\/v2\/tags?post=36561"}],"curies":[{"name":"wp","href":"https:\/\/api.w.org\/{rel}","templated":true}]}}