{"id":36732,"date":"2024-07-17T19:49:44","date_gmt":"2024-07-17T22:49:44","guid":{"rendered":"https:\/\/larevistadigital.com.ar\/blog\/?p=36732"},"modified":"2024-07-17T19:51:19","modified_gmt":"2024-07-17T22:51:19","slug":"36732-2","status":"publish","type":"post","link":"https:\/\/larevistadigital.com.ar\/blog\/36732-2\/","title":{"rendered":"CHASCOM\u00daS: JOS\u00c9 EDUARDO BONAVITA PRESENTA SU LIBRO EN LA \u00abVIEJA ESTACI\u00d3N\u00bb"},"content":{"rendered":"<h2 class=\"excerpt\">Se presenta el libro \u201cVeleros de Papel en Tintas de una Laguna\u201d.<\/h2>\n<p>17 de Julio de 2024<\/p>\n<div id=\"miDiv1\" class=\"text\">\n<p><strong>CHASCOM\u00daS &#8211;<\/strong>\u00a0 <em><strong>\u201cChascom\u00fas, que fuera un Fuerte cuando se plant\u00f3 un mangrullo cerca de la Laguna, una suerte de espejo en el cual mirare, se hizo villa, fue \u201cpueblo de los peri\u00f3dicos\u201d y supo ser, cuando creci\u00f3, la Ciudad de los Diarios\u201d dice desde su solapa \u201cVeleros de Papel en Tintas de una Laguna\u201d<\/strong><\/em>, el libro que habr\u00e1 de presentar <strong>Jos\u00e9 Eduardo Bonavita<\/strong>, el viernes 19 de julio, a las 19 horas, en el Centro Cultural Municipal \u201cVieja Estaci\u00f3n\u201d.<\/p>\n<blockquote>\n<h3>\u00a0Cuenta adem\u00e1s que <em><strong>\u201cChascom\u00fas es, aqu\u00ed y ahora, el escenario al que se remite la mayor\u00eda de estos apuntes de memoria propia y ajena\u201d<\/strong><\/em>. Es que Chascom\u00fas es para <strong>Jos\u00e9 Eduardo<\/strong>, su tierra, en la que naci\u00f3 y form\u00f3 su hogar. En la que nacieron sus padres y sus hijos, descansan sus abuelos y crecen sus nietos\u201d.<\/h3>\n<\/blockquote>\n<p>En cuanto a sus Veleros de Papel, cuenta tambi\u00e9n con valiosos aportes de la \u201cHistoria del Diario El Cronista\u201d que presentara <strong>Elena Lasalvia<\/strong> en las Primeras Jornadas de Historia de Chascom\u00fas. Si bien su inclusi\u00f3n hab\u00eda sido convenida con ella, cuando <strong>Jos\u00e9 Eduardo<\/strong> pens\u00f3 en concretar la publicaci\u00f3n, hace unos cuantos a\u00f1os, hoy constituye, adem\u00e1s del cumplimiento de un compromiso, un homenaje a <strong>Elena<\/strong> y en su memoria.<\/p>\n<blockquote>\n<h3>A la hora de saber de qu\u00e9 se trata, podemos anticipar que contiene historias y recuerdos, an\u00e9cdotas y semblanzas, testimonios de distintas \u00e9pocas y algunas p\u00e1ginas dedicadas a la prensa patria y a la evoluci\u00f3n de la actividad period\u00edsticas y sus elementos indispensables, desde el papel y la tinta hasta la imprenta y desde el l\u00e1piz y la pluma hasta las computadoras.<\/h3>\n<\/blockquote>\n<p>Desde el diario armado a mano hasta el dise\u00f1o computado y la impresora laser. Est\u00e1n todos invitados a la presentaci\u00f3n en el Centro Cultural de la Vieja Estaci\u00f3n, el viernes 19 de julio, a las 19 horas, ad\u00f3nde, adem\u00e1s, estar\u00e1n a la venta los ejemplares.<\/p>\n<\/div>\n","protected":false},"excerpt":{"rendered":"<div class=\"mh-excerpt\"><p>Se presenta el libro \u201cVeleros de Papel en Tintas de una Laguna\u201d. 17 de Julio de 2024 CHASCOM\u00daS &#8211;\u00a0 \u201cChascom\u00fas, que fuera un Fuerte cuando se plant\u00f3 un mangrullo cerca de la Laguna, una suerte <a class=\"mh-excerpt-more\" href=\"https:\/\/larevistadigital.com.ar\/blog\/36732-2\/\" title=\"CHASCOM\u00daS: JOS\u00c9 EDUARDO BONAVITA PRESENTA SU LIBRO EN LA \u00abVIEJA ESTACI\u00d3N\u00bb\">[Leer M\u00e1s]<\/a><\/p>\n<\/div>","protected":false},"author":3,"featured_media":36734,"comment_status":"open","ping_status":"open","sticky":false,"template":"","format":"standard","meta":{"_jetpack_memberships_contains_paid_content":false,"footnotes":"","jetpack_publicize_message":"","jetpack_publicize_feature_enabled":true,"jetpack_social_post_already_shared":true,"jetpack_social_options":{"image_generator_settings":{"template":"highway","default_image_id":0,"font":"","enabled":false},"version":2}},"categories":[15,51],"tags":[],"class_list":{"0":"post-36732","1":"post","2":"type-post","3":"status-publish","4":"format-standard","5":"has-post-thumbnail","7":"category-cultura","8":"category-regionales"},"jetpack_publicize_connections":[],"jetpack_featured_media_url":"https:\/\/i0.wp.com\/larevistadigital.com.ar\/blog\/wp-content\/uploads\/31229257_1729535373805989_6383459718513295360_n.jpg?fit=720%2C720&ssl=1","jetpack_sharing_enabled":true,"jetpack_shortlink":"https:\/\/wp.me\/p8qtrQ-9ys","jetpack-related-posts":[{"id":7951,"url":"https:\/\/larevistadigital.com.ar\/blog\/chascomus-el-hombre-encontrado-en-la-laguna-se-habria-suicidado\/","url_meta":{"origin":36732,"position":0},"title":"CHASCOM\u00daS: EL HOMBRE ENCONTRADO EN LA LAGUNA, SE HABR\u00cdA SUICIDADO","author":"Alejandro Sosa Ruda","date":"25 enero, 2019","format":false,"excerpt":"El hombre que fue encontrado ahogado en la laguna el d\u00eda de ayer, habr\u00eda tomado la dr\u00e1stica decisi\u00f3n de terminar con su vida, porque estaba atravesando un estado depresivo. Se trataba de \u00c1ngel Eduardo Zabaleta, de 64 a\u00f1os de edad, quien se dedicaba a la alba\u00f1iler\u00eda, y ayer aproximadamente a\u2026","rel":"","context":"En \u00abDESTACADAS\u00bb","block_context":{"text":"DESTACADAS","link":"https:\/\/larevistadigital.com.ar\/blog\/category\/destacadas\/"},"img":{"alt_text":"","src":"https:\/\/i0.wp.com\/larevistadigital.com.ar\/blog\/wp-content\/uploads\/2019\/01\/CRESP%C3%93N-NEGRO.jpg?fit=900%2C900&ssl=1&resize=350%2C200","width":350,"height":200,"srcset":"https:\/\/i0.wp.com\/larevistadigital.com.ar\/blog\/wp-content\/uploads\/2019\/01\/CRESP%C3%93N-NEGRO.jpg?fit=900%2C900&ssl=1&resize=350%2C200 1x, https:\/\/i0.wp.com\/larevistadigital.com.ar\/blog\/wp-content\/uploads\/2019\/01\/CRESP%C3%93N-NEGRO.jpg?fit=900%2C900&ssl=1&resize=525%2C300 1.5x, https:\/\/i0.wp.com\/larevistadigital.com.ar\/blog\/wp-content\/uploads\/2019\/01\/CRESP%C3%93N-NEGRO.jpg?fit=900%2C900&ssl=1&resize=700%2C400 2x"},"classes":[]},{"id":40817,"url":"https:\/\/larevistadigital.com.ar\/blog\/chascomus-se-realiza-el-festival-fes-en-la-vieja-estacion\/","url_meta":{"origin":36732,"position":1},"title":"Chascom\u00fas: Se realiza el Festival FES en la Vieja Estaci\u00f3n","author":"Alejandro Sosa Ruda","date":"8 agosto, 2025","format":false,"excerpt":"Una gran oportunidad para apoyar a los j\u00f3venes talentos de Chascom\u00fas, disfrutar de un domingo diferente y celebrar el esp\u00edritu colectivo de los estudiantes. 08 de Agosto de 2025 CHASCOM\u00daS\u00a0 -\u00a0 \u00a0Organizado por la Federaci\u00f3n de Estudiantes Secundarios con el acompa\u00f1amiento de la Municipalidad, invita a toda la comunidad a\u2026","rel":"","context":"En \u00abCHASCOM\u00daS\u00bb","block_context":{"text":"CHASCOM\u00daS","link":"https:\/\/larevistadigital.com.ar\/blog\/category\/chascomus\/"},"img":{"alt_text":"","src":"https:\/\/i0.wp.com\/larevistadigital.com.ar\/blog\/wp-content\/uploads\/689627c2e55e4.png?fit=668%2C445&ssl=1&resize=350%2C200","width":350,"height":200,"srcset":"https:\/\/i0.wp.com\/larevistadigital.com.ar\/blog\/wp-content\/uploads\/689627c2e55e4.png?fit=668%2C445&ssl=1&resize=350%2C200 1x, https:\/\/i0.wp.com\/larevistadigital.com.ar\/blog\/wp-content\/uploads\/689627c2e55e4.png?fit=668%2C445&ssl=1&resize=525%2C300 1.5x"},"classes":[]},{"id":7397,"url":"https:\/\/larevistadigital.com.ar\/blog\/chascomus-llegaron-los-efectivos-del-operativo-sol\/","url_meta":{"origin":36732,"position":2},"title":"CHASCOM\u00daS. LLEGARON LOS EFECTIVOS DEL OPERATIVO SOL","author":"Alejandro Sosa Ruda","date":"27 diciembre, 2018","format":false,"excerpt":"En el d\u00eda de ayer se sumaron los efectivos policiales del Operativo Sol para lo que es la temporada estival. A la ma\u00f1ana se presentaron los 25 agentes reci\u00e9n egresados de la Escuela de Polic\u00eda, tuvieron que pasar primero por la Estaci\u00f3n Departamental para realizar cuestiones administrativas. A su vez,\u2026","rel":"","context":"En \u00abCHASCOM\u00daS\u00bb","block_context":{"text":"CHASCOM\u00daS","link":"https:\/\/larevistadigital.com.ar\/blog\/category\/chascomus\/"},"img":{"alt_text":"","src":"https:\/\/i0.wp.com\/larevistadigital.com.ar\/blog\/wp-content\/uploads\/2018\/10\/COMISARIA-de-CHASCOMUS_02-05-2015.jpg?fit=800%2C600&ssl=1&resize=350%2C200","width":350,"height":200,"srcset":"https:\/\/i0.wp.com\/larevistadigital.com.ar\/blog\/wp-content\/uploads\/2018\/10\/COMISARIA-de-CHASCOMUS_02-05-2015.jpg?fit=800%2C600&ssl=1&resize=350%2C200 1x, https:\/\/i0.wp.com\/larevistadigital.com.ar\/blog\/wp-content\/uploads\/2018\/10\/COMISARIA-de-CHASCOMUS_02-05-2015.jpg?fit=800%2C600&ssl=1&resize=525%2C300 1.5x, https:\/\/i0.wp.com\/larevistadigital.com.ar\/blog\/wp-content\/uploads\/2018\/10\/COMISARIA-de-CHASCOMUS_02-05-2015.jpg?fit=800%2C600&ssl=1&resize=700%2C400 2x"},"classes":[]},{"id":7945,"url":"https:\/\/larevistadigital.com.ar\/blog\/chascomus-encuentran-persona-ahogada-en-la-laguna\/","url_meta":{"origin":36732,"position":3},"title":"CHASCOMUS: ENCUENTRAN PERSONA AHOGADA EN LA LAGUNA","author":"Alejandro Sosa Ruda","date":"25 enero, 2019","format":false,"excerpt":"Hace aproximadamente una hora en su perfil de la red social Fecebook, el vecino Miguel Angel Tocci dio a conocer una situaci\u00f3n que le toc\u00f3 vivir, cuando seg\u00fan narr\u00f3 \"finaliz\u00e1bamos junto a Oscar Berrueta y Gabriel Grimaldi de hacer 3000 mts. de fondo, y\u00a0una moto de agua se acerca a\u2026","rel":"","context":"En \u00abCHASCOM\u00daS\u00bb","block_context":{"text":"CHASCOM\u00daS","link":"https:\/\/larevistadigital.com.ar\/blog\/category\/chascomus\/"},"img":{"alt_text":"","src":"https:\/\/i0.wp.com\/larevistadigital.com.ar\/blog\/wp-content\/uploads\/2019\/01\/50398067_2308129095899072_931611971671818240_n.jpg?fit=960%2C566&ssl=1&resize=350%2C200","width":350,"height":200,"srcset":"https:\/\/i0.wp.com\/larevistadigital.com.ar\/blog\/wp-content\/uploads\/2019\/01\/50398067_2308129095899072_931611971671818240_n.jpg?fit=960%2C566&ssl=1&resize=350%2C200 1x, https:\/\/i0.wp.com\/larevistadigital.com.ar\/blog\/wp-content\/uploads\/2019\/01\/50398067_2308129095899072_931611971671818240_n.jpg?fit=960%2C566&ssl=1&resize=525%2C300 1.5x, https:\/\/i0.wp.com\/larevistadigital.com.ar\/blog\/wp-content\/uploads\/2019\/01\/50398067_2308129095899072_931611971671818240_n.jpg?fit=960%2C566&ssl=1&resize=700%2C400 2x"},"classes":[]},{"id":42234,"url":"https:\/\/larevistadigital.com.ar\/blog\/chascomus-continua-la-puesta-en-valor-del-edificio-de-la-vieja-estacion\/","url_meta":{"origin":36732,"position":4},"title":"Chascom\u00fas: Contin\u00faa la puesta en valor del edificio de la Vieja Estaci\u00f3n","author":"Alejandro Sosa Ruda","date":"24 octubre, 2025","format":false,"excerpt":"Luego de la reparaci\u00f3n de los techos de este edificio, las tareas se concentraron en la pintura del mismo. 24 de Octubre de 2025 CHASCOM\u00daS -\u00a0 \u00a0Se vienen realizando distintas acciones para la puesta en valor de la emblem\u00e1tica edificaci\u00f3n de la Vieja Estaci\u00f3n, buscando realzar a\u00fan m\u00e1s su belleza\u2026","rel":"","context":"En \u00abCHASCOM\u00daS\u00bb","block_context":{"text":"CHASCOM\u00daS","link":"https:\/\/larevistadigital.com.ar\/blog\/category\/chascomus\/"},"img":{"alt_text":"","src":"https:\/\/i0.wp.com\/larevistadigital.com.ar\/blog\/wp-content\/uploads\/68fbb3cc5ea7a.png?fit=668%2C445&ssl=1&resize=350%2C200","width":350,"height":200,"srcset":"https:\/\/i0.wp.com\/larevistadigital.com.ar\/blog\/wp-content\/uploads\/68fbb3cc5ea7a.png?fit=668%2C445&ssl=1&resize=350%2C200 1x, https:\/\/i0.wp.com\/larevistadigital.com.ar\/blog\/wp-content\/uploads\/68fbb3cc5ea7a.png?fit=668%2C445&ssl=1&resize=525%2C300 1.5x"},"classes":[]},{"id":5353,"url":"https:\/\/larevistadigital.com.ar\/blog\/museo-ferroviario-en-la-vieja-estacion-ferroviaria-de-chascomus\/","url_meta":{"origin":36732,"position":5},"title":"Museo Ferroviario en la Vieja Estaci\u00f3n Ferroviaria de Chascom\u00fas","author":"admin","date":"28 marzo, 2018","format":false,"excerpt":"El Museo Ferroviario Nace a principios de 2016, como continuidad de las actividades de la Agrupaci\u00f3n Amigos de Estaci\u00f3n Chascom\u00fas al conmemorarse los 150 a\u00f1os de la llegada del primer tren a Chascom\u00fas. Es un espacio reservado para el resguardo de la historia de un siglo y medio de la\u2026","rel":"","context":"En \u00abCHASCOM\u00daS\u00bb","block_context":{"text":"CHASCOM\u00daS","link":"https:\/\/larevistadigital.com.ar\/blog\/category\/chascomus\/"},"img":{"alt_text":"","src":"https:\/\/i0.wp.com\/larevistadigital.com.ar\/blog\/wp-content\/uploads\/2018\/03\/16.jpg?fit=376%2C575&ssl=1&resize=350%2C200","width":350,"height":200},"classes":[]}],"_links":{"self":[{"href":"https:\/\/larevistadigital.com.ar\/blog\/wp-json\/wp\/v2\/posts\/36732","targetHints":{"allow":["GET"]}}],"collection":[{"href":"https:\/\/larevistadigital.com.ar\/blog\/wp-json\/wp\/v2\/posts"}],"about":[{"href":"https:\/\/larevistadigital.com.ar\/blog\/wp-json\/wp\/v2\/types\/post"}],"author":[{"embeddable":true,"href":"https:\/\/larevistadigital.com.ar\/blog\/wp-json\/wp\/v2\/users\/3"}],"replies":[{"embeddable":true,"href":"https:\/\/larevistadigital.com.ar\/blog\/wp-json\/wp\/v2\/comments?post=36732"}],"version-history":[{"count":3,"href":"https:\/\/larevistadigital.com.ar\/blog\/wp-json\/wp\/v2\/posts\/36732\/revisions"}],"predecessor-version":[{"id":36737,"href":"https:\/\/larevistadigital.com.ar\/blog\/wp-json\/wp\/v2\/posts\/36732\/revisions\/36737"}],"wp:featuredmedia":[{"embeddable":true,"href":"https:\/\/larevistadigital.com.ar\/blog\/wp-json\/wp\/v2\/media\/36734"}],"wp:attachment":[{"href":"https:\/\/larevistadigital.com.ar\/blog\/wp-json\/wp\/v2\/media?parent=36732"}],"wp:term":[{"taxonomy":"category","embeddable":true,"href":"https:\/\/larevistadigital.com.ar\/blog\/wp-json\/wp\/v2\/categories?post=36732"},{"taxonomy":"post_tag","embeddable":true,"href":"https:\/\/larevistadigital.com.ar\/blog\/wp-json\/wp\/v2\/tags?post=36732"}],"curies":[{"name":"wp","href":"https:\/\/api.w.org\/{rel}","templated":true}]}}