{"id":36738,"date":"2024-07-17T20:35:09","date_gmt":"2024-07-17T23:35:09","guid":{"rendered":"https:\/\/larevistadigital.com.ar\/blog\/?p=36738"},"modified":"2024-07-17T20:36:54","modified_gmt":"2024-07-17T23:36:54","slug":"mar-del-plata-se-abre-la-busqueda-de-700-puestos-de-trabajo-en-la-nueva-sucursal-que-abrira-coto","status":"publish","type":"post","link":"https:\/\/larevistadigital.com.ar\/blog\/mar-del-plata-se-abre-la-busqueda-de-700-puestos-de-trabajo-en-la-nueva-sucursal-que-abrira-coto\/","title":{"rendered":"MAR DEL PLATA: SE ABRE LA B\u00daSQUEDA DE 700 PUESTOS DE TRABAJO EN LA NUEVA SUCURSAL QUE ABRIR\u00c1 COTO"},"content":{"rendered":"<h2>El supermercado comenzar\u00e1 a operar a fin de a\u00f1o en la zona sur de la ciudad.<\/h2>\n<p>17 de Julio de 2024<\/p>\n<p><strong>MAR DEL PLATA &#8211;\u00a0 <\/strong>La cadena de supermercados Coto ha iniciado una convocatoria para llenar 700 puestos de trabajo en su nueva sucursal de Mar del Plata. La noticia fue anunciada oficialmente esta ma\u00f1ana a trav\u00e9s de LinkedIn, la red social reconocida por conectar empresas con personas que buscan empleo.<\/p>\n<div class=\"flex flex-grow flex-col max-w-full\">\n<div class=\"min-h-[20px] text-message flex w-full flex-col items-end gap-2 whitespace-pre-wrap break-words [.text-message+&amp;]:mt-5 overflow-x-auto\" dir=\"auto\" data-message-author-role=\"assistant\" data-message-id=\"bcf421d1-adfc-4f30-a41b-627c1ca12898\">\n<div class=\"flex w-full flex-col gap-1 empty:hidden first:pt-[3px]\">\n<div class=\"markdown prose w-full break-words dark:prose-invert dark\">\n<p><strong><em>\u00ab\u00bfBusc\u00e1s empleo? Seleccionaremos personal para nuestra pr\u00f3xima apertura en Mar del Plata. Ingres\u00e1 a nuestro chat y carg\u00e1 tus datos. Cubriremos 700 puestos de trabajo. \u00a1Queremos conocerte!\u00bb<\/em> <\/strong>comunic\u00f3 la empresa en su sitio web. Aquellos interesados en postularse pueden acceder al siguiente enlace: <a href=\"https:\/\/lnkd.in\/dfs7ENCR\" target=\"_new\" rel=\"noreferrer noopener\">https:\/\/lnkd.in\/dfs7ENCR<\/a>.<\/p>\n<blockquote>\n<h3>Seg\u00fan fuentes del Ejecutivo Municipal, la primera sucursal de Coto en la ciudad abrir\u00e1 sus puertas antes de fin de a\u00f1o, posiblemente en diciembre.<\/h3>\n<\/blockquote>\n<p>Coto, fundada en 1987 en Mar de Aj\u00f3, cuenta actualmente con m\u00e1s de 120 sucursales en toda Argentina. La nueva tienda se ubicar\u00e1 en la zona sur de General Pueyrredon, cerca del barrio privado Rumenc\u00f3, sobre la avenida Jorge Newbery.<\/p>\n<blockquote>\n<h3>La mega sucursal incluir\u00e1 un amplio sal\u00f3n de ventas, un \u00e1rea de trastienda y una zona destinada a la carga y descarga de mercader\u00edas. El proyecto se desarrollar\u00e1 en un predio de casi 30 mil metros cuadrados.<\/h3>\n<\/blockquote>\n<p><strong>Fernando Muro<\/strong>, secretario de Desarrollo Local, Inversiones e Integraci\u00f3n P\u00fablico Privada del municipio, se\u00f1al\u00f3 que hay un \u00abfuerte inter\u00e9s\u00bb de marcas locales para establecerse en los locales adyacentes al hipermercado, aprovechando el flujo de personas que atraer\u00e1 la nueva tienda.<\/p>\n<blockquote>\n<h3>El secretario Muro indic\u00f3 que esta sucursal ser\u00e1 \u00abmuy parecida\u00bb a la de Nordelta, pero con \u00abm\u00e1s tecnolog\u00eda\u00bb, especialmente en el manejo de efluentes y ahorro de energ\u00eda. Se espera que sea \u00abuna de las m\u00e1s modernas\u00bb del pa\u00eds.<\/h3>\n<\/blockquote>\n<p>El arribo de Coto coincide con la llegada de otra gran empresa a Mar del Plata: Starbucks, una de las cafeter\u00edas m\u00e1s importantes del mundo, que abrir\u00e1 su primer local en la ciudad.<\/p>\n<blockquote>\n<h3>Las obras para la sede de Starbucks comenzaron a fines de mayo en el predio ubicado en avenida Independencia y Alvarado, y se espera que est\u00e9 operativa para la pr\u00f3xima temporada.<\/h3>\n<\/blockquote>\n<p>Junto a Starbucks, tambi\u00e9n abrir\u00e1 un local de Burger King, la reconocida cadena de comida r\u00e1pida, y se destinar\u00e1 un amplio espacio del predio para estacionamiento.<\/p>\n<p>\u00a1Mar del Plata se prepara para recibir dos grandes incorporaciones comerciales que sin duda revitalizar\u00e1n su econom\u00eda local y generar\u00e1n numerosas oportunidades laborales.<\/p>\n<p>fuente: Diario La Capital<\/p>\n<\/div>\n<\/div>\n<\/div>\n<\/div>\n","protected":false},"excerpt":{"rendered":"<div class=\"mh-excerpt\"><p>El supermercado comenzar\u00e1 a operar a fin de a\u00f1o en la zona sur de la ciudad. 17 de Julio de 2024 MAR DEL PLATA &#8211;\u00a0 La cadena de supermercados Coto ha iniciado una convocatoria para <a class=\"mh-excerpt-more\" href=\"https:\/\/larevistadigital.com.ar\/blog\/mar-del-plata-se-abre-la-busqueda-de-700-puestos-de-trabajo-en-la-nueva-sucursal-que-abrira-coto\/\" title=\"MAR DEL PLATA: SE ABRE LA B\u00daSQUEDA DE 700 PUESTOS DE TRABAJO EN LA NUEVA SUCURSAL QUE ABRIR\u00c1 COTO\">[Leer M\u00e1s]<\/a><\/p>\n<\/div>","protected":false},"author":3,"featured_media":36739,"comment_status":"open","ping_status":"open","sticky":false,"template":"","format":"standard","meta":{"_jetpack_memberships_contains_paid_content":false,"footnotes":"","jetpack_publicize_message":"","jetpack_publicize_feature_enabled":true,"jetpack_social_post_already_shared":true,"jetpack_social_options":{"image_generator_settings":{"template":"highway","default_image_id":0,"font":"","enabled":false},"version":2}},"categories":[51,29],"tags":[],"class_list":{"0":"post-36738","1":"post","2":"type-post","3":"status-publish","4":"format-standard","5":"has-post-thumbnail","7":"category-regionales","8":"category-sociedad"},"jetpack_publicize_connections":[],"jetpack_featured_media_url":"https:\/\/i0.wp.com\/larevistadigital.com.ar\/blog\/wp-content\/uploads\/COTO-MAR-DEL-PLATA.png?fit=748%2C478&ssl=1","jetpack_sharing_enabled":true,"jetpack_shortlink":"https:\/\/wp.me\/p8qtrQ-9yy","jetpack-related-posts":[{"id":27659,"url":"https:\/\/larevistadigital.com.ar\/blog\/mar-del-plata-una-empresa-internacional-invertira-240-millones-de-dolares-en-la-ciudad\/","url_meta":{"origin":36738,"position":0},"title":"MAR DEL PLATA: UNA EMPRESA INTERNACIONAL INVERTIR\u00c1 240 MILLONES DE D\u00d3LARES EN LA CIUDAD","author":"Alejandro Sosa Ruda","date":"11 septiembre, 2022","format":false,"excerpt":"La empresa internacional Lamb Weston Holdings anunci\u00f3 una inversi\u00f3n de capital de 240 millones de d\u00f3lares en una nueva l\u00ednea de procesamiento de papas fritas en el Parque Industrial de Mar del Plata. 11 de septiembre de 2022 MAR DEL PLATA -\u00a0 La empresa Lamb Weston Holdings Inc. anunci\u00f3 una\u2026","rel":"","context":"En \u00abREGIONALES\u00bb","block_context":{"text":"REGIONALES","link":"https:\/\/larevistadigital.com.ar\/blog\/category\/regionales\/"},"img":{"alt_text":"","src":"https:\/\/i0.wp.com\/larevistadigital.com.ar\/blog\/wp-content\/uploads\/20220909172007_papas.jpg?fit=880%2C512&ssl=1&resize=350%2C200","width":350,"height":200,"srcset":"https:\/\/i0.wp.com\/larevistadigital.com.ar\/blog\/wp-content\/uploads\/20220909172007_papas.jpg?fit=880%2C512&ssl=1&resize=350%2C200 1x, https:\/\/i0.wp.com\/larevistadigital.com.ar\/blog\/wp-content\/uploads\/20220909172007_papas.jpg?fit=880%2C512&ssl=1&resize=525%2C300 1.5x, https:\/\/i0.wp.com\/larevistadigital.com.ar\/blog\/wp-content\/uploads\/20220909172007_papas.jpg?fit=880%2C512&ssl=1&resize=700%2C400 2x"},"classes":[]},{"id":18664,"url":"https:\/\/larevistadigital.com.ar\/blog\/mar-del-plata-se-anuncio-la-construccion-de-un-nuev0o-esigon-en-el-puerto\/","url_meta":{"origin":36738,"position":1},"title":"MAR DEL PLATA: SE ANUNCI\u00d3 LA CONSTRUCCI\u00d3N DE UN NUEV0O ES\u00cdG\u00d3N EN EL PUERTO","author":"Alejandro Sosa Ruda","date":"16 enero, 2021","format":false,"excerpt":"Lo hicieron el ministro de Econom\u00eda, Mart\u00edn Guzm\u00e1n, y la directora ejecutiva de la Anses, Fernanda Raverta, durante una jornada de trabajo en Mar del Plata. MAR DEL PLATA - El gobierno nacional anticip\u00f3 este s\u00e1bado la construcci\u00f3n de un espig\u00f3n nuevo en el sector pesquero del puerto de Mar\u2026","rel":"","context":"En \u00abPOLITICA\u00bb","block_context":{"text":"POLITICA","link":"https:\/\/larevistadigital.com.ar\/blog\/category\/politica\/"},"img":{"alt_text":"","src":"https:\/\/i0.wp.com\/larevistadigital.com.ar\/blog\/wp-content\/uploads\/Screenshot_2-129.jpg?fit=1007%2C667&ssl=1&resize=350%2C200","width":350,"height":200,"srcset":"https:\/\/i0.wp.com\/larevistadigital.com.ar\/blog\/wp-content\/uploads\/Screenshot_2-129.jpg?fit=1007%2C667&ssl=1&resize=350%2C200 1x, https:\/\/i0.wp.com\/larevistadigital.com.ar\/blog\/wp-content\/uploads\/Screenshot_2-129.jpg?fit=1007%2C667&ssl=1&resize=525%2C300 1.5x, https:\/\/i0.wp.com\/larevistadigital.com.ar\/blog\/wp-content\/uploads\/Screenshot_2-129.jpg?fit=1007%2C667&ssl=1&resize=700%2C400 2x"},"classes":[]},{"id":21293,"url":"https:\/\/larevistadigital.com.ar\/blog\/mar-del-plata-la-sudestada-arraso-con-carpas-chiringos-y-puestos-de-guardavidas-en-las-playas-del-sur\/","url_meta":{"origin":36738,"position":2},"title":"MAR DEL PLATA: LA SUDESTADA ARRAS\u00d3 CON CARPAS, CHIRINGOS Y PUESTOS DE GUARDAVIDAS EN LAS PLAYAS DEL SUR","author":"Alejandro Sosa Ruda","date":"29 julio, 2021","format":false,"excerpt":"Los paradores ubicados entre el Alfar y playa Lejana fueron los m\u00e1s afectados. \"Nunca vimos algo igual\", cont\u00f3 una concesionaria. Tambi\u00e9n el mar caus\u00f3 destrozos en Playa Grande. MAR DEL PLATA -\u00a0 La sudestada que azot\u00f3 este mi\u00e9rcoles a Mar del Plata\u00a0arras\u00f3 con puestos de guardavidas y chiringos\u00a0ubicados en las\u2026","rel":"","context":"En \u00abREGIONALES\u00bb","block_context":{"text":"REGIONALES","link":"https:\/\/larevistadigital.com.ar\/blog\/category\/regionales\/"},"img":{"alt_text":"","src":"https:\/\/i0.wp.com\/larevistadigital.com.ar\/blog\/wp-content\/uploads\/Captura-de-pantalla-2021-07-29-001152.png?fit=966%2C743&ssl=1&resize=350%2C200","width":350,"height":200,"srcset":"https:\/\/i0.wp.com\/larevistadigital.com.ar\/blog\/wp-content\/uploads\/Captura-de-pantalla-2021-07-29-001152.png?fit=966%2C743&ssl=1&resize=350%2C200 1x, https:\/\/i0.wp.com\/larevistadigital.com.ar\/blog\/wp-content\/uploads\/Captura-de-pantalla-2021-07-29-001152.png?fit=966%2C743&ssl=1&resize=525%2C300 1.5x, https:\/\/i0.wp.com\/larevistadigital.com.ar\/blog\/wp-content\/uploads\/Captura-de-pantalla-2021-07-29-001152.png?fit=966%2C743&ssl=1&resize=700%2C400 2x"},"classes":[]},{"id":44360,"url":"https:\/\/larevistadigital.com.ar\/blog\/preocupacion-en-mar-del-plata-por-despidos-en-el-shopping-los-gallegos\/","url_meta":{"origin":36738,"position":3},"title":"Preocupaci\u00f3n en Mar del Plata por despidos en el Shopping Los Gallegos","author":"Alejandro Sosa Ruda","date":"6 marzo, 2026","format":false,"excerpt":"El sindicato mercantil denunci\u00f3 que ya hubo cesant\u00edas pese al compromiso de la empresa de no despedir trabajadores durante la transici\u00f3n por la supuesta venta del complejo. 06 de marzo de 2026 MAR DEL PLATA -\u00a0 \u00a0El Sindicato de Empleados de Comercio de Mar del Plata y Zona Atl\u00e1ntica manifest\u00f3\u2026","rel":"","context":"En \u00abREGIONALES\u00bb","block_context":{"text":"REGIONALES","link":"https:\/\/larevistadigital.com.ar\/blog\/category\/regionales\/"},"img":{"alt_text":"","src":"https:\/\/i0.wp.com\/larevistadigital.com.ar\/blog\/wp-content\/uploads\/Captura-de-pantalla-2026-03-06-202756.jpg?fit=802%2C343&ssl=1&resize=350%2C200","width":350,"height":200,"srcset":"https:\/\/i0.wp.com\/larevistadigital.com.ar\/blog\/wp-content\/uploads\/Captura-de-pantalla-2026-03-06-202756.jpg?fit=802%2C343&ssl=1&resize=350%2C200 1x, https:\/\/i0.wp.com\/larevistadigital.com.ar\/blog\/wp-content\/uploads\/Captura-de-pantalla-2026-03-06-202756.jpg?fit=802%2C343&ssl=1&resize=525%2C300 1.5x, https:\/\/i0.wp.com\/larevistadigital.com.ar\/blog\/wp-content\/uploads\/Captura-de-pantalla-2026-03-06-202756.jpg?fit=802%2C343&ssl=1&resize=700%2C400 2x"},"classes":[]},{"id":38556,"url":"https:\/\/larevistadigital.com.ar\/blog\/mar-del-plata-arba-multo-al-supermercado-coto-porque-tributaba-como-baldio\/","url_meta":{"origin":36738,"position":4},"title":"Mar del Plata: ARBA mult\u00f3 al supermercado COTO porque tributaba como \u00abbald\u00edo\u00bb","author":"Alejandro Sosa Ruda","date":"26 enero, 2025","format":false,"excerpt":"La agencia de recaudaci\u00f3n llev\u00f3 adelante un operativo en el lugar que hace poco m\u00e1s de dos meses fue inaugurado con la presencia de Javier Milei. 26 de Enero de MAR DEL PLATA -\u00a0 El hipermercado Coto de Mar del Plata se encuentra en el centro de una pol\u00e9mica tras\u2026","rel":"","context":"En \u00abPOLICIALES\u00bb","block_context":{"text":"POLICIALES","link":"https:\/\/larevistadigital.com.ar\/blog\/category\/policiales\/"},"img":{"alt_text":"","src":"https:\/\/i0.wp.com\/larevistadigital.com.ar\/blog\/wp-content\/uploads\/c0f824b0e5d6d134f8833e98a23c0fb4a4580d3b.jpg?fit=1140%2C759&ssl=1&resize=350%2C200","width":350,"height":200,"srcset":"https:\/\/i0.wp.com\/larevistadigital.com.ar\/blog\/wp-content\/uploads\/c0f824b0e5d6d134f8833e98a23c0fb4a4580d3b.jpg?fit=1140%2C759&ssl=1&resize=350%2C200 1x, https:\/\/i0.wp.com\/larevistadigital.com.ar\/blog\/wp-content\/uploads\/c0f824b0e5d6d134f8833e98a23c0fb4a4580d3b.jpg?fit=1140%2C759&ssl=1&resize=525%2C300 1.5x, https:\/\/i0.wp.com\/larevistadigital.com.ar\/blog\/wp-content\/uploads\/c0f824b0e5d6d134f8833e98a23c0fb4a4580d3b.jpg?fit=1140%2C759&ssl=1&resize=700%2C400 2x, https:\/\/i0.wp.com\/larevistadigital.com.ar\/blog\/wp-content\/uploads\/c0f824b0e5d6d134f8833e98a23c0fb4a4580d3b.jpg?fit=1140%2C759&ssl=1&resize=1050%2C600 3x"},"classes":[]},{"id":17789,"url":"https:\/\/larevistadigital.com.ar\/blog\/municipales-de-mar-del-plata-inician-retencion-de-tarea-por-no-acordar-con-el-ejecutivo\/","url_meta":{"origin":36738,"position":5},"title":"MUNICIPALES DE MAR DEL PLATA INICIAN RETENCI\u00d3N DE TAREA, POR NO ACORDAR CON EL EJECUTIVO","author":"Alejandro Sosa Ruda","date":"20 noviembre, 2020","format":false,"excerpt":"El Sindicato de Trabajadores municipales rechaz\u00f3 el ofrecimiento de aumento que consiste en un 10% a partir de diciembre, un 5% para marzo y un 5% para junio. El Sindicato de Trabajadores Municipales anunci\u00f3 una retenci\u00f3n de tareas\u00a0a partir del martes\u00a0luego de no aceptar la propuesta salarial del Ejecutivo. En\u2026","rel":"","context":"En \u00abGREMIALES\u00bb","block_context":{"text":"GREMIALES","link":"https:\/\/larevistadigital.com.ar\/blog\/category\/gremiales\/"},"img":{"alt_text":"","src":"https:\/\/i0.wp.com\/larevistadigital.com.ar\/blog\/wp-content\/uploads\/Screenshot_6-7.jpg?fit=1009%2C674&ssl=1&resize=350%2C200","width":350,"height":200,"srcset":"https:\/\/i0.wp.com\/larevistadigital.com.ar\/blog\/wp-content\/uploads\/Screenshot_6-7.jpg?fit=1009%2C674&ssl=1&resize=350%2C200 1x, https:\/\/i0.wp.com\/larevistadigital.com.ar\/blog\/wp-content\/uploads\/Screenshot_6-7.jpg?fit=1009%2C674&ssl=1&resize=525%2C300 1.5x, https:\/\/i0.wp.com\/larevistadigital.com.ar\/blog\/wp-content\/uploads\/Screenshot_6-7.jpg?fit=1009%2C674&ssl=1&resize=700%2C400 2x"},"classes":[]}],"_links":{"self":[{"href":"https:\/\/larevistadigital.com.ar\/blog\/wp-json\/wp\/v2\/posts\/36738","targetHints":{"allow":["GET"]}}],"collection":[{"href":"https:\/\/larevistadigital.com.ar\/blog\/wp-json\/wp\/v2\/posts"}],"about":[{"href":"https:\/\/larevistadigital.com.ar\/blog\/wp-json\/wp\/v2\/types\/post"}],"author":[{"embeddable":true,"href":"https:\/\/larevistadigital.com.ar\/blog\/wp-json\/wp\/v2\/users\/3"}],"replies":[{"embeddable":true,"href":"https:\/\/larevistadigital.com.ar\/blog\/wp-json\/wp\/v2\/comments?post=36738"}],"version-history":[{"count":3,"href":"https:\/\/larevistadigital.com.ar\/blog\/wp-json\/wp\/v2\/posts\/36738\/revisions"}],"predecessor-version":[{"id":36742,"href":"https:\/\/larevistadigital.com.ar\/blog\/wp-json\/wp\/v2\/posts\/36738\/revisions\/36742"}],"wp:featuredmedia":[{"embeddable":true,"href":"https:\/\/larevistadigital.com.ar\/blog\/wp-json\/wp\/v2\/media\/36739"}],"wp:attachment":[{"href":"https:\/\/larevistadigital.com.ar\/blog\/wp-json\/wp\/v2\/media?parent=36738"}],"wp:term":[{"taxonomy":"category","embeddable":true,"href":"https:\/\/larevistadigital.com.ar\/blog\/wp-json\/wp\/v2\/categories?post=36738"},{"taxonomy":"post_tag","embeddable":true,"href":"https:\/\/larevistadigital.com.ar\/blog\/wp-json\/wp\/v2\/tags?post=36738"}],"curies":[{"name":"wp","href":"https:\/\/api.w.org\/{rel}","templated":true}]}}