{"id":36743,"date":"2024-07-17T21:13:05","date_gmt":"2024-07-18T00:13:05","guid":{"rendered":"https:\/\/larevistadigital.com.ar\/blog\/?p=36743"},"modified":"2024-07-17T21:13:05","modified_gmt":"2024-07-18T00:13:05","slug":"milei-echo-del-gobierno-a-julio-garro-por-sugerirle-a-messi-que-pida-disculpas","status":"publish","type":"post","link":"https:\/\/larevistadigital.com.ar\/blog\/milei-echo-del-gobierno-a-julio-garro-por-sugerirle-a-messi-que-pida-disculpas\/","title":{"rendered":"MILEI ECH\u00d3 DEL GOBIERNO A JULIO GARRO POR SUGERIRLE A MESSI QUE PIDA DISCULPAS"},"content":{"rendered":"<h2>Fue anunciado por\u00a0 la Oficina del Presidente a trav\u00e9s de las redes sociales.<\/h2>\n<p>17 de Julio de 2024<\/p>\n<p>El subsecretario de Deportes de la Naci\u00f3n, <strong>Julio Garro<\/strong>, ha sido destituido de su cargo luego de sugerir que el capit\u00e1n de la selecci\u00f3n argentina, <strong>Lionel Messi<\/strong>, deber\u00eda disculparse por los c\u00e1nticos discriminatorios durante la celebraci\u00f3n de la Copa Am\u00e9rica.<\/p>\n<p><em><strong>\u00abLa Oficina del Presidente informa que ning\u00fan gobierno puede decirle qu\u00e9 comentar, qu\u00e9 pensar o qu\u00e9 hacer a la Selecci\u00f3n Argentina Campeona del Mundo y Bicampeona de Am\u00e9rica, ni a ning\u00fan otro ciudadano. Por esta raz\u00f3n, Julio Garro deja de ser Subsecretario de Deportes de la Naci\u00f3n\u00bb<\/strong><\/em>, public\u00f3 la gesti\u00f3n de <strong>Javier<\/strong> <strong>Milei<\/strong> a trav\u00e9s de las redes sociales.<\/p>\n<div class=\"twitter-tweet twitter-tweet-rendered\"><\/div>\n","protected":false},"excerpt":{"rendered":"<div class=\"mh-excerpt\"><p>Fue anunciado por\u00a0 la Oficina del Presidente a trav\u00e9s de las redes sociales. 17 de Julio de 2024 El subsecretario de Deportes de la Naci\u00f3n, Julio Garro, ha sido destituido de su cargo luego de <a class=\"mh-excerpt-more\" href=\"https:\/\/larevistadigital.com.ar\/blog\/milei-echo-del-gobierno-a-julio-garro-por-sugerirle-a-messi-que-pida-disculpas\/\" title=\"MILEI ECH\u00d3 DEL GOBIERNO A JULIO GARRO POR SUGERIRLE A MESSI QUE PIDA DISCULPAS\">[Leer M\u00e1s]<\/a><\/p>\n<\/div>","protected":false},"author":3,"featured_media":36744,"comment_status":"open","ping_status":"open","sticky":false,"template":"","format":"standard","meta":{"_jetpack_memberships_contains_paid_content":false,"footnotes":"","jetpack_publicize_message":"","jetpack_publicize_feature_enabled":true,"jetpack_social_post_already_shared":true,"jetpack_social_options":{"image_generator_settings":{"template":"highway","default_image_id":0,"font":"","enabled":false},"version":2}},"categories":[41,50],"tags":[],"class_list":{"0":"post-36743","1":"post","2":"type-post","3":"status-publish","4":"format-standard","5":"has-post-thumbnail","7":"category-destacadas","8":"category-interes-general"},"jetpack_publicize_connections":[],"jetpack_featured_media_url":"https:\/\/i0.wp.com\/larevistadigital.com.ar\/blog\/wp-content\/uploads\/Captura-de-pantalla-2024-07-17-210320.png?fit=750%2C522&ssl=1","jetpack_sharing_enabled":true,"jetpack_shortlink":"https:\/\/wp.me\/p8qtrQ-9yD","jetpack-related-posts":[{"id":35561,"url":"https:\/\/larevistadigital.com.ar\/blog\/la-plata-el-ex-intendente-garro-se-suma-al-gobierno-de-milei-como-secretario-de-deportes\/","url_meta":{"origin":36743,"position":0},"title":"LA PLATA: EL EX INTENDENTE GARRO SE SUMA AL GOBIERNO DE MILEI COMO SECRETARIO DE DEPORTES","author":"Alejandro Sosa Ruda","date":"15 marzo, 2024","format":false,"excerpt":"Con el apoyo de Mauricio Macri, el exintendente de La Plata es el nuevo subsecretario de Deportes de la Naci\u00f3n. 15 de Marzo de 2024 LA PLATA -\u00a0 El exintendente de La Plata, Julio Garro,\u00a0 se sum\u00f3 al gobierno nacional de La Libertad Avanza\u00a0(LLA)\u00a0y estar\u00e1 al frente de la Subsecretar\u00eda\u2026","rel":"","context":"En \u00abINTERES GENERAL\u00bb","block_context":{"text":"INTERES GENERAL","link":"https:\/\/larevistadigital.com.ar\/blog\/category\/interes-general\/"},"img":{"alt_text":"","src":"https:\/\/i0.wp.com\/larevistadigital.com.ar\/blog\/wp-content\/uploads\/Captura-de-pantalla-2024-03-15-092557.png?fit=845%2C493&ssl=1&resize=350%2C200","width":350,"height":200,"srcset":"https:\/\/i0.wp.com\/larevistadigital.com.ar\/blog\/wp-content\/uploads\/Captura-de-pantalla-2024-03-15-092557.png?fit=845%2C493&ssl=1&resize=350%2C200 1x, https:\/\/i0.wp.com\/larevistadigital.com.ar\/blog\/wp-content\/uploads\/Captura-de-pantalla-2024-03-15-092557.png?fit=845%2C493&ssl=1&resize=525%2C300 1.5x, https:\/\/i0.wp.com\/larevistadigital.com.ar\/blog\/wp-content\/uploads\/Captura-de-pantalla-2024-03-15-092557.png?fit=845%2C493&ssl=1&resize=700%2C400 2x"},"classes":[]},{"id":34068,"url":"https:\/\/larevistadigital.com.ar\/blog\/34068-2\/","url_meta":{"origin":36743,"position":1},"title":"KICILLOF SOBRE LAS IDEAS DE MILEI: \u00abSON RECETAS RANCIAS, FRACASADAS Y PODRIDAS\u00bb","author":"Alejandro Sosa Ruda","date":"17 octubre, 2023","format":false,"excerpt":"El gobernador se\u00f1al\u00f3 que en las elecciones \"se juegan los pr\u00f3ximos 10 a\u00f1os de la Argentina\". 17 de Octubre de 2023 El gobernador bonaerense y candidato a la reelecci\u00f3n por Uni\u00f3n por la Patria, Axel Kicillof, afirm\u00f3 ayer que en las elecciones del domingo 22 \u201cse juegan los pr\u00f3ximos 10\u2026","rel":"","context":"En \u00abRANCHOS\u00bb","block_context":{"text":"RANCHOS","link":"https:\/\/larevistadigital.com.ar\/blog\/category\/ranchos\/"},"img":{"alt_text":"","src":"https:\/\/i0.wp.com\/larevistadigital.com.ar\/blog\/wp-content\/uploads\/101224-kicillof-y-las-ideas-de-milei-son-recetas-rancias-fracasadas-y-podridas.jpg?fit=1200%2C675&ssl=1&resize=350%2C200","width":350,"height":200,"srcset":"https:\/\/i0.wp.com\/larevistadigital.com.ar\/blog\/wp-content\/uploads\/101224-kicillof-y-las-ideas-de-milei-son-recetas-rancias-fracasadas-y-podridas.jpg?fit=1200%2C675&ssl=1&resize=350%2C200 1x, https:\/\/i0.wp.com\/larevistadigital.com.ar\/blog\/wp-content\/uploads\/101224-kicillof-y-las-ideas-de-milei-son-recetas-rancias-fracasadas-y-podridas.jpg?fit=1200%2C675&ssl=1&resize=525%2C300 1.5x, https:\/\/i0.wp.com\/larevistadigital.com.ar\/blog\/wp-content\/uploads\/101224-kicillof-y-las-ideas-de-milei-son-recetas-rancias-fracasadas-y-podridas.jpg?fit=1200%2C675&ssl=1&resize=700%2C400 2x, https:\/\/i0.wp.com\/larevistadigital.com.ar\/blog\/wp-content\/uploads\/101224-kicillof-y-las-ideas-de-milei-son-recetas-rancias-fracasadas-y-podridas.jpg?fit=1200%2C675&ssl=1&resize=1050%2C600 3x"},"classes":[]},{"id":12711,"url":"https:\/\/larevistadigital.com.ar\/blog\/la-plata-partido-justicialista-denuncio-a-garro-aqui-los-detalles\/","url_meta":{"origin":36743,"position":2},"title":"LA PLATA: PARTIDO JUSTICIALISTA DENUNCI\u00d3 A GARRO. AQU\u00cd LOS DETALLES","author":"Alejandro Sosa Ruda","date":"18 octubre, 2019","format":false,"excerpt":"La aparici\u00f3n de afiches promoviendo el corte de boleta contra la candidata del Frente de Todos, Florencia Saintout, y a favor del actual mandatario, Julio Garro, llevaron al PJ local a denunciar este hecho ante la justicia electoral. Dentro del Justicialismo hay sectores que apoyan la candidatura del jefe comunal\u2026","rel":"","context":"En \u00abPOLITICA PROVINCIAL\u00bb","block_context":{"text":"POLITICA PROVINCIAL","link":"https:\/\/larevistadigital.com.ar\/blog\/category\/politica\/politica-provincial\/"},"img":{"alt_text":"","src":"https:\/\/i0.wp.com\/larevistadigital.com.ar\/blog\/wp-content\/uploads\/EHAlKr3WwAASEvv.jpg?fit=900%2C506&ssl=1&resize=350%2C200","width":350,"height":200,"srcset":"https:\/\/i0.wp.com\/larevistadigital.com.ar\/blog\/wp-content\/uploads\/EHAlKr3WwAASEvv.jpg?fit=900%2C506&ssl=1&resize=350%2C200 1x, https:\/\/i0.wp.com\/larevistadigital.com.ar\/blog\/wp-content\/uploads\/EHAlKr3WwAASEvv.jpg?fit=900%2C506&ssl=1&resize=525%2C300 1.5x, https:\/\/i0.wp.com\/larevistadigital.com.ar\/blog\/wp-content\/uploads\/EHAlKr3WwAASEvv.jpg?fit=900%2C506&ssl=1&resize=700%2C400 2x"},"classes":[]},{"id":15152,"url":"https:\/\/larevistadigital.com.ar\/blog\/la-plata-12-industrias-pueden-abrir-pero-los-comercios-deben-permanecer-cerrados\/","url_meta":{"origin":36743,"position":3},"title":"LA PLATA: 12 INDUSTRIAS PUEDEN ABRIR, PERO LOS COMERCIOS DEBEN PERMANECER CERRADOS","author":"Alejandro Sosa Ruda","date":"11 mayo, 2020","format":false,"excerpt":"El intendente de La Plata, Julio Garro, inform\u00f3 hoy que el Gobernador Axel Kicillof, autoriz\u00f3 la posibilidad de que 12 industrias en la ciudad puedan reabrir sus plantas, con estrictos protocolos sanitarios. Se siguen evaluando el resto de las propuestas, por ahora comercios deben permanecer cerrados. La autorizaci\u00f3n fue dada\u2026","rel":"","context":"En \u00abREGIONALES\u00bb","block_context":{"text":"REGIONALES","link":"https:\/\/larevistadigital.com.ar\/blog\/category\/regionales\/"},"img":{"alt_text":"","src":"https:\/\/i0.wp.com\/larevistadigital.com.ar\/blog\/wp-content\/uploads\/20200510204657_6da3d1a3_d24f_4f51_a976_c2168ec63a6e.jpg?fit=880%2C586&ssl=1&resize=350%2C200","width":350,"height":200,"srcset":"https:\/\/i0.wp.com\/larevistadigital.com.ar\/blog\/wp-content\/uploads\/20200510204657_6da3d1a3_d24f_4f51_a976_c2168ec63a6e.jpg?fit=880%2C586&ssl=1&resize=350%2C200 1x, https:\/\/i0.wp.com\/larevistadigital.com.ar\/blog\/wp-content\/uploads\/20200510204657_6da3d1a3_d24f_4f51_a976_c2168ec63a6e.jpg?fit=880%2C586&ssl=1&resize=525%2C300 1.5x, https:\/\/i0.wp.com\/larevistadigital.com.ar\/blog\/wp-content\/uploads\/20200510204657_6da3d1a3_d24f_4f51_a976_c2168ec63a6e.jpg?fit=880%2C586&ssl=1&resize=700%2C400 2x"},"classes":[]},{"id":21801,"url":"https:\/\/larevistadigital.com.ar\/blog\/la-plata-garro-furioso-por-el-robo-de-luces-led-estoy-caliente-y-con-bronca\/","url_meta":{"origin":36743,"position":4},"title":"LA PLATA: GARRO FURIOSO POR EL ROBO DE LUCES LED&#8230;\u00bbESTOY CALIENTE Y CON BRONCA\u00bb","author":"Alejandro Sosa Ruda","date":"30 agosto, 2021","format":false,"excerpt":"El intendente de La Plata manifest\u00f3 su indignaci\u00f3n en redes y comparti\u00f3 el video donde se ve c\u00f3mo roban las luces LED de la ciudad. LA PLATA - El intendente de La Plata, Julio Garro, expres\u00f3 toda su indignaci\u00f3n en su cuenta de Twitter y se manifest\u00f3 tras el robo\u2026","rel":"","context":"En \u00abINTERES GENERAL\u00bb","block_context":{"text":"INTERES GENERAL","link":"https:\/\/larevistadigital.com.ar\/blog\/category\/interes-general\/"},"img":{"alt_text":"","src":"https:\/\/i0.wp.com\/larevistadigital.com.ar\/blog\/wp-content\/uploads\/e1f41fba5b88b8b3d29fc073adccfeb5.jpg?fit=1200%2C696&ssl=1&resize=350%2C200","width":350,"height":200,"srcset":"https:\/\/i0.wp.com\/larevistadigital.com.ar\/blog\/wp-content\/uploads\/e1f41fba5b88b8b3d29fc073adccfeb5.jpg?fit=1200%2C696&ssl=1&resize=350%2C200 1x, https:\/\/i0.wp.com\/larevistadigital.com.ar\/blog\/wp-content\/uploads\/e1f41fba5b88b8b3d29fc073adccfeb5.jpg?fit=1200%2C696&ssl=1&resize=525%2C300 1.5x, https:\/\/i0.wp.com\/larevistadigital.com.ar\/blog\/wp-content\/uploads\/e1f41fba5b88b8b3d29fc073adccfeb5.jpg?fit=1200%2C696&ssl=1&resize=700%2C400 2x, https:\/\/i0.wp.com\/larevistadigital.com.ar\/blog\/wp-content\/uploads\/e1f41fba5b88b8b3d29fc073adccfeb5.jpg?fit=1200%2C696&ssl=1&resize=1050%2C600 3x"},"classes":[]},{"id":34604,"url":"https:\/\/larevistadigital.com.ar\/blog\/villarroel-visito-a-la-plana-mayor-de-policia-federal-gendarmeria-y-prefectura\/","url_meta":{"origin":36743,"position":5},"title":"VILLARROEL VISIT\u00d3 A LA PLANA MAYOR DE POLIC\u00cdA FEDERAL, GENDARMER\u00cdA Y PREFECTURA","author":"Alejandro Sosa Ruda","date":"25 noviembre, 2023","format":false,"excerpt":"A trav\u00e9s de sus redes sociales, la vicepresidenta electa comunic\u00f3 la recorrida por los edificios de tres de las fuerzas de seguridad nacionales y detall\u00f3 las reuniones que mantuvo con sus autoridades. 25 de Noviembre de 2023 La vicepresidenta electa Victoria Villarruel\u00a0mantuvo en las \u00faltimas horas reuniones con la plana\u2026","rel":"","context":"En \u00abINTERES GENERAL\u00bb","block_context":{"text":"INTERES GENERAL","link":"https:\/\/larevistadigital.com.ar\/blog\/category\/interes-general\/"},"img":{"alt_text":"","src":"https:\/\/i0.wp.com\/larevistadigital.com.ar\/blog\/wp-content\/uploads\/6561ef3c8ed9d.-prefectura-foto-x_1200.jpg?fit=1200%2C675&ssl=1&resize=350%2C200","width":350,"height":200,"srcset":"https:\/\/i0.wp.com\/larevistadigital.com.ar\/blog\/wp-content\/uploads\/6561ef3c8ed9d.-prefectura-foto-x_1200.jpg?fit=1200%2C675&ssl=1&resize=350%2C200 1x, https:\/\/i0.wp.com\/larevistadigital.com.ar\/blog\/wp-content\/uploads\/6561ef3c8ed9d.-prefectura-foto-x_1200.jpg?fit=1200%2C675&ssl=1&resize=525%2C300 1.5x, https:\/\/i0.wp.com\/larevistadigital.com.ar\/blog\/wp-content\/uploads\/6561ef3c8ed9d.-prefectura-foto-x_1200.jpg?fit=1200%2C675&ssl=1&resize=700%2C400 2x, https:\/\/i0.wp.com\/larevistadigital.com.ar\/blog\/wp-content\/uploads\/6561ef3c8ed9d.-prefectura-foto-x_1200.jpg?fit=1200%2C675&ssl=1&resize=1050%2C600 3x"},"classes":[]}],"_links":{"self":[{"href":"https:\/\/larevistadigital.com.ar\/blog\/wp-json\/wp\/v2\/posts\/36743","targetHints":{"allow":["GET"]}}],"collection":[{"href":"https:\/\/larevistadigital.com.ar\/blog\/wp-json\/wp\/v2\/posts"}],"about":[{"href":"https:\/\/larevistadigital.com.ar\/blog\/wp-json\/wp\/v2\/types\/post"}],"author":[{"embeddable":true,"href":"https:\/\/larevistadigital.com.ar\/blog\/wp-json\/wp\/v2\/users\/3"}],"replies":[{"embeddable":true,"href":"https:\/\/larevistadigital.com.ar\/blog\/wp-json\/wp\/v2\/comments?post=36743"}],"version-history":[{"count":1,"href":"https:\/\/larevistadigital.com.ar\/blog\/wp-json\/wp\/v2\/posts\/36743\/revisions"}],"predecessor-version":[{"id":36745,"href":"https:\/\/larevistadigital.com.ar\/blog\/wp-json\/wp\/v2\/posts\/36743\/revisions\/36745"}],"wp:featuredmedia":[{"embeddable":true,"href":"https:\/\/larevistadigital.com.ar\/blog\/wp-json\/wp\/v2\/media\/36744"}],"wp:attachment":[{"href":"https:\/\/larevistadigital.com.ar\/blog\/wp-json\/wp\/v2\/media?parent=36743"}],"wp:term":[{"taxonomy":"category","embeddable":true,"href":"https:\/\/larevistadigital.com.ar\/blog\/wp-json\/wp\/v2\/categories?post=36743"},{"taxonomy":"post_tag","embeddable":true,"href":"https:\/\/larevistadigital.com.ar\/blog\/wp-json\/wp\/v2\/tags?post=36743"}],"curies":[{"name":"wp","href":"https:\/\/api.w.org\/{rel}","templated":true}]}}