{"id":36746,"date":"2024-07-17T21:23:04","date_gmt":"2024-07-18T00:23:04","guid":{"rendered":"https:\/\/larevistadigital.com.ar\/blog\/?p=36746"},"modified":"2024-07-17T22:36:39","modified_gmt":"2024-07-18T01:36:39","slug":"pitbull-suelto-ataco-y-mato-a-un-caniche-de-una-pensionada","status":"publish","type":"post","link":"https:\/\/larevistadigital.com.ar\/blog\/pitbull-suelto-ataco-y-mato-a-un-caniche-de-una-pensionada\/","title":{"rendered":"UN PITBULL SUELTO, ATAC\u00d3 Y MAT\u00d3 A UN CANICHE DE UNA PENSIONADA"},"content":{"rendered":"<h2 class=\"intro\">El pitbull de una vecina del barrio Alfar atac\u00f3 salvajemente un caniche, el cual sufri\u00f3 graves heridas y tuvo que ser sacrificado. \u00abPara m\u00ed era como un hijo\u00bb, lament\u00f3 la due\u00f1a del indefenso animal y reclam\u00f3 justicia.<\/h2>\n<p>17 de Julio de 2024<\/p>\n<p><strong>MAR DEL PLATA &#8211;\u00a0 <\/strong>Una pensionada del barrio Alfar de Mar del Plata ha denunciado un incidente alarmante: el pitbull de su vecina atac\u00f3 brutalmente a su caniche. <strong><em>\u00ab\u00bfQu\u00e9 va a pasar el d\u00eda que agarre a una criatura?\u00bb<\/em><\/strong>, advirti\u00f3, exigiendo que la due\u00f1a del perro agresor se haga cargo de la situaci\u00f3n.<\/p>\n<blockquote>\n<h3>Martha, de 54 a\u00f1os, vivi\u00f3 un tr\u00e1gico suceso el domingo por la tarde. Mientras sacaba a su mascota al patio trasero de su casa en la esquina de Racedo y Diagonal Centro, el pitbull de su vecina se abalanz\u00f3 sobre el indefenso caniche, caus\u00e1ndole heridas severas.<\/h3>\n<\/blockquote>\n<p><em><strong>\u00ab\u00c9l estaba llorando, ten\u00eda todo el intestino para afuera. Lo revent\u00f3, pobrecito\u00bb<\/strong><\/em>, lament\u00f3 <strong>Martha<\/strong>. Desesperada, llam\u00f3 a un remise y se dirigi\u00f3 r\u00e1pidamente a una veterinaria en el centro de Mar del Plata.<\/p>\n<blockquote>\n<h3>El veterinario fue claro: no hab\u00eda posibilidad de salvar al caniche. <em>\u00abLos intestinos estaban negros, todos perforados, y le hab\u00eda reventado el bazo. Le dieron una inyecci\u00f3n para dormirlo porque estaba sufriendo\u00bb<\/em>, relat\u00f3 <strong>Martha.<\/strong><\/h3>\n<\/blockquote>\n<p>La pensionada apunt\u00f3 contra su vecina, una joven de alrededor de 20 a\u00f1os, presentando una denuncia penal y exigiendo que asuma la responsabilidad por el cuidado del perro violento. <strong><em>\u00abElla lo cr\u00eda y tiene la culpa\u00bb<\/em><\/strong>, dijo <strong>Martha<\/strong>. <em><strong>\u00ab\u00bfQu\u00e9 va a pasar el d\u00eda que agarre a una criatura? No es justo morir as\u00ed\u00bb<\/strong><\/em>, agreg\u00f3 con indignaci\u00f3n.<\/p>\n<blockquote>\n<h3>Este mi\u00e9rcoles, personal de Zoonosis y Control Animal de la Municipalidad de General Pueyrredon visit\u00f3 el domicilio para notificar a la cuidadora del perro agresor.<\/h3>\n<\/blockquote>\n<p><strong>Martha<\/strong> tambi\u00e9n reclam\u00f3 que la vecina debe hacerse cargo de los gastos que tuvo que afrontar: <strong>entre el traslado y la inyecci\u00f3n aplicada a su caniche, gast\u00f3 alrededor de $60.000.<\/strong><\/p>\n<p><strong><em>\u00abLoki era cari\u00f1oso, un amor. Para m\u00ed era como un hijo. Es terrible lo que pas\u00f3, verlo c\u00f3mo qued\u00f3. Lo destrozaron a mi pobre Loki. Estoy destruida\u00bb<\/em><\/strong>, lament\u00f3 <strong>Martha<\/strong> al finalizar.<\/p>\n","protected":false},"excerpt":{"rendered":"<div class=\"mh-excerpt\"><p>El pitbull de una vecina del barrio Alfar atac\u00f3 salvajemente un caniche, el cual sufri\u00f3 graves heridas y tuvo que ser sacrificado. \u00abPara m\u00ed era como un hijo\u00bb, lament\u00f3 la due\u00f1a del indefenso animal y <a class=\"mh-excerpt-more\" href=\"https:\/\/larevistadigital.com.ar\/blog\/pitbull-suelto-ataco-y-mato-a-un-caniche-de-una-pensionada\/\" title=\"UN PITBULL SUELTO, ATAC\u00d3 Y MAT\u00d3 A UN CANICHE DE UNA PENSIONADA\">[Leer M\u00e1s]<\/a><\/p>\n<\/div>","protected":false},"author":3,"featured_media":36747,"comment_status":"open","ping_status":"open","sticky":false,"template":"","format":"standard","meta":{"_jetpack_memberships_contains_paid_content":false,"footnotes":"","jetpack_publicize_message":"","jetpack_publicize_feature_enabled":true,"jetpack_social_post_already_shared":true,"jetpack_social_options":{"image_generator_settings":{"template":"highway","default_image_id":0,"font":"","enabled":false},"version":2}},"categories":[51],"tags":[],"class_list":{"0":"post-36746","1":"post","2":"type-post","3":"status-publish","4":"format-standard","5":"has-post-thumbnail","7":"category-regionales"},"jetpack_publicize_connections":[],"jetpack_featured_media_url":"https:\/\/i0.wp.com\/larevistadigital.com.ar\/blog\/wp-content\/uploads\/Captura-de-pantalla-2024-07-17-211642.png?fit=705%2C338&ssl=1","jetpack_sharing_enabled":true,"jetpack_shortlink":"https:\/\/wp.me\/p8qtrQ-9yG","jetpack-related-posts":[{"id":24582,"url":"https:\/\/larevistadigital.com.ar\/blog\/terrible-una-mujer-de-87-anos-muere-atacada-por-un-pitbull-que-pasaba-por-la-calle\/","url_meta":{"origin":36746,"position":0},"title":"TERRIBLE: UNA MUJER DE 87 A\u00d1OS MUERE ATACADA POR UN PITBULL QUE PASABA POR LA CALLE","author":"Alejandro Sosa Ruda","date":"15 marzo, 2022","format":false,"excerpt":"Si bien la mujer hab\u00eda sido amputada en una de sus piernas, las heridas eran de tal gravedad que falleci\u00f3. El ataque ocurri\u00f3 en su casa de Realic\u00f3, en La Pampa, cuando el pitbull pasaba. El viernes de la semana pasada, un pitbull que pasaba por la casa de Hilda\u2026","rel":"","context":"En \u00abINTERES GENERAL\u00bb","block_context":{"text":"INTERES GENERAL","link":"https:\/\/larevistadigital.com.ar\/blog\/category\/interes-general\/"},"img":{"alt_text":"","src":"https:\/\/i0.wp.com\/larevistadigital.com.ar\/blog\/wp-content\/uploads\/pitbull.jpg?fit=960%2C640&ssl=1&resize=350%2C200","width":350,"height":200,"srcset":"https:\/\/i0.wp.com\/larevistadigital.com.ar\/blog\/wp-content\/uploads\/pitbull.jpg?fit=960%2C640&ssl=1&resize=350%2C200 1x, https:\/\/i0.wp.com\/larevistadigital.com.ar\/blog\/wp-content\/uploads\/pitbull.jpg?fit=960%2C640&ssl=1&resize=525%2C300 1.5x, https:\/\/i0.wp.com\/larevistadigital.com.ar\/blog\/wp-content\/uploads\/pitbull.jpg?fit=960%2C640&ssl=1&resize=700%2C400 2x"},"classes":[]},{"id":20693,"url":"https:\/\/larevistadigital.com.ar\/blog\/el-joven-que-ataco-un-caniche-toy-a-patadas-en-la-plata-se-nego-a-declarar\/","url_meta":{"origin":36746,"position":1},"title":"EL JOVEN QUE ATAC\u00d3 UN CANICHE TOY A PATADAS EN LA PLATA SE NEG\u00d3 A DECLARAR","author":"Alejandro Sosa Ruda","date":"9 junio, 2021","format":false,"excerpt":"Se llam\u00f3 a silencio por consejo de su defensor oficial y qued\u00f3 procesado por \"malos tratos y actos de crueldad a los animales\". Ari\u00e1n Gonz\u00e1lez\u00a0(25), procesado en una causa por maltrato animal, se llam\u00f3 a silencio ante el fiscal que lo proces\u00f3 por \u201cmalos tratos y actos de crueldad a\u2026","rel":"","context":"En \u00abINTERES GENERAL\u00bb","block_context":{"text":"INTERES GENERAL","link":"https:\/\/larevistadigital.com.ar\/blog\/category\/interes-general\/"},"img":{"alt_text":"","src":"https:\/\/i0.wp.com\/larevistadigital.com.ar\/blog\/wp-content\/uploads\/1623239964518.jpg?fit=1200%2C946&ssl=1&resize=350%2C200","width":350,"height":200,"srcset":"https:\/\/i0.wp.com\/larevistadigital.com.ar\/blog\/wp-content\/uploads\/1623239964518.jpg?fit=1200%2C946&ssl=1&resize=350%2C200 1x, https:\/\/i0.wp.com\/larevistadigital.com.ar\/blog\/wp-content\/uploads\/1623239964518.jpg?fit=1200%2C946&ssl=1&resize=525%2C300 1.5x, https:\/\/i0.wp.com\/larevistadigital.com.ar\/blog\/wp-content\/uploads\/1623239964518.jpg?fit=1200%2C946&ssl=1&resize=700%2C400 2x, https:\/\/i0.wp.com\/larevistadigital.com.ar\/blog\/wp-content\/uploads\/1623239964518.jpg?fit=1200%2C946&ssl=1&resize=1050%2C600 3x"},"classes":[]},{"id":18903,"url":"https:\/\/larevistadigital.com.ar\/blog\/chiquito-pero-guardian-un-caniche-frustro-un-robo\/","url_meta":{"origin":36746,"position":2},"title":"\u00abCHIQUITO PERO GUARDIAN\u00bb&#8230;UN CANICHE FRUSTR\u00d3 UN ROBO","author":"Alejandro Sosa Ruda","date":"17 febrero, 2021","format":false,"excerpt":"LA PLATA - En las \u00faltimas horas detuvieron a dos delincuentes de 18 y 21 a\u00f1os que\u00a0hab\u00edan ingresado a robar a una vivienda ubicada en calle 21 entre 473 bis y 474\u00a0de City Bell luego de que entraran a robar a una casaquinta de donde se llevaron una bicicleta, una\u2026","rel":"","context":"En \u00abINTERES GENERAL\u00bb","block_context":{"text":"INTERES GENERAL","link":"https:\/\/larevistadigital.com.ar\/blog\/category\/interes-general\/"},"img":{"alt_text":"","src":"https:\/\/i0.wp.com\/larevistadigital.com.ar\/blog\/wp-content\/uploads\/WhatsApp-Image-2021-02-17-at-17.23.50.jpeg?fit=900%2C1200&ssl=1&resize=350%2C200","width":350,"height":200,"srcset":"https:\/\/i0.wp.com\/larevistadigital.com.ar\/blog\/wp-content\/uploads\/WhatsApp-Image-2021-02-17-at-17.23.50.jpeg?fit=900%2C1200&ssl=1&resize=350%2C200 1x, https:\/\/i0.wp.com\/larevistadigital.com.ar\/blog\/wp-content\/uploads\/WhatsApp-Image-2021-02-17-at-17.23.50.jpeg?fit=900%2C1200&ssl=1&resize=525%2C300 1.5x, https:\/\/i0.wp.com\/larevistadigital.com.ar\/blog\/wp-content\/uploads\/WhatsApp-Image-2021-02-17-at-17.23.50.jpeg?fit=900%2C1200&ssl=1&resize=700%2C400 2x"},"classes":[]},{"id":25504,"url":"https:\/\/larevistadigital.com.ar\/blog\/un-pitbull-ataco-a-un-nene-de-diez-anos\/","url_meta":{"origin":36746,"position":3},"title":"UN PITBULL ATAC\u00d3 A UN NENE DE DIEZ A\u00d1OS","author":"Alejandro Sosa Ruda","date":"31 mayo, 2022","format":false,"excerpt":"Ocurri\u00f3 d\u00edas atr\u00e1s en el barrio Los Olivos, de Bah\u00eda Blanca. Ahora est\u00e1 en silla de ruedas y tiene que usar un bast\u00f3n. Su mam\u00e1 coment\u00f3 que tiene m\u00e1s de 10 puntos de sutura y que el due\u00f1o del animal \u201cse hizo cargo\u201d. Im\u00e1genes sensibles. BAH\u00cdA BLANCA -\u00a0 Ezequiel tiene\u2026","rel":"","context":"En \u00abINTERES GENERAL\u00bb","block_context":{"text":"INTERES GENERAL","link":"https:\/\/larevistadigital.com.ar\/blog\/category\/interes-general\/"},"img":{"alt_text":"","src":"https:\/\/i0.wp.com\/larevistadigital.com.ar\/blog\/wp-content\/uploads\/20220531105049_nino-atacado-pitbull.jpg?fit=880%2C512&ssl=1&resize=350%2C200","width":350,"height":200,"srcset":"https:\/\/i0.wp.com\/larevistadigital.com.ar\/blog\/wp-content\/uploads\/20220531105049_nino-atacado-pitbull.jpg?fit=880%2C512&ssl=1&resize=350%2C200 1x, https:\/\/i0.wp.com\/larevistadigital.com.ar\/blog\/wp-content\/uploads\/20220531105049_nino-atacado-pitbull.jpg?fit=880%2C512&ssl=1&resize=525%2C300 1.5x, https:\/\/i0.wp.com\/larevistadigital.com.ar\/blog\/wp-content\/uploads\/20220531105049_nino-atacado-pitbull.jpg?fit=880%2C512&ssl=1&resize=700%2C400 2x"},"classes":[]},{"id":25625,"url":"https:\/\/larevistadigital.com.ar\/blog\/solores-multan-a-duena-de-un-perro-que-ataco-a-su-vecina\/","url_meta":{"origin":36746,"position":4},"title":"SOLORES: MULTAN A DUE\u00d1A DE UN PERRO QUE ATAC\u00d3 A SU VECINA","author":"Alejandro Sosa Ruda","date":"6 junio, 2022","format":false,"excerpt":"Tiene que pagar una indemnizaci\u00f3n y tomar medidas de seguridad con el animal. DOLORES -\u00a0 La due\u00f1a de un perro, fue condenada tras ser considerada responsable de la mordedura que el animal le gener\u00f3 a una mujer que transitaba por la v\u00eda p\u00fablica.\u00a0 Ante esta situaci\u00f3n, el fallo del Juzgado\u2026","rel":"","context":"En \u00abDOLORES\u00bb","block_context":{"text":"DOLORES","link":"https:\/\/larevistadigital.com.ar\/blog\/category\/dolores\/"},"img":{"alt_text":"","src":"https:\/\/i0.wp.com\/larevistadigital.com.ar\/blog\/wp-content\/uploads\/descarga-12.jpg?fit=202%2C249&ssl=1&resize=350%2C200","width":350,"height":200},"classes":[]},{"id":32264,"url":"https:\/\/larevistadigital.com.ar\/blog\/chascomus-un-pitbull-ataco-a-una-criatura\/","url_meta":{"origin":36746,"position":5},"title":"CHASCOM\u00daS: UN PITBULL ATAC\u00d3 A UNA CRIATURA","author":"Alejandro Sosa Ruda","date":"4 julio, 2023","format":false,"excerpt":"El chico atacado sufri\u00f3 la p\u00e9rdida de parte del m\u00fasculo de una pierna. Los due\u00f1os del animal dicen que \"lo entregaron a quien puede hacerse cargo\" 4 de julio de 2023 CHASCOM\u00daS -\u00a0 Son varios los reclamos de vecinos que argumentan y con pruebas de la violencia de un perro\u2026","rel":"","context":"En \u00abCHASCOM\u00daS\u00bb","block_context":{"text":"CHASCOM\u00daS","link":"https:\/\/larevistadigital.com.ar\/blog\/category\/chascomus\/"},"img":{"alt_text":"","src":"https:\/\/i0.wp.com\/larevistadigital.com.ar\/blog\/wp-content\/uploads\/2019\/04\/pitbull-asesino.jpg?fit=1140%2C712&ssl=1&resize=350%2C200","width":350,"height":200,"srcset":"https:\/\/i0.wp.com\/larevistadigital.com.ar\/blog\/wp-content\/uploads\/2019\/04\/pitbull-asesino.jpg?fit=1140%2C712&ssl=1&resize=350%2C200 1x, https:\/\/i0.wp.com\/larevistadigital.com.ar\/blog\/wp-content\/uploads\/2019\/04\/pitbull-asesino.jpg?fit=1140%2C712&ssl=1&resize=525%2C300 1.5x, https:\/\/i0.wp.com\/larevistadigital.com.ar\/blog\/wp-content\/uploads\/2019\/04\/pitbull-asesino.jpg?fit=1140%2C712&ssl=1&resize=700%2C400 2x, https:\/\/i0.wp.com\/larevistadigital.com.ar\/blog\/wp-content\/uploads\/2019\/04\/pitbull-asesino.jpg?fit=1140%2C712&ssl=1&resize=1050%2C600 3x"},"classes":[]}],"_links":{"self":[{"href":"https:\/\/larevistadigital.com.ar\/blog\/wp-json\/wp\/v2\/posts\/36746","targetHints":{"allow":["GET"]}}],"collection":[{"href":"https:\/\/larevistadigital.com.ar\/blog\/wp-json\/wp\/v2\/posts"}],"about":[{"href":"https:\/\/larevistadigital.com.ar\/blog\/wp-json\/wp\/v2\/types\/post"}],"author":[{"embeddable":true,"href":"https:\/\/larevistadigital.com.ar\/blog\/wp-json\/wp\/v2\/users\/3"}],"replies":[{"embeddable":true,"href":"https:\/\/larevistadigital.com.ar\/blog\/wp-json\/wp\/v2\/comments?post=36746"}],"version-history":[{"count":2,"href":"https:\/\/larevistadigital.com.ar\/blog\/wp-json\/wp\/v2\/posts\/36746\/revisions"}],"predecessor-version":[{"id":36749,"href":"https:\/\/larevistadigital.com.ar\/blog\/wp-json\/wp\/v2\/posts\/36746\/revisions\/36749"}],"wp:featuredmedia":[{"embeddable":true,"href":"https:\/\/larevistadigital.com.ar\/blog\/wp-json\/wp\/v2\/media\/36747"}],"wp:attachment":[{"href":"https:\/\/larevistadigital.com.ar\/blog\/wp-json\/wp\/v2\/media?parent=36746"}],"wp:term":[{"taxonomy":"category","embeddable":true,"href":"https:\/\/larevistadigital.com.ar\/blog\/wp-json\/wp\/v2\/categories?post=36746"},{"taxonomy":"post_tag","embeddable":true,"href":"https:\/\/larevistadigital.com.ar\/blog\/wp-json\/wp\/v2\/tags?post=36746"}],"curies":[{"name":"wp","href":"https:\/\/api.w.org\/{rel}","templated":true}]}}