{"id":36751,"date":"2024-07-18T22:11:55","date_gmt":"2024-07-19T01:11:55","guid":{"rendered":"https:\/\/larevistadigital.com.ar\/blog\/?p=36751"},"modified":"2024-07-18T22:11:55","modified_gmt":"2024-07-19T01:11:55","slug":"chascomus-la-policia-con-ayjda-de-monitoreo-detuvo-a-los-autores-de-los-robos-de-dos-comercios-en-el-centro-tenian-13-y-14-anos","status":"publish","type":"post","link":"https:\/\/larevistadigital.com.ar\/blog\/chascomus-la-policia-con-ayjda-de-monitoreo-detuvo-a-los-autores-de-los-robos-de-dos-comercios-en-el-centro-tenian-13-y-14-anos\/","title":{"rendered":"CHASCOM\u00daS: LA POLIC\u00cdA CON AYJDA DE MONITOREO DETUVO A LOS AUTORES DE LOS ROBOS DE DOS COMERCIOS EN EL CENTRO. TEN\u00cdAN 13 Y 14 A\u00d1OS."},"content":{"rendered":"<h2>Luego de las investigaciones, la polic\u00eda di\u00f3 con los responsables, que como resultaron ser menores de edad, recuperarob su libertad.<\/h2>\n<p>18 de Julio de 2024<\/p>\n<p><strong>CHASCOM\u00daS-<\/strong>\u00a0 En el dia de ayer se recibio la denuncia de robo en dos comercios, uno ubicado en Libres del Sur entre las calles Arenales y Soler destinado a la venta de camperas y otro en calle Libres del Sur entre las calles Franklin y Bolivar\u00a0destinado a la venta de indumentaria, pircings y accesorios.<\/p>\n<blockquote>\n<h3>Iniciada la investigacion y tras recolectar grabaciones de camaras publicas y privadas, personal de E.P.C. Chascomus 1ra, logro establecer el horario en el que fueron cometidos los ilicitos, lugar de ocultamiento y la identidad de dos personas masculinas los cuales realizaron el primer hecho delictivo.<\/h3>\n<\/blockquote>\n<p>Tambi\u00e9n pudo establecerse la identidad de un tercero que acompa\u00f1o a los mencionados con anterioridad a cometer el segundo hecho delictivo.<\/p>\n<blockquote>\n<h3>En el dia hoy, se recibieron ordenes de Allanamiento, registro y secuestro para dos domicilios, los cuales realizados con colaboraci\u00f3n del G.A.D. Chascomus se arribo en ambos objetivos al resultado <strong>POSITIVO<\/strong> por hallar elementos denunciados como sustra\u00eddos.<\/h3>\n<\/blockquote>\n<p>La investigaci\u00f3n continua con su curso ante el Fuero de Responsabilidad Penal Juvenil N 1 a cargo de la dra. <strong>Graciela Andriuolo<\/strong> <strong>ya que los autores de ambos hechos delictivos poseen 13 y 14 a\u00f1os de edad.<\/strong><\/p>\n","protected":false},"excerpt":{"rendered":"<div class=\"mh-excerpt\"><p>Luego de las investigaciones, la polic\u00eda di\u00f3 con los responsables, que como resultaron ser menores de edad, recuperarob su libertad. 18 de Julio de 2024 CHASCOM\u00daS-\u00a0 En el dia de ayer se recibio la denuncia <a class=\"mh-excerpt-more\" href=\"https:\/\/larevistadigital.com.ar\/blog\/chascomus-la-policia-con-ayjda-de-monitoreo-detuvo-a-los-autores-de-los-robos-de-dos-comercios-en-el-centro-tenian-13-y-14-anos\/\" title=\"CHASCOM\u00daS: LA POLIC\u00cdA CON AYJDA DE MONITOREO DETUVO A LOS AUTORES DE LOS ROBOS DE DOS COMERCIOS EN EL CENTRO. TEN\u00cdAN 13 Y 14 A\u00d1OS.\">[Leer M\u00e1s]<\/a><\/p>\n<\/div>","protected":false},"author":3,"featured_media":21648,"comment_status":"open","ping_status":"open","sticky":false,"template":"","format":"standard","meta":{"_jetpack_memberships_contains_paid_content":false,"footnotes":"","jetpack_publicize_message":"","jetpack_publicize_feature_enabled":true,"jetpack_social_post_already_shared":true,"jetpack_social_options":{"image_generator_settings":{"template":"highway","default_image_id":0,"font":"","enabled":false},"version":2}},"categories":[41,44],"tags":[],"class_list":{"0":"post-36751","1":"post","2":"type-post","3":"status-publish","4":"format-standard","5":"has-post-thumbnail","7":"category-destacadas","8":"category-policiales"},"jetpack_publicize_connections":[],"jetpack_featured_media_url":"https:\/\/i0.wp.com\/larevistadigital.com.ar\/blog\/wp-content\/uploads\/POLICIA.png?fit=1002%2C658&ssl=1","jetpack_sharing_enabled":true,"jetpack_shortlink":"https:\/\/wp.me\/p8qtrQ-9yL","jetpack-related-posts":[{"id":43069,"url":"https:\/\/larevistadigital.com.ar\/blog\/chascomus-procedimientos-y-decomisos-por-venta-ilegal-de-pirotecnia\/","url_meta":{"origin":36751,"position":0},"title":"Chascom\u00fas: Procedimientos y decomisos por venta ilegal de pirotecnia","author":"Alejandro Sosa Ruda","date":"30 diciembre, 2025","format":false,"excerpt":"Se reforzaron los controles y se reiter\u00f3 la vigencia de la ordenanza que proh\u00edbe el uso de artefactos sonoros en todo el partido. 30 de diciembre de 2025 CHASCOM\u00daS -\u00a0 \u00a0 Personal municipal realiz\u00f3 distintos procedimientos vinculados con la presunta venta ilegal de pirotecnia, a partir de denuncias recibidas por\u2026","rel":"","context":"En \u00abCHASCOM\u00daS\u00bb","block_context":{"text":"CHASCOM\u00daS","link":"https:\/\/larevistadigital.com.ar\/blog\/category\/chascomus\/"},"img":{"alt_text":"","src":"https:\/\/i0.wp.com\/larevistadigital.com.ar\/blog\/wp-content\/uploads\/69541e6c51776.png?fit=668%2C445&ssl=1&resize=350%2C200","width":350,"height":200,"srcset":"https:\/\/i0.wp.com\/larevistadigital.com.ar\/blog\/wp-content\/uploads\/69541e6c51776.png?fit=668%2C445&ssl=1&resize=350%2C200 1x, https:\/\/i0.wp.com\/larevistadigital.com.ar\/blog\/wp-content\/uploads\/69541e6c51776.png?fit=668%2C445&ssl=1&resize=525%2C300 1.5x"},"classes":[]},{"id":9849,"url":"https:\/\/larevistadigital.com.ar\/blog\/chascomus-roban-dos-reconocidos-comercios\/","url_meta":{"origin":36751,"position":1},"title":"CHASCOM\u00daS: ROBAN DOS RECONOCIDOS COMERCIOS","author":"Alejandro Sosa Ruda","date":"26 abril, 2019","format":false,"excerpt":"Se conoci\u00f3 ayer que \u201cBonora Electricidad\u201d y \u201cT\u00eda Maruca\u201d sufrieron robo en sus respectivos locales. Por un lado, ladrones encapuchados tras violentar la puerta irrumpieron en la conocida casa de electricidad. Gracias al llamado de una vecina que sinti\u00f3 ruidos y puede visualizar a ladrones, se alert\u00f3 a la polic\u00eda\u2026","rel":"","context":"En \u00abPOLICIALES\u00bb","block_context":{"text":"POLICIALES","link":"https:\/\/larevistadigital.com.ar\/blog\/category\/policiales\/"},"img":{"alt_text":"","src":"https:\/\/i0.wp.com\/larevistadigital.com.ar\/blog\/wp-content\/uploads\/2019\/04\/robo_26deabrilde2019_elfuerte.jpg?fit=737%2C415&ssl=1&resize=350%2C200","width":350,"height":200,"srcset":"https:\/\/i0.wp.com\/larevistadigital.com.ar\/blog\/wp-content\/uploads\/2019\/04\/robo_26deabrilde2019_elfuerte.jpg?fit=737%2C415&ssl=1&resize=350%2C200 1x, https:\/\/i0.wp.com\/larevistadigital.com.ar\/blog\/wp-content\/uploads\/2019\/04\/robo_26deabrilde2019_elfuerte.jpg?fit=737%2C415&ssl=1&resize=525%2C300 1.5x, https:\/\/i0.wp.com\/larevistadigital.com.ar\/blog\/wp-content\/uploads\/2019\/04\/robo_26deabrilde2019_elfuerte.jpg?fit=737%2C415&ssl=1&resize=700%2C400 2x"},"classes":[]},{"id":35871,"url":"https:\/\/larevistadigital.com.ar\/blog\/chascomus-reunion-para-evaluar-modificaciones-de-los-balcones-gastronomicos-en-la-zona-centrica\/","url_meta":{"origin":36751,"position":2},"title":"CHASCOM\u00daS: REUNI\u00d3N PARA EVALUAR MODIFICACIONES DE LOS BALCONES GASTRON\u00d3MICOS EN LA ZONA C\u00c9NTRICA","author":"Alejandro Sosa Ruda","date":"20 abril, 2024","format":false,"excerpt":"Funcionarios municipales se reunieron con la C\u00e1mara de Comercio y responsables de locales para discutir propuestas de mejora. 20 de abril de 2024 CHASCOM\u00daS -\u00a0 Representantes del gobierno municipal, miembros de la C\u00e1mara de Comercio y responsables de locales gastron\u00f3micos del \u00e1rea c\u00e9ntrica se reunieron para dialogar sobre propuestas que\u2026","rel":"","context":"En \u00abCHASCOM\u00daS\u00bb","block_context":{"text":"CHASCOM\u00daS","link":"https:\/\/larevistadigital.com.ar\/blog\/category\/chascomus\/"},"img":{"alt_text":"","src":"https:\/\/i0.wp.com\/larevistadigital.com.ar\/blog\/wp-content\/uploads\/2024_04_19_01_06_01_7966758.jpg?fit=600%2C401&ssl=1&resize=350%2C200","width":350,"height":200,"srcset":"https:\/\/i0.wp.com\/larevistadigital.com.ar\/blog\/wp-content\/uploads\/2024_04_19_01_06_01_7966758.jpg?fit=600%2C401&ssl=1&resize=350%2C200 1x, https:\/\/i0.wp.com\/larevistadigital.com.ar\/blog\/wp-content\/uploads\/2024_04_19_01_06_01_7966758.jpg?fit=600%2C401&ssl=1&resize=525%2C300 1.5x"},"classes":[]},{"id":30983,"url":"https:\/\/larevistadigital.com.ar\/blog\/chascomus-la-policia-logro-dar-con-los-autores-de-un-robo-el-dia-de-ayer\/","url_meta":{"origin":36751,"position":3},"title":"CHASCOM\u00daS: LA POLIC\u00cdA LOGR\u00d3 DAR CON LOS AUTORES DE UN ROBO EL D\u00cdA DE AYER","author":"Alejandro Sosa Ruda","date":"11 abril, 2023","format":false,"excerpt":"Luego de dos allanamientos, aprehendieron a uno de los responsables, secuestrando la ropa del hecho y dinero de una caja fuerte que hab\u00edan sustraido. 11 de abril de 2023 CHASCOM\u00daS -\u00a0 Durante la jornada de ayer, la polic\u00eda recibi\u00f3 una denuncia por robo, donde dos individuos tras escalar un pared\u00f3n\u2026","rel":"","context":"En \u00abINTERES GENERAL\u00bb","block_context":{"text":"INTERES GENERAL","link":"https:\/\/larevistadigital.com.ar\/blog\/category\/interes-general\/"},"img":{"alt_text":"","src":"https:\/\/i0.wp.com\/larevistadigital.com.ar\/blog\/wp-content\/uploads\/WhatsApp-Image-2023-04-11-at-20.06.21-1-e1681255183177.jpeg?fit=650%2C817&ssl=1&resize=350%2C200","width":350,"height":200,"srcset":"https:\/\/i0.wp.com\/larevistadigital.com.ar\/blog\/wp-content\/uploads\/WhatsApp-Image-2023-04-11-at-20.06.21-1-e1681255183177.jpeg?fit=650%2C817&ssl=1&resize=350%2C200 1x, https:\/\/i0.wp.com\/larevistadigital.com.ar\/blog\/wp-content\/uploads\/WhatsApp-Image-2023-04-11-at-20.06.21-1-e1681255183177.jpeg?fit=650%2C817&ssl=1&resize=525%2C300 1.5x"},"classes":[]},{"id":33891,"url":"https:\/\/larevistadigital.com.ar\/blog\/chascomus-el-sabado-martin-lousteau-estara-presente-en-libres-del-sur-122\/","url_meta":{"origin":36751,"position":4},"title":"CHASCOM\u00daS: EL S\u00c1BADO MART\u00cdN LOUSTEAU ESTAR\u00c1 PRESENTE EN LIBRES DEL SUR 122","author":"Alejandro Sosa Ruda","date":"6 octubre, 2023","format":false,"excerpt":"Visitar\u00e1 la ciudad en apoyo a la candidatura de Santiago Dos Santos, y a los candidatos, especialmente a su referente local, Valentino Redruello. 06 de Octubre de 2023 CHASCOM\u00daS -\u00a0 En el marco de las actividades del s\u00e1bado 7 de Octubre en el local partidario de Juntos por el Cambio\u2026","rel":"","context":"En \u00abDESTACADAS\u00bb","block_context":{"text":"DESTACADAS","link":"https:\/\/larevistadigital.com.ar\/blog\/category\/destacadas\/"},"img":{"alt_text":"","src":"https:\/\/i0.wp.com\/larevistadigital.com.ar\/blog\/wp-content\/uploads\/WhatsApp-Image-2023-10-06-at-22.32.52-e1696644328726.jpeg?fit=901%2C861&ssl=1&resize=350%2C200","width":350,"height":200,"srcset":"https:\/\/i0.wp.com\/larevistadigital.com.ar\/blog\/wp-content\/uploads\/WhatsApp-Image-2023-10-06-at-22.32.52-e1696644328726.jpeg?fit=901%2C861&ssl=1&resize=350%2C200 1x, https:\/\/i0.wp.com\/larevistadigital.com.ar\/blog\/wp-content\/uploads\/WhatsApp-Image-2023-10-06-at-22.32.52-e1696644328726.jpeg?fit=901%2C861&ssl=1&resize=525%2C300 1.5x, https:\/\/i0.wp.com\/larevistadigital.com.ar\/blog\/wp-content\/uploads\/WhatsApp-Image-2023-10-06-at-22.32.52-e1696644328726.jpeg?fit=901%2C861&ssl=1&resize=700%2C400 2x"},"classes":[]},{"id":14443,"url":"https:\/\/larevistadigital.com.ar\/blog\/chascomus-vecinos-alertan-a-la-policia-por-ruidos-en-los-techos-y-detienen-a-dos-personas\/","url_meta":{"origin":36751,"position":5},"title":"CHASCOM\u00daS: VECINOS ALERTAN A LA POLIC\u00cdA POR \u00abRUIDOS EN LOS TECHOS\u00bb Y DETIENEN A DOS PERSONAS","author":"Alejandro Sosa Ruda","date":"29 enero, 2020","format":false,"excerpt":"Personal E.P.C. Chascomus (Cria. Chascomus) juntamente con DDI CHASCOMUS concurrieron a llamado de vecinos en calle Garay e Hipolito Irigoyen de este medio en raz\u00f3n que escuchaban pasos sobre los techos de una carnicer\u00eda (LA BARRERA) y veterinaria (HUELLAS) existente en el lugar, donde lograron la aprehensi\u00f3n de dos masculinos\u2026","rel":"","context":"En \u00abCHASCOM\u00daS\u00bb","block_context":{"text":"CHASCOM\u00daS","link":"https:\/\/larevistadigital.com.ar\/blog\/category\/chascomus\/"},"img":{"alt_text":"","src":"https:\/\/i0.wp.com\/larevistadigital.com.ar\/blog\/wp-content\/uploads\/2019\/01\/bbx_755050019_comisaria_chasco_01.jpg?fit=800%2C579&ssl=1&resize=350%2C200","width":350,"height":200,"srcset":"https:\/\/i0.wp.com\/larevistadigital.com.ar\/blog\/wp-content\/uploads\/2019\/01\/bbx_755050019_comisaria_chasco_01.jpg?fit=800%2C579&ssl=1&resize=350%2C200 1x, https:\/\/i0.wp.com\/larevistadigital.com.ar\/blog\/wp-content\/uploads\/2019\/01\/bbx_755050019_comisaria_chasco_01.jpg?fit=800%2C579&ssl=1&resize=525%2C300 1.5x, https:\/\/i0.wp.com\/larevistadigital.com.ar\/blog\/wp-content\/uploads\/2019\/01\/bbx_755050019_comisaria_chasco_01.jpg?fit=800%2C579&ssl=1&resize=700%2C400 2x"},"classes":[]}],"_links":{"self":[{"href":"https:\/\/larevistadigital.com.ar\/blog\/wp-json\/wp\/v2\/posts\/36751","targetHints":{"allow":["GET"]}}],"collection":[{"href":"https:\/\/larevistadigital.com.ar\/blog\/wp-json\/wp\/v2\/posts"}],"about":[{"href":"https:\/\/larevistadigital.com.ar\/blog\/wp-json\/wp\/v2\/types\/post"}],"author":[{"embeddable":true,"href":"https:\/\/larevistadigital.com.ar\/blog\/wp-json\/wp\/v2\/users\/3"}],"replies":[{"embeddable":true,"href":"https:\/\/larevistadigital.com.ar\/blog\/wp-json\/wp\/v2\/comments?post=36751"}],"version-history":[{"count":1,"href":"https:\/\/larevistadigital.com.ar\/blog\/wp-json\/wp\/v2\/posts\/36751\/revisions"}],"predecessor-version":[{"id":36752,"href":"https:\/\/larevistadigital.com.ar\/blog\/wp-json\/wp\/v2\/posts\/36751\/revisions\/36752"}],"wp:featuredmedia":[{"embeddable":true,"href":"https:\/\/larevistadigital.com.ar\/blog\/wp-json\/wp\/v2\/media\/21648"}],"wp:attachment":[{"href":"https:\/\/larevistadigital.com.ar\/blog\/wp-json\/wp\/v2\/media?parent=36751"}],"wp:term":[{"taxonomy":"category","embeddable":true,"href":"https:\/\/larevistadigital.com.ar\/blog\/wp-json\/wp\/v2\/categories?post=36751"},{"taxonomy":"post_tag","embeddable":true,"href":"https:\/\/larevistadigital.com.ar\/blog\/wp-json\/wp\/v2\/tags?post=36751"}],"curies":[{"name":"wp","href":"https:\/\/api.w.org\/{rel}","templated":true}]}}