{"id":36755,"date":"2024-07-21T12:51:00","date_gmt":"2024-07-21T15:51:00","guid":{"rendered":"https:\/\/larevistadigital.com.ar\/blog\/?p=36755"},"modified":"2024-07-21T12:51:00","modified_gmt":"2024-07-21T15:51:00","slug":"chascomus-festival-de-vacaciones-gratuito-en-el-sum-de-la-escuela-municipal-2","status":"publish","type":"post","link":"https:\/\/larevistadigital.com.ar\/blog\/chascomus-festival-de-vacaciones-gratuito-en-el-sum-de-la-escuela-municipal-2\/","title":{"rendered":"CHASCOM\u00daS: FESTIVAL DE VACACIONES GRATUITO EN EL SUM DE LA ESCUELA MUNICIPAL 2,"},"content":{"rendered":"<h2>El Festival para las Infancias del Instituto Cultural de la Pcia. de Buenos Aires est\u00e1 en Chascomus ! \u00abAnda Calabaza\u00bb y otros espect\u00e1culos imperdibles para los ni\u00f1os y sus familias en el marco de \u00abVacaciones Divertidas\u00bb.<\/h2>\n<p>21 de Julio de 2024<\/p>\n<p><strong>CHASCOM\u00daS &#8211;\u00a0 <\/strong>El Festival para las infancias se lleva a cabo en el marco del programa \u00abVacaciones Divertidas\u00bb del gobierno de la provincia de Buenos Aires.<\/p>\n<p>Ma\u00f1ana, lunes 22 de julio se va a desarrollar en el sum de la escuela municipal 2 ubicado en calle Alvear y los cedros.<br \/>\nLa entrada es totalmente libre y gratuita contando con una gran variedad de actividades recreativas y l\u00fadicas, como tambi\u00e9n la presentaci\u00f3n de espect\u00e1culos art\u00edsticos como \u00abLluvia de Borboletas\u00bb y \u00abAnda Calabaza\u00bb.<\/p>\n<p>#Artistas<br \/>\n#Talleres<br \/>\n#Musica<br \/>\n#Show<br \/>\n#LluviaDeBorboletas<br \/>\n#AndaCalabaza<br \/>\nHagamos de estas vacaciones unas Vacaciones Divertidas !!!<br \/>\n@buenosairescultura<br \/>\n@fsaintout @cote_rossi<br \/>\n@municipalidaddechascomus<\/p>\n<p><img data-recalc-dims=\"1\" loading=\"lazy\" decoding=\"async\" class=\"alignnone size-full wp-image-36757\" src=\"https:\/\/i0.wp.com\/larevistadigital.com.ar\/blog\/wp-content\/uploads\/WhatsApp-Image-2024-07-21-at-11.39.40.jpeg?resize=900%2C1600&#038;ssl=1\" alt=\"\" width=\"900\" height=\"1600\" srcset=\"https:\/\/i0.wp.com\/larevistadigital.com.ar\/blog\/wp-content\/uploads\/WhatsApp-Image-2024-07-21-at-11.39.40.jpeg?w=900&amp;ssl=1 900w, https:\/\/i0.wp.com\/larevistadigital.com.ar\/blog\/wp-content\/uploads\/WhatsApp-Image-2024-07-21-at-11.39.40.jpeg?resize=169%2C300&amp;ssl=1 169w, https:\/\/i0.wp.com\/larevistadigital.com.ar\/blog\/wp-content\/uploads\/WhatsApp-Image-2024-07-21-at-11.39.40.jpeg?resize=576%2C1024&amp;ssl=1 576w, https:\/\/i0.wp.com\/larevistadigital.com.ar\/blog\/wp-content\/uploads\/WhatsApp-Image-2024-07-21-at-11.39.40.jpeg?resize=768%2C1365&amp;ssl=1 768w, https:\/\/i0.wp.com\/larevistadigital.com.ar\/blog\/wp-content\/uploads\/WhatsApp-Image-2024-07-21-at-11.39.40.jpeg?resize=864%2C1536&amp;ssl=1 864w\" sizes=\"auto, (max-width: 900px) 100vw, 900px\" \/><\/p>\n","protected":false},"excerpt":{"rendered":"<div class=\"mh-excerpt\"><p>El Festival para las Infancias del Instituto Cultural de la Pcia. de Buenos Aires est\u00e1 en Chascomus ! \u00abAnda Calabaza\u00bb y otros espect\u00e1culos imperdibles para los ni\u00f1os y sus familias en el marco de \u00abVacaciones <a class=\"mh-excerpt-more\" href=\"https:\/\/larevistadigital.com.ar\/blog\/chascomus-festival-de-vacaciones-gratuito-en-el-sum-de-la-escuela-municipal-2\/\" title=\"CHASCOM\u00daS: FESTIVAL DE VACACIONES GRATUITO EN EL SUM DE LA ESCUELA MUNICIPAL 2,\">[Leer M\u00e1s]<\/a><\/p>\n<\/div>","protected":false},"author":3,"featured_media":36756,"comment_status":"open","ping_status":"open","sticky":false,"template":"","format":"standard","meta":{"_jetpack_memberships_contains_paid_content":false,"footnotes":"","jetpack_publicize_message":"","jetpack_publicize_feature_enabled":true,"jetpack_social_post_already_shared":true,"jetpack_social_options":{"image_generator_settings":{"template":"highway","default_image_id":0,"font":"","enabled":false},"version":2}},"categories":[15,50],"tags":[],"class_list":{"0":"post-36755","1":"post","2":"type-post","3":"status-publish","4":"format-standard","5":"has-post-thumbnail","7":"category-cultura","8":"category-interes-general"},"jetpack_publicize_connections":[],"jetpack_featured_media_url":"https:\/\/i0.wp.com\/larevistadigital.com.ar\/blog\/wp-content\/uploads\/WhatsApp-Image-2024-07-20-at-18.27.19.jpeg?fit=1075%2C652&ssl=1","jetpack_sharing_enabled":true,"jetpack_shortlink":"https:\/\/wp.me\/p8qtrQ-9yP","jetpack-related-posts":[{"id":40734,"url":"https:\/\/larevistadigital.com.ar\/blog\/chascomus-el-barrio-gallo-blanco-se-lleno-de-risas-en-una-gran-jornada-infantil\/","url_meta":{"origin":36755,"position":0},"title":"Chascom\u00fas: El Barrio Gallo Blanco se llen\u00f3 de risas en una gran jornada infantil","author":"Alejandro Sosa Ruda","date":"4 agosto, 2025","format":false,"excerpt":"La oferta cultural se llev\u00f3 adelante en la sociedad de fomento, en el marco del cierre del programa Vacaciones Divertidas, gestionado por el Vicepresidente del Instituto Cultural, Cote Rossi. 04 de agosto de 2025 CHASCOM\u00daS\u00a0 -\u00a0 La tarde del domingo 3 de agosto, la Sociedad de Fomento del Barrio Jard\u00edn\u2026","rel":"","context":"En \u00abINTERES GENERAL\u00bb","block_context":{"text":"INTERES GENERAL","link":"https:\/\/larevistadigital.com.ar\/blog\/category\/interes-general\/"},"img":{"alt_text":"","src":"https:\/\/i0.wp.com\/larevistadigital.com.ar\/blog\/wp-content\/uploads\/O4A2988-scaled.jpg?fit=1200%2C800&ssl=1&resize=350%2C200","width":350,"height":200,"srcset":"https:\/\/i0.wp.com\/larevistadigital.com.ar\/blog\/wp-content\/uploads\/O4A2988-scaled.jpg?fit=1200%2C800&ssl=1&resize=350%2C200 1x, https:\/\/i0.wp.com\/larevistadigital.com.ar\/blog\/wp-content\/uploads\/O4A2988-scaled.jpg?fit=1200%2C800&ssl=1&resize=525%2C300 1.5x, https:\/\/i0.wp.com\/larevistadigital.com.ar\/blog\/wp-content\/uploads\/O4A2988-scaled.jpg?fit=1200%2C800&ssl=1&resize=700%2C400 2x, https:\/\/i0.wp.com\/larevistadigital.com.ar\/blog\/wp-content\/uploads\/O4A2988-scaled.jpg?fit=1200%2C800&ssl=1&resize=1050%2C600 3x"},"classes":[]},{"id":40640,"url":"https:\/\/larevistadigital.com.ar\/blog\/chascomus-gran-jornada-cultural-para-las-infancias-en-el-barrio-jardin\/","url_meta":{"origin":36755,"position":1},"title":"Chascom\u00fas: Gran jornada cultural para las infancias en el Barrio Jard\u00edn","author":"Alejandro Sosa Ruda","date":"28 julio, 2025","format":false,"excerpt":"Cote Rossi, Vicepresidente del Instituto Cultural bonaerense, sostuvo: \u201dEs fundamental crear espacios para que toda la comunidad pueda disfrutar y compartir\". 28 de Julio de 2025 CHASCOM\u00daS\u00a0 -\u00a0 El s\u00e1bado por la tarde, la Sociedad de Fomento del Barrio Jard\u00edn fue la anfitriona de una maravillosa jornada para las infancias.\u2026","rel":"","context":"En \u00abCHASCOM\u00daS\u00bb","block_context":{"text":"CHASCOM\u00daS","link":"https:\/\/larevistadigital.com.ar\/blog\/category\/chascomus\/"},"img":{"alt_text":"","src":"https:\/\/i0.wp.com\/larevistadigital.com.ar\/blog\/wp-content\/uploads\/O4A1943-scaled.jpg?fit=1200%2C800&ssl=1&resize=350%2C200","width":350,"height":200,"srcset":"https:\/\/i0.wp.com\/larevistadigital.com.ar\/blog\/wp-content\/uploads\/O4A1943-scaled.jpg?fit=1200%2C800&ssl=1&resize=350%2C200 1x, https:\/\/i0.wp.com\/larevistadigital.com.ar\/blog\/wp-content\/uploads\/O4A1943-scaled.jpg?fit=1200%2C800&ssl=1&resize=525%2C300 1.5x, https:\/\/i0.wp.com\/larevistadigital.com.ar\/blog\/wp-content\/uploads\/O4A1943-scaled.jpg?fit=1200%2C800&ssl=1&resize=700%2C400 2x, https:\/\/i0.wp.com\/larevistadigital.com.ar\/blog\/wp-content\/uploads\/O4A1943-scaled.jpg?fit=1200%2C800&ssl=1&resize=1050%2C600 3x"},"classes":[]},{"id":40476,"url":"https:\/\/larevistadigital.com.ar\/blog\/la-provincia-presento-la-aplicacion-mi-pba\/","url_meta":{"origin":36755,"position":2},"title":"La Provincia present\u00f3 la aplicaci\u00f3n \u201cMi PBA\u201d","author":"Alejandro Sosa Ruda","date":"15 julio, 2025","format":false,"excerpt":"En conferencia de prensa, Bianco, Sileoni y Saintout anunciaron tambi\u00e9n la Libreta Digital de Estudiantes de Nivel Secundario y el ciclo \u201cVacaciones Divertidas\u201d. 15 de Julio de 2025 El Gobierno de la Provincia de Buenos Aires present\u00f3 hoy \u201cMi PBA\u201d, la aplicaci\u00f3n oficial gratuita para tel\u00e9fonos m\u00f3viles que permite a\u2026","rel":"","context":"En \u00abDESTACADAS\u00bb","block_context":{"text":"DESTACADAS","link":"https:\/\/larevistadigital.com.ar\/blog\/category\/destacadas\/"},"img":{"alt_text":"","src":"https:\/\/i0.wp.com\/larevistadigital.com.ar\/blog\/wp-content\/uploads\/IMG-20250714-WA0065.jpg?fit=743%2C530&ssl=1&resize=350%2C200","width":350,"height":200,"srcset":"https:\/\/i0.wp.com\/larevistadigital.com.ar\/blog\/wp-content\/uploads\/IMG-20250714-WA0065.jpg?fit=743%2C530&ssl=1&resize=350%2C200 1x, https:\/\/i0.wp.com\/larevistadigital.com.ar\/blog\/wp-content\/uploads\/IMG-20250714-WA0065.jpg?fit=743%2C530&ssl=1&resize=525%2C300 1.5x, https:\/\/i0.wp.com\/larevistadigital.com.ar\/blog\/wp-content\/uploads\/IMG-20250714-WA0065.jpg?fit=743%2C530&ssl=1&resize=700%2C400 2x"},"classes":[]},{"id":39174,"url":"https:\/\/larevistadigital.com.ar\/blog\/el-ministro-de-educacion-visito-chascomus-y-mantuvo-un-encuentro-con-el-intendente-gaston\/","url_meta":{"origin":36755,"position":3},"title":"El ministro de Educaci\u00f3n visit\u00f3 Chascom\u00fas y mantuvo un encuentro con el intendente Gast\u00f3n","author":"Alejandro Sosa Ruda","date":"28 marzo, 2025","format":false,"excerpt":"Alberto Sileoni dialog\u00f3 sobre pol\u00edticas educativas y recorri\u00f3 la Escuela Municipal N\u00ba 2. 28 de Marzo de 2025 CHASCOM\u00daS -\u00a0 Alberto Sileoni dialog\u00f3 sobre pol\u00edticas educativas y recorri\u00f3 la Escuela Municipal N\u00ba 2. El intendente Javier Gast\u00f3n recibi\u00f3 en su despacho al director general de Cultura y Educaci\u00f3n de la\u2026","rel":"","context":"En \u00abCHASCOM\u00daS\u00bb","block_context":{"text":"CHASCOM\u00daS","link":"https:\/\/larevistadigital.com.ar\/blog\/category\/chascomus\/"},"img":{"alt_text":"","src":"https:\/\/i0.wp.com\/larevistadigital.com.ar\/blog\/wp-content\/uploads\/67e6d6488055e.png?fit=668%2C445&ssl=1&resize=350%2C200","width":350,"height":200,"srcset":"https:\/\/i0.wp.com\/larevistadigital.com.ar\/blog\/wp-content\/uploads\/67e6d6488055e.png?fit=668%2C445&ssl=1&resize=350%2C200 1x, https:\/\/i0.wp.com\/larevistadigital.com.ar\/blog\/wp-content\/uploads\/67e6d6488055e.png?fit=668%2C445&ssl=1&resize=525%2C300 1.5x"},"classes":[]},{"id":40791,"url":"https:\/\/larevistadigital.com.ar\/blog\/chascomus-la-escuela-21-de-gandara-sera-el-escenario-de-una-gran-jornada-rural\/","url_meta":{"origin":36755,"position":4},"title":"Chascom\u00fas: La Escuela 21 de G\u00e1ndara ser\u00e1 el escenario de una gran jornada rural","author":"Alejandro Sosa Ruda","date":"6 agosto, 2025","format":false,"excerpt":"Se presentar\u00e1n talleres, propuestas productivas, actividades ecuestres y espect\u00e1culos para visibilizar el proyecto educativo rural. 06 de Agosto de 2025 CHASCOM\u00daS\u00a0 -\u00a0 \u00a0La Escuela Primaria N\u00b021 de G\u00e1ndara ser\u00e1 escenario, el pr\u00f3ximo s\u00e1bado 23, de una jornada de Aula Rural Abierta con m\u00faltiples propuestas culturales, educativas y productivas abiertas a\u2026","rel":"","context":"En \u00abCHASCOM\u00daS\u00bb","block_context":{"text":"CHASCOM\u00daS","link":"https:\/\/larevistadigital.com.ar\/blog\/category\/chascomus\/"},"img":{"alt_text":"","src":"https:\/\/i0.wp.com\/larevistadigital.com.ar\/blog\/wp-content\/uploads\/6893928f9ab51.png?fit=668%2C445&ssl=1&resize=350%2C200","width":350,"height":200,"srcset":"https:\/\/i0.wp.com\/larevistadigital.com.ar\/blog\/wp-content\/uploads\/6893928f9ab51.png?fit=668%2C445&ssl=1&resize=350%2C200 1x, https:\/\/i0.wp.com\/larevistadigital.com.ar\/blog\/wp-content\/uploads\/6893928f9ab51.png?fit=668%2C445&ssl=1&resize=525%2C300 1.5x"},"classes":[]},{"id":33805,"url":"https:\/\/larevistadigital.com.ar\/blog\/chascomus-participo-de-la-feria-internacional-de-turismo\/","url_meta":{"origin":36755,"position":5},"title":"CHASCOM\u00daS PARTICIP\u00d3 DE LA FERIA INTERNACIONAL DE TURISMO","author":"Alejandro Sosa Ruda","date":"4 octubre, 2023","format":false,"excerpt":"Desde el viernes 30 de septiembre hasta el martes 3 de octubre se llev\u00f3 a cabo en el Predio Ferial de La Rural de la Ciudad Aut\u00f3noma de Buenos Aires la Feria Internacional de Turismo que este a\u00f1o tuvo un rec\u00f3rd de p\u00fablico, superando los 125 mil visitantes (87.986 de\u2026","rel":"","context":"En \u00abCHASCOM\u00daS\u00bb","block_context":{"text":"CHASCOM\u00daS","link":"https:\/\/larevistadigital.com.ar\/blog\/category\/chascomus\/"},"img":{"alt_text":"","src":"https:\/\/i0.wp.com\/larevistadigital.com.ar\/blog\/wp-content\/uploads\/fit-1500x610-1.jpg?fit=1200%2C488&ssl=1&resize=350%2C200","width":350,"height":200,"srcset":"https:\/\/i0.wp.com\/larevistadigital.com.ar\/blog\/wp-content\/uploads\/fit-1500x610-1.jpg?fit=1200%2C488&ssl=1&resize=350%2C200 1x, https:\/\/i0.wp.com\/larevistadigital.com.ar\/blog\/wp-content\/uploads\/fit-1500x610-1.jpg?fit=1200%2C488&ssl=1&resize=525%2C300 1.5x, https:\/\/i0.wp.com\/larevistadigital.com.ar\/blog\/wp-content\/uploads\/fit-1500x610-1.jpg?fit=1200%2C488&ssl=1&resize=700%2C400 2x, https:\/\/i0.wp.com\/larevistadigital.com.ar\/blog\/wp-content\/uploads\/fit-1500x610-1.jpg?fit=1200%2C488&ssl=1&resize=1050%2C600 3x"},"classes":[]}],"_links":{"self":[{"href":"https:\/\/larevistadigital.com.ar\/blog\/wp-json\/wp\/v2\/posts\/36755","targetHints":{"allow":["GET"]}}],"collection":[{"href":"https:\/\/larevistadigital.com.ar\/blog\/wp-json\/wp\/v2\/posts"}],"about":[{"href":"https:\/\/larevistadigital.com.ar\/blog\/wp-json\/wp\/v2\/types\/post"}],"author":[{"embeddable":true,"href":"https:\/\/larevistadigital.com.ar\/blog\/wp-json\/wp\/v2\/users\/3"}],"replies":[{"embeddable":true,"href":"https:\/\/larevistadigital.com.ar\/blog\/wp-json\/wp\/v2\/comments?post=36755"}],"version-history":[{"count":1,"href":"https:\/\/larevistadigital.com.ar\/blog\/wp-json\/wp\/v2\/posts\/36755\/revisions"}],"predecessor-version":[{"id":36758,"href":"https:\/\/larevistadigital.com.ar\/blog\/wp-json\/wp\/v2\/posts\/36755\/revisions\/36758"}],"wp:featuredmedia":[{"embeddable":true,"href":"https:\/\/larevistadigital.com.ar\/blog\/wp-json\/wp\/v2\/media\/36756"}],"wp:attachment":[{"href":"https:\/\/larevistadigital.com.ar\/blog\/wp-json\/wp\/v2\/media?parent=36755"}],"wp:term":[{"taxonomy":"category","embeddable":true,"href":"https:\/\/larevistadigital.com.ar\/blog\/wp-json\/wp\/v2\/categories?post=36755"},{"taxonomy":"post_tag","embeddable":true,"href":"https:\/\/larevistadigital.com.ar\/blog\/wp-json\/wp\/v2\/tags?post=36755"}],"curies":[{"name":"wp","href":"https:\/\/api.w.org\/{rel}","templated":true}]}}