{"id":36760,"date":"2024-07-22T09:19:41","date_gmt":"2024-07-22T12:19:41","guid":{"rendered":"https:\/\/larevistadigital.com.ar\/blog\/?p=36760"},"modified":"2024-07-22T09:19:41","modified_gmt":"2024-07-22T12:19:41","slug":"brandsen-la-provincia-entrego-una-ambulancia-y-equipamiento-para-el-hospital-municipal","status":"publish","type":"post","link":"https:\/\/larevistadigital.com.ar\/blog\/brandsen-la-provincia-entrego-una-ambulancia-y-equipamiento-para-el-hospital-municipal\/","title":{"rendered":"BRANDSEN: LA PROVINCIA ENTREG\u00d3 UNA AMBULANCIA Y EQUIPAMIENTO PARA EL HOSPITAL MUNICIPAL"},"content":{"rendered":"<h2>Se inaugur\u00f3 tambi\u00e9n la Oficina de Acceso y Derecho a la Salud (OADS) del hospital para atender a personas con discapacidades.<\/h2>\n<p>22 de Julio de 2024<\/p>\n<p><strong>BRANDSEN &#8211;\u00a0<\/strong> El gobernador de la provincia de Buenos Aires, Axel Kicillof, visit\u00f3 este mi\u00e9rcoles el partido de Brandsen, donde puso en funcionamiento una ambulancia de alta complejidad y entreg\u00f3 equipamiento para fortalecer las prestaciones del Hospital Municipal Francisco Caram. Fue junto al ministro de Salud, Nicol\u00e1s Kreplak; el intendente, Fernando Raitelli; y la secretaria de Salud local, Laura Reale.<\/p>\n<blockquote>\n<h3>En ese marco, Kicillof sostuvo: <em>\u201cAlgunos afirman que fortalecer la salud p\u00fablica no es una inversi\u00f3n, sino un gasto innecesario. Nosotros creemos exactamente lo contrario: quienes no cuentan con los recursos para acceder a la atenci\u00f3n en salud necesitan del Estado para que les garantice ese derecho\u201d.<\/em><\/h3>\n<\/blockquote>\n<p><em><strong>\u201cEl de hoy es un claro ejemplo de esta convicci\u00f3n: estamos entregando la segunda ambulancia en Brandsen para fortalecer el sistema de salud p\u00fablica y minimizar el impacto que est\u00e1 produciendo el abandono del Gobierno nacional\u201d,<\/strong><\/em> se\u00f1al\u00f3 el Gobernador y resalt\u00f3: <strong><em>\u201cEn la provincia de Buenos Aires no solo tomamos un posicionamiento te\u00f3rico, hacemos mucho m\u00e1s que eso: cumplimos con el mandato que nos otorg\u00f3 nuestro pueblo para defender la salud, la educaci\u00f3n, la seguridad y el trabajo\u201d.<\/em><\/strong><\/p>\n<blockquote>\n<h3>Con una inversi\u00f3n de $130 millones, se puso en marcha una ambulancia de alta complejidad, la segunda unidad para el distrito y la N\u00b0327 en todo el territorio bonaerense. Adem\u00e1s, se efectu\u00f3 la entrega de un ec\u00f3grafo para el hospital municipal y de cinco computadoras que ser\u00e1n utilizadas para poner en funcionamiento la Historia Cl\u00ednica Digital.<\/h3>\n<\/blockquote>\n<p>En tanto, <strong>Kreplak<\/strong> sostuvo que <strong><em>\u201cla entrega de esta ambulancia y del equipamiento forma parte de una gesti\u00f3n cotidiana que prioriza el derecho a la salud de todos y todas las bonaerenses\u00bb. \u201cFrente a un Gobierno nacional que promueve el ajuste, en la Provincia fortalecemos la presencia de un Estado que invierte y promueve la integraci\u00f3n del sistema de salud\u201d<\/em><\/strong>, a\u00f1adi\u00f3.<\/p>\n<p>Por su parte,<strong> Raitelli<\/strong> afirm\u00f3: <strong><em>\u201cTrabajamos codo a codo con la Provincia, escuchando las demandas que tiene nuestro pueblo y realizando las inversiones necesarias para continuar garantizando derechos\u201d. \u201cEs fundamental contar con un Estado presente que acompa\u00f1e, en este caso, brindando el equipamiento que necesitan las y los brandse\u00f1os para contar con un acceso a la salud integral\u201d<\/em><\/strong>, destac\u00f3.<\/p>\n<blockquote>\n<h3>Durante la jornada, se inaugur\u00f3 tambi\u00e9n la Oficina de Acceso y Derecho a la Salud (OADS) del hospital para atender a personas con discapacidades y concentrar todos los tr\u00e1mites necesarios para dar respuestas a solicitudes de medicamentos, pr\u00f3tesis, suplementos nutricionales y otras prestaciones espec\u00edficas.<\/h3>\n<\/blockquote>\n<p>Por \u00faltimo, <strong>Kicillof<\/strong> concluy\u00f3: <strong><em>\u201cBasta con recorrer la provincia para comprender que las y los bonaerenses no necesitan menos, sino m\u00e1s salud p\u00fablica, m\u00e1s educaci\u00f3n, m\u00e1s y mejor Estado. Ese es nuestro compromiso y para eso vamos a seguir trabajando todos los d\u00edas\u201d.<\/em><\/strong><\/p>\n<p>Estuvieron presentes la jefa de Asesores del Gobernador,<strong> Cristina \u00c1lvarez Rodr\u00edguez<\/strong>; el dirigente <strong>Gast\u00f3n Arias<\/strong>; funcionarios del Ministerio de Salud; autoridades locales; concejales y concejalas.<\/p>\n","protected":false},"excerpt":{"rendered":"<div class=\"mh-excerpt\"><p>Se inaugur\u00f3 tambi\u00e9n la Oficina de Acceso y Derecho a la Salud (OADS) del hospital para atender a personas con discapacidades. 22 de Julio de 2024 BRANDSEN &#8211;\u00a0 El gobernador de la provincia de Buenos <a class=\"mh-excerpt-more\" href=\"https:\/\/larevistadigital.com.ar\/blog\/brandsen-la-provincia-entrego-una-ambulancia-y-equipamiento-para-el-hospital-municipal\/\" title=\"BRANDSEN: LA PROVINCIA ENTREG\u00d3 UNA AMBULANCIA Y EQUIPAMIENTO PARA EL HOSPITAL MUNICIPAL\">[Leer M\u00e1s]<\/a><\/p>\n<\/div>","protected":false},"author":3,"featured_media":36761,"comment_status":"open","ping_status":"open","sticky":false,"template":"","format":"standard","meta":{"_jetpack_memberships_contains_paid_content":false,"footnotes":"","jetpack_publicize_message":"","jetpack_publicize_feature_enabled":true,"jetpack_social_post_already_shared":true,"jetpack_social_options":{"image_generator_settings":{"template":"highway","default_image_id":0,"font":"","enabled":false},"version":2}},"categories":[41,24],"tags":[],"class_list":{"0":"post-36760","1":"post","2":"type-post","3":"status-publish","4":"format-standard","5":"has-post-thumbnail","7":"category-destacadas","8":"category-politica-provincial"},"jetpack_publicize_connections":[],"jetpack_featured_media_url":"https:\/\/i0.wp.com\/larevistadigital.com.ar\/blog\/wp-content\/uploads\/Axel-Kicillof_35.jpg?fit=743%2C530&ssl=1","jetpack_sharing_enabled":true,"jetpack_shortlink":"https:\/\/wp.me\/p8qtrQ-9yU","jetpack-related-posts":[{"id":37146,"url":"https:\/\/larevistadigital.com.ar\/blog\/la-provincia-hizo-entrega-de-una-ambulancia-y-equipamiento-para-el-hospital-municipal-de-roque-perez\/","url_meta":{"origin":36760,"position":0},"title":"La Provincia hizo entrega de una ambulancia y equipamiento para el Hospital Municipal de Roque P\u00e9rez","author":"Alejandro Sosa Ruda","date":"7 septiembre, 2024","format":false,"excerpt":"Fue en un acto encabezado por el gobernador Axel Kicillof en el que adem\u00e1s se firm\u00f3 un convenio para la adquisici\u00f3n de m\u00e1s insumos tecnol\u00f3gicos. 07 de Septiembre de 2024 BUENOS AIRES -\u00a0 El gobernador de la provincia de Buenos Aires, Axel Kicillof, encabez\u00f3 este viernes el acto de puesta\u2026","rel":"","context":"En \u00abDESTACADAS\u00bb","block_context":{"text":"DESTACADAS","link":"https:\/\/larevistadigital.com.ar\/blog\/category\/destacadas\/"},"img":{"alt_text":"","src":"https:\/\/i0.wp.com\/larevistadigital.com.ar\/blog\/wp-content\/uploads\/Provincia_1.jpg?fit=743%2C530&ssl=1&resize=350%2C200","width":350,"height":200,"srcset":"https:\/\/i0.wp.com\/larevistadigital.com.ar\/blog\/wp-content\/uploads\/Provincia_1.jpg?fit=743%2C530&ssl=1&resize=350%2C200 1x, https:\/\/i0.wp.com\/larevistadigital.com.ar\/blog\/wp-content\/uploads\/Provincia_1.jpg?fit=743%2C530&ssl=1&resize=525%2C300 1.5x, https:\/\/i0.wp.com\/larevistadigital.com.ar\/blog\/wp-content\/uploads\/Provincia_1.jpg?fit=743%2C530&ssl=1&resize=700%2C400 2x"},"classes":[]},{"id":14581,"url":"https:\/\/larevistadigital.com.ar\/blog\/el-gobernador-kicillof-estuvo-en-brandsen\/","url_meta":{"origin":36760,"position":1},"title":"EL GOBERNADOR KICILLOF ESTUVO EN BRANDSEN","author":"Alejandro Sosa Ruda","date":"3 febrero, 2020","format":false,"excerpt":"El gobernador de la provincia de Buenos Aires, Axel Kicillof, present\u00f3 en Brandsen la puesta en valor del Centro de Atenci\u00f3n Primaria Las Mandarinas, junto al ministro de Salud de la Provincia, Daniel Gollan, y el intendente local, Oscar Daniel Cappelletti. Tambi\u00e9n estuvieron presentes el director de la Red P\u00fablica\u2026","rel":"","context":"En \u00abPOLITICA PROVINCIAL\u00bb","block_context":{"text":"POLITICA PROVINCIAL","link":"https:\/\/larevistadigital.com.ar\/blog\/category\/politica\/politica-provincial\/"},"img":{"alt_text":"","src":"https:\/\/i0.wp.com\/larevistadigital.com.ar\/blog\/wp-content\/uploads\/84307663_3538325032875180_3998304825304416256_o.jpg?fit=960%2C638&ssl=1&resize=350%2C200","width":350,"height":200,"srcset":"https:\/\/i0.wp.com\/larevistadigital.com.ar\/blog\/wp-content\/uploads\/84307663_3538325032875180_3998304825304416256_o.jpg?fit=960%2C638&ssl=1&resize=350%2C200 1x, https:\/\/i0.wp.com\/larevistadigital.com.ar\/blog\/wp-content\/uploads\/84307663_3538325032875180_3998304825304416256_o.jpg?fit=960%2C638&ssl=1&resize=525%2C300 1.5x, https:\/\/i0.wp.com\/larevistadigital.com.ar\/blog\/wp-content\/uploads\/84307663_3538325032875180_3998304825304416256_o.jpg?fit=960%2C638&ssl=1&resize=700%2C400 2x"},"classes":[]},{"id":11710,"url":"https:\/\/larevistadigital.com.ar\/blog\/brandsen-convoca-a-pediatras\/","url_meta":{"origin":36760,"position":2},"title":"BRANDSEN CONVOCA A PEDIATRAS","author":"Alejandro Sosa Ruda","date":"2 agosto, 2019","format":false,"excerpt":"La Municipalidad de Brandsen,\u00a0 a trav\u00e9s de la Secretaria de Salud convoca a M\u00e9dico\/a Pediatra para formar parte de la Atenci\u00f3n Primaria de la Salud. Las personas interesadas pueden comunicarse v\u00eda mail: salud@brandsen.gob.ar A los tel\u00e9fonos: 2223. 44.3193 o 44.2774, o bien dirigirse a la Oficina de Salud que se\u2026","rel":"","context":"En \u00abREGIONALES\u00bb","block_context":{"text":"REGIONALES","link":"https:\/\/larevistadigital.com.ar\/blog\/category\/regionales\/"},"img":{"alt_text":"","src":"https:\/\/i0.wp.com\/larevistadigital.com.ar\/blog\/wp-content\/uploads\/20190802_115538.jpg?fit=1080%2C703&ssl=1&resize=350%2C200","width":350,"height":200,"srcset":"https:\/\/i0.wp.com\/larevistadigital.com.ar\/blog\/wp-content\/uploads\/20190802_115538.jpg?fit=1080%2C703&ssl=1&resize=350%2C200 1x, https:\/\/i0.wp.com\/larevistadigital.com.ar\/blog\/wp-content\/uploads\/20190802_115538.jpg?fit=1080%2C703&ssl=1&resize=525%2C300 1.5x, https:\/\/i0.wp.com\/larevistadigital.com.ar\/blog\/wp-content\/uploads\/20190802_115538.jpg?fit=1080%2C703&ssl=1&resize=700%2C400 2x, https:\/\/i0.wp.com\/larevistadigital.com.ar\/blog\/wp-content\/uploads\/20190802_115538.jpg?fit=1080%2C703&ssl=1&resize=1050%2C600 3x"},"classes":[]},{"id":40482,"url":"https:\/\/larevistadigital.com.ar\/blog\/kicillof-entrego-equipamiento-informatico-para-hospitales-provinciales-y-municipales\/","url_meta":{"origin":36760,"position":3},"title":"Kicillof entreg\u00f3 equipamiento inform\u00e1tico para hospitales provinciales y municipales","author":"Alejandro Sosa Ruda","date":"15 julio, 2025","format":false,"excerpt":"Fue en el marco del fortalecimiento de la Agenda Digital de Salud bonaerense, que incluye tambi\u00e9n al sistema de telemedicina. 15 de Julio de 20254 BUENOS AIRES -\u00a0 \u00a0 \u00a0El gobernador de la provincia de Buenos Aires, Axel Kicillof, encabez\u00f3 este lunes la entrega de equipamiento inform\u00e1tico para hospitales municipales\u2026","rel":"","context":"En \u00abPOLITICA PROVINCIAL\u00bb","block_context":{"text":"POLITICA PROVINCIAL","link":"https:\/\/larevistadigital.com.ar\/blog\/category\/politica\/politica-provincial\/"},"img":{"alt_text":"","src":"https:\/\/i0.wp.com\/larevistadigital.com.ar\/blog\/wp-content\/uploads\/SGE7580.jpg?fit=743%2C530&ssl=1&resize=350%2C200","width":350,"height":200,"srcset":"https:\/\/i0.wp.com\/larevistadigital.com.ar\/blog\/wp-content\/uploads\/SGE7580.jpg?fit=743%2C530&ssl=1&resize=350%2C200 1x, https:\/\/i0.wp.com\/larevistadigital.com.ar\/blog\/wp-content\/uploads\/SGE7580.jpg?fit=743%2C530&ssl=1&resize=525%2C300 1.5x, https:\/\/i0.wp.com\/larevistadigital.com.ar\/blog\/wp-content\/uploads\/SGE7580.jpg?fit=743%2C530&ssl=1&resize=700%2C400 2x"},"classes":[]},{"id":33521,"url":"https:\/\/larevistadigital.com.ar\/blog\/zarate-kicillof-anuncio-la-construccion-de-un-nuevo-hospital\/","url_meta":{"origin":36760,"position":4},"title":"Z\u00c1RATE: KICILLOF ANUNCI\u00d3 LA CONSTRUCCI\u00d3N DE UN NUEVO HOSPITAL","author":"Alejandro Sosa Ruda","date":"20 septiembre, 2023","format":false,"excerpt":"Adem\u00e1s, el mandatario puso en funcionamiento dos ambulancias para fortalecer la gesti\u00f3n de emergencias en el distrito y entreg\u00f3 20 computadoras destinadas a la implementaci\u00f3n del programa de Historia de Salud Integrada (HSI). 20 de Septiembre de 2023 BUENOS AIRES -\u00a0 El gobernador de la provincia de Buenos Aires, Axel\u2026","rel":"","context":"En \u00abPOLITICA PROVINCIAL\u00bb","block_context":{"text":"POLITICA PROVINCIAL","link":"https:\/\/larevistadigital.com.ar\/blog\/category\/politica\/politica-provincial\/"},"img":{"alt_text":"","src":"https:\/\/i0.wp.com\/larevistadigital.com.ar\/blog\/wp-content\/uploads\/650b755d919cb_1200.jpg?fit=1200%2C675&ssl=1&resize=350%2C200","width":350,"height":200,"srcset":"https:\/\/i0.wp.com\/larevistadigital.com.ar\/blog\/wp-content\/uploads\/650b755d919cb_1200.jpg?fit=1200%2C675&ssl=1&resize=350%2C200 1x, https:\/\/i0.wp.com\/larevistadigital.com.ar\/blog\/wp-content\/uploads\/650b755d919cb_1200.jpg?fit=1200%2C675&ssl=1&resize=525%2C300 1.5x, https:\/\/i0.wp.com\/larevistadigital.com.ar\/blog\/wp-content\/uploads\/650b755d919cb_1200.jpg?fit=1200%2C675&ssl=1&resize=700%2C400 2x, https:\/\/i0.wp.com\/larevistadigital.com.ar\/blog\/wp-content\/uploads\/650b755d919cb_1200.jpg?fit=1200%2C675&ssl=1&resize=1050%2C600 3x"},"classes":[]},{"id":41010,"url":"https:\/\/larevistadigital.com.ar\/blog\/kicillof-entrego-viviendas-y-sumo-recursos-para-salud-y-seguridad-en-tandil\/","url_meta":{"origin":36760,"position":5},"title":"Kicillof entreg\u00f3 viviendas y sum\u00f3 recursos para salud y seguridad en Tandil","author":"Alejandro Sosa Ruda","date":"20 agosto, 2025","format":false,"excerpt":"El gobernador bonaerense, Axel Kicillof, encabez\u00f3 en Tandil la entrega de 52 viviendas a familias del barrio Villa Aguirre, acompa\u00f1ado por la ministra de H\u00e1bitat y Desarrollo Urbano, Silvina Batakis; el diputado nacional Rogelio Iparraguirre; y el intendente local, Miguel \u00c1ngel Lunghi, entre otros dirigentes. Adem\u00e1s, el mandatario provincial puso\u2026","rel":"","context":"En \u00abPOLITICA\u00bb","block_context":{"text":"POLITICA","link":"https:\/\/larevistadigital.com.ar\/blog\/category\/politica\/"},"img":{"alt_text":"","src":"https:\/\/i0.wp.com\/larevistadigital.com.ar\/blog\/wp-content\/uploads\/20250820182207_lunghi-kicillof-viviendas-tandil.jpg?fit=880%2C512&ssl=1&resize=350%2C200","width":350,"height":200,"srcset":"https:\/\/i0.wp.com\/larevistadigital.com.ar\/blog\/wp-content\/uploads\/20250820182207_lunghi-kicillof-viviendas-tandil.jpg?fit=880%2C512&ssl=1&resize=350%2C200 1x, https:\/\/i0.wp.com\/larevistadigital.com.ar\/blog\/wp-content\/uploads\/20250820182207_lunghi-kicillof-viviendas-tandil.jpg?fit=880%2C512&ssl=1&resize=525%2C300 1.5x, https:\/\/i0.wp.com\/larevistadigital.com.ar\/blog\/wp-content\/uploads\/20250820182207_lunghi-kicillof-viviendas-tandil.jpg?fit=880%2C512&ssl=1&resize=700%2C400 2x"},"classes":[]}],"_links":{"self":[{"href":"https:\/\/larevistadigital.com.ar\/blog\/wp-json\/wp\/v2\/posts\/36760","targetHints":{"allow":["GET"]}}],"collection":[{"href":"https:\/\/larevistadigital.com.ar\/blog\/wp-json\/wp\/v2\/posts"}],"about":[{"href":"https:\/\/larevistadigital.com.ar\/blog\/wp-json\/wp\/v2\/types\/post"}],"author":[{"embeddable":true,"href":"https:\/\/larevistadigital.com.ar\/blog\/wp-json\/wp\/v2\/users\/3"}],"replies":[{"embeddable":true,"href":"https:\/\/larevistadigital.com.ar\/blog\/wp-json\/wp\/v2\/comments?post=36760"}],"version-history":[{"count":1,"href":"https:\/\/larevistadigital.com.ar\/blog\/wp-json\/wp\/v2\/posts\/36760\/revisions"}],"predecessor-version":[{"id":36762,"href":"https:\/\/larevistadigital.com.ar\/blog\/wp-json\/wp\/v2\/posts\/36760\/revisions\/36762"}],"wp:featuredmedia":[{"embeddable":true,"href":"https:\/\/larevistadigital.com.ar\/blog\/wp-json\/wp\/v2\/media\/36761"}],"wp:attachment":[{"href":"https:\/\/larevistadigital.com.ar\/blog\/wp-json\/wp\/v2\/media?parent=36760"}],"wp:term":[{"taxonomy":"category","embeddable":true,"href":"https:\/\/larevistadigital.com.ar\/blog\/wp-json\/wp\/v2\/categories?post=36760"},{"taxonomy":"post_tag","embeddable":true,"href":"https:\/\/larevistadigital.com.ar\/blog\/wp-json\/wp\/v2\/tags?post=36760"}],"curies":[{"name":"wp","href":"https:\/\/api.w.org\/{rel}","templated":true}]}}