{"id":36764,"date":"2024-07-23T11:34:40","date_gmt":"2024-07-23T14:34:40","guid":{"rendered":"https:\/\/larevistadigital.com.ar\/blog\/?p=36764"},"modified":"2024-07-23T11:34:40","modified_gmt":"2024-07-23T14:34:40","slug":"se-reunio-el-foro-de-seguridad-de-chascomus-luego-de-los-incidentes-en-el-barrio-el-porteno","status":"publish","type":"post","link":"https:\/\/larevistadigital.com.ar\/blog\/se-reunio-el-foro-de-seguridad-de-chascomus-luego-de-los-incidentes-en-el-barrio-el-porteno\/","title":{"rendered":"SE REUNI\u00d3 EL FORO DE SEGURIDAD DE CHASCOM\u00daS, LUEGO DE LOS INCIDENTES EN EL BARRIO \u00abEL PORTE\u00d1O\u00bb"},"content":{"rendered":"<h2 class=\"excerpt\">Fue convocada desde la Secretar\u00eda de Seguridad tras los hechos sucedidos durante el \u00faltimo fin de semana.<\/h2>\n<p>23 de Julio de 2024<\/p>\n<div id=\"miDiv1\" class=\"text\">\n<p><strong>CHASCOM\u00daS &#8211;\u00a0<\/strong> Con posterioridad a los hechos que tuvieron lugar durante el \u00faltimo fin de semana en el barrio El Porte\u00f1o, la secretaria de Seguridad <strong>Mariela Moscarella<\/strong>, convoc\u00f3 de urgencia una reuni\u00f3n del Foro de Seguridad, que tuvo lugar hoy por la ma\u00f1ana en el recinto del Concejo Deliberante.<\/p>\n<p>All\u00ed,<strong> Moscarella<\/strong> inst\u00f3 a los presentes a actuar con responsabilidad y a desalentar este tipo de acciones. Asimismo asegur\u00f3 que: <strong><em>\u201cde ninguna manera vamos a justificar la violencia\u201d<\/em><\/strong> y que los vecinos deben tener en cuenta que, si cuentan con informaci\u00f3n sobre actividades delictivas deben denunciar en la Polic\u00eda, o en Seguridad Ciudadana o ante el mismo Foro, para que las instituciones act\u00faen en consecuencia. La comunidad debe comprender que existen procesos que hay que respetar, como as\u00ed tambi\u00e9n que la justicia por mano propia trae consecuencias judiciales.<\/p>\n<blockquote>\n<h3>Por su parte, el subcomisario Gerardo Ferreyra, titular de la Estaci\u00f3n de Polic\u00eda Comunal, afirm\u00f3 ante los participantes que el hecho perjudic\u00f3 una investigaci\u00f3n que la polic\u00eda local ven\u00eda desarrollando, en relaci\u00f3n a los presuntos involucrados en el robo. Adem\u00e1s, confirm\u00f3 que se encontraron una motocicleta y un televisor, \u00e9ste \u00faltimo no hab\u00eda sido denunciado.<\/h3>\n<\/blockquote>\n<p>De acuerdo a lo expresado por la Secretaria, tanto la autoridad policial como los bomberos se hicieron presentes en el lugar del hecho en respuesta a un llamado recibido en la Central de Monitoreo.<\/p>\n<p>Tambi\u00e9n hizo referencia a la creciente demanda de mayor presencia del Estado en un contexto de aumento del delito, de reducci\u00f3n de ese mismo Estado al que se le demanda y de recursos limitados. En esa l\u00ednea asegur\u00f3 que a pesar de ello, nunca hubo tanta presencia en la calle del estado municipal en materia de seguridad, ni tanta articulaci\u00f3n con las distintas organizaciones e instituciones como en el presente.<\/p>\n<p>Por \u00faltimo, <strong>Moscarella<\/strong> afirm\u00f3: <strong><em>\u201chay mucha gente trabajando mucho por la seguridad, no es cierto que no se hace nada, la seguridad nos preocupa y nos ocupa\u201d<\/em><\/strong> e insisti\u00f3 con el pedido a los funcionarios p\u00fablicos de responsabilidad al momento de actuar o expresarse en relaci\u00f3n a este tipo de hechos, y que la manera de bajar el delito es denunciando y fortaleciendo las redes entre vecinos y funcionarios.<\/p>\n<\/div>\n","protected":false},"excerpt":{"rendered":"<div class=\"mh-excerpt\"><p>Fue convocada desde la Secretar\u00eda de Seguridad tras los hechos sucedidos durante el \u00faltimo fin de semana. 23 de Julio de 2024 CHASCOM\u00daS &#8211;\u00a0 Con posterioridad a los hechos que tuvieron lugar durante el \u00faltimo <a class=\"mh-excerpt-more\" href=\"https:\/\/larevistadigital.com.ar\/blog\/se-reunio-el-foro-de-seguridad-de-chascomus-luego-de-los-incidentes-en-el-barrio-el-porteno\/\" title=\"SE REUNI\u00d3 EL FORO DE SEGURIDAD DE CHASCOM\u00daS, LUEGO DE LOS INCIDENTES EN EL BARRIO \u00abEL PORTE\u00d1O\u00bb\">[Leer M\u00e1s]<\/a><\/p>\n<\/div>","protected":false},"author":3,"featured_media":36765,"comment_status":"open","ping_status":"open","sticky":false,"template":"","format":"standard","meta":{"_jetpack_memberships_contains_paid_content":false,"footnotes":"","jetpack_publicize_message":"","jetpack_publicize_feature_enabled":true,"jetpack_social_post_already_shared":true,"jetpack_social_options":{"image_generator_settings":{"template":"highway","default_image_id":0,"font":"","enabled":false},"version":2}},"categories":[50,23],"tags":[],"class_list":{"0":"post-36764","1":"post","2":"type-post","3":"status-publish","4":"format-standard","5":"has-post-thumbnail","7":"category-interes-general","8":"category-politica-local"},"jetpack_publicize_connections":[],"jetpack_featured_media_url":"https:\/\/i0.wp.com\/larevistadigital.com.ar\/blog\/wp-content\/uploads\/669eb084c7b63.png?fit=668%2C445&ssl=1","jetpack_sharing_enabled":true,"jetpack_shortlink":"https:\/\/wp.me\/p8qtrQ-9yY","jetpack-related-posts":[{"id":24981,"url":"https:\/\/larevistadigital.com.ar\/blog\/chascomus-firme-avance-con-el-plan-integral-de-seguridad\/","url_meta":{"origin":36764,"position":0},"title":"CHASCOM\u00daS: FIRME AVANCE CON EL PLAN INTEGRAL DE SEGURIDAD","author":"Alejandro Sosa Ruda","date":"6 abril, 2022","format":false,"excerpt":"Con una firme decisi\u00f3n pol\u00edtica de Mariela Moscarella, se avanza con el \"Plan Integral de Seguridad\" para Chascom\u00fas. CHASCOM\u00daS - \u00a0Esta ma\u00f1ana, se llev\u00f3 a cabo una reuni\u00f3n de trabajo entre la Secretar\u00eda de Seguridad Ciudadana y la Direcci\u00f3n de Planificaci\u00f3n Estrat\u00e9gica del Ministerio de Seguridad de la Provincia de\u2026","rel":"","context":"En \u00abDESTACADAS\u00bb","block_context":{"text":"DESTACADAS","link":"https:\/\/larevistadigital.com.ar\/blog\/category\/destacadas\/"},"img":{"alt_text":"","src":"https:\/\/i0.wp.com\/larevistadigital.com.ar\/blog\/wp-content\/uploads\/Captura-de-pantalla-2022-04-06-202233.jpg?fit=746%2C560&ssl=1&resize=350%2C200","width":350,"height":200,"srcset":"https:\/\/i0.wp.com\/larevistadigital.com.ar\/blog\/wp-content\/uploads\/Captura-de-pantalla-2022-04-06-202233.jpg?fit=746%2C560&ssl=1&resize=350%2C200 1x, https:\/\/i0.wp.com\/larevistadigital.com.ar\/blog\/wp-content\/uploads\/Captura-de-pantalla-2022-04-06-202233.jpg?fit=746%2C560&ssl=1&resize=525%2C300 1.5x, https:\/\/i0.wp.com\/larevistadigital.com.ar\/blog\/wp-content\/uploads\/Captura-de-pantalla-2022-04-06-202233.jpg?fit=746%2C560&ssl=1&resize=700%2C400 2x"},"classes":[]},{"id":23752,"url":"https:\/\/larevistadigital.com.ar\/blog\/manana-habra-un-operativo-preventivo-de-seguridad-vial-en-barrio-parque-girado\/","url_meta":{"origin":36764,"position":1},"title":"MA\u00d1ANA HABR\u00c1 UN OPERATIVO PREVENTIVO DE SEGURIDAD VIAL EN BARRIO PARQUE GIRADO","author":"Alejandro Sosa Ruda","date":"1 febrero, 2022","format":false,"excerpt":"El operativo, del que no hay antecedentes en el barrio de Girado, es solo una parte de los lineamientos de trabajo y acciones a implementarse en el marco del Plan Maestro de Seguridad Vial que impulsa la Secretar\u00eda de Seguridad Ciudadana, a cargo de Mariela Moscarella. D\u00edas atr\u00e1s se llev\u00f3\u2026","rel":"","context":"En \u00abCHASCOM\u00daS\u00bb","block_context":{"text":"CHASCOM\u00daS","link":"https:\/\/larevistadigital.com.ar\/blog\/category\/chascomus\/"},"img":{"alt_text":"","src":"https:\/\/i0.wp.com\/larevistadigital.com.ar\/blog\/wp-content\/uploads\/2022_02_01_02_04_28_5655152.jpeg?fit=600%2C450&ssl=1&resize=350%2C200","width":350,"height":200,"srcset":"https:\/\/i0.wp.com\/larevistadigital.com.ar\/blog\/wp-content\/uploads\/2022_02_01_02_04_28_5655152.jpeg?fit=600%2C450&ssl=1&resize=350%2C200 1x, https:\/\/i0.wp.com\/larevistadigital.com.ar\/blog\/wp-content\/uploads\/2022_02_01_02_04_28_5655152.jpeg?fit=600%2C450&ssl=1&resize=525%2C300 1.5x"},"classes":[]},{"id":36207,"url":"https:\/\/larevistadigital.com.ar\/blog\/la-secretaria-de-seguridad-recibio-a-representantes-de-sectores-rurales\/","url_meta":{"origin":36764,"position":2},"title":"LA SECRETARIA DE SEGURIDAD RECIBI\u00d3 A REPRESENTANTES DE SECTORES RURALES","author":"Alejandro Sosa Ruda","date":"4 junio, 2024","format":false,"excerpt":"La secretaria de Seguridad Ciudadana municipal, Mariela Moscarella, recibi\u00f3 a representantes del Foro de Seguridad Rural y de la Asociaci\u00f3n Rural de Chascom\u00fas con quienes dialog\u00f3 sobre la actualidad del sector. 04 de Junio de 2024 CHASCOM\u00daS -\u00a0 En esta reuni\u00f3n, que se llev\u00f3 a cabo en la Secretar\u00eda de\u2026","rel":"","context":"En \u00abDESTACADAS\u00bb","block_context":{"text":"DESTACADAS","link":"https:\/\/larevistadigital.com.ar\/blog\/category\/destacadas\/"},"img":{"alt_text":"","src":"https:\/\/i0.wp.com\/larevistadigital.com.ar\/blog\/wp-content\/uploads\/2024_06_05_00_47_30_302136.jpg?fit=600%2C338&ssl=1&resize=350%2C200","width":350,"height":200,"srcset":"https:\/\/i0.wp.com\/larevistadigital.com.ar\/blog\/wp-content\/uploads\/2024_06_05_00_47_30_302136.jpg?fit=600%2C338&ssl=1&resize=350%2C200 1x, https:\/\/i0.wp.com\/larevistadigital.com.ar\/blog\/wp-content\/uploads\/2024_06_05_00_47_30_302136.jpg?fit=600%2C338&ssl=1&resize=525%2C300 1.5x"},"classes":[]},{"id":777,"url":"https:\/\/larevistadigital.com.ar\/blog\/foro-vecinal-seguridad-se-reune-los-vecinos-del-barrio-obispado-donde-siguen-los-robos\/","url_meta":{"origin":36764,"position":3},"title":"El Foro Vecinal de Seguridad se re\u00fane con los vecinos del barrio Obispado, donde siguen los robos","author":"editor","date":"8 marzo, 2017","format":false,"excerpt":"El Foro Vecinal de Seguridad, presidido por Sonia Cabrera, mantuvo una reuni\u00f3n con vecinos del barrio \u201cObispado\u201d. Como se sabe, en dicho sector de la ciudad proliferaron los robos en los \u00faltimos d\u00edas, en particular ocurri\u00f3 en las noches de corsos. Ayer tambi\u00e9n se conocieron nuevos hechos delictivos en un\u2026","rel":"","context":"En \u00abCHASCOM\u00daS\u00bb","block_context":{"text":"CHASCOM\u00daS","link":"https:\/\/larevistadigital.com.ar\/blog\/category\/chascomus\/"},"img":{"alt_text":"","src":"https:\/\/i0.wp.com\/larevistadigital.com.ar\/blog\/wp-content\/uploads\/2017\/03\/nota-925756-martin-larralde-tengo-dudas-ganamos-paso-agosto-130805072335.jpg?fit=800%2C751&ssl=1&resize=350%2C200","width":350,"height":200,"srcset":"https:\/\/i0.wp.com\/larevistadigital.com.ar\/blog\/wp-content\/uploads\/2017\/03\/nota-925756-martin-larralde-tengo-dudas-ganamos-paso-agosto-130805072335.jpg?fit=800%2C751&ssl=1&resize=350%2C200 1x, https:\/\/i0.wp.com\/larevistadigital.com.ar\/blog\/wp-content\/uploads\/2017\/03\/nota-925756-martin-larralde-tengo-dudas-ganamos-paso-agosto-130805072335.jpg?fit=800%2C751&ssl=1&resize=525%2C300 1.5x, https:\/\/i0.wp.com\/larevistadigital.com.ar\/blog\/wp-content\/uploads\/2017\/03\/nota-925756-martin-larralde-tengo-dudas-ganamos-paso-agosto-130805072335.jpg?fit=800%2C751&ssl=1&resize=700%2C400 2x"},"classes":[]},{"id":36266,"url":"https:\/\/larevistadigital.com.ar\/blog\/reunion-del-foro-municipal-de-seguridad-para-analizar-diversos-aspectos-de-la-situacion-actual\/","url_meta":{"origin":36764,"position":4},"title":"REUNI\u00d3N DEL FORO MUNICIPAL DE SEGURIDAD PARA ANALIZAR DIVERSOS ASPECTOS DE LA SITUACI\u00d3N ACTUAL","author":"Alejandro Sosa Ruda","date":"8 junio, 2024","format":false,"excerpt":"En un encuentro llevado a cabo el pasado jueves por la tarde en el recinto del Concejo Deliberante, el Foro Municipal de Seguridad se reuni\u00f3 para analizar diversos temas relacionados con la seguridad ciudadana. 8 de Junio de 2024 CHASCOM\u00daS - La reuni\u00f3n estuvo encabezado por la secretaria de Seguridad\u2026","rel":"","context":"En \u00abCHASCOM\u00daS\u00bb","block_context":{"text":"CHASCOM\u00daS","link":"https:\/\/larevistadigital.com.ar\/blog\/category\/chascomus\/"},"img":{"alt_text":"","src":"https:\/\/i0.wp.com\/larevistadigital.com.ar\/blog\/wp-content\/uploads\/2024_06_08_05_26_39_1196676.jpg?fit=600%2C400&ssl=1&resize=350%2C200","width":350,"height":200,"srcset":"https:\/\/i0.wp.com\/larevistadigital.com.ar\/blog\/wp-content\/uploads\/2024_06_08_05_26_39_1196676.jpg?fit=600%2C400&ssl=1&resize=350%2C200 1x, https:\/\/i0.wp.com\/larevistadigital.com.ar\/blog\/wp-content\/uploads\/2024_06_08_05_26_39_1196676.jpg?fit=600%2C400&ssl=1&resize=525%2C300 1.5x"},"classes":[]},{"id":23894,"url":"https:\/\/larevistadigital.com.ar\/blog\/chascomus-la-comision-de-seguridad-de-los-vecinos-del-barrio-girado-dono-material-a-la-policia-para-su-destacamento-en-el-lugar\/","url_meta":{"origin":36764,"position":5},"title":"CHASCOM\u00daS: LA COMISI\u00d3N DE SEGURIDAD DE LOS VECINOS DEL BARRIO GIRADO DON\u00d3 MATERIAL A LA POLIC\u00cdA PARA SU DESTACAMENTO EN EL LUGAR","author":"Alejandro Sosa Ruda","date":"8 febrero, 2022","format":false,"excerpt":"CHASCOM\u00daS -\u00a0 D\u00edas atr\u00e1s, la Comisi\u00f3n de Seguridad conformada por vecinos del Barrio Parque Girado, hizo efectivas importantes donaciones para dotar el Destacamento del barrio, con algunos detalles que hagan m\u00e1s llevadero el trabajo en el lugar. As\u00ed, y luego de que la novel gesti\u00f3n de la Secretaria de Seguridad\u2026","rel":"","context":"En \u00abCHASCOM\u00daS\u00bb","block_context":{"text":"CHASCOM\u00daS","link":"https:\/\/larevistadigital.com.ar\/blog\/category\/chascomus\/"},"img":{"alt_text":"","src":"https:\/\/i0.wp.com\/larevistadigital.com.ar\/blog\/wp-content\/uploads\/WhatsApp-Image-2022-02-08-at-08.16.09.jpeg?fit=1032%2C774&ssl=1&resize=350%2C200","width":350,"height":200,"srcset":"https:\/\/i0.wp.com\/larevistadigital.com.ar\/blog\/wp-content\/uploads\/WhatsApp-Image-2022-02-08-at-08.16.09.jpeg?fit=1032%2C774&ssl=1&resize=350%2C200 1x, https:\/\/i0.wp.com\/larevistadigital.com.ar\/blog\/wp-content\/uploads\/WhatsApp-Image-2022-02-08-at-08.16.09.jpeg?fit=1032%2C774&ssl=1&resize=525%2C300 1.5x, https:\/\/i0.wp.com\/larevistadigital.com.ar\/blog\/wp-content\/uploads\/WhatsApp-Image-2022-02-08-at-08.16.09.jpeg?fit=1032%2C774&ssl=1&resize=700%2C400 2x"},"classes":[]}],"_links":{"self":[{"href":"https:\/\/larevistadigital.com.ar\/blog\/wp-json\/wp\/v2\/posts\/36764","targetHints":{"allow":["GET"]}}],"collection":[{"href":"https:\/\/larevistadigital.com.ar\/blog\/wp-json\/wp\/v2\/posts"}],"about":[{"href":"https:\/\/larevistadigital.com.ar\/blog\/wp-json\/wp\/v2\/types\/post"}],"author":[{"embeddable":true,"href":"https:\/\/larevistadigital.com.ar\/blog\/wp-json\/wp\/v2\/users\/3"}],"replies":[{"embeddable":true,"href":"https:\/\/larevistadigital.com.ar\/blog\/wp-json\/wp\/v2\/comments?post=36764"}],"version-history":[{"count":1,"href":"https:\/\/larevistadigital.com.ar\/blog\/wp-json\/wp\/v2\/posts\/36764\/revisions"}],"predecessor-version":[{"id":36766,"href":"https:\/\/larevistadigital.com.ar\/blog\/wp-json\/wp\/v2\/posts\/36764\/revisions\/36766"}],"wp:featuredmedia":[{"embeddable":true,"href":"https:\/\/larevistadigital.com.ar\/blog\/wp-json\/wp\/v2\/media\/36765"}],"wp:attachment":[{"href":"https:\/\/larevistadigital.com.ar\/blog\/wp-json\/wp\/v2\/media?parent=36764"}],"wp:term":[{"taxonomy":"category","embeddable":true,"href":"https:\/\/larevistadigital.com.ar\/blog\/wp-json\/wp\/v2\/categories?post=36764"},{"taxonomy":"post_tag","embeddable":true,"href":"https:\/\/larevistadigital.com.ar\/blog\/wp-json\/wp\/v2\/tags?post=36764"}],"curies":[{"name":"wp","href":"https:\/\/api.w.org\/{rel}","templated":true}]}}