{"id":36767,"date":"2024-07-23T11:57:03","date_gmt":"2024-07-23T14:57:03","guid":{"rendered":"https:\/\/larevistadigital.com.ar\/blog\/?p=36767"},"modified":"2024-07-23T11:57:03","modified_gmt":"2024-07-23T14:57:03","slug":"chascomus-reacondicionaron-el-edificio-del-museo-pampeano","status":"publish","type":"post","link":"https:\/\/larevistadigital.com.ar\/blog\/chascomus-reacondicionaron-el-edificio-del-museo-pampeano\/","title":{"rendered":"CHASCOM\u00daS: REACONDICIONARON EL EDIFICIO DEL MUSEO PAMPEANO"},"content":{"rendered":"<h2><span style=\"font-size: 16px\">Las obras fueron muy diversas y consistieron, entre otras cosas, en trabajos de limpieza, revoques, pintura de paredes y rejas, el embellecimiento de tejas y la construcci\u00f3n del pilar del port\u00f3n, colocaci\u00f3n de membranas<\/span><\/h2>\n<div class=\"post_content page_margin_top_section clearfix\">\n<div class=\"content_box\">\n<div id=\"miDiv1\" class=\"text\">\n<p>Durante el primer semestre del a\u00f1o se realizaron diversas tareas de reacondicionamiento en el Museo Pampeano que este a\u00f1o, en el mes de noviembre, celebra 85 a\u00f1os de la inauguraci\u00f3n del edificio, las mismas estuvieron a cargo de personal municipal.<\/p>\n<p>Con respecto al mantenimiento edilicio se concretaron trabajos de limpieza, revoques, pintura de paredes y rejas, el embellecimiento de tejas y la construcci\u00f3n del pilar del port\u00f3n que da al parque Libres del Sur que corr\u00eda riesgo de derrumbe y se confeccion\u00f3 un mueble para el ordenamiento del Espacio Buffet. Se coloc\u00f3 membrana en la Sala Mercedes Aldalur adecuando pluviales.<\/p>\n<blockquote>\n<h3>Se repar\u00f3 la vereda que circunda el edificio -averiada por la ca\u00edda de un \u00e1rbol- y el piso del Patio del Aljibe, ambos con ladrillos donados por Rogelio Torrado y Julia Billani. Adem\u00e1s, se hizo una profunda limpieza de la parte trasera del parque y poda de \u00e1rboles de gran tama\u00f1o.<\/h3>\n<\/blockquote>\n<p>Con estas tareas, se busca garantizar que las instituciones municipales est\u00e9n en \u00f3ptimas condiciones de funcionamiento y resguardar nuestro patrimonio hist\u00f3rico y cultural.<\/p>\n<\/div>\n<\/div>\n<\/div>\n","protected":false},"excerpt":{"rendered":"<div class=\"mh-excerpt\"><p>Las obras fueron muy diversas y consistieron, entre otras cosas, en trabajos de limpieza, revoques, pintura de paredes y rejas, el embellecimiento de tejas y la construcci\u00f3n del pilar del port\u00f3n, colocaci\u00f3n de membranas Durante <a class=\"mh-excerpt-more\" href=\"https:\/\/larevistadigital.com.ar\/blog\/chascomus-reacondicionaron-el-edificio-del-museo-pampeano\/\" title=\"CHASCOM\u00daS: REACONDICIONARON EL EDIFICIO DEL MUSEO PAMPEANO\">[Leer M\u00e1s]<\/a><\/p>\n<\/div>","protected":false},"author":3,"featured_media":36768,"comment_status":"open","ping_status":"open","sticky":false,"template":"","format":"standard","meta":{"_jetpack_memberships_contains_paid_content":false,"footnotes":"","jetpack_publicize_message":"","jetpack_publicize_feature_enabled":true,"jetpack_social_post_already_shared":true,"jetpack_social_options":{"image_generator_settings":{"template":"highway","default_image_id":0,"font":"","enabled":false},"version":2}},"categories":[6],"tags":[],"class_list":{"0":"post-36767","1":"post","2":"type-post","3":"status-publish","4":"format-standard","5":"has-post-thumbnail","7":"category-chascomus"},"jetpack_publicize_connections":[],"jetpack_featured_media_url":"https:\/\/i0.wp.com\/larevistadigital.com.ar\/blog\/wp-content\/uploads\/669e9de40732c.png?fit=668%2C445&ssl=1","jetpack_sharing_enabled":true,"jetpack_shortlink":"https:\/\/wp.me\/p8qtrQ-9z1","jetpack-related-posts":[{"id":37736,"url":"https:\/\/larevistadigital.com.ar\/blog\/este-jueves-7-de-noviembre-se-cumplira-el-85-aniversario-de-la-fundacion-del-museo-pampeano\/","url_meta":{"origin":36767,"position":0},"title":"Este jueves 7 de noviembre se cumplir\u00e1 el 85\u00b0 aniversario de la fundaci\u00f3n del Museo Pampeano","author":"Alejandro Sosa Ruda","date":"5 noviembre, 2024","format":false,"excerpt":"Nuestro museo custodia colecciones de objetos y tesoros de valor incalculable que narran nuestra historia. 5 de noviembre de 2024 CHASCOM\u00daS\u00a0 -\u00a0 El Museo Pampeano y el Parque de los Libres del Sur fueron creados en el a\u00f1o 1939, para recordar el centenario de la Batalla de Chascom\u00fas, hecho b\u00e9lico\u2026","rel":"","context":"En \u00abCULTURA\u00bb","block_context":{"text":"CULTURA","link":"https:\/\/larevistadigital.com.ar\/blog\/category\/cultura\/"},"img":{"alt_text":"","src":"https:\/\/i0.wp.com\/larevistadigital.com.ar\/blog\/wp-content\/uploads\/672a59cdb5a62.png?fit=668%2C445&ssl=1&resize=350%2C200","width":350,"height":200,"srcset":"https:\/\/i0.wp.com\/larevistadigital.com.ar\/blog\/wp-content\/uploads\/672a59cdb5a62.png?fit=668%2C445&ssl=1&resize=350%2C200 1x, https:\/\/i0.wp.com\/larevistadigital.com.ar\/blog\/wp-content\/uploads\/672a59cdb5a62.png?fit=668%2C445&ssl=1&resize=525%2C300 1.5x"},"classes":[]},{"id":41274,"url":"https:\/\/larevistadigital.com.ar\/blog\/chascomus-avanzan-los-trabajos-de-em\/","url_meta":{"origin":36767,"position":1},"title":"Chascom\u00fas: Avanzan los trabajos de embellecimiento de la Vieja Estaci\u00f3n","author":"Alejandro Sosa Ruda","date":"3 septiembre, 2025","format":false,"excerpt":"Personal municipal, se avoca por estos d\u00edas a las tareas de hidrolavado y pintura de este edificio patrimonial. 03 de septirmbre de 2025 CHASCOM\u00daS -\u00a0 En los \u00faltimos d\u00edas se llevaron adelante diversos trabajos de mantenimiento en el Centro Cultural Municipal \u201cVieja Estaci\u00f3n\u201d, hist\u00f3rico y emblem\u00e1tico edificio patrimonial de nuestra\u2026","rel":"","context":"En \u00abCHASCOM\u00daS\u00bb","block_context":{"text":"CHASCOM\u00daS","link":"https:\/\/larevistadigital.com.ar\/blog\/category\/chascomus\/"},"img":{"alt_text":"","src":"https:\/\/i0.wp.com\/larevistadigital.com.ar\/blog\/wp-content\/uploads\/68b71b03845ad.png?fit=668%2C445&ssl=1&resize=350%2C200","width":350,"height":200,"srcset":"https:\/\/i0.wp.com\/larevistadigital.com.ar\/blog\/wp-content\/uploads\/68b71b03845ad.png?fit=668%2C445&ssl=1&resize=350%2C200 1x, https:\/\/i0.wp.com\/larevistadigital.com.ar\/blog\/wp-content\/uploads\/68b71b03845ad.png?fit=668%2C445&ssl=1&resize=525%2C300 1.5x"},"classes":[]},{"id":42393,"url":"https:\/\/larevistadigital.com.ar\/blog\/chascomus-se-realizaron-distintos-trabajos-de-puesta-en-valor-del-museo-pampeano\/","url_meta":{"origin":36767,"position":2},"title":"Chascom\u00fas: Se realizaron distintos trabajos de puesta en valor del Museo Pampeano","author":"Alejandro Sosa Ruda","date":"5 noviembre, 2025","format":false,"excerpt":"Las tareas se concentraron en la pintura de las salas, cocina y aberturas Durante los \u00faltimos d\u00edas se llevaron a cabo tareas de pintura en el Museo Pampeano, para la puesta en valor de esta hist\u00f3rica edificaci\u00f3n que en este mes est\u00e1 arribando a un nuevo aniversario, buscando realzar a\u00fan\u2026","rel":"","context":"En \u00abCHASCOM\u00daS\u00bb","block_context":{"text":"CHASCOM\u00daS","link":"https:\/\/larevistadigital.com.ar\/blog\/category\/chascomus\/"},"img":{"alt_text":"","src":"https:\/\/i0.wp.com\/larevistadigital.com.ar\/blog\/wp-content\/uploads\/690b8527ac768.png?fit=668%2C445&ssl=1&resize=350%2C200","width":350,"height":200,"srcset":"https:\/\/i0.wp.com\/larevistadigital.com.ar\/blog\/wp-content\/uploads\/690b8527ac768.png?fit=668%2C445&ssl=1&resize=350%2C200 1x, https:\/\/i0.wp.com\/larevistadigital.com.ar\/blog\/wp-content\/uploads\/690b8527ac768.png?fit=668%2C445&ssl=1&resize=525%2C300 1.5x"},"classes":[]},{"id":37900,"url":"https:\/\/larevistadigital.com.ar\/blog\/celebramos-juntos-los-85-anos-del-museo-pampeano\/","url_meta":{"origin":36767,"position":3},"title":"Celebramos juntos los 85\u00b0 a\u00f1os del Museo Pampeano","author":"Alejandro Sosa Ruda","date":"15 noviembre, 2024","format":false,"excerpt":"Una tarde para disfrutar en los jardines del Museo con la actuaci\u00f3n de numerosos artistas de nuestra tierra. 15 de Noviembre de 2024 CHASCOM\u00daS -\u00a0 Este s\u00e1bado 16 de noviembre, entre las 14.30 y las 21 horas, tendr\u00e1 lugar la celebraci\u00f3n del aniversario de la creaci\u00f3n del Museo Pampeano que\u2026","rel":"","context":"En \u00abCHASCOM\u00daS\u00bb","block_context":{"text":"CHASCOM\u00daS","link":"https:\/\/larevistadigital.com.ar\/blog\/category\/chascomus\/"},"img":{"alt_text":"","src":"https:\/\/i0.wp.com\/larevistadigital.com.ar\/blog\/wp-content\/uploads\/67363399deb86.png?fit=668%2C445&ssl=1&resize=350%2C200","width":350,"height":200,"srcset":"https:\/\/i0.wp.com\/larevistadigital.com.ar\/blog\/wp-content\/uploads\/67363399deb86.png?fit=668%2C445&ssl=1&resize=350%2C200 1x, https:\/\/i0.wp.com\/larevistadigital.com.ar\/blog\/wp-content\/uploads\/67363399deb86.png?fit=668%2C445&ssl=1&resize=525%2C300 1.5x"},"classes":[]},{"id":43605,"url":"https:\/\/larevistadigital.com.ar\/blog\/chascomus-gran-convocatoria-en-las-noches-de-cine-en-el-museo-pampeano\/","url_meta":{"origin":36767,"position":4},"title":"Chascom\u00fas: Gran convocatoria en las Noches de Cine en el Museo Pampeano","author":"Alejandro Sosa Ruda","date":"26 enero, 2026","format":false,"excerpt":"Las Noches de Cine en el Museo Pampeano se desarrollaron con gran \u00e9xito, consolid\u00e1ndose como una propuesta cultural que volvi\u00f3 a reunir a vecinos, vecinas y turistas para disfrutar del cine en un entorno patrimonial \u00fanico de la ciudad. 26 de enero de 2026 CHASCOM\u00daS\u00a0 -\u00a0 \u00a0 Las funciones, que\u2026","rel":"","context":"En \u00abCHASCOM\u00daS\u00bb","block_context":{"text":"CHASCOM\u00daS","link":"https:\/\/larevistadigital.com.ar\/blog\/category\/chascomus\/"},"img":{"alt_text":"","src":"https:\/\/i0.wp.com\/larevistadigital.com.ar\/blog\/wp-content\/uploads\/6977b7a5bc7a9.png?fit=668%2C445&ssl=1&resize=350%2C200","width":350,"height":200,"srcset":"https:\/\/i0.wp.com\/larevistadigital.com.ar\/blog\/wp-content\/uploads\/6977b7a5bc7a9.png?fit=668%2C445&ssl=1&resize=350%2C200 1x, https:\/\/i0.wp.com\/larevistadigital.com.ar\/blog\/wp-content\/uploads\/6977b7a5bc7a9.png?fit=668%2C445&ssl=1&resize=525%2C300 1.5x"},"classes":[]},{"id":43243,"url":"https:\/\/larevistadigital.com.ar\/blog\/chascomus-tareas-de-embellecimiento-y-mantenimiento-del-bulevar-de-la-calle-lastra\/","url_meta":{"origin":36767,"position":5},"title":"Chascom\u00fas: Tareas de embellecimiento y mantenimiento del bulevar de la calle Lastra","author":"Alejandro Sosa Ruda","date":"10 enero, 2026","format":false,"excerpt":"Las tareas se concentraron en el reacomodamiento de las veredas y el corte de pasto. 10 de enero de 2026 CHASCOM\u00daS -\u00a0 La Municipalidad de Chascom\u00fas informa que personal de arbolado urbano de la secretar\u00eda de Obras, Servicios P\u00fablicos y Ambiente, realiz\u00f3 trabajos de mantenimiento de las veredas del bulevar\u2026","rel":"","context":"En \u00abCHASCOM\u00daS\u00bb","block_context":{"text":"CHASCOM\u00daS","link":"https:\/\/larevistadigital.com.ar\/blog\/category\/chascomus\/"},"img":{"alt_text":"","src":"https:\/\/i0.wp.com\/larevistadigital.com.ar\/blog\/wp-content\/uploads\/696144c6bdbf4.png?fit=668%2C445&ssl=1&resize=350%2C200","width":350,"height":200,"srcset":"https:\/\/i0.wp.com\/larevistadigital.com.ar\/blog\/wp-content\/uploads\/696144c6bdbf4.png?fit=668%2C445&ssl=1&resize=350%2C200 1x, https:\/\/i0.wp.com\/larevistadigital.com.ar\/blog\/wp-content\/uploads\/696144c6bdbf4.png?fit=668%2C445&ssl=1&resize=525%2C300 1.5x"},"classes":[]}],"_links":{"self":[{"href":"https:\/\/larevistadigital.com.ar\/blog\/wp-json\/wp\/v2\/posts\/36767","targetHints":{"allow":["GET"]}}],"collection":[{"href":"https:\/\/larevistadigital.com.ar\/blog\/wp-json\/wp\/v2\/posts"}],"about":[{"href":"https:\/\/larevistadigital.com.ar\/blog\/wp-json\/wp\/v2\/types\/post"}],"author":[{"embeddable":true,"href":"https:\/\/larevistadigital.com.ar\/blog\/wp-json\/wp\/v2\/users\/3"}],"replies":[{"embeddable":true,"href":"https:\/\/larevistadigital.com.ar\/blog\/wp-json\/wp\/v2\/comments?post=36767"}],"version-history":[{"count":1,"href":"https:\/\/larevistadigital.com.ar\/blog\/wp-json\/wp\/v2\/posts\/36767\/revisions"}],"predecessor-version":[{"id":36769,"href":"https:\/\/larevistadigital.com.ar\/blog\/wp-json\/wp\/v2\/posts\/36767\/revisions\/36769"}],"wp:featuredmedia":[{"embeddable":true,"href":"https:\/\/larevistadigital.com.ar\/blog\/wp-json\/wp\/v2\/media\/36768"}],"wp:attachment":[{"href":"https:\/\/larevistadigital.com.ar\/blog\/wp-json\/wp\/v2\/media?parent=36767"}],"wp:term":[{"taxonomy":"category","embeddable":true,"href":"https:\/\/larevistadigital.com.ar\/blog\/wp-json\/wp\/v2\/categories?post=36767"},{"taxonomy":"post_tag","embeddable":true,"href":"https:\/\/larevistadigital.com.ar\/blog\/wp-json\/wp\/v2\/tags?post=36767"}],"curies":[{"name":"wp","href":"https:\/\/api.w.org\/{rel}","templated":true}]}}