{"id":36770,"date":"2024-07-23T12:42:24","date_gmt":"2024-07-23T15:42:24","guid":{"rendered":"https:\/\/larevistadigital.com.ar\/blog\/?p=36770"},"modified":"2024-07-23T12:42:24","modified_gmt":"2024-07-23T15:42:24","slug":"ruta-2-volco-un-vehiculo-luego-de-embestir-una-vaca-suelta","status":"publish","type":"post","link":"https:\/\/larevistadigital.com.ar\/blog\/ruta-2-volco-un-vehiculo-luego-de-embestir-una-vaca-suelta\/","title":{"rendered":"RUTA 2: VOLC\u00d3 UN VEH\u00cdCULO LUEGO DE EMBESTIR UNA VACA SUELTA"},"content":{"rendered":"<p><strong>CASTELLI &#8211;\u00a0<\/strong> Un accidente de tr\u00e1nsito ocurri\u00f3 en el kil\u00f3metro 173 de la Ruta 2, en la jurisdicci\u00f3n de Castelli, donde una camioneta colision\u00f3 con una vaca que se encontraba en medio de la carretera, provocando que el veh\u00edculo volcara.<\/p>\n<blockquote>\n<h3>El fuerte impacto result\u00f3 en la asistencia y traslado de dos adultos y un menor al Hospital de Castelli.<\/h3>\n<\/blockquote>\n<p>Tras el accidente, se iniciaron investigaciones para determinar la propiedad del animal.<\/p>\n<p>En el lugar del incidente, trabajaron bomberos de Castelli, Polic\u00eda Vial y personal de AUBASA de Emergencias M\u00e9dicas.<\/p>\n<p>fuente e imagen: entrel\u00edneas.info<\/p>\n","protected":false},"excerpt":{"rendered":"<div class=\"mh-excerpt\"><p>CASTELLI &#8211;\u00a0 Un accidente de tr\u00e1nsito ocurri\u00f3 en el kil\u00f3metro 173 de la Ruta 2, en la jurisdicci\u00f3n de Castelli, donde una camioneta colision\u00f3 con una vaca que se encontraba en medio de la carretera, <a class=\"mh-excerpt-more\" href=\"https:\/\/larevistadigital.com.ar\/blog\/ruta-2-volco-un-vehiculo-luego-de-embestir-una-vaca-suelta\/\" title=\"RUTA 2: VOLC\u00d3 UN VEH\u00cdCULO LUEGO DE EMBESTIR UNA VACA SUELTA\">[Leer M\u00e1s]<\/a><\/p>\n<\/div>","protected":false},"author":3,"featured_media":36771,"comment_status":"open","ping_status":"open","sticky":false,"template":"","format":"standard","meta":{"_jetpack_memberships_contains_paid_content":false,"footnotes":"","jetpack_publicize_message":"","jetpack_publicize_feature_enabled":true,"jetpack_social_post_already_shared":true,"jetpack_social_options":{"image_generator_settings":{"template":"highway","default_image_id":0,"font":"","enabled":false},"version":2}},"categories":[44,51],"tags":[],"class_list":{"0":"post-36770","1":"post","2":"type-post","3":"status-publish","4":"format-standard","5":"has-post-thumbnail","7":"category-policiales","8":"category-regionales"},"jetpack_publicize_connections":[],"jetpack_featured_media_url":"https:\/\/i0.wp.com\/larevistadigital.com.ar\/blog\/wp-content\/uploads\/f73e3486ddeaea229b5b2726e699037625f7e343.jpg?fit=1140%2C527&ssl=1","jetpack_sharing_enabled":true,"jetpack_shortlink":"https:\/\/wp.me\/p8qtrQ-9z4","jetpack-related-posts":[{"id":36888,"url":"https:\/\/larevistadigital.com.ar\/blog\/ruta-2-accidente-a-la-altura-de-castelli\/","url_meta":{"origin":36770,"position":0},"title":"RUTA 2: ACCIDENTE A LA ALTURA DE CASTELLI","author":"Alejandro Sosa Ruda","date":"3 agosto, 2024","format":false,"excerpt":"Afortunadamente no hubo que lamentar v\u00edctimas. 03 de Agosto de 2024 CASTELLI -\u00a0 \u00a0Un autom\u00f3vil, ocupado por tres jovenes mujeres impact\u00f3 contra el guardrail a la altura del km. 172 de la Autovia 2 en jurisdicci\u00f3n de Castelli. La conductora del veh\u00edculo, relat\u00f3 que el fuerte imp\u00e1cto se debi\u00f3 a\u2026","rel":"","context":"En \u00abSin categor\u00eda\u00bb","block_context":{"text":"Sin categor\u00eda","link":"https:\/\/larevistadigital.com.ar\/blog\/category\/sin-categoria\/"},"img":{"alt_text":"","src":"https:\/\/i0.wp.com\/larevistadigital.com.ar\/blog\/wp-content\/uploads\/Captura-de-pantalla-2024-08-03-151728.png?fit=1125%2C523&ssl=1&resize=350%2C200","width":350,"height":200,"srcset":"https:\/\/i0.wp.com\/larevistadigital.com.ar\/blog\/wp-content\/uploads\/Captura-de-pantalla-2024-08-03-151728.png?fit=1125%2C523&ssl=1&resize=350%2C200 1x, https:\/\/i0.wp.com\/larevistadigital.com.ar\/blog\/wp-content\/uploads\/Captura-de-pantalla-2024-08-03-151728.png?fit=1125%2C523&ssl=1&resize=525%2C300 1.5x, https:\/\/i0.wp.com\/larevistadigital.com.ar\/blog\/wp-content\/uploads\/Captura-de-pantalla-2024-08-03-151728.png?fit=1125%2C523&ssl=1&resize=700%2C400 2x, https:\/\/i0.wp.com\/larevistadigital.com.ar\/blog\/wp-content\/uploads\/Captura-de-pantalla-2024-08-03-151728.png?fit=1125%2C523&ssl=1&resize=1050%2C600 3x"},"classes":[]},{"id":24836,"url":"https:\/\/larevistadigital.com.ar\/blog\/castelli-fuerte-accidente-en-la-ruta-11-hay-dos-heridos\/","url_meta":{"origin":36770,"position":1},"title":"CASTELLI: FUERTE ACCIDENTE EN LA RUTA 11. HAY DOS HERIDOS","author":"Alejandro Sosa Ruda","date":"27 marzo, 2022","format":false,"excerpt":"El autom\u00f3vil en el que viajaban protagoniz\u00f3 un impactante vuelco. Los detalles. CASTELLI-\u00a0 Dos personas resultaron heridas tras despistar un autom\u00f3vil Citro\u00ebn C3 y terminar volcando en la Ruta N\u00b0 11, en el kil\u00f3metro 193 en jurisdicci\u00f3n del partido de Castelli. Como consecuencia del accidente, las dos personas que viajaban\u2026","rel":"","context":"En \u00abCASTELLI\u00bb","block_context":{"text":"CASTELLI","link":"https:\/\/larevistadigital.com.ar\/blog\/category\/castelli\/"},"img":{"alt_text":"","src":"https:\/\/i0.wp.com\/larevistadigital.com.ar\/blog\/wp-content\/uploads\/e9fa25361b0aa097e59246ab31e24d38d3c6580d.jpg?fit=1140%2C855&ssl=1&resize=350%2C200","width":350,"height":200,"srcset":"https:\/\/i0.wp.com\/larevistadigital.com.ar\/blog\/wp-content\/uploads\/e9fa25361b0aa097e59246ab31e24d38d3c6580d.jpg?fit=1140%2C855&ssl=1&resize=350%2C200 1x, https:\/\/i0.wp.com\/larevistadigital.com.ar\/blog\/wp-content\/uploads\/e9fa25361b0aa097e59246ab31e24d38d3c6580d.jpg?fit=1140%2C855&ssl=1&resize=525%2C300 1.5x, https:\/\/i0.wp.com\/larevistadigital.com.ar\/blog\/wp-content\/uploads\/e9fa25361b0aa097e59246ab31e24d38d3c6580d.jpg?fit=1140%2C855&ssl=1&resize=700%2C400 2x, https:\/\/i0.wp.com\/larevistadigital.com.ar\/blog\/wp-content\/uploads\/e9fa25361b0aa097e59246ab31e24d38d3c6580d.jpg?fit=1140%2C855&ssl=1&resize=1050%2C600 3x"},"classes":[]},{"id":37577,"url":"https:\/\/larevistadigital.com.ar\/blog\/tragedia-en-castelli-un-muerto-y-cuatro-heridos-tras-el-despiste-de-un-micro-en-la-ruta-2\/","url_meta":{"origin":36770,"position":2},"title":"Tragedia en Castelli: un muerto y cuatro heridos tras el despiste de un micro en la ruta 2","author":"Alejandro Sosa Ruda","date":"20 octubre, 2024","format":false,"excerpt":"Accidente fatal, se desconocen a\u00fan las causas que lo originaron. 20 de Octubre de 2024 CASTELLI -\u00a0 \u00a0En un fatal accidente un colectivo de la empresa PlataBus,\u00a0\u200bdespist\u00f3 a la altura del kil\u00f3metro 185 de la Autov\u00eda 2\u00a0en la mano hacia\u00a0 Mar del Plata.\u00a0 La causa del siniestro, habr\u00eda sido una\u2026","rel":"","context":"En \u00abCASTELLI\u00bb","block_context":{"text":"CASTELLI","link":"https:\/\/larevistadigital.com.ar\/blog\/category\/castelli\/"},"img":{"alt_text":"","src":"https:\/\/i0.wp.com\/larevistadigital.com.ar\/blog\/wp-content\/uploads\/fb6419854f90c4174408b94ad6806f38f4326539.jpg?fit=1140%2C630&ssl=1&resize=350%2C200","width":350,"height":200,"srcset":"https:\/\/i0.wp.com\/larevistadigital.com.ar\/blog\/wp-content\/uploads\/fb6419854f90c4174408b94ad6806f38f4326539.jpg?fit=1140%2C630&ssl=1&resize=350%2C200 1x, https:\/\/i0.wp.com\/larevistadigital.com.ar\/blog\/wp-content\/uploads\/fb6419854f90c4174408b94ad6806f38f4326539.jpg?fit=1140%2C630&ssl=1&resize=525%2C300 1.5x, https:\/\/i0.wp.com\/larevistadigital.com.ar\/blog\/wp-content\/uploads\/fb6419854f90c4174408b94ad6806f38f4326539.jpg?fit=1140%2C630&ssl=1&resize=700%2C400 2x, https:\/\/i0.wp.com\/larevistadigital.com.ar\/blog\/wp-content\/uploads\/fb6419854f90c4174408b94ad6806f38f4326539.jpg?fit=1140%2C630&ssl=1&resize=1050%2C600 3x"},"classes":[]},{"id":31775,"url":"https:\/\/larevistadigital.com.ar\/blog\/accidente-con-un-herido-chascomunense-en-la-ruta-2\/","url_meta":{"origin":36770,"position":3},"title":"ACCIDENTE CON UN HERIDO CHASCOMUNENSE EN LA RUTA 2","author":"Alejandro Sosa Ruda","date":"27 mayo, 2023","format":false,"excerpt":"Ocurri\u00f3 por la ma\u00f1ana, a la altura de la localidad de Castelli, y el conductor del veh\u00edculo debi\u00f3 ser trasladado para ser atendido. 27 de mayo de 2023 CASTELLI -\u00a0 Durante la ma\u00f1ana del d\u00eda de hoy se produjo un accidente de tr\u00e1nsito a la altura del kil\u00f3metro 169 de\u2026","rel":"","context":"En \u00abINTERES GENERAL\u00bb","block_context":{"text":"INTERES GENERAL","link":"https:\/\/larevistadigital.com.ar\/blog\/category\/interes-general\/"},"img":{"alt_text":"","src":"https:\/\/i0.wp.com\/larevistadigital.com.ar\/blog\/wp-content\/uploads\/399b8f4106c11ed3852306f121d8dd6bc9282d7a.jpg?fit=924%2C900&ssl=1&resize=350%2C200","width":350,"height":200,"srcset":"https:\/\/i0.wp.com\/larevistadigital.com.ar\/blog\/wp-content\/uploads\/399b8f4106c11ed3852306f121d8dd6bc9282d7a.jpg?fit=924%2C900&ssl=1&resize=350%2C200 1x, https:\/\/i0.wp.com\/larevistadigital.com.ar\/blog\/wp-content\/uploads\/399b8f4106c11ed3852306f121d8dd6bc9282d7a.jpg?fit=924%2C900&ssl=1&resize=525%2C300 1.5x, https:\/\/i0.wp.com\/larevistadigital.com.ar\/blog\/wp-content\/uploads\/399b8f4106c11ed3852306f121d8dd6bc9282d7a.jpg?fit=924%2C900&ssl=1&resize=700%2C400 2x"},"classes":[]},{"id":43660,"url":"https:\/\/larevistadigital.com.ar\/blog\/grave-accidente-en-la-ruta-2-un-auto-choco-contra-un-camion-y-tres-personas-resultaron-heridas\/","url_meta":{"origin":36770,"position":4},"title":"Grave accidente en la Ruta 2: un auto choc\u00f3 contra un cami\u00f3n y tres personas resultaron heridas","author":"Alejandro Sosa Ruda","date":"30 enero, 2026","format":false,"excerpt":"Un grave accidente de tr\u00e1nsito se registr\u00f3 este martes por la noche en el kil\u00f3metro 181 de la Ruta 2, en jurisdicci\u00f3n del partido de Castelli, cuando un autom\u00f3vil Volkswagen Vento impact\u00f3 por alcance contra un cami\u00f3n y termin\u00f3 incrustado debajo del acoplado. 30 de enero de 2026 CASTELLI -\u00a0\u2026","rel":"","context":"En \u00abCASTELLI\u00bb","block_context":{"text":"CASTELLI","link":"https:\/\/larevistadigital.com.ar\/blog\/category\/castelli\/"},"img":{"alt_text":"","src":"https:\/\/i0.wp.com\/larevistadigital.com.ar\/blog\/wp-content\/uploads\/02ae428c877f7f90053ead54fd4f8778518fdb70.jpg?fit=1140%2C641&ssl=1&resize=350%2C200","width":350,"height":200,"srcset":"https:\/\/i0.wp.com\/larevistadigital.com.ar\/blog\/wp-content\/uploads\/02ae428c877f7f90053ead54fd4f8778518fdb70.jpg?fit=1140%2C641&ssl=1&resize=350%2C200 1x, https:\/\/i0.wp.com\/larevistadigital.com.ar\/blog\/wp-content\/uploads\/02ae428c877f7f90053ead54fd4f8778518fdb70.jpg?fit=1140%2C641&ssl=1&resize=525%2C300 1.5x, https:\/\/i0.wp.com\/larevistadigital.com.ar\/blog\/wp-content\/uploads\/02ae428c877f7f90053ead54fd4f8778518fdb70.jpg?fit=1140%2C641&ssl=1&resize=700%2C400 2x, https:\/\/i0.wp.com\/larevistadigital.com.ar\/blog\/wp-content\/uploads\/02ae428c877f7f90053ead54fd4f8778518fdb70.jpg?fit=1140%2C641&ssl=1&resize=1050%2C600 3x"},"classes":[]},{"id":19141,"url":"https:\/\/larevistadigital.com.ar\/blog\/ruta-2-accidente-a-la-altura-de-castelli-con-cinco-heridos\/","url_meta":{"origin":36770,"position":5},"title":"RUTA 2: ACCIDENTE A LA ALTURA DE CASTELLI CON CINCO HERIDOS","author":"Alejandro Sosa Ruda","date":"2 marzo, 2021","format":false,"excerpt":"El choque fue protagonizado por un cami\u00f3n y una camioneta. Los servicios de emergencia debieron asistir a los ocupantes de los veh\u00edculos. Un total de cinco personas resultaron heridas como consecuencia de un accidente de tr\u00e1nsito ocurrido en el kil\u00f3metro 193 de la Ruta 2, en jurisdicci\u00f3n del partido de\u2026","rel":"","context":"En \u00abINTERES GENERAL\u00bb","block_context":{"text":"INTERES GENERAL","link":"https:\/\/larevistadigital.com.ar\/blog\/category\/interes-general\/"},"img":{"alt_text":"","src":"https:\/\/i0.wp.com\/larevistadigital.com.ar\/blog\/wp-content\/uploads\/baddb3d915a1a844eab9dab86c67cb371d190bb7.jpg?fit=1140%2C699&ssl=1&resize=350%2C200","width":350,"height":200,"srcset":"https:\/\/i0.wp.com\/larevistadigital.com.ar\/blog\/wp-content\/uploads\/baddb3d915a1a844eab9dab86c67cb371d190bb7.jpg?fit=1140%2C699&ssl=1&resize=350%2C200 1x, https:\/\/i0.wp.com\/larevistadigital.com.ar\/blog\/wp-content\/uploads\/baddb3d915a1a844eab9dab86c67cb371d190bb7.jpg?fit=1140%2C699&ssl=1&resize=525%2C300 1.5x, https:\/\/i0.wp.com\/larevistadigital.com.ar\/blog\/wp-content\/uploads\/baddb3d915a1a844eab9dab86c67cb371d190bb7.jpg?fit=1140%2C699&ssl=1&resize=700%2C400 2x, https:\/\/i0.wp.com\/larevistadigital.com.ar\/blog\/wp-content\/uploads\/baddb3d915a1a844eab9dab86c67cb371d190bb7.jpg?fit=1140%2C699&ssl=1&resize=1050%2C600 3x"},"classes":[]}],"_links":{"self":[{"href":"https:\/\/larevistadigital.com.ar\/blog\/wp-json\/wp\/v2\/posts\/36770","targetHints":{"allow":["GET"]}}],"collection":[{"href":"https:\/\/larevistadigital.com.ar\/blog\/wp-json\/wp\/v2\/posts"}],"about":[{"href":"https:\/\/larevistadigital.com.ar\/blog\/wp-json\/wp\/v2\/types\/post"}],"author":[{"embeddable":true,"href":"https:\/\/larevistadigital.com.ar\/blog\/wp-json\/wp\/v2\/users\/3"}],"replies":[{"embeddable":true,"href":"https:\/\/larevistadigital.com.ar\/blog\/wp-json\/wp\/v2\/comments?post=36770"}],"version-history":[{"count":1,"href":"https:\/\/larevistadigital.com.ar\/blog\/wp-json\/wp\/v2\/posts\/36770\/revisions"}],"predecessor-version":[{"id":36772,"href":"https:\/\/larevistadigital.com.ar\/blog\/wp-json\/wp\/v2\/posts\/36770\/revisions\/36772"}],"wp:featuredmedia":[{"embeddable":true,"href":"https:\/\/larevistadigital.com.ar\/blog\/wp-json\/wp\/v2\/media\/36771"}],"wp:attachment":[{"href":"https:\/\/larevistadigital.com.ar\/blog\/wp-json\/wp\/v2\/media?parent=36770"}],"wp:term":[{"taxonomy":"category","embeddable":true,"href":"https:\/\/larevistadigital.com.ar\/blog\/wp-json\/wp\/v2\/categories?post=36770"},{"taxonomy":"post_tag","embeddable":true,"href":"https:\/\/larevistadigital.com.ar\/blog\/wp-json\/wp\/v2\/tags?post=36770"}],"curies":[{"name":"wp","href":"https:\/\/api.w.org\/{rel}","templated":true}]}}