{"id":36773,"date":"2024-07-23T13:23:57","date_gmt":"2024-07-23T16:23:57","guid":{"rendered":"https:\/\/larevistadigital.com.ar\/blog\/?p=36773"},"modified":"2024-07-23T13:23:57","modified_gmt":"2024-07-23T16:23:57","slug":"mar-del-plata-crecio-un-55-el-robo-de-autos","status":"publish","type":"post","link":"https:\/\/larevistadigital.com.ar\/blog\/mar-del-plata-crecio-un-55-el-robo-de-autos\/","title":{"rendered":"MAR DEL PLATA: CRECI\u00d3 UN 55% EL ROBO DE AUTOS"},"content":{"rendered":"<p><strong>MAR DEL PLATA &#8211;<\/strong>\u00a0 El robo y hurto de autos en Mar del Plata aument\u00f3 un 55% durante el mes de junio en comparaci\u00f3n con el mes anterior, seg\u00fan el informe del Centro Municipal de An\u00e1lisis Estrat\u00e9gico del Delito (CeMAED). Esta cifra representa el nivel m\u00e1s alto registrado para este mes en la serie de 2015 a 2024.<\/p>\n<p><img data-recalc-dims=\"1\" loading=\"lazy\" decoding=\"async\" class=\"alignnone size-full wp-image-36774\" src=\"https:\/\/i0.wp.com\/larevistadigital.com.ar\/blog\/wp-content\/uploads\/Captura-de-pantalla-2024-07-23-130349.png?resize=658%2C427&#038;ssl=1\" alt=\"\" width=\"658\" height=\"427\" srcset=\"https:\/\/i0.wp.com\/larevistadigital.com.ar\/blog\/wp-content\/uploads\/Captura-de-pantalla-2024-07-23-130349.png?w=658&amp;ssl=1 658w, https:\/\/i0.wp.com\/larevistadigital.com.ar\/blog\/wp-content\/uploads\/Captura-de-pantalla-2024-07-23-130349.png?resize=300%2C195&amp;ssl=1 300w\" sizes=\"auto, (max-width: 658px) 100vw, 658px\" \/>De las 158 sustracciones reportadas en junio, frente a las 102 de mayo, el 65% se realiz\u00f3 bajo la modalidad de hurto, mientras que el resto fueron robos. \u00abEn cuatro casos se menciona la presencia de un arma de fuego al momento de cometerse el delito y en diez otra arma\u00bb, indica el reporte.<\/p>\n<p>Las jurisdicciones m\u00e1s afectadas fueron la segunda, con 23 incidentes, seguida por la cuarta y sexta, con 19 casos cada una. En cuanto a las \u00e1reas espec\u00edficas, el Centro (11) y los barrios Belgrano (9) y Libertad (7) encabezan el ranking de robos y hurtos de autos.<\/p>\n<p><img data-recalc-dims=\"1\" loading=\"lazy\" decoding=\"async\" class=\"alignnone size-full wp-image-36776\" src=\"https:\/\/i0.wp.com\/larevistadigital.com.ar\/blog\/wp-content\/uploads\/Captura-de-pantalla-2024-07-23-130503.png?resize=699%2C411&#038;ssl=1\" alt=\"\" width=\"699\" height=\"411\" srcset=\"https:\/\/i0.wp.com\/larevistadigital.com.ar\/blog\/wp-content\/uploads\/Captura-de-pantalla-2024-07-23-130503.png?w=699&amp;ssl=1 699w, https:\/\/i0.wp.com\/larevistadigital.com.ar\/blog\/wp-content\/uploads\/Captura-de-pantalla-2024-07-23-130503.png?resize=300%2C176&amp;ssl=1 300w\" sizes=\"auto, (max-width: 699px) 100vw, 699px\" \/>En cuanto a las marcas de veh\u00edculos, Volkswagen y Fiat lideraron la lista con 29 sustracciones cada una, seguidas por Chevrolet con 23 y Ford con 20. Los modelos m\u00e1s robados fueron el Chevrolet Corsa y el VW Gol, con 13 casos cada uno.<\/p>\n<p>La zona con mayor frecuencia de robos se delimit\u00f3 entre las calles San Lorenzo, Tucum\u00e1n, Roca y Belgrano. Seg\u00fan el CeMAED, otras tres \u00e1reas con alta frecuencia de robos se encuentran en 9 de Julio, Rawson, Jujuy y Chaco; Arana y Goiri, Ayolas, Carlos Gardel y calle 256; y 3 de Febrero, Arru\u00e9, Bordabehere y la avenida Col\u00f3n.<\/p>\n<p>Las denuncias indican que los s\u00e1bados son los d\u00edas con mayor cantidad de robos, mientras que los domingos registran la menor incidencia. Los horarios m\u00e1s cr\u00edticos son entre las 18 y las 20, entre las 22 y las 24, y entre las 14 y las 15. En cuanto a la distribuci\u00f3n horaria, se registraron 38 robos entre las 0 y las 8, 49 entre las 8 y las 16, y 71 entre las 16 y las 24.<\/p>\n","protected":false},"excerpt":{"rendered":"<div class=\"mh-excerpt\"><p>MAR DEL PLATA &#8211;\u00a0 El robo y hurto de autos en Mar del Plata aument\u00f3 un 55% durante el mes de junio en comparaci\u00f3n con el mes anterior, seg\u00fan el informe del Centro Municipal de <a class=\"mh-excerpt-more\" href=\"https:\/\/larevistadigital.com.ar\/blog\/mar-del-plata-crecio-un-55-el-robo-de-autos\/\" title=\"MAR DEL PLATA: CRECI\u00d3 UN 55% EL ROBO DE AUTOS\">[Leer M\u00e1s]<\/a><\/p>\n<\/div>","protected":false},"author":3,"featured_media":36777,"comment_status":"open","ping_status":"open","sticky":false,"template":"","format":"standard","meta":{"_jetpack_memberships_contains_paid_content":false,"footnotes":"","jetpack_publicize_message":"","jetpack_publicize_feature_enabled":true,"jetpack_social_post_already_shared":true,"jetpack_social_options":{"image_generator_settings":{"template":"highway","default_image_id":0,"font":"","enabled":false},"version":2}},"categories":[44,51,1],"tags":[],"class_list":{"0":"post-36773","1":"post","2":"type-post","3":"status-publish","4":"format-standard","5":"has-post-thumbnail","7":"category-policiales","8":"category-regionales","9":"category-sin-categoria"},"jetpack_publicize_connections":[],"jetpack_featured_media_url":"https:\/\/i0.wp.com\/larevistadigital.com.ar\/blog\/wp-content\/uploads\/Captura-de-pantalla-2024-07-23-125659.png?fit=810%2C414&ssl=1","jetpack_sharing_enabled":true,"jetpack_shortlink":"https:\/\/wp.me\/p8qtrQ-9z7","jetpack-related-posts":[{"id":32947,"url":"https:\/\/larevistadigital.com.ar\/blog\/mar-del-plata-cifras-oficiales-el-robo-de-autos-crecio-un-54\/","url_meta":{"origin":36773,"position":0},"title":"MAR DEL PLATA (CIFRAS OFICIALES) EL ROBO DE AUTOS CRECI\u00d3 UN 54%","author":"Alejandro Sosa Ruda","date":"21 agosto, 2023","format":false,"excerpt":"El dato surge del \u00faltimo informe del Centro Municipal de An\u00e1lisis Estrat\u00e9gico de Delito. La comparaci\u00f3n es con los primeros siete meses del a\u00f1o pasado. Los autos m\u00e1s robados en la ciudad fueron el Chevrolet Corsa y el Volkswagen Gol, seguidos por el Fiat Siena. Los primeros cinco puestos se\u2026","rel":"","context":"En \u00abPOLICIALES\u00bb","block_context":{"text":"POLICIALES","link":"https:\/\/larevistadigital.com.ar\/blog\/category\/policiales\/"},"img":{"alt_text":"","src":"https:\/\/i0.wp.com\/larevistadigital.com.ar\/blog\/wp-content\/uploads\/20230821175057_robo-de-autos.jpg?fit=880%2C512&ssl=1&resize=350%2C200","width":350,"height":200,"srcset":"https:\/\/i0.wp.com\/larevistadigital.com.ar\/blog\/wp-content\/uploads\/20230821175057_robo-de-autos.jpg?fit=880%2C512&ssl=1&resize=350%2C200 1x, https:\/\/i0.wp.com\/larevistadigital.com.ar\/blog\/wp-content\/uploads\/20230821175057_robo-de-autos.jpg?fit=880%2C512&ssl=1&resize=525%2C300 1.5x, https:\/\/i0.wp.com\/larevistadigital.com.ar\/blog\/wp-content\/uploads\/20230821175057_robo-de-autos.jpg?fit=880%2C512&ssl=1&resize=700%2C400 2x"},"classes":[]},{"id":40932,"url":"https:\/\/larevistadigital.com.ar\/blog\/mar-del-plata-pasajero-de-uber-le-apunto-con-arma-a-la-conductora-y-le-robo-el-auto\/","url_meta":{"origin":36773,"position":1},"title":"Mar del Plata: Pasajero de Uber le apunt\u00f3 con arma a la conductora y le rob\u00f3 el auto","author":"Alejandro Sosa Ruda","date":"15 agosto, 2025","format":false,"excerpt":"La v\u00edctima es una mujer de 60 a\u00f1os. Recuperaron el rodado y aprehendieron a tres hombres. 15 de agosto de 2025 MAR DEL PLATA -\u00a0 \u00a0Una mujer de 60 a\u00f1os, que trabajaba con la aplicaci\u00f3n Uber, fue v\u00edctima de un violento asalto el jueves por la noche, cuando un hombre\u2026","rel":"","context":"En \u00abPOLICIALES\u00bb","block_context":{"text":"POLICIALES","link":"https:\/\/larevistadigital.com.ar\/blog\/category\/policiales\/"},"img":{"alt_text":"","src":"","width":0,"height":0},"classes":[]},{"id":33112,"url":"https:\/\/larevistadigital.com.ar\/blog\/mar-del-plata-quisieron-robar-un-bano-quimico-en-un-falcon-y-fueron-descubiertos\/","url_meta":{"origin":36773,"position":2},"title":"MAR DEL PLATA: QUISIERON ROBAR UN BA\u00d1O QU\u00cdMICO EN UN FALCON Y FUERON DESCUBIERTOS","author":"Alejandro Sosa Ruda","date":"29 agosto, 2023","format":false,"excerpt":"El hecho ocurri\u00f3 esta madrugada en un balneario del barrio Alfar. Los delincuentes, dos hombres de 44 y 45 a\u00f1os, quedaron aprehendidos. 29 de agosto de 2023 MAR DEL PLATA -\u00a0 Una alerta al n\u00famero de emergencias 911 puso en movimiento al personal de la comisar\u00eda decimotercera al sur de\u2026","rel":"","context":"En \u00abPOLICIALES\u00bb","block_context":{"text":"POLICIALES","link":"https:\/\/larevistadigital.com.ar\/blog\/category\/policiales\/"},"img":{"alt_text":"","src":"https:\/\/i0.wp.com\/larevistadigital.com.ar\/blog\/wp-content\/uploads\/Captura-de-pantalla-2023-08-29-140522.jpg?fit=824%2C458&ssl=1&resize=350%2C200","width":350,"height":200,"srcset":"https:\/\/i0.wp.com\/larevistadigital.com.ar\/blog\/wp-content\/uploads\/Captura-de-pantalla-2023-08-29-140522.jpg?fit=824%2C458&ssl=1&resize=350%2C200 1x, https:\/\/i0.wp.com\/larevistadigital.com.ar\/blog\/wp-content\/uploads\/Captura-de-pantalla-2023-08-29-140522.jpg?fit=824%2C458&ssl=1&resize=525%2C300 1.5x, https:\/\/i0.wp.com\/larevistadigital.com.ar\/blog\/wp-content\/uploads\/Captura-de-pantalla-2023-08-29-140522.jpg?fit=824%2C458&ssl=1&resize=700%2C400 2x"},"classes":[]},{"id":30110,"url":"https:\/\/larevistadigital.com.ar\/blog\/mar-del-plata-detienen-a-tres-hombres-por-el-asalto-a-una-estancia\/","url_meta":{"origin":36773,"position":3},"title":"MAR DEL PLATA: DETIENEN A TRES HOMBRES POR EL ASALTO A UNA ESTANCIA","author":"Alejandro Sosa Ruda","date":"10 febrero, 2023","format":false,"excerpt":"Las v\u00edctimas del hecho fueron dos mujeres jubiladas en el paraje El Verano, entre Balcarce y Napaleof\u00fa. 10 de febrero de 2023 MAR DEL PLATA -\u00a0 Luego de algunos allanamientos, se detuvo a tres hombres que habr\u00edan tenido relaci\u00f3n con un hecho de robo contra dos mujeres en una estancia\u2026","rel":"","context":"En \u00abPOLICIALES\u00bb","block_context":{"text":"POLICIALES","link":"https:\/\/larevistadigital.com.ar\/blog\/category\/policiales\/"},"img":{"alt_text":"","src":"https:\/\/i0.wp.com\/larevistadigital.com.ar\/blog\/wp-content\/uploads\/ROBO-MDQ.jpg?fit=776%2C418&ssl=1&resize=350%2C200","width":350,"height":200,"srcset":"https:\/\/i0.wp.com\/larevistadigital.com.ar\/blog\/wp-content\/uploads\/ROBO-MDQ.jpg?fit=776%2C418&ssl=1&resize=350%2C200 1x, https:\/\/i0.wp.com\/larevistadigital.com.ar\/blog\/wp-content\/uploads\/ROBO-MDQ.jpg?fit=776%2C418&ssl=1&resize=525%2C300 1.5x, https:\/\/i0.wp.com\/larevistadigital.com.ar\/blog\/wp-content\/uploads\/ROBO-MDQ.jpg?fit=776%2C418&ssl=1&resize=700%2C400 2x"},"classes":[]},{"id":32041,"url":"https:\/\/larevistadigital.com.ar\/blog\/mar-del-plata-quiso-robar-armado-con-un-martillo-y-fue-capturado\/","url_meta":{"origin":36773,"position":4},"title":"MAR DEL PLATA: QUISO ROBAR ARMADO CON UN MARTILLO Y FUE CAPTURADO","author":"Alejandro Sosa Ruda","date":"16 junio, 2023","format":false,"excerpt":"Luego del intento de robo, fue detenido por la polic\u00eda. 16 de junio de 2023 Un individuo de 31 a\u00f1os que ingres\u00f3 a una residencia del barrio Regional con la intenci\u00f3n de robar y, tras forcejear con la propietaria, logr\u00f3 escapar, fue finalmente arrestado por la polic\u00eda despu\u00e9s de recibir\u2026","rel":"","context":"En \u00abPOLICIALES\u00bb","block_context":{"text":"POLICIALES","link":"https:\/\/larevistadigital.com.ar\/blog\/category\/policiales\/"},"img":{"alt_text":"","src":"https:\/\/i0.wp.com\/larevistadigital.com.ar\/blog\/wp-content\/uploads\/ladron-martillo.jpg?fit=812%2C350&ssl=1&resize=350%2C200","width":350,"height":200,"srcset":"https:\/\/i0.wp.com\/larevistadigital.com.ar\/blog\/wp-content\/uploads\/ladron-martillo.jpg?fit=812%2C350&ssl=1&resize=350%2C200 1x, https:\/\/i0.wp.com\/larevistadigital.com.ar\/blog\/wp-content\/uploads\/ladron-martillo.jpg?fit=812%2C350&ssl=1&resize=525%2C300 1.5x, https:\/\/i0.wp.com\/larevistadigital.com.ar\/blog\/wp-content\/uploads\/ladron-martillo.jpg?fit=812%2C350&ssl=1&resize=700%2C400 2x"},"classes":[]},{"id":14386,"url":"https:\/\/larevistadigital.com.ar\/blog\/mar-del-plata-asaltan-heladeria-a-mano-armada-fueron-detenidos\/","url_meta":{"origin":36773,"position":5},"title":"MAR DEL PLATA: ASALTAN HELADER\u00cdA A MANO ARMADA. FUERON DETENIDOS","author":"Alejandro Sosa Ruda","date":"26 enero, 2020","format":false,"excerpt":"Tres hombres, de entre 28 y 43 a\u00f1os, fueron detenidos esta madrugada acusados de haber robado a mano armada una helader\u00eda en\u00a0Col\u00f3n y Buenos Aires\u00a0y escapado en dos autos tras una persecuci\u00f3n que termin\u00f3 a metros del\u00a0Parque Camet. El hecho se registr\u00f3 cerca de las 4 de la madrugada, cuando\u2026","rel":"","context":"En \u00abPOLICIALES\u00bb","block_context":{"text":"POLICIALES","link":"https:\/\/larevistadigital.com.ar\/blog\/category\/policiales\/"},"img":{"alt_text":"","src":"https:\/\/i0.wp.com\/larevistadigital.com.ar\/blog\/wp-content\/uploads\/Screenshot_2-74.jpg?fit=1010%2C720&ssl=1&resize=350%2C200","width":350,"height":200,"srcset":"https:\/\/i0.wp.com\/larevistadigital.com.ar\/blog\/wp-content\/uploads\/Screenshot_2-74.jpg?fit=1010%2C720&ssl=1&resize=350%2C200 1x, https:\/\/i0.wp.com\/larevistadigital.com.ar\/blog\/wp-content\/uploads\/Screenshot_2-74.jpg?fit=1010%2C720&ssl=1&resize=525%2C300 1.5x, https:\/\/i0.wp.com\/larevistadigital.com.ar\/blog\/wp-content\/uploads\/Screenshot_2-74.jpg?fit=1010%2C720&ssl=1&resize=700%2C400 2x"},"classes":[]}],"_links":{"self":[{"href":"https:\/\/larevistadigital.com.ar\/blog\/wp-json\/wp\/v2\/posts\/36773","targetHints":{"allow":["GET"]}}],"collection":[{"href":"https:\/\/larevistadigital.com.ar\/blog\/wp-json\/wp\/v2\/posts"}],"about":[{"href":"https:\/\/larevistadigital.com.ar\/blog\/wp-json\/wp\/v2\/types\/post"}],"author":[{"embeddable":true,"href":"https:\/\/larevistadigital.com.ar\/blog\/wp-json\/wp\/v2\/users\/3"}],"replies":[{"embeddable":true,"href":"https:\/\/larevistadigital.com.ar\/blog\/wp-json\/wp\/v2\/comments?post=36773"}],"version-history":[{"count":1,"href":"https:\/\/larevistadigital.com.ar\/blog\/wp-json\/wp\/v2\/posts\/36773\/revisions"}],"predecessor-version":[{"id":36778,"href":"https:\/\/larevistadigital.com.ar\/blog\/wp-json\/wp\/v2\/posts\/36773\/revisions\/36778"}],"wp:featuredmedia":[{"embeddable":true,"href":"https:\/\/larevistadigital.com.ar\/blog\/wp-json\/wp\/v2\/media\/36777"}],"wp:attachment":[{"href":"https:\/\/larevistadigital.com.ar\/blog\/wp-json\/wp\/v2\/media?parent=36773"}],"wp:term":[{"taxonomy":"category","embeddable":true,"href":"https:\/\/larevistadigital.com.ar\/blog\/wp-json\/wp\/v2\/categories?post=36773"},{"taxonomy":"post_tag","embeddable":true,"href":"https:\/\/larevistadigital.com.ar\/blog\/wp-json\/wp\/v2\/tags?post=36773"}],"curies":[{"name":"wp","href":"https:\/\/api.w.org\/{rel}","templated":true}]}}