{"id":36779,"date":"2024-07-23T13:40:05","date_gmt":"2024-07-23T16:40:05","guid":{"rendered":"https:\/\/larevistadigital.com.ar\/blog\/?p=36779"},"modified":"2024-07-23T13:40:05","modified_gmt":"2024-07-23T16:40:05","slug":"ruta-9-volco-un-camion-que-transportaba-vacunos","status":"publish","type":"post","link":"https:\/\/larevistadigital.com.ar\/blog\/ruta-9-volco-un-camion-que-transportaba-vacunos\/","title":{"rendered":"RUTA 9: VOLC\u00d3 UN CAMI\u00d3N QUE TRANSPORTABA VACUNOS"},"content":{"rendered":"<div class=\"x11i5rnm xat24cr x1mh8g0r x1vvkbs xtlvy1s x126k92a\">\n<div dir=\"auto\"><\/div>\n<\/div>\n<div dir=\"auto\">23 de Julio de 2024<\/div>\n<div dir=\"auto\"><\/div>\n<div class=\"x11i5rnm xat24cr x1mh8g0r x1vvkbs xtlvy1s x126k92a\">\n<div dir=\"auto\"><strong>GENERAL ACHA &#8211;\u00a0<\/strong> Un cami\u00f3n cargado con hacienda volc\u00f3 ayer lunes por la tarde sobre la ruta Provincial 9. Seg\u00fan explicaron desde la polic\u00eda, <strong><em>\u00abse le bloque\u00f3 el cami\u00f3n, por un desperfecto en los frenos, por lo que termin\u00f3 volcando\u00bb.<\/em><\/strong><\/div>\n<\/div>\n<div class=\"x11i5rnm xat24cr x1mh8g0r x1vvkbs xtlvy1s x126k92a\">\n<blockquote>\n<h3 dir=\"auto\">El siniestro vial se produjo en una de las curvas que va hacia la laguna de Utrac\u00e1n y el camionero solo sufri\u00f3 algunas lesiones leves.<\/h3>\n<\/blockquote>\n<div dir=\"auto\">El chofer, oriundo de Santa Fe, cont\u00f3 que hab\u00eda cargado hacienda en una feria achense y volv\u00eda a su ciudad.<\/div>\n<blockquote>\n<h3 dir=\"auto\">Fue r\u00e1pidamente atendido por el personal de salud del Hospital Padre \u00c1ngel Buodo, y se encontraba a la espera de un transporte proporcionado por la feria para el traslado de los vacunos.<\/h3>\n<\/blockquote>\n<div dir=\"auto\">En tanto, el comisario <strong>Villena<\/strong>, a cargo de la comisar\u00eda de General Acha, indic\u00f3 al portal Telega que el camionero circulaba a baja velocidad, a 60 kil\u00f3metros por hora y <strong><em>\u00abtuvo un desperfecto en los frenos, cuando intent\u00f3 frenar en la curva, el chasis se tir\u00f3 al costado y termin\u00f3 volcando\u00bb<\/em><\/strong>.<\/div>\n<\/div>\n<div class=\"x11i5rnm xat24cr x1mh8g0r x1vvkbs xtlvy1s x126k92a\">\n<blockquote>\n<h3 dir=\"auto\">El jefe policial a\u00f1adi\u00f3 que no fue necesaria la intervenci\u00f3n de veterinarios, y que los due\u00f1os de la hacienda determinar\u00edan el traslado de los animales vivos y sacrificar\u00edan a los restantes.<\/h3>\n<\/blockquote>\n<div dir=\"auto\">A la vera de la ruta, apoyado sobre un lateral, qued\u00f3 depositado el cami\u00f3n varias horas, mientras la polic\u00eda y bomberos voluntarios controlaban y despejaban el camino. Por el siniestro vial, se instal\u00f3 un control en el cruce las rutas 9 y 152, y desviaron a los viajeros con destino a Santa Rosa por el camino a Padre Buodo, y permitieron el paso a aquellos que viajaban exclusivamente a Quehu\u00e9.<\/div>\n<\/div>\n","protected":false},"excerpt":{"rendered":"<div class=\"mh-excerpt\"><p>23 de Julio de 2024 GENERAL ACHA &#8211;\u00a0 Un cami\u00f3n cargado con hacienda volc\u00f3 ayer lunes por la tarde sobre la ruta Provincial 9. Seg\u00fan explicaron desde la polic\u00eda, \u00abse le bloque\u00f3 el cami\u00f3n, por <a class=\"mh-excerpt-more\" href=\"https:\/\/larevistadigital.com.ar\/blog\/ruta-9-volco-un-camion-que-transportaba-vacunos\/\" title=\"RUTA 9: VOLC\u00d3 UN CAMI\u00d3N QUE TRANSPORTABA VACUNOS\">[Leer M\u00e1s]<\/a><\/p>\n<\/div>","protected":false},"author":3,"featured_media":36780,"comment_status":"open","ping_status":"open","sticky":false,"template":"","format":"standard","meta":{"_jetpack_memberships_contains_paid_content":false,"footnotes":"","jetpack_publicize_message":"","jetpack_publicize_feature_enabled":true,"jetpack_social_post_already_shared":true,"jetpack_social_options":{"image_generator_settings":{"template":"highway","default_image_id":0,"font":"","enabled":false},"version":2}},"categories":[44,51],"tags":[],"class_list":{"0":"post-36779","1":"post","2":"type-post","3":"status-publish","4":"format-standard","5":"has-post-thumbnail","7":"category-policiales","8":"category-regionales"},"jetpack_publicize_connections":[],"jetpack_featured_media_url":"https:\/\/i0.wp.com\/larevistadigital.com.ar\/blog\/wp-content\/uploads\/452450566_906295751535558_6082831068133494202_n.jpg?fit=860%2C452&ssl=1","jetpack_sharing_enabled":true,"jetpack_shortlink":"https:\/\/wp.me\/p8qtrQ-9zd","jetpack-related-posts":[{"id":19625,"url":"https:\/\/larevistadigital.com.ar\/blog\/volco-un-camion-en-la-ruta-29\/","url_meta":{"origin":36779,"position":0},"title":"VOLC\u00d3 UN CAMI\u00d3N EN LA RUTA 29","author":"Alejandro Sosa Ruda","date":"13 abril, 2021","format":false,"excerpt":"UDAQUIOLA - Un cami\u00f3n que transportaba maderas volc\u00f3 este martes a la madrugada en ruta 29 en cercan\u00edas al cruce con la localidad de Udaquiola obligando a la intervenci\u00f3n de Bomberos Voluntarios como de Polic\u00eda, teniendo en cuenta que el pesado transporte qued\u00f3 sobre la cinta asf\u00e1ltica, donde dej\u00f3 tendida\u2026","rel":"","context":"En \u00abPOLICIALES\u00bb","block_context":{"text":"POLICIALES","link":"https:\/\/larevistadigital.com.ar\/blog\/category\/policiales\/"},"img":{"alt_text":"","src":"https:\/\/i0.wp.com\/larevistadigital.com.ar\/blog\/wp-content\/uploads\/camion-vuelco.jpeg?fit=806%2C408&ssl=1&resize=350%2C200","width":350,"height":200,"srcset":"https:\/\/i0.wp.com\/larevistadigital.com.ar\/blog\/wp-content\/uploads\/camion-vuelco.jpeg?fit=806%2C408&ssl=1&resize=350%2C200 1x, https:\/\/i0.wp.com\/larevistadigital.com.ar\/blog\/wp-content\/uploads\/camion-vuelco.jpeg?fit=806%2C408&ssl=1&resize=525%2C300 1.5x, https:\/\/i0.wp.com\/larevistadigital.com.ar\/blog\/wp-content\/uploads\/camion-vuelco.jpeg?fit=806%2C408&ssl=1&resize=700%2C400 2x"},"classes":[]},{"id":19921,"url":"https:\/\/larevistadigital.com.ar\/blog\/coronel-pringles-vecinos-saquearon-un-camion-que-volco-en-la-ruta-51\/","url_meta":{"origin":36779,"position":1},"title":"CORONEL PRINGLES: VECINOS SAQUEARON UN CAMI\u00d3N QUE VOLC\u00d3 EN LA RUTA 51","author":"Alejandro Sosa Ruda","date":"29 abril, 2021","format":false,"excerpt":"CORONEL PRINGLES - En la medianoche del domingo, un cami\u00f3n cargado de mercader\u00eda volc\u00f3 en las afueras de Coronel Pringles sobre Ruta 51. En el lugar se mont\u00f3 una custodia policial, pero los efectivos nada pudieron hacer ante la gran cantidad de vecinos que se acercaron para llevarse los alimentos.\u2026","rel":"","context":"En \u00abREGIONALES\u00bb","block_context":{"text":"REGIONALES","link":"https:\/\/larevistadigital.com.ar\/blog\/category\/regionales\/"},"img":{"alt_text":"","src":"https:\/\/i0.wp.com\/larevistadigital.com.ar\/blog\/wp-content\/uploads\/vuelco-camion-pringles-abril-2021.jpg?fit=880%2C512&ssl=1&resize=350%2C200","width":350,"height":200,"srcset":"https:\/\/i0.wp.com\/larevistadigital.com.ar\/blog\/wp-content\/uploads\/vuelco-camion-pringles-abril-2021.jpg?fit=880%2C512&ssl=1&resize=350%2C200 1x, https:\/\/i0.wp.com\/larevistadigital.com.ar\/blog\/wp-content\/uploads\/vuelco-camion-pringles-abril-2021.jpg?fit=880%2C512&ssl=1&resize=525%2C300 1.5x, https:\/\/i0.wp.com\/larevistadigital.com.ar\/blog\/wp-content\/uploads\/vuelco-camion-pringles-abril-2021.jpg?fit=880%2C512&ssl=1&resize=700%2C400 2x"},"classes":[]},{"id":25232,"url":"https:\/\/larevistadigital.com.ar\/blog\/volco-un-camion-con-pollos-en-la-ruta-226-y-los-automovilistas-los-cazaron\/","url_meta":{"origin":36779,"position":2},"title":"VOLC\u00d3 UN CAMI\u00d3N CON POLLOS EN LA RUTA 226 Y LOS AUTOMOVILISTAS LOS \u00abCAZARON\u00bb","author":"Alejandro Sosa Ruda","date":"22 abril, 2022","format":false,"excerpt":"Se trata de un cami\u00f3n Scania conducido por un chofer de 24 a\u00f1os, identificado como Brian Rub\u00e9n Sandoval. Automovilistas que pasaban por el lugar se llevaron animales ante la presencia del chofer. Un cami\u00f3n repleto de pollos vivos volc\u00f3 en la Ruta 226 a 40 kil\u00f3metros de la ciudad de\u2026","rel":"","context":"En \u00abREGIONALES\u00bb","block_context":{"text":"REGIONALES","link":"https:\/\/larevistadigital.com.ar\/blog\/category\/regionales\/"},"img":{"alt_text":"","src":"https:\/\/i0.wp.com\/larevistadigital.com.ar\/blog\/wp-content\/uploads\/20220421153511_pollos.jpg?fit=880%2C512&ssl=1&resize=350%2C200","width":350,"height":200,"srcset":"https:\/\/i0.wp.com\/larevistadigital.com.ar\/blog\/wp-content\/uploads\/20220421153511_pollos.jpg?fit=880%2C512&ssl=1&resize=350%2C200 1x, https:\/\/i0.wp.com\/larevistadigital.com.ar\/blog\/wp-content\/uploads\/20220421153511_pollos.jpg?fit=880%2C512&ssl=1&resize=525%2C300 1.5x, https:\/\/i0.wp.com\/larevistadigital.com.ar\/blog\/wp-content\/uploads\/20220421153511_pollos.jpg?fit=880%2C512&ssl=1&resize=700%2C400 2x"},"classes":[]},{"id":24790,"url":"https:\/\/larevistadigital.com.ar\/blog\/volco-un-camion-en-la-ruta-88\/","url_meta":{"origin":36779,"position":3},"title":"VOLC\u00d3 UN CAMI\u00d3N EN LA RUTA 88","author":"Alejandro Sosa Ruda","date":"25 marzo, 2022","format":false,"excerpt":"Ocurri\u00f3 este viernes cerca del mediod\u00eda. Por el impacto, el chofer sufri\u00f3 lesiones leves. MAR DEL PLATA -\u00a0 Un cami\u00f3n mercedes Benz 1114 volc\u00f3 este viernes cerca de las 11hs en el Km 8.5 de la ruta 88 por circunstancias que a\u00fan son materia de investigaci\u00f3n. Producto del siniestro el\u2026","rel":"","context":"En \u00abPOLICIALES\u00bb","block_context":{"text":"POLICIALES","link":"https:\/\/larevistadigital.com.ar\/blog\/category\/policiales\/"},"img":{"alt_text":"","src":"https:\/\/i0.wp.com\/larevistadigital.com.ar\/blog\/wp-content\/uploads\/Captura-de-pantalla-2022-03-25-141723.jpg?fit=898%2C512&ssl=1&resize=350%2C200","width":350,"height":200,"srcset":"https:\/\/i0.wp.com\/larevistadigital.com.ar\/blog\/wp-content\/uploads\/Captura-de-pantalla-2022-03-25-141723.jpg?fit=898%2C512&ssl=1&resize=350%2C200 1x, https:\/\/i0.wp.com\/larevistadigital.com.ar\/blog\/wp-content\/uploads\/Captura-de-pantalla-2022-03-25-141723.jpg?fit=898%2C512&ssl=1&resize=525%2C300 1.5x, https:\/\/i0.wp.com\/larevistadigital.com.ar\/blog\/wp-content\/uploads\/Captura-de-pantalla-2022-03-25-141723.jpg?fit=898%2C512&ssl=1&resize=700%2C400 2x"},"classes":[]},{"id":17350,"url":"https:\/\/larevistadigital.com.ar\/blog\/ruta-2-camion-volco-en-el-terraplen-central-de-la-autopista\/","url_meta":{"origin":36779,"position":4},"title":"RUTA 2: CAMI\u00d3N VOLC\u00d3 EN EL TERRAPLEN CENTRAL DE LA AUTOPISTA","author":"Alejandro Sosa Ruda","date":"30 octubre, 2020","format":false,"excerpt":"Un cami\u00f3n se despist\u00f3 ayer por la\u00a0 madrugada y cay\u00f3 al cantero central en la Autov\u00eda 2 en jurisdicci\u00f3n del distrito de General Guido. El accidente se produjo alrededor de la una de la madrugada, cuando un cami\u00f3n Iveco con acoplado que circulaba en direcci\u00f3n a Mar del Plata, se\u2026","rel":"","context":"En \u00abREGIONALES\u00bb","block_context":{"text":"REGIONALES","link":"https:\/\/larevistadigital.com.ar\/blog\/category\/regionales\/"},"img":{"alt_text":"","src":"https:\/\/i0.wp.com\/larevistadigital.com.ar\/blog\/wp-content\/uploads\/598ca16625d4e185de29d4bb47fd81d137970156.jpg?fit=1140%2C759&ssl=1&resize=350%2C200","width":350,"height":200,"srcset":"https:\/\/i0.wp.com\/larevistadigital.com.ar\/blog\/wp-content\/uploads\/598ca16625d4e185de29d4bb47fd81d137970156.jpg?fit=1140%2C759&ssl=1&resize=350%2C200 1x, https:\/\/i0.wp.com\/larevistadigital.com.ar\/blog\/wp-content\/uploads\/598ca16625d4e185de29d4bb47fd81d137970156.jpg?fit=1140%2C759&ssl=1&resize=525%2C300 1.5x, https:\/\/i0.wp.com\/larevistadigital.com.ar\/blog\/wp-content\/uploads\/598ca16625d4e185de29d4bb47fd81d137970156.jpg?fit=1140%2C759&ssl=1&resize=700%2C400 2x, https:\/\/i0.wp.com\/larevistadigital.com.ar\/blog\/wp-content\/uploads\/598ca16625d4e185de29d4bb47fd81d137970156.jpg?fit=1140%2C759&ssl=1&resize=1050%2C600 3x"},"classes":[]},{"id":24801,"url":"https:\/\/larevistadigital.com.ar\/blog\/volco-un-camion-con-acido-muriatico-en-la-ruta-3-murio-el-chofer-y-hay-alerta-por-una-nube-toxica\/","url_meta":{"origin":36779,"position":5},"title":"VOLC\u00d3 UN CAMI\u00d3N CON \u00c1CIDO MURI\u00c1TICO EN LA RUTA 3. MURI\u00d3 EL CHOFER Y HAY ALERTA POR UNA NUBE T\u00d3XICA","author":"Alejandro Sosa Ruda","date":"25 marzo, 2022","format":false,"excerpt":"El veh\u00edculo se accident\u00f3 a la altura del kil\u00f3metro 91 y la Polic\u00eda Ecol\u00f3gica trabaja en el lugar para remover la sustancia corrosiva. El conductor muri\u00f3. CA\u00d1UELAS -\u00a0 Un cami\u00f3n cargado con \u00e1cido clorh\u00eddrico, conocido com\u00fanmente como \u00e1cido muri\u00e1tico, sufri\u00f3 un serio accidente durante las \u00faltimas horas y volc\u00f3 en\u2026","rel":"","context":"En \u00abDESTACADAS\u00bb","block_context":{"text":"DESTACADAS","link":"https:\/\/larevistadigital.com.ar\/blog\/category\/destacadas\/"},"img":{"alt_text":"","src":"https:\/\/i0.wp.com\/larevistadigital.com.ar\/blog\/wp-content\/uploads\/1648227804552.jpg?fit=1200%2C594&ssl=1&resize=350%2C200","width":350,"height":200,"srcset":"https:\/\/i0.wp.com\/larevistadigital.com.ar\/blog\/wp-content\/uploads\/1648227804552.jpg?fit=1200%2C594&ssl=1&resize=350%2C200 1x, https:\/\/i0.wp.com\/larevistadigital.com.ar\/blog\/wp-content\/uploads\/1648227804552.jpg?fit=1200%2C594&ssl=1&resize=525%2C300 1.5x, https:\/\/i0.wp.com\/larevistadigital.com.ar\/blog\/wp-content\/uploads\/1648227804552.jpg?fit=1200%2C594&ssl=1&resize=700%2C400 2x, https:\/\/i0.wp.com\/larevistadigital.com.ar\/blog\/wp-content\/uploads\/1648227804552.jpg?fit=1200%2C594&ssl=1&resize=1050%2C600 3x"},"classes":[]}],"_links":{"self":[{"href":"https:\/\/larevistadigital.com.ar\/blog\/wp-json\/wp\/v2\/posts\/36779","targetHints":{"allow":["GET"]}}],"collection":[{"href":"https:\/\/larevistadigital.com.ar\/blog\/wp-json\/wp\/v2\/posts"}],"about":[{"href":"https:\/\/larevistadigital.com.ar\/blog\/wp-json\/wp\/v2\/types\/post"}],"author":[{"embeddable":true,"href":"https:\/\/larevistadigital.com.ar\/blog\/wp-json\/wp\/v2\/users\/3"}],"replies":[{"embeddable":true,"href":"https:\/\/larevistadigital.com.ar\/blog\/wp-json\/wp\/v2\/comments?post=36779"}],"version-history":[{"count":1,"href":"https:\/\/larevistadigital.com.ar\/blog\/wp-json\/wp\/v2\/posts\/36779\/revisions"}],"predecessor-version":[{"id":36781,"href":"https:\/\/larevistadigital.com.ar\/blog\/wp-json\/wp\/v2\/posts\/36779\/revisions\/36781"}],"wp:featuredmedia":[{"embeddable":true,"href":"https:\/\/larevistadigital.com.ar\/blog\/wp-json\/wp\/v2\/media\/36780"}],"wp:attachment":[{"href":"https:\/\/larevistadigital.com.ar\/blog\/wp-json\/wp\/v2\/media?parent=36779"}],"wp:term":[{"taxonomy":"category","embeddable":true,"href":"https:\/\/larevistadigital.com.ar\/blog\/wp-json\/wp\/v2\/categories?post=36779"},{"taxonomy":"post_tag","embeddable":true,"href":"https:\/\/larevistadigital.com.ar\/blog\/wp-json\/wp\/v2\/tags?post=36779"}],"curies":[{"name":"wp","href":"https:\/\/api.w.org\/{rel}","templated":true}]}}