{"id":36782,"date":"2024-07-23T14:42:04","date_gmt":"2024-07-23T17:42:04","guid":{"rendered":"https:\/\/larevistadigital.com.ar\/blog\/?p=36782"},"modified":"2024-07-23T14:42:04","modified_gmt":"2024-07-23T17:42:04","slug":"rosario-un-camion-atropello-a-un-vendedor-que-trabajaba-en-silla-de-ruedas-en-una-esquina","status":"publish","type":"post","link":"https:\/\/larevistadigital.com.ar\/blog\/rosario-un-camion-atropello-a-un-vendedor-que-trabajaba-en-silla-de-ruedas-en-una-esquina\/","title":{"rendered":"ROSARIO: UN CAMI\u00d3N ATROPELL\u00d3 A UN VENDEDOR QUE TRABAJABA EN SILLA DE RUEDAS EN UNA ESQUINA"},"content":{"rendered":"<h2 dir=\"auto\">Un hombre que se desplaza en silla de ruedas fue embestido por un cami\u00f3n, pero afortunadamente, no sufri\u00f3 lesiones de gravedad.<\/h2>\n<div dir=\"auto\">23 de Julio de 2024<\/div>\n<div dir=\"auto\"><\/div>\n<div dir=\"auto\"><strong>ROSARIO &#8211;<\/strong>\u00a0 El hecho tuvo lugar ayer lunes cerca del mediod\u00eda en la esquina de avenida Pellegrini y Dorrego, la v\u00edctima es un vendedor ambulante de bolsas de nylon, quien suele desplazarse por la zona, acerc\u00e1ndose a los autom\u00f3viles para ofrecerles su producto.<\/div>\n<blockquote>\n<h3 dir=\"auto\">Este lunes, el hombre fue embestido por un cami\u00f3n de hormig\u00f3n, aunque sin graves consecuencias. Personal del Sistema integrado de emergencias sanitarias (Sies) atendi\u00f3 al herido, quien en principio, no sufri\u00f3 lesiones de gravedad.<\/h3>\n<\/blockquote>\n<div dir=\"auto\">El chofer del cami\u00f3n estaba en el lugar y brind\u00f3 su testimonio: <strong><em>\u201cEstaba el sem\u00e1foro en rojo, yo v\u00ed que cruz\u00f3, pens\u00e9 que iba para la veredad, pero se me apareci\u00f3 de repente en el medio y no lo vi\u201d<\/em><\/strong>, se\u00f1al\u00f3 todav\u00eda alterado.<\/div>\n<div dir=\"auto\"><strong><em>\u201cLa saqu\u00e9 barata, no le pas\u00e9 por encima\u201d<\/em><\/strong>, observ\u00f3 y asegur\u00f3: <em><strong>\u201cEstoy muy asustado por la situaci\u00f3n\u00bb<\/strong><\/em>.<\/div>\n<div dir=\"auto\">El tr\u00e1nsito se cort\u00f3 por Pellegrini pero se pod\u00eda circular con normalidad por Dorrego y por Italia.<\/div>\n","protected":false},"excerpt":{"rendered":"<div class=\"mh-excerpt\"><p>Un hombre que se desplaza en silla de ruedas fue embestido por un cami\u00f3n, pero afortunadamente, no sufri\u00f3 lesiones de gravedad. 23 de Julio de 2024 ROSARIO &#8211;\u00a0 El hecho tuvo lugar ayer lunes cerca <a class=\"mh-excerpt-more\" href=\"https:\/\/larevistadigital.com.ar\/blog\/rosario-un-camion-atropello-a-un-vendedor-que-trabajaba-en-silla-de-ruedas-en-una-esquina\/\" title=\"ROSARIO: UN CAMI\u00d3N ATROPELL\u00d3 A UN VENDEDOR QUE TRABAJABA EN SILLA DE RUEDAS EN UNA ESQUINA\">[Leer M\u00e1s]<\/a><\/p>\n<\/div>","protected":false},"author":3,"featured_media":36783,"comment_status":"open","ping_status":"open","sticky":false,"template":"","format":"standard","meta":{"_jetpack_memberships_contains_paid_content":false,"footnotes":"","jetpack_publicize_message":"","jetpack_publicize_feature_enabled":true,"jetpack_social_post_already_shared":true,"jetpack_social_options":{"image_generator_settings":{"template":"highway","default_image_id":0,"font":"","enabled":false},"version":2}},"categories":[44,51],"tags":[],"class_list":{"0":"post-36782","1":"post","2":"type-post","3":"status-publish","4":"format-standard","5":"has-post-thumbnail","7":"category-policiales","8":"category-regionales"},"jetpack_publicize_connections":[],"jetpack_featured_media_url":"https:\/\/i0.wp.com\/larevistadigital.com.ar\/blog\/wp-content\/uploads\/452369022_906291128202687_2723003688560132978_n.jpg?fit=600%2C338&ssl=1","jetpack_sharing_enabled":true,"jetpack_shortlink":"https:\/\/wp.me\/p8qtrQ-9zg","jetpack-related-posts":[{"id":34657,"url":"https:\/\/larevistadigital.com.ar\/blog\/ruta-3-mueren-dos-jovenes-al-chocar-con-un-camion-que-se-cruzo-de-carril\/","url_meta":{"origin":36782,"position":0},"title":"RUTA 3: MUEREN DOS JOVENES AL CHOCAR CON UN CAMI\u00d3N QUE SE CRUZ\u00d3 DE CARRIL","author":"Alejandro Sosa Ruda","date":"27 noviembre, 2023","format":false,"excerpt":"El impacto frontal entre ambos veh\u00edculos, se cobr\u00f3 la vida de Nahuel Fernando Vega y Pablo S\u00e1nchez. Por su parte, Braian Leonel Fleitas, sufri\u00f3 lesiones de gravedad y fue trasladado en estado cr\u00edtico al Hospital Municipal \"Dr. \u00c1ngel Pintos\" de Azul. 27 de Noviembre de 2023 AZUL -\u00a0\u00a0El fatal hecho\u2026","rel":"","context":"En \u00abPOLICIALES\u00bb","block_context":{"text":"POLICIALES","link":"https:\/\/larevistadigital.com.ar\/blog\/category\/policiales\/"},"img":{"alt_text":"","src":"https:\/\/i0.wp.com\/larevistadigital.com.ar\/blog\/wp-content\/uploads\/20231127155859_choque.jpg?fit=880%2C512&ssl=1&resize=350%2C200","width":350,"height":200,"srcset":"https:\/\/i0.wp.com\/larevistadigital.com.ar\/blog\/wp-content\/uploads\/20231127155859_choque.jpg?fit=880%2C512&ssl=1&resize=350%2C200 1x, https:\/\/i0.wp.com\/larevistadigital.com.ar\/blog\/wp-content\/uploads\/20231127155859_choque.jpg?fit=880%2C512&ssl=1&resize=525%2C300 1.5x, https:\/\/i0.wp.com\/larevistadigital.com.ar\/blog\/wp-content\/uploads\/20231127155859_choque.jpg?fit=880%2C512&ssl=1&resize=700%2C400 2x"},"classes":[]},{"id":18520,"url":"https:\/\/larevistadigital.com.ar\/blog\/choco-al-camion-de-basura-y-debio-ser-rescatado-por-los-bomberos\/","url_meta":{"origin":36782,"position":1},"title":"CHOC\u00d3 AL CAMI\u00d3N DE BASURA Y DEBI\u00d3 SER RESCATADO POR LOS BOMBEROS","author":"Alejandro Sosa Ruda","date":"6 enero, 2021","format":false,"excerpt":"Ocurri\u00f3 en el kil\u00f3metro 505 cuando el conductor de un Renault Clio impact\u00f3 con un cami\u00f3n recolector de residuos. El hombre debi\u00f3 ser hospitalizado y se encuentra fuera de peligro. Un\u00a0Renault Clio\u00a0y un\u00a0cami\u00f3n recolector de residuos\u00a0protagonizaron este martes por la ma\u00f1ana un espectacular choque en el kil\u00f3metro 505 de la\u2026","rel":"","context":"En \u00abPOLICIALES\u00bb","block_context":{"text":"POLICIALES","link":"https:\/\/larevistadigital.com.ar\/blog\/category\/policiales\/"},"img":{"alt_text":"","src":"https:\/\/i0.wp.com\/larevistadigital.com.ar\/blog\/wp-content\/uploads\/Screenshot_2-127.jpg?fit=1000%2C561&ssl=1&resize=350%2C200","width":350,"height":200,"srcset":"https:\/\/i0.wp.com\/larevistadigital.com.ar\/blog\/wp-content\/uploads\/Screenshot_2-127.jpg?fit=1000%2C561&ssl=1&resize=350%2C200 1x, https:\/\/i0.wp.com\/larevistadigital.com.ar\/blog\/wp-content\/uploads\/Screenshot_2-127.jpg?fit=1000%2C561&ssl=1&resize=525%2C300 1.5x, https:\/\/i0.wp.com\/larevistadigital.com.ar\/blog\/wp-content\/uploads\/Screenshot_2-127.jpg?fit=1000%2C561&ssl=1&resize=700%2C400 2x"},"classes":[]},{"id":31121,"url":"https:\/\/larevistadigital.com.ar\/blog\/trenque-lauquen-dos-personas-mueren-en-un-tragico-accidente\/","url_meta":{"origin":36782,"position":2},"title":"TRENQUE LAUQUEN: DOS PERSONAS MUEREN EN UN TR\u00c1GICO ACCIDENTE","author":"Alejandro Sosa Ruda","date":"19 abril, 2023","format":false,"excerpt":"El accidente ocurri\u00f3 sobre la ruta nacional N\u00b0 5 a la altura del kil\u00f3metro 444, por el complejo industrial La Seren\u00edsima, en la calle Llamb\u00edas cuando el conductor del veh\u00edculo intent\u00f3 subir a la ruta y fue embestido por un cami\u00f3n que circulaba hacia la localidad de Beruti. 19 de\u2026","rel":"","context":"En \u00abINTERES GENERAL\u00bb","block_context":{"text":"INTERES GENERAL","link":"https:\/\/larevistadigital.com.ar\/blog\/category\/interes-general\/"},"img":{"alt_text":"","src":"https:\/\/i0.wp.com\/larevistadigital.com.ar\/blog\/wp-content\/uploads\/20230419181157_trenque1.jpg?fit=880%2C512&ssl=1&resize=350%2C200","width":350,"height":200,"srcset":"https:\/\/i0.wp.com\/larevistadigital.com.ar\/blog\/wp-content\/uploads\/20230419181157_trenque1.jpg?fit=880%2C512&ssl=1&resize=350%2C200 1x, https:\/\/i0.wp.com\/larevistadigital.com.ar\/blog\/wp-content\/uploads\/20230419181157_trenque1.jpg?fit=880%2C512&ssl=1&resize=525%2C300 1.5x, https:\/\/i0.wp.com\/larevistadigital.com.ar\/blog\/wp-content\/uploads\/20230419181157_trenque1.jpg?fit=880%2C512&ssl=1&resize=700%2C400 2x"},"classes":[]},{"id":25839,"url":"https:\/\/larevistadigital.com.ar\/blog\/un-arbitro-iba-en-moto-a-dirigir-un-partido-se-solto-una-rueda-de-un-camion-y-lo-mato\/","url_meta":{"origin":36782,"position":3},"title":"UN \u00c1RBITRO IBA EN MOTO A DIRIGIR UN PARTIDO, SE SOLT\u00d3 UNA RUEDA DE UN CAMI\u00d3N Y LO MAT\u00d3","author":"Alejandro Sosa Ruda","date":"13 junio, 2022","format":false,"excerpt":"El tr\u00e1gico accidente ocurri\u00f3 en Misiones. Si bien la v\u00edctima fue internada, no sobrevivi\u00f3 a las graves lesiones. Un motociclista de 34 a\u00f1os muri\u00f3 luego de que la rueda de un cami\u00f3n se desprendiera y terminara impactando contra \u00e9l. El joven estaba viajando en su moto a dirigir un partido\u2026","rel":"","context":"En \u00abSin categor\u00eda\u00bb","block_context":{"text":"Sin categor\u00eda","link":"https:\/\/larevistadigital.com.ar\/blog\/category\/sin-categoria\/"},"img":{"alt_text":"","src":"https:\/\/i0.wp.com\/larevistadigital.com.ar\/blog\/wp-content\/uploads\/MOTO-ARBITRO.png?fit=674%2C379&ssl=1&resize=350%2C200","width":350,"height":200,"srcset":"https:\/\/i0.wp.com\/larevistadigital.com.ar\/blog\/wp-content\/uploads\/MOTO-ARBITRO.png?fit=674%2C379&ssl=1&resize=350%2C200 1x, https:\/\/i0.wp.com\/larevistadigital.com.ar\/blog\/wp-content\/uploads\/MOTO-ARBITRO.png?fit=674%2C379&ssl=1&resize=525%2C300 1.5x"},"classes":[]},{"id":30604,"url":"https:\/\/larevistadigital.com.ar\/blog\/accidente-fatal-en-la-ruta-88-murio-una-mujer-en-accidente-entre-camion-y-auto\/","url_meta":{"origin":36782,"position":4},"title":"ACCIDENTE FATAL EN LA RUTA 88: MURI\u00d3 UNA MUJER EN ACCIDENTE ENTRE CAMI\u00d3N Y AUTO","author":"Alejandro Sosa Ruda","date":"15 marzo, 2023","format":false,"excerpt":"La mujer ten\u00eda 69 a\u00f1os, y el camionero sali\u00f3 ileso. Sucedi\u00f3 en el km. 106 de la ruta que une Mar del Plata con Necochea. 15 de marzo de 2023 QUEQUEN -\u00a0 Ayer por la tarde, sucedi\u00f3 un grave accidente entre un autom\u00f3vil y un cami\u00f3n Dimex con acoplado y\u2026","rel":"","context":"En \u00abPOLICIALES\u00bb","block_context":{"text":"POLICIALES","link":"https:\/\/larevistadigital.com.ar\/blog\/category\/policiales\/"},"img":{"alt_text":"","src":"https:\/\/i0.wp.com\/larevistadigital.com.ar\/blog\/wp-content\/uploads\/0bea1e187568c0af4b2b76bab0b7884af95d3bd7.jpg?fit=1140%2C605&ssl=1&resize=350%2C200","width":350,"height":200,"srcset":"https:\/\/i0.wp.com\/larevistadigital.com.ar\/blog\/wp-content\/uploads\/0bea1e187568c0af4b2b76bab0b7884af95d3bd7.jpg?fit=1140%2C605&ssl=1&resize=350%2C200 1x, https:\/\/i0.wp.com\/larevistadigital.com.ar\/blog\/wp-content\/uploads\/0bea1e187568c0af4b2b76bab0b7884af95d3bd7.jpg?fit=1140%2C605&ssl=1&resize=525%2C300 1.5x, https:\/\/i0.wp.com\/larevistadigital.com.ar\/blog\/wp-content\/uploads\/0bea1e187568c0af4b2b76bab0b7884af95d3bd7.jpg?fit=1140%2C605&ssl=1&resize=700%2C400 2x, https:\/\/i0.wp.com\/larevistadigital.com.ar\/blog\/wp-content\/uploads\/0bea1e187568c0af4b2b76bab0b7884af95d3bd7.jpg?fit=1140%2C605&ssl=1&resize=1050%2C600 3x"},"classes":[]},{"id":27710,"url":"https:\/\/larevistadigital.com.ar\/blog\/mar-del-plata-murio-un-motociclista-atropellado-por-un-camion\/","url_meta":{"origin":36782,"position":5},"title":"MAR DEL PLATA: MURI\u00d3 UN MOTOCICLISTA ATROPELLADO POR UN CAMI\u00d3N","author":"Alejandro Sosa Ruda","date":"13 septiembre, 2022","format":false,"excerpt":"El hecho ocurri\u00f3 este lunes, cerca de las 21. Personal policial inici\u00f3 una investigaci\u00f3n bajo las \u00f3rdenes del fiscal de Delitos Culposos, Pablo Cistoldi. 13 de septiebre de 2022 MAR DEL PLATA -\u00a0 El hecho ocurri\u00f3 ayer por la noche, cuando un cami\u00f3n atropell\u00f3 a un motociclista, tras despistarse en\u2026","rel":"","context":"En \u00abPOLICIALES\u00bb","block_context":{"text":"POLICIALES","link":"https:\/\/larevistadigital.com.ar\/blog\/category\/policiales\/"},"img":{"alt_text":"","src":"https:\/\/i0.wp.com\/larevistadigital.com.ar\/blog\/wp-content\/uploads\/moto-atropellada.png?fit=811%2C456&ssl=1&resize=350%2C200","width":350,"height":200,"srcset":"https:\/\/i0.wp.com\/larevistadigital.com.ar\/blog\/wp-content\/uploads\/moto-atropellada.png?fit=811%2C456&ssl=1&resize=350%2C200 1x, https:\/\/i0.wp.com\/larevistadigital.com.ar\/blog\/wp-content\/uploads\/moto-atropellada.png?fit=811%2C456&ssl=1&resize=525%2C300 1.5x, https:\/\/i0.wp.com\/larevistadigital.com.ar\/blog\/wp-content\/uploads\/moto-atropellada.png?fit=811%2C456&ssl=1&resize=700%2C400 2x"},"classes":[]}],"_links":{"self":[{"href":"https:\/\/larevistadigital.com.ar\/blog\/wp-json\/wp\/v2\/posts\/36782","targetHints":{"allow":["GET"]}}],"collection":[{"href":"https:\/\/larevistadigital.com.ar\/blog\/wp-json\/wp\/v2\/posts"}],"about":[{"href":"https:\/\/larevistadigital.com.ar\/blog\/wp-json\/wp\/v2\/types\/post"}],"author":[{"embeddable":true,"href":"https:\/\/larevistadigital.com.ar\/blog\/wp-json\/wp\/v2\/users\/3"}],"replies":[{"embeddable":true,"href":"https:\/\/larevistadigital.com.ar\/blog\/wp-json\/wp\/v2\/comments?post=36782"}],"version-history":[{"count":1,"href":"https:\/\/larevistadigital.com.ar\/blog\/wp-json\/wp\/v2\/posts\/36782\/revisions"}],"predecessor-version":[{"id":36784,"href":"https:\/\/larevistadigital.com.ar\/blog\/wp-json\/wp\/v2\/posts\/36782\/revisions\/36784"}],"wp:featuredmedia":[{"embeddable":true,"href":"https:\/\/larevistadigital.com.ar\/blog\/wp-json\/wp\/v2\/media\/36783"}],"wp:attachment":[{"href":"https:\/\/larevistadigital.com.ar\/blog\/wp-json\/wp\/v2\/media?parent=36782"}],"wp:term":[{"taxonomy":"category","embeddable":true,"href":"https:\/\/larevistadigital.com.ar\/blog\/wp-json\/wp\/v2\/categories?post=36782"},{"taxonomy":"post_tag","embeddable":true,"href":"https:\/\/larevistadigital.com.ar\/blog\/wp-json\/wp\/v2\/tags?post=36782"}],"curies":[{"name":"wp","href":"https:\/\/api.w.org\/{rel}","templated":true}]}}