{"id":36785,"date":"2024-07-24T09:17:43","date_gmt":"2024-07-24T12:17:43","guid":{"rendered":"https:\/\/larevistadigital.com.ar\/blog\/?p=36785"},"modified":"2024-07-24T09:18:03","modified_gmt":"2024-07-24T12:18:03","slug":"edea-informo-de-un-corte-de-energia-para-manana-jueves-25-7","status":"publish","type":"post","link":"https:\/\/larevistadigital.com.ar\/blog\/edea-informo-de-un-corte-de-energia-para-manana-jueves-25-7\/","title":{"rendered":"EDEA INFORM\u00d3 DE UN CORTE DE ENERG\u00cdA PARA MA\u00d1ANA, JUEVES 25\/7"},"content":{"rendered":"<h2>Nuevamente habr\u00e1n cortes de energ\u00eda, para mejoras de la red el\u00e9ctrica.<\/h2>\n<p>24 de Julio de 2024<\/p>\n<p>La empresa EDEA envi\u00f3 informaci\u00f3n a sus usuarios que, por\u00a0 la realizaci\u00f3n de trabajos de mejoras en su red el\u00e9ctrica, ma\u00f1ana jueves, 25 de julio, proceder\u00e1 a suspender el suministro de energ\u00eda en las siguientes zonas y horarios:<\/p>\n<p><strong>\u2013 INTECH. En el horario de 7,00 a 10,00 hs.<\/strong><\/p>\n<p><strong>EDEA<\/strong> hizo hincapi\u00e9 en que <strong>las l\u00edneas se consideran en tensi\u00f3n durante el tiempo anunciado para la suspensi\u00f3n del suministro.<\/strong><\/p>\n<p>El mencionado corte se dejar\u00e1 sin efecto por condiciones clim\u00e1ticas adversas.<\/p>\n<p>fuente diario el fuerte<\/p>\n<div class=\"mh-social-bottom\">\n<div class=\"mh-share-buttons mh-row\"><\/div>\n<\/div>\n","protected":false},"excerpt":{"rendered":"<div class=\"mh-excerpt\"><p>Nuevamente habr\u00e1n cortes de energ\u00eda, para mejoras de la red el\u00e9ctrica. 24 de Julio de 2024 La empresa EDEA envi\u00f3 informaci\u00f3n a sus usuarios que, por\u00a0 la realizaci\u00f3n de trabajos de mejoras en su red <a class=\"mh-excerpt-more\" href=\"https:\/\/larevistadigital.com.ar\/blog\/edea-informo-de-un-corte-de-energia-para-manana-jueves-25-7\/\" title=\"EDEA INFORM\u00d3 DE UN CORTE DE ENERG\u00cdA PARA MA\u00d1ANA, JUEVES 25\/7\">[Leer M\u00e1s]<\/a><\/p>\n<\/div>","protected":false},"author":3,"featured_media":9245,"comment_status":"open","ping_status":"open","sticky":false,"template":"","format":"standard","meta":{"_jetpack_memberships_contains_paid_content":false,"footnotes":"","jetpack_publicize_message":"","jetpack_publicize_feature_enabled":true,"jetpack_social_post_already_shared":true,"jetpack_social_options":{"image_generator_settings":{"template":"highway","default_image_id":0,"font":"","enabled":false},"version":2}},"categories":[6],"tags":[],"class_list":{"0":"post-36785","1":"post","2":"type-post","3":"status-publish","4":"format-standard","5":"has-post-thumbnail","7":"category-chascomus"},"jetpack_publicize_connections":[],"jetpack_featured_media_url":"https:\/\/i0.wp.com\/larevistadigital.com.ar\/blog\/wp-content\/uploads\/2019\/03\/810410405c904feca65209eb66a49a3f.jpg?fit=1058%2C791&ssl=1","jetpack_sharing_enabled":true,"jetpack_shortlink":"https:\/\/wp.me\/p8qtrQ-9zj","jetpack-related-posts":[{"id":9244,"url":"https:\/\/larevistadigital.com.ar\/blog\/chascomus-edea-informa-de-corte-de-luz-para-manana\/","url_meta":{"origin":36785,"position":0},"title":"CHASCOM\u00daS: EDEA INFORMA DE CORTE DE LUZ PARA MA\u00d1ANA","author":"Alejandro Sosa Ruda","date":"20 marzo, 2019","format":false,"excerpt":"EDEA inform\u00f3 que para la realizaci\u00f3n de trabajos de mejoras en su red el\u00e9ctrica, este jueves 21 de marzo proceder\u00e1 a suspender el suministro de energ\u00eda en las siguientes zonas y horarios: \uf0d8 INTECH \u2013 Sec. Ciencia y Tecnolog\u00eda. \uf0d8 Barrio Parque Girado \uf0d8 A.C.A \u2013 Camino de Circunvalaci\u00f3n. \uf0d8\u2026","rel":"","context":"En \u00abCHASCOM\u00daS\u00bb","block_context":{"text":"CHASCOM\u00daS","link":"https:\/\/larevistadigital.com.ar\/blog\/category\/chascomus\/"},"img":{"alt_text":"","src":"https:\/\/i0.wp.com\/larevistadigital.com.ar\/blog\/wp-content\/uploads\/2019\/03\/810410405c904feca65209eb66a49a3f.jpg?fit=1058%2C791&ssl=1&resize=350%2C200","width":350,"height":200,"srcset":"https:\/\/i0.wp.com\/larevistadigital.com.ar\/blog\/wp-content\/uploads\/2019\/03\/810410405c904feca65209eb66a49a3f.jpg?fit=1058%2C791&ssl=1&resize=350%2C200 1x, https:\/\/i0.wp.com\/larevistadigital.com.ar\/blog\/wp-content\/uploads\/2019\/03\/810410405c904feca65209eb66a49a3f.jpg?fit=1058%2C791&ssl=1&resize=525%2C300 1.5x, https:\/\/i0.wp.com\/larevistadigital.com.ar\/blog\/wp-content\/uploads\/2019\/03\/810410405c904feca65209eb66a49a3f.jpg?fit=1058%2C791&ssl=1&resize=700%2C400 2x, https:\/\/i0.wp.com\/larevistadigital.com.ar\/blog\/wp-content\/uploads\/2019\/03\/810410405c904feca65209eb66a49a3f.jpg?fit=1058%2C791&ssl=1&resize=1050%2C600 3x"},"classes":[]},{"id":10480,"url":"https:\/\/larevistadigital.com.ar\/blog\/edea-aviso-por-corte-programado-para-manana\/","url_meta":{"origin":36785,"position":1},"title":"EDEA AVIS\u00d3 POR CORTE PROGRAMADO PARA MA\u00d1ANA","author":"Alejandro Sosa Ruda","date":"6 junio, 2019","format":false,"excerpt":"Un nuevo corte de luz programado ocurrir\u00e1 ma\u00f1ana. EDEA inform\u00f3 que por la realizaci\u00f3n de trabajos de mejoras en su red el\u00e9ctrica, el pr\u00f3ximo viernes 7 de junio proceder\u00e1 a suspender el suministro de energ\u00eda en las siguientes zonas y horarios: \uf0d8 P. URRUTY, ETCHEVERRIA, P. BARBOSA y TUCUMAN. \uf0d8\u2026","rel":"","context":"En \u00abCHASCOM\u00daS\u00bb","block_context":{"text":"CHASCOM\u00daS","link":"https:\/\/larevistadigital.com.ar\/blog\/category\/chascomus\/"},"img":{"alt_text":"","src":"https:\/\/i0.wp.com\/larevistadigital.com.ar\/blog\/wp-content\/uploads\/2019\/03\/810410405c904feca65209eb66a49a3f.jpg?fit=1058%2C791&ssl=1&resize=350%2C200","width":350,"height":200,"srcset":"https:\/\/i0.wp.com\/larevistadigital.com.ar\/blog\/wp-content\/uploads\/2019\/03\/810410405c904feca65209eb66a49a3f.jpg?fit=1058%2C791&ssl=1&resize=350%2C200 1x, https:\/\/i0.wp.com\/larevistadigital.com.ar\/blog\/wp-content\/uploads\/2019\/03\/810410405c904feca65209eb66a49a3f.jpg?fit=1058%2C791&ssl=1&resize=525%2C300 1.5x, https:\/\/i0.wp.com\/larevistadigital.com.ar\/blog\/wp-content\/uploads\/2019\/03\/810410405c904feca65209eb66a49a3f.jpg?fit=1058%2C791&ssl=1&resize=700%2C400 2x, https:\/\/i0.wp.com\/larevistadigital.com.ar\/blog\/wp-content\/uploads\/2019\/03\/810410405c904feca65209eb66a49a3f.jpg?fit=1058%2C791&ssl=1&resize=1050%2C600 3x"},"classes":[]},{"id":12774,"url":"https:\/\/larevistadigital.com.ar\/blog\/edea-aviso-de-corte-de-luz-programado-2\/","url_meta":{"origin":36785,"position":2},"title":"EDEA: AVISO DE CORTE DE LUZ PROGRAMADO","author":"Alejandro Sosa Ruda","date":"22 octubre, 2019","format":false,"excerpt":"EDEA inform\u00f3 a sus usuarios que para la realizaci\u00f3n de trabajos de mejoras en su red el\u00e9ctrica, proceder\u00e1 a suspender el suministro de energ\u00eda en las siguientes zonas, d\u00edas y horarios: D\u00edas: Mi\u00e9rcoles 23, Jueves 24 y Viernes 25 de octubre. \uf0d8 Ruta 2 desde el km. 130 hasta el\u2026","rel":"","context":"En \u00abCHASCOM\u00daS\u00bb","block_context":{"text":"CHASCOM\u00daS","link":"https:\/\/larevistadigital.com.ar\/blog\/category\/chascomus\/"},"img":{"alt_text":"","src":"https:\/\/i0.wp.com\/larevistadigital.com.ar\/blog\/wp-content\/uploads\/2019\/03\/810410405c904feca65209eb66a49a3f.jpg?fit=1058%2C791&ssl=1&resize=350%2C200","width":350,"height":200,"srcset":"https:\/\/i0.wp.com\/larevistadigital.com.ar\/blog\/wp-content\/uploads\/2019\/03\/810410405c904feca65209eb66a49a3f.jpg?fit=1058%2C791&ssl=1&resize=350%2C200 1x, https:\/\/i0.wp.com\/larevistadigital.com.ar\/blog\/wp-content\/uploads\/2019\/03\/810410405c904feca65209eb66a49a3f.jpg?fit=1058%2C791&ssl=1&resize=525%2C300 1.5x, https:\/\/i0.wp.com\/larevistadigital.com.ar\/blog\/wp-content\/uploads\/2019\/03\/810410405c904feca65209eb66a49a3f.jpg?fit=1058%2C791&ssl=1&resize=700%2C400 2x, https:\/\/i0.wp.com\/larevistadigital.com.ar\/blog\/wp-content\/uploads\/2019\/03\/810410405c904feca65209eb66a49a3f.jpg?fit=1058%2C791&ssl=1&resize=1050%2C600 3x"},"classes":[]},{"id":12483,"url":"https:\/\/larevistadigital.com.ar\/blog\/edea-aviso-de-corte-de-luz-programado\/","url_meta":{"origin":36785,"position":3},"title":"EDEA: AVISO DE CORTE DE LUZ PROGRAMADO","author":"Alejandro Sosa Ruda","date":"6 octubre, 2019","format":false,"excerpt":"EDEA inform\u00f3 a sus usuarios que para la realizaci\u00f3n de trabajos de mejoras en su red el\u00e9ctrica, proceder\u00e1 a suspender el suministro de energ\u00eda en las siguientes zonas, d\u00edas y horarios: D\u00edas: Martes 8, Mi\u00e9rcoles 9 y viernes 11 de octubre. Ruta 2 desde el km. 130 hasta el km.\u2026","rel":"","context":"En \u00abINTERES GENERAL\u00bb","block_context":{"text":"INTERES GENERAL","link":"https:\/\/larevistadigital.com.ar\/blog\/category\/interes-general\/"},"img":{"alt_text":"","src":"https:\/\/i0.wp.com\/larevistadigital.com.ar\/blog\/wp-content\/uploads\/2019\/03\/810410405c904feca65209eb66a49a3f.jpg?fit=1058%2C791&ssl=1&resize=350%2C200","width":350,"height":200,"srcset":"https:\/\/i0.wp.com\/larevistadigital.com.ar\/blog\/wp-content\/uploads\/2019\/03\/810410405c904feca65209eb66a49a3f.jpg?fit=1058%2C791&ssl=1&resize=350%2C200 1x, https:\/\/i0.wp.com\/larevistadigital.com.ar\/blog\/wp-content\/uploads\/2019\/03\/810410405c904feca65209eb66a49a3f.jpg?fit=1058%2C791&ssl=1&resize=525%2C300 1.5x, https:\/\/i0.wp.com\/larevistadigital.com.ar\/blog\/wp-content\/uploads\/2019\/03\/810410405c904feca65209eb66a49a3f.jpg?fit=1058%2C791&ssl=1&resize=700%2C400 2x, https:\/\/i0.wp.com\/larevistadigital.com.ar\/blog\/wp-content\/uploads\/2019\/03\/810410405c904feca65209eb66a49a3f.jpg?fit=1058%2C791&ssl=1&resize=1050%2C600 3x"},"classes":[]},{"id":12682,"url":"https:\/\/larevistadigital.com.ar\/blog\/edea-aviso-de-un-corte-de-luz-para-manana\/","url_meta":{"origin":36785,"position":4},"title":"EDEA AVIS\u00d3 DE UN CORTE DE LUZ PARA MA\u00d1ANA","author":"Alejandro Sosa Ruda","date":"17 octubre, 2019","format":false,"excerpt":"EDEA inform\u00f3 que para la realizaci\u00f3n de trabajos de mejoras en su redel\u00e9ctrica, ma\u00f1ana VIERNES 18 DE OCTUBRE proceder\u00e1 a suspender el suministro de energ\u00eda en las siguientes zonas y horarios: \uf0d8 ZONA CASTILLO DE LA AMISTAD. \uf0d8 CAMPING LA CASONA \uf0d8 BARRIO LOMAS ALTAS \uf0d8 BARRIO PUERTO CHASCOMUS.\u00a0 En\u2026","rel":"","context":"En \u00abCHASCOM\u00daS\u00bb","block_context":{"text":"CHASCOM\u00daS","link":"https:\/\/larevistadigital.com.ar\/blog\/category\/chascomus\/"},"img":{"alt_text":"","src":"https:\/\/i0.wp.com\/larevistadigital.com.ar\/blog\/wp-content\/uploads\/2019\/03\/810410405c904feca65209eb66a49a3f.jpg?fit=1058%2C791&ssl=1&resize=350%2C200","width":350,"height":200,"srcset":"https:\/\/i0.wp.com\/larevistadigital.com.ar\/blog\/wp-content\/uploads\/2019\/03\/810410405c904feca65209eb66a49a3f.jpg?fit=1058%2C791&ssl=1&resize=350%2C200 1x, https:\/\/i0.wp.com\/larevistadigital.com.ar\/blog\/wp-content\/uploads\/2019\/03\/810410405c904feca65209eb66a49a3f.jpg?fit=1058%2C791&ssl=1&resize=525%2C300 1.5x, https:\/\/i0.wp.com\/larevistadigital.com.ar\/blog\/wp-content\/uploads\/2019\/03\/810410405c904feca65209eb66a49a3f.jpg?fit=1058%2C791&ssl=1&resize=700%2C400 2x, https:\/\/i0.wp.com\/larevistadigital.com.ar\/blog\/wp-content\/uploads\/2019\/03\/810410405c904feca65209eb66a49a3f.jpg?fit=1058%2C791&ssl=1&resize=1050%2C600 3x"},"classes":[]},{"id":9805,"url":"https:\/\/larevistadigital.com.ar\/blog\/chascomus-aviso-de-corte-de-luz-para-manana\/","url_meta":{"origin":36785,"position":5},"title":"CHASCOM\u00daS: AVISO DE CORTE DE LUZ PARA MA\u00d1ANA","author":"Alejandro Sosa Ruda","date":"23 abril, 2019","format":false,"excerpt":"Desde la firma EDEA, se inform\u00f3 que para la realizaci\u00f3n de trabajos de mejoras en su red el\u00e9ctrica, este mi\u00e9rcoles 24 de abril proceder\u00e1 a suspender el suministro de energ\u00eda en las siguientes zonas y horarios: - Ruta 2 desde Km. 125 hasta km. 147. - Barrio La Liberata. El\u2026","rel":"","context":"En \u00abCHASCOM\u00daS\u00bb","block_context":{"text":"CHASCOM\u00daS","link":"https:\/\/larevistadigital.com.ar\/blog\/category\/chascomus\/"},"img":{"alt_text":"","src":"https:\/\/i0.wp.com\/larevistadigital.com.ar\/blog\/wp-content\/uploads\/2019\/04\/EDEA-ARREGLOS5.jpg?fit=696%2C367&ssl=1&resize=350%2C200","width":350,"height":200,"srcset":"https:\/\/i0.wp.com\/larevistadigital.com.ar\/blog\/wp-content\/uploads\/2019\/04\/EDEA-ARREGLOS5.jpg?fit=696%2C367&ssl=1&resize=350%2C200 1x, https:\/\/i0.wp.com\/larevistadigital.com.ar\/blog\/wp-content\/uploads\/2019\/04\/EDEA-ARREGLOS5.jpg?fit=696%2C367&ssl=1&resize=525%2C300 1.5x"},"classes":[]}],"_links":{"self":[{"href":"https:\/\/larevistadigital.com.ar\/blog\/wp-json\/wp\/v2\/posts\/36785","targetHints":{"allow":["GET"]}}],"collection":[{"href":"https:\/\/larevistadigital.com.ar\/blog\/wp-json\/wp\/v2\/posts"}],"about":[{"href":"https:\/\/larevistadigital.com.ar\/blog\/wp-json\/wp\/v2\/types\/post"}],"author":[{"embeddable":true,"href":"https:\/\/larevistadigital.com.ar\/blog\/wp-json\/wp\/v2\/users\/3"}],"replies":[{"embeddable":true,"href":"https:\/\/larevistadigital.com.ar\/blog\/wp-json\/wp\/v2\/comments?post=36785"}],"version-history":[{"count":2,"href":"https:\/\/larevistadigital.com.ar\/blog\/wp-json\/wp\/v2\/posts\/36785\/revisions"}],"predecessor-version":[{"id":36787,"href":"https:\/\/larevistadigital.com.ar\/blog\/wp-json\/wp\/v2\/posts\/36785\/revisions\/36787"}],"wp:featuredmedia":[{"embeddable":true,"href":"https:\/\/larevistadigital.com.ar\/blog\/wp-json\/wp\/v2\/media\/9245"}],"wp:attachment":[{"href":"https:\/\/larevistadigital.com.ar\/blog\/wp-json\/wp\/v2\/media?parent=36785"}],"wp:term":[{"taxonomy":"category","embeddable":true,"href":"https:\/\/larevistadigital.com.ar\/blog\/wp-json\/wp\/v2\/categories?post=36785"},{"taxonomy":"post_tag","embeddable":true,"href":"https:\/\/larevistadigital.com.ar\/blog\/wp-json\/wp\/v2\/tags?post=36785"}],"curies":[{"name":"wp","href":"https:\/\/api.w.org\/{rel}","templated":true}]}}