{"id":36789,"date":"2024-07-25T09:19:24","date_gmt":"2024-07-25T12:19:24","guid":{"rendered":"https:\/\/larevistadigital.com.ar\/blog\/?p=36789"},"modified":"2024-07-25T09:19:24","modified_gmt":"2024-07-25T12:19:24","slug":"ruta-2-volco-un-micro-y-hay-heridos-e-internados-en-el-hospital-municipal","status":"publish","type":"post","link":"https:\/\/larevistadigital.com.ar\/blog\/ruta-2-volco-un-micro-y-hay-heridos-e-internados-en-el-hospital-municipal\/","title":{"rendered":"RUTA 2: VOLC\u00d3 UN MICRO Y HAY HERIDOS E INTERNADOS EN EL HOSPITAL MUNICIPAL."},"content":{"rendered":"<h2>Sucedi\u00f3 a la madrugada a la altura de Lezama. El micro iba a Villa Gesell y hay heridos.<\/h2>\n<p>25 de Julio de 2024<\/p>\n<p><strong>LEZAMA &#8211;\u00a0<\/strong> Durante la madrugada de hoy, pasadas las 3:00 AM. se produjo el vuelco de un micro que se dirig\u00eda a Villa Gesell en la ruta 2 en el kil\u00f3metro 141,50\u00a0 a la altura de Lezama.<\/p>\n<p><strong>Carlos Firmapaz<\/strong>, jefe de bomberos de Lezama, dio detalles sobre el accidente en di\u00e1logo con TN.\u00a0<strong>\u201cA las 3:20 se alert\u00f3 por un vuelco en la autov\u00eda 2. Concurrimos con dos dotaciones y un m\u00f3vil de apoyo. Colaboraron bomberos de Chascom\u00fas y Castelli. No hay v\u00edctimas fatales y en el colectivo se determin\u00f3 que viajaban 49 pasajeros y dos choferes. Hubo que trabajar con herramientas de corte porque hab\u00eda gente atrapada adentro del micro\u201d<\/strong>, explic\u00f3.<\/p>\n<p>El fiscal de Chascom\u00fas,\u00a0<strong>Jonathan Roberts<\/strong>, quien est\u00e1 trabajando en la zona, brind\u00f3 m\u00e1s detalles a los medios presentes en el lugar. \u201c<strong>Los pasajeros est\u00e1n siendo atendidos de forma paulatina. Hoy por suerte hab\u00eda una noche despejada y no hab\u00eda neblina<\/strong>\u201d, explic\u00f3.<\/p>\n<p>El micro pertenece a la firma \u00abRutatl\u00e1ntica\u00bb. La municipalidad de Chascom\u00fas, a trav\u00e9s del Hospital San Vicente de Paul, inform\u00f3 que aproximadamente a las 4:30 de la madrugada, ingresaron unas 15 personas, agregando que 13 de las mismas fueron evaluadas con \u00abc\u00f3digo verde\u00bb (es decir, sin riesgo de vida), una con c\u00f3digo amarillo que se encontraba en quir\u00f3fano y otra con c\u00f3digo rojo que se encuentra en terapia intensiva. Los mismos seguiran siendo atendidos, y sus familiares ser\u00e1n contenidos y se les brindar\u00e1 m\u00e1s informaci\u00f3n.<\/p>\n<p>imagen entrelineas.imfo<\/p>\n<p>noticia en desarrollo<\/p>\n<p>&nbsp;<\/p>\n<p>&nbsp;<\/p>\n","protected":false},"excerpt":{"rendered":"<div class=\"mh-excerpt\"><p>Sucedi\u00f3 a la madrugada a la altura de Lezama. El micro iba a Villa Gesell y hay heridos. 25 de Julio de 2024 LEZAMA &#8211;\u00a0 Durante la madrugada de hoy, pasadas las 3:00 AM. se <a class=\"mh-excerpt-more\" href=\"https:\/\/larevistadigital.com.ar\/blog\/ruta-2-volco-un-micro-y-hay-heridos-e-internados-en-el-hospital-municipal\/\" title=\"RUTA 2: VOLC\u00d3 UN MICRO Y HAY HERIDOS E INTERNADOS EN EL HOSPITAL MUNICIPAL.\">[Leer M\u00e1s]<\/a><\/p>\n<\/div>","protected":false},"author":3,"featured_media":36790,"comment_status":"open","ping_status":"open","sticky":false,"template":"","format":"standard","meta":{"_jetpack_memberships_contains_paid_content":false,"footnotes":"","jetpack_publicize_message":"","jetpack_publicize_feature_enabled":true,"jetpack_social_post_already_shared":true,"jetpack_social_options":{"image_generator_settings":{"template":"highway","default_image_id":0,"font":"","enabled":false},"version":2}},"categories":[41],"tags":[],"class_list":{"0":"post-36789","1":"post","2":"type-post","3":"status-publish","4":"format-standard","5":"has-post-thumbnail","7":"category-destacadas"},"jetpack_publicize_connections":[],"jetpack_featured_media_url":"https:\/\/i0.wp.com\/larevistadigital.com.ar\/blog\/wp-content\/uploads\/a443378ba3f7a66c8b54e9cc489e58e7af4cfc1c.png?fit=1140%2C638&ssl=1","jetpack_sharing_enabled":true,"jetpack_shortlink":"https:\/\/wp.me\/p8qtrQ-9zn","jetpack-related-posts":[{"id":36793,"url":"https:\/\/larevistadigital.com.ar\/blog\/declaraciones-del-fiscal-jonathan-robert-sobre-el-vuelco-del-micro-en-lezama\/","url_meta":{"origin":36789,"position":0},"title":"DECLARACIONES DEL FISCAL JONATHAN ROBERT SOBRE EL VUELCO DEL MICRO EN LEZAMA","author":"Alejandro Sosa Ruda","date":"25 julio, 2024","format":false,"excerpt":"Hizo menci\u00f3n al trabajo en el lugar a pocas horas de ocurrido el siniestro. 26 de Julio de 2024 CHASCOM\u00daS -\u00a0 El fiscal Jonathan Robert se pronunci\u00f3 sobre las primeras actuaciones relacionadas con el vuelo de un micro en Lezama, durante una entrevista realizada poco despu\u00e9s del accidente, donde brind\u00f3\u2026","rel":"","context":"En \u00abINTERES GENERAL\u00bb","block_context":{"text":"INTERES GENERAL","link":"https:\/\/larevistadigital.com.ar\/blog\/category\/interes-general\/"},"img":{"alt_text":"","src":"https:\/\/i0.wp.com\/larevistadigital.com.ar\/blog\/wp-content\/uploads\/Captura-de-pantalla-2024-07-25-220130.png?fit=782%2C404&ssl=1&resize=350%2C200","width":350,"height":200,"srcset":"https:\/\/i0.wp.com\/larevistadigital.com.ar\/blog\/wp-content\/uploads\/Captura-de-pantalla-2024-07-25-220130.png?fit=782%2C404&ssl=1&resize=350%2C200 1x, https:\/\/i0.wp.com\/larevistadigital.com.ar\/blog\/wp-content\/uploads\/Captura-de-pantalla-2024-07-25-220130.png?fit=782%2C404&ssl=1&resize=525%2C300 1.5x, https:\/\/i0.wp.com\/larevistadigital.com.ar\/blog\/wp-content\/uploads\/Captura-de-pantalla-2024-07-25-220130.png?fit=782%2C404&ssl=1&resize=700%2C400 2x"},"classes":[]},{"id":13345,"url":"https:\/\/larevistadigital.com.ar\/blog\/volco-micro-con-chicos-a-la-altura-de-lezama-hay-dos-nenas-muertas\/","url_meta":{"origin":36789,"position":1},"title":"VOLC\u00d3 MICRO CON CHICOS A LA ALTURA DE LEZAMA: HAY DOS NENAS MUERTAS","author":"Alejandro Sosa Ruda","date":"28 noviembre, 2019","format":false,"excerpt":"Partieron de una escuela en Benavidez, con rumbo a Mundo Marino, en San Clemente del Tuy\u00fa. Hay dos nenas fallecidas y cuatro chicos graves. Un micro de larga distancia volc\u00f3 esta madrugada en la\u00a0Ruta 2, en el kil\u00f3metro 141, a la altura de Lezama, sentido a Mar del Plata, y\u00a0resultaron\u2026","rel":"","context":"En \u00abDESTACADAS\u00bb","block_context":{"text":"DESTACADAS","link":"https:\/\/larevistadigital.com.ar\/blog\/category\/destacadas\/"},"img":{"alt_text":"","src":"https:\/\/i0.wp.com\/larevistadigital.com.ar\/blog\/wp-content\/uploads\/Screenshot_3-27.jpg?fit=954%2C535&ssl=1&resize=350%2C200","width":350,"height":200,"srcset":"https:\/\/i0.wp.com\/larevistadigital.com.ar\/blog\/wp-content\/uploads\/Screenshot_3-27.jpg?fit=954%2C535&ssl=1&resize=350%2C200 1x, https:\/\/i0.wp.com\/larevistadigital.com.ar\/blog\/wp-content\/uploads\/Screenshot_3-27.jpg?fit=954%2C535&ssl=1&resize=525%2C300 1.5x, https:\/\/i0.wp.com\/larevistadigital.com.ar\/blog\/wp-content\/uploads\/Screenshot_3-27.jpg?fit=954%2C535&ssl=1&resize=700%2C400 2x"},"classes":[]},{"id":13351,"url":"https:\/\/larevistadigital.com.ar\/blog\/vuelco-en-lezama-el-periodista-chascomunense-sergio-tony-peralta-fue-entrevistado-en-el-programa-de-mauro-viale\/","url_meta":{"origin":36789,"position":2},"title":"VUELCO EN LEZAMA: EL PERIODISTA CHASCOMUNENSE SERGIO TONY PERALTA FUE ENTREVISTADO EN EL PROGRAMA DE MAURO VIALE","author":"Alejandro Sosa Ruda","date":"28 noviembre, 2019","format":false,"excerpt":"El periodista chascomunense y conductor del noticiero de TV, \"Somos Chascom\u00fas\" Sergio \"Tony\" Peralta, fue entrevistado esta ma\u00f1ana en el programa radial de Mauro Viale, en donde se lo consult\u00f3 acerca de los hechos y consecuencias del terrible accidente ocurrido hoy por la madrugada. Como es de p\u00fablico conocimiento, el\u2026","rel":"","context":"En \u00abINTERES GENERAL\u00bb","block_context":{"text":"INTERES GENERAL","link":"https:\/\/larevistadigital.com.ar\/blog\/category\/interes-general\/"},"img":{"alt_text":"","src":"https:\/\/i0.wp.com\/larevistadigital.com.ar\/blog\/wp-content\/uploads\/32267008_10216214957113400_1332258718749818880_n.jpg?fit=362%2C361&ssl=1&resize=350%2C200","width":350,"height":200},"classes":[]},{"id":35485,"url":"https:\/\/larevistadigital.com.ar\/blog\/ruta-2-cuatro-heridos-en-un-fuerte-accidente\/","url_meta":{"origin":36789,"position":3},"title":"RUTA 2: CUATRO HERIDOS EN UN FUERTE ACCIDENTE","author":"Alejandro Sosa Ruda","date":"10 marzo, 2024","format":false,"excerpt":"El accidente ocurri\u00f3 a la altura del punte de Guerrero. Afortunadamente no se registraron v\u00edctimas fatales. CASTELLI -\u00a0\u00a0El terrible siniestro, ocurri\u00f3 entre las localidades de Castelli y Lezama, m\u00e1s espec\u00edficamente a la altura del kil\u00f3metro 156 de la ruta 2, en la zona del puente Guerrero, donde impactaron dos veh\u00edculos.\u2026","rel":"","context":"En \u00abPOLICIALES\u00bb","block_context":{"text":"POLICIALES","link":"https:\/\/larevistadigital.com.ar\/blog\/category\/policiales\/"},"img":{"alt_text":"","src":"https:\/\/i0.wp.com\/larevistadigital.com.ar\/blog\/wp-content\/uploads\/Captura-de-pantalla-2024-03-10-211739.png?fit=1136%2C493&ssl=1&resize=350%2C200","width":350,"height":200,"srcset":"https:\/\/i0.wp.com\/larevistadigital.com.ar\/blog\/wp-content\/uploads\/Captura-de-pantalla-2024-03-10-211739.png?fit=1136%2C493&ssl=1&resize=350%2C200 1x, https:\/\/i0.wp.com\/larevistadigital.com.ar\/blog\/wp-content\/uploads\/Captura-de-pantalla-2024-03-10-211739.png?fit=1136%2C493&ssl=1&resize=525%2C300 1.5x, https:\/\/i0.wp.com\/larevistadigital.com.ar\/blog\/wp-content\/uploads\/Captura-de-pantalla-2024-03-10-211739.png?fit=1136%2C493&ssl=1&resize=700%2C400 2x, https:\/\/i0.wp.com\/larevistadigital.com.ar\/blog\/wp-content\/uploads\/Captura-de-pantalla-2024-03-10-211739.png?fit=1136%2C493&ssl=1&resize=1050%2C600 3x"},"classes":[]},{"id":13991,"url":"https:\/\/larevistadigital.com.ar\/blog\/ruta-2-8-heridos-en-un-vuelco-a-la-altura-de-chascomus\/","url_meta":{"origin":36789,"position":4},"title":"RUTA 2: 8 HERIDOS EN UN VUELCO A LA ALTURA DE CHASCOM\u00daS","author":"Alejandro Sosa Ruda","date":"5 enero, 2020","format":false,"excerpt":"Hace minutos se produjo un vuelco en el kil\u00f3metro 118 de la Ruta 2, en jurisdicci\u00f3n de la localidad de Chascom\u00fas. Por cuestiones que se a\u00fan tratan de establecer el conductor perdi\u00f3 el control de una camioneta y volc\u00f3. A ra\u00edz del accidente, ocho personas debieron ser trasladadas al Hospital\u2026","rel":"","context":"En \u00abDESTACADAS\u00bb","block_context":{"text":"DESTACADAS","link":"https:\/\/larevistadigital.com.ar\/blog\/category\/destacadas\/"},"img":{"alt_text":"","src":"https:\/\/i0.wp.com\/larevistadigital.com.ar\/blog\/wp-content\/uploads\/3a8bf62d1782177d6e1aae74a15299269d5b4286.jpg?fit=903%2C900&ssl=1&resize=350%2C200","width":350,"height":200,"srcset":"https:\/\/i0.wp.com\/larevistadigital.com.ar\/blog\/wp-content\/uploads\/3a8bf62d1782177d6e1aae74a15299269d5b4286.jpg?fit=903%2C900&ssl=1&resize=350%2C200 1x, https:\/\/i0.wp.com\/larevistadigital.com.ar\/blog\/wp-content\/uploads\/3a8bf62d1782177d6e1aae74a15299269d5b4286.jpg?fit=903%2C900&ssl=1&resize=525%2C300 1.5x, https:\/\/i0.wp.com\/larevistadigital.com.ar\/blog\/wp-content\/uploads\/3a8bf62d1782177d6e1aae74a15299269d5b4286.jpg?fit=903%2C900&ssl=1&resize=700%2C400 2x"},"classes":[]},{"id":14584,"url":"https:\/\/larevistadigital.com.ar\/blog\/vuelca-micro-en-ruta-2-a-la-altura-del-puente-samborombon-hasta-el-momento-hay-2-muertos\/","url_meta":{"origin":36789,"position":5},"title":"VUELCA MICRO EN RUTA 2 A LA ALTURA DEL PUENTE SAMBOROMBON. HASTA EL MOMENTO HAY 2 MUERTOS","author":"Alejandro Sosa Ruda","date":"4 febrero, 2020","format":false,"excerpt":"Un micro, perteneciente a la empresa V\u00eda Bariloche, volc\u00f3 aproximadamente a las 6 de la ma\u00f1ana en la ruta 2, mano a Capital Federal, sobre el puente del r\u00edo Samboromb\u00f3n a la altura del kil\u00f3metro 93. En principio de hablaba de 13 heridos, cinco de ellos de gravedad que fueron\u2026","rel":"","context":"En \u00abDESTACADAS\u00bb","block_context":{"text":"DESTACADAS","link":"https:\/\/larevistadigital.com.ar\/blog\/category\/destacadas\/"},"img":{"alt_text":"","src":"https:\/\/i0.wp.com\/larevistadigital.com.ar\/blog\/wp-content\/uploads\/0037365036.jpg?fit=1140%2C640&ssl=1&resize=350%2C200","width":350,"height":200,"srcset":"https:\/\/i0.wp.com\/larevistadigital.com.ar\/blog\/wp-content\/uploads\/0037365036.jpg?fit=1140%2C640&ssl=1&resize=350%2C200 1x, https:\/\/i0.wp.com\/larevistadigital.com.ar\/blog\/wp-content\/uploads\/0037365036.jpg?fit=1140%2C640&ssl=1&resize=525%2C300 1.5x, https:\/\/i0.wp.com\/larevistadigital.com.ar\/blog\/wp-content\/uploads\/0037365036.jpg?fit=1140%2C640&ssl=1&resize=700%2C400 2x, https:\/\/i0.wp.com\/larevistadigital.com.ar\/blog\/wp-content\/uploads\/0037365036.jpg?fit=1140%2C640&ssl=1&resize=1050%2C600 3x"},"classes":[]}],"_links":{"self":[{"href":"https:\/\/larevistadigital.com.ar\/blog\/wp-json\/wp\/v2\/posts\/36789","targetHints":{"allow":["GET"]}}],"collection":[{"href":"https:\/\/larevistadigital.com.ar\/blog\/wp-json\/wp\/v2\/posts"}],"about":[{"href":"https:\/\/larevistadigital.com.ar\/blog\/wp-json\/wp\/v2\/types\/post"}],"author":[{"embeddable":true,"href":"https:\/\/larevistadigital.com.ar\/blog\/wp-json\/wp\/v2\/users\/3"}],"replies":[{"embeddable":true,"href":"https:\/\/larevistadigital.com.ar\/blog\/wp-json\/wp\/v2\/comments?post=36789"}],"version-history":[{"count":1,"href":"https:\/\/larevistadigital.com.ar\/blog\/wp-json\/wp\/v2\/posts\/36789\/revisions"}],"predecessor-version":[{"id":36791,"href":"https:\/\/larevistadigital.com.ar\/blog\/wp-json\/wp\/v2\/posts\/36789\/revisions\/36791"}],"wp:featuredmedia":[{"embeddable":true,"href":"https:\/\/larevistadigital.com.ar\/blog\/wp-json\/wp\/v2\/media\/36790"}],"wp:attachment":[{"href":"https:\/\/larevistadigital.com.ar\/blog\/wp-json\/wp\/v2\/media?parent=36789"}],"wp:term":[{"taxonomy":"category","embeddable":true,"href":"https:\/\/larevistadigital.com.ar\/blog\/wp-json\/wp\/v2\/categories?post=36789"},{"taxonomy":"post_tag","embeddable":true,"href":"https:\/\/larevistadigital.com.ar\/blog\/wp-json\/wp\/v2\/tags?post=36789"}],"curies":[{"name":"wp","href":"https:\/\/api.w.org\/{rel}","templated":true}]}}