{"id":36793,"date":"2024-07-25T22:03:32","date_gmt":"2024-07-26T01:03:32","guid":{"rendered":"https:\/\/larevistadigital.com.ar\/blog\/?p=36793"},"modified":"2024-07-25T22:03:32","modified_gmt":"2024-07-26T01:03:32","slug":"declaraciones-del-fiscal-jonathan-robert-sobre-el-vuelco-del-micro-en-lezama","status":"publish","type":"post","link":"https:\/\/larevistadigital.com.ar\/blog\/declaraciones-del-fiscal-jonathan-robert-sobre-el-vuelco-del-micro-en-lezama\/","title":{"rendered":"DECLARACIONES DEL FISCAL JONATHAN ROBERT SOBRE EL VUELCO DEL MICRO EN LEZAMA"},"content":{"rendered":"<h2>Hizo menci\u00f3n al trabajo en el lugar a pocas horas de ocurrido el siniestro.<\/h2>\n<p>26 de Julio de 2024<\/p>\n<p><span><strong>CHASCOM\u00daS &#8211;\u00a0<\/strong> El fiscal <strong>Jonathan Robert<\/strong> se pronunci\u00f3 sobre las primeras actuaciones relacionadas con el vuelo de un micro en Lezama, durante una entrevista realizada poco despu\u00e9s del accidente, donde brind\u00f3 detalles desde el lugar de los hechos.<\/span><\/p>\n<blockquote>\n<h3><span>Durante su intervenci\u00f3n en el programa <strong>\u201cAtaque de Radio\u201d<\/strong>, conducido por <strong>Alejandro \u201cEl Tano\u201d Sosa<\/strong> en FM 102.7 y transmitido en vivo por YouTube, <strong>Robert<\/strong> habl\u00f3 sobre el accidente que involucr\u00f3 a un micro de la empresa \u201cRutatl\u00e1ntica\u201d, que parti\u00f3 de Pilar con destino a la ciudad de Villa Gesell.<\/span><\/h3>\n<\/blockquote>\n<p><span>El fiscal inform\u00f3 que el accidente ocurri\u00f3 alrededor de las 03:00 a.m. y que en el veh\u00edculo viajaban 49 pasajeros y dos choferes. La mayor\u00eda de los pasajeros sufrieron solo lesiones leves, a excepci\u00f3n de dos heridos que fueron trasladados al Hospital de Chascom\u00fas: un joven de 24 a\u00f1os con una grave herida en el brazo derecho y una chica de 18 con una lesi\u00f3n en la axila.<\/span><\/p>\n<blockquote>\n<h3><span>Sobre el estado de los choferes, <strong>Robert<\/strong> se\u00f1al\u00f3 que uno fue internado en el Hospital de Lezama con lesiones leves, mientras que el otro, que en ese momento actuaba como acompa\u00f1ante, no present\u00f3 lesiones. <strong><em>\u00abA cada uno de ellos se le realiz\u00f3 el correspondiente test de alcoholemia, dando resultado negativo\u00bb.<\/em><\/strong><\/span><\/h3>\n<\/blockquote>\n<p><span>En cuanto a la causa del accidente, el fiscal explic\u00f3 que <strong>a\u00fan no se hab\u00eda determinado<\/strong>, ya que el incidente hab\u00eda ocurrido solo unas horas. Sin embargo, mencion\u00f3 que <strong><em>\u00abtodo indicaba que no hubo ning\u00fan otro veh\u00edculo implicado\u00bb<\/em><\/strong><\/span><\/p>\n<p><span>Finalmente, <strong>Robert<\/strong> concluy\u00f3 diciendo que fue notificado casi de inmediato por el personal policial sobre el accidente y se dirigi\u00f3 al lugar para supervisar las primeras actuaciones.<\/span><\/p>\n<p>imagen diario COL<\/p>\n","protected":false},"excerpt":{"rendered":"<div class=\"mh-excerpt\"><p>Hizo menci\u00f3n al trabajo en el lugar a pocas horas de ocurrido el siniestro. 26 de Julio de 2024 CHASCOM\u00daS &#8211;\u00a0 El fiscal Jonathan Robert se pronunci\u00f3 sobre las primeras actuaciones relacionadas con el vuelo <a class=\"mh-excerpt-more\" href=\"https:\/\/larevistadigital.com.ar\/blog\/declaraciones-del-fiscal-jonathan-robert-sobre-el-vuelco-del-micro-en-lezama\/\" title=\"DECLARACIONES DEL FISCAL JONATHAN ROBERT SOBRE EL VUELCO DEL MICRO EN LEZAMA\">[Leer M\u00e1s]<\/a><\/p>\n<\/div>","protected":false},"author":3,"featured_media":36794,"comment_status":"open","ping_status":"open","sticky":false,"template":"","format":"standard","meta":{"_jetpack_memberships_contains_paid_content":false,"footnotes":"","jetpack_publicize_message":"","jetpack_publicize_feature_enabled":true,"jetpack_social_post_already_shared":true,"jetpack_social_options":{"image_generator_settings":{"template":"highway","default_image_id":0,"font":"","enabled":false},"version":2}},"categories":[50,44],"tags":[],"class_list":{"0":"post-36793","1":"post","2":"type-post","3":"status-publish","4":"format-standard","5":"has-post-thumbnail","7":"category-interes-general","8":"category-policiales"},"jetpack_publicize_connections":[],"jetpack_featured_media_url":"https:\/\/i0.wp.com\/larevistadigital.com.ar\/blog\/wp-content\/uploads\/Captura-de-pantalla-2024-07-25-220130.png?fit=782%2C404&ssl=1","jetpack_sharing_enabled":true,"jetpack_shortlink":"https:\/\/wp.me\/p8qtrQ-9zr","jetpack-related-posts":[{"id":36789,"url":"https:\/\/larevistadigital.com.ar\/blog\/ruta-2-volco-un-micro-y-hay-heridos-e-internados-en-el-hospital-municipal\/","url_meta":{"origin":36793,"position":0},"title":"RUTA 2: VOLC\u00d3 UN MICRO Y HAY HERIDOS E INTERNADOS EN EL HOSPITAL MUNICIPAL.","author":"Alejandro Sosa Ruda","date":"25 julio, 2024","format":false,"excerpt":"Sucedi\u00f3 a la madrugada a la altura de Lezama. El micro iba a Villa Gesell y hay heridos. 25 de Julio de 2024 LEZAMA -\u00a0 Durante la madrugada de hoy, pasadas las 3:00 AM. se produjo el vuelco de un micro que se dirig\u00eda a Villa Gesell en la ruta\u2026","rel":"","context":"En \u00abDESTACADAS\u00bb","block_context":{"text":"DESTACADAS","link":"https:\/\/larevistadigital.com.ar\/blog\/category\/destacadas\/"},"img":{"alt_text":"","src":"https:\/\/i0.wp.com\/larevistadigital.com.ar\/blog\/wp-content\/uploads\/a443378ba3f7a66c8b54e9cc489e58e7af4cfc1c.png?fit=1140%2C638&ssl=1&resize=350%2C200","width":350,"height":200,"srcset":"https:\/\/i0.wp.com\/larevistadigital.com.ar\/blog\/wp-content\/uploads\/a443378ba3f7a66c8b54e9cc489e58e7af4cfc1c.png?fit=1140%2C638&ssl=1&resize=350%2C200 1x, https:\/\/i0.wp.com\/larevistadigital.com.ar\/blog\/wp-content\/uploads\/a443378ba3f7a66c8b54e9cc489e58e7af4cfc1c.png?fit=1140%2C638&ssl=1&resize=525%2C300 1.5x, https:\/\/i0.wp.com\/larevistadigital.com.ar\/blog\/wp-content\/uploads\/a443378ba3f7a66c8b54e9cc489e58e7af4cfc1c.png?fit=1140%2C638&ssl=1&resize=700%2C400 2x, https:\/\/i0.wp.com\/larevistadigital.com.ar\/blog\/wp-content\/uploads\/a443378ba3f7a66c8b54e9cc489e58e7af4cfc1c.png?fit=1140%2C638&ssl=1&resize=1050%2C600 3x"},"classes":[]},{"id":13360,"url":"https:\/\/larevistadigital.com.ar\/blog\/aprehenden-al-choper-del-micro-de-la-tragedia-en-la-ruta-2-se-complica-su-situacion\/","url_meta":{"origin":36793,"position":1},"title":"APREHENDEN AL CHOFER DEL MICRO DE LA TRAGEDIA EN LA RUTA 2. SE COMPLICA SU SITUACI\u00d3N","author":"Alejandro Sosa Ruda","date":"28 noviembre, 2019","format":false,"excerpt":"Alberto Maldonado estaba al volante del \u00f3mnibus Mercedes Benz que se dirig\u00eda a Mundo Marino con 43 alumnos de una escuela primaria: dos murieron y varios est\u00e1n heridos de gravedad Fuentes policiales confirmaron\u00a0que\u00a0Alberto Gustavo Maldonado, el chofer del micro Mercedes Benz propiedad de la empresa Silvicar SRL que volc\u00f3 en\u2026","rel":"","context":"En \u00abINTERES GENERAL\u00bb","block_context":{"text":"INTERES GENERAL","link":"https:\/\/larevistadigital.com.ar\/blog\/category\/interes-general\/"},"img":{"alt_text":"","src":"https:\/\/i0.wp.com\/larevistadigital.com.ar\/blog\/wp-content\/uploads\/Screenshot_4-18.jpg?fit=920%2C655&ssl=1&resize=350%2C200","width":350,"height":200,"srcset":"https:\/\/i0.wp.com\/larevistadigital.com.ar\/blog\/wp-content\/uploads\/Screenshot_4-18.jpg?fit=920%2C655&ssl=1&resize=350%2C200 1x, https:\/\/i0.wp.com\/larevistadigital.com.ar\/blog\/wp-content\/uploads\/Screenshot_4-18.jpg?fit=920%2C655&ssl=1&resize=525%2C300 1.5x, https:\/\/i0.wp.com\/larevistadigital.com.ar\/blog\/wp-content\/uploads\/Screenshot_4-18.jpg?fit=920%2C655&ssl=1&resize=700%2C400 2x"},"classes":[]},{"id":13357,"url":"https:\/\/larevistadigital.com.ar\/blog\/vuelco-de-micro-en-lezama-el-chofer-dijo-pise-la-banquina-y-se-me-fue-se-encuentra-detenido\/","url_meta":{"origin":36793,"position":2},"title":"VUELCO DE MICRO EN LEZAMA: EL CHOFER DIJO \u00abPIS\u00c9 LA BANQUINA Y SE ME FUE\u00bb. SE ENCUENTRA DETENIDO","author":"Alejandro Sosa Ruda","date":"28 noviembre, 2019","format":false,"excerpt":"\u201cSe me fue, se me fue\u201d. Esa fue la primera explicaci\u00f3n que dio el conductor del micro que volc\u00f3 esta ma\u00f1ana en ruta 2. En ese \u00f3mnibus, viajaban chicos de 11 y 12 a\u00f1os que hab\u00edan partido de una escuela de Benav\u00eddez y ten\u00edan previsto visitar Mundo Marino, en San\u2026","rel":"","context":"En \u00abINTERES GENERAL\u00bb","block_context":{"text":"INTERES GENERAL","link":"https:\/\/larevistadigital.com.ar\/blog\/category\/interes-general\/"},"img":{"alt_text":"","src":"https:\/\/i0.wp.com\/larevistadigital.com.ar\/blog\/wp-content\/uploads\/Screenshot_3-28.jpg?fit=943%2C617&ssl=1&resize=350%2C200","width":350,"height":200,"srcset":"https:\/\/i0.wp.com\/larevistadigital.com.ar\/blog\/wp-content\/uploads\/Screenshot_3-28.jpg?fit=943%2C617&ssl=1&resize=350%2C200 1x, https:\/\/i0.wp.com\/larevistadigital.com.ar\/blog\/wp-content\/uploads\/Screenshot_3-28.jpg?fit=943%2C617&ssl=1&resize=525%2C300 1.5x, https:\/\/i0.wp.com\/larevistadigital.com.ar\/blog\/wp-content\/uploads\/Screenshot_3-28.jpg?fit=943%2C617&ssl=1&resize=700%2C400 2x"},"classes":[]},{"id":42605,"url":"https:\/\/larevistadigital.com.ar\/blog\/dos-muertos-y-varios-heridos-tras-el-vuelco-de-un-micro-en-la-ruta-2\/","url_meta":{"origin":36793,"position":3},"title":"Dos muertos y varios heridos tras el vuelco de un micro en la Ruta 2","author":"Alejandro Sosa Ruda","date":"25 noviembre, 2025","format":false,"excerpt":"El accidente ocurri\u00f3 a la altura de la localidad de General Pir\u00e1n. En el lugar trabajan equipos de emergencias, personal de seguridad vial de AUBASA y bomberos voluntarios de la zona. Los hospitales de la regi\u00f3n permanecen alerta. El gobernador suspendi\u00f3 el evento previsto. 25 de Noviembre de 2025 Un\u2026","rel":"","context":"En \u00abDESTACADAS\u00bb","block_context":{"text":"DESTACADAS","link":"https:\/\/larevistadigital.com.ar\/blog\/category\/destacadas\/"},"img":{"alt_text":"","src":"https:\/\/i0.wp.com\/larevistadigital.com.ar\/blog\/wp-content\/uploads\/Captura-de-pantalla-2025-11-25-115818.jpg?fit=918%2C493&ssl=1&resize=350%2C200","width":350,"height":200,"srcset":"https:\/\/i0.wp.com\/larevistadigital.com.ar\/blog\/wp-content\/uploads\/Captura-de-pantalla-2025-11-25-115818.jpg?fit=918%2C493&ssl=1&resize=350%2C200 1x, https:\/\/i0.wp.com\/larevistadigital.com.ar\/blog\/wp-content\/uploads\/Captura-de-pantalla-2025-11-25-115818.jpg?fit=918%2C493&ssl=1&resize=525%2C300 1.5x, https:\/\/i0.wp.com\/larevistadigital.com.ar\/blog\/wp-content\/uploads\/Captura-de-pantalla-2025-11-25-115818.jpg?fit=918%2C493&ssl=1&resize=700%2C400 2x"},"classes":[]},{"id":13345,"url":"https:\/\/larevistadigital.com.ar\/blog\/volco-micro-con-chicos-a-la-altura-de-lezama-hay-dos-nenas-muertas\/","url_meta":{"origin":36793,"position":4},"title":"VOLC\u00d3 MICRO CON CHICOS A LA ALTURA DE LEZAMA: HAY DOS NENAS MUERTAS","author":"Alejandro Sosa Ruda","date":"28 noviembre, 2019","format":false,"excerpt":"Partieron de una escuela en Benavidez, con rumbo a Mundo Marino, en San Clemente del Tuy\u00fa. Hay dos nenas fallecidas y cuatro chicos graves. Un micro de larga distancia volc\u00f3 esta madrugada en la\u00a0Ruta 2, en el kil\u00f3metro 141, a la altura de Lezama, sentido a Mar del Plata, y\u00a0resultaron\u2026","rel":"","context":"En \u00abDESTACADAS\u00bb","block_context":{"text":"DESTACADAS","link":"https:\/\/larevistadigital.com.ar\/blog\/category\/destacadas\/"},"img":{"alt_text":"","src":"https:\/\/i0.wp.com\/larevistadigital.com.ar\/blog\/wp-content\/uploads\/Screenshot_3-27.jpg?fit=954%2C535&ssl=1&resize=350%2C200","width":350,"height":200,"srcset":"https:\/\/i0.wp.com\/larevistadigital.com.ar\/blog\/wp-content\/uploads\/Screenshot_3-27.jpg?fit=954%2C535&ssl=1&resize=350%2C200 1x, https:\/\/i0.wp.com\/larevistadigital.com.ar\/blog\/wp-content\/uploads\/Screenshot_3-27.jpg?fit=954%2C535&ssl=1&resize=525%2C300 1.5x, https:\/\/i0.wp.com\/larevistadigital.com.ar\/blog\/wp-content\/uploads\/Screenshot_3-27.jpg?fit=954%2C535&ssl=1&resize=700%2C400 2x"},"classes":[]},{"id":13387,"url":"https:\/\/larevistadigital.com.ar\/blog\/vuelco-del-micro-el-fiscal-roberts-dijo-que-el-chofer-esta-muy-compungido-y-pidio-que-continue-detenido\/","url_meta":{"origin":36793,"position":5},"title":"VUELCO DEL MICRO: EL FISCAL ROBERTS DIJO QUE EL CHOFER EST\u00c1 \u00abMUY COMPUNGIDO\u00bb Y PIDI\u00d3 QUE CONTIN\u00daE DETENIDO","author":"Alejandro Sosa Ruda","date":"29 noviembre, 2019","format":false,"excerpt":"El fiscal\u00a0Jonatan Robert\u00a0pidi\u00f3 que el chofer\u00a0Alberto Maldonado, que conduc\u00eda el micro accidentado ayer en la ruta 2, permanezca detenido.\u00a0\u201c\u00c9l estaba muy compungido y en varias oportunidades le tuve que acercar agua. Pidi\u00f3 no menos de cuatro veces disculpas a las familias y expres\u00f3 su m\u00e1s sentido p\u00e9same a las familias\u2026","rel":"","context":"En \u00abDESTACADAS\u00bb","block_context":{"text":"DESTACADAS","link":"https:\/\/larevistadigital.com.ar\/blog\/category\/destacadas\/"},"img":{"alt_text":"","src":"https:\/\/i0.wp.com\/larevistadigital.com.ar\/blog\/wp-content\/uploads\/Captura.jpg?fit=752%2C497&ssl=1&resize=350%2C200","width":350,"height":200,"srcset":"https:\/\/i0.wp.com\/larevistadigital.com.ar\/blog\/wp-content\/uploads\/Captura.jpg?fit=752%2C497&ssl=1&resize=350%2C200 1x, https:\/\/i0.wp.com\/larevistadigital.com.ar\/blog\/wp-content\/uploads\/Captura.jpg?fit=752%2C497&ssl=1&resize=525%2C300 1.5x, https:\/\/i0.wp.com\/larevistadigital.com.ar\/blog\/wp-content\/uploads\/Captura.jpg?fit=752%2C497&ssl=1&resize=700%2C400 2x"},"classes":[]}],"_links":{"self":[{"href":"https:\/\/larevistadigital.com.ar\/blog\/wp-json\/wp\/v2\/posts\/36793","targetHints":{"allow":["GET"]}}],"collection":[{"href":"https:\/\/larevistadigital.com.ar\/blog\/wp-json\/wp\/v2\/posts"}],"about":[{"href":"https:\/\/larevistadigital.com.ar\/blog\/wp-json\/wp\/v2\/types\/post"}],"author":[{"embeddable":true,"href":"https:\/\/larevistadigital.com.ar\/blog\/wp-json\/wp\/v2\/users\/3"}],"replies":[{"embeddable":true,"href":"https:\/\/larevistadigital.com.ar\/blog\/wp-json\/wp\/v2\/comments?post=36793"}],"version-history":[{"count":1,"href":"https:\/\/larevistadigital.com.ar\/blog\/wp-json\/wp\/v2\/posts\/36793\/revisions"}],"predecessor-version":[{"id":36795,"href":"https:\/\/larevistadigital.com.ar\/blog\/wp-json\/wp\/v2\/posts\/36793\/revisions\/36795"}],"wp:featuredmedia":[{"embeddable":true,"href":"https:\/\/larevistadigital.com.ar\/blog\/wp-json\/wp\/v2\/media\/36794"}],"wp:attachment":[{"href":"https:\/\/larevistadigital.com.ar\/blog\/wp-json\/wp\/v2\/media?parent=36793"}],"wp:term":[{"taxonomy":"category","embeddable":true,"href":"https:\/\/larevistadigital.com.ar\/blog\/wp-json\/wp\/v2\/categories?post=36793"},{"taxonomy":"post_tag","embeddable":true,"href":"https:\/\/larevistadigital.com.ar\/blog\/wp-json\/wp\/v2\/tags?post=36793"}],"curies":[{"name":"wp","href":"https:\/\/api.w.org\/{rel}","templated":true}]}}