{"id":36801,"date":"2024-07-27T13:45:39","date_gmt":"2024-07-27T16:45:39","guid":{"rendered":"https:\/\/larevistadigital.com.ar\/blog\/?p=36801"},"modified":"2024-07-27T13:45:39","modified_gmt":"2024-07-27T16:45:39","slug":"edea-anuncia-corte-de-energia-para-mantenimiento-en-el-hospital-municipal-san-vicente-de-paul","status":"publish","type":"post","link":"https:\/\/larevistadigital.com.ar\/blog\/edea-anuncia-corte-de-energia-para-mantenimiento-en-el-hospital-municipal-san-vicente-de-paul\/","title":{"rendered":"EDEA ANUNCIA CORTE DE ENERG\u00cdA PARA MANTENIMIENTO EN EL HOSPITAL MUNICIPAL SAN VICENTE DE PAUL."},"content":{"rendered":"<h2 class=\"excerpt\">La interrupci\u00f3n del suministro no afectar\u00e1 la atenci\u00f3n que ser\u00e1 garantizada gracias a un equipo electr\u00f3geno.<\/h2>\n<p>27 de Julio de 2024<\/p>\n<div id=\"miDiv1\" class=\"text\">\n<p><strong>CHASCOM\u00daS &#8211;<\/strong>\u00a0 La empresa prestadora del servicio de energ\u00eda el\u00e9ctrica, EDEA S.A., realizar\u00e1 un corte programado en el suministro el\u00e9ctrico del Hospital Municipal San Vicente de Paul.<\/p>\n<blockquote>\n<h3>El corte se llevar\u00e1 a cabo el lunes 29 de julio de 9 a 15 horas, con la posibilidad de cancelaci\u00f3n en caso de mal tiempo.<\/h3>\n<\/blockquote>\n<p>La suspensi\u00f3n es necesaria para que Camuzzi Gas Pampeana pueda realizar trabajos de mantenimiento en la zona.<\/p>\n<p>Durante ese lapso, el hospital contar\u00e1 con un equipo electr\u00f3geno para garantizar el correcto funcionamiento y la atenci\u00f3n de los pacientes ambulatorios y de internaci\u00f3n.<\/p>\n<\/div>\n","protected":false},"excerpt":{"rendered":"<div class=\"mh-excerpt\"><p>La interrupci\u00f3n del suministro no afectar\u00e1 la atenci\u00f3n que ser\u00e1 garantizada gracias a un equipo electr\u00f3geno. 27 de Julio de 2024 CHASCOM\u00daS &#8211;\u00a0 La empresa prestadora del servicio de energ\u00eda el\u00e9ctrica, EDEA S.A., realizar\u00e1 un <a class=\"mh-excerpt-more\" href=\"https:\/\/larevistadigital.com.ar\/blog\/edea-anuncia-corte-de-energia-para-mantenimiento-en-el-hospital-municipal-san-vicente-de-paul\/\" title=\"EDEA ANUNCIA CORTE DE ENERG\u00cdA PARA MANTENIMIENTO EN EL HOSPITAL MUNICIPAL SAN VICENTE DE PAUL.\">[Leer M\u00e1s]<\/a><\/p>\n<\/div>","protected":false},"author":3,"featured_media":36802,"comment_status":"open","ping_status":"open","sticky":false,"template":"","format":"standard","meta":{"_jetpack_memberships_contains_paid_content":false,"footnotes":"","jetpack_publicize_message":"","jetpack_publicize_feature_enabled":true,"jetpack_social_post_already_shared":true,"jetpack_social_options":{"image_generator_settings":{"template":"highway","default_image_id":0,"font":"","enabled":false},"version":2}},"categories":[50],"tags":[],"class_list":{"0":"post-36801","1":"post","2":"type-post","3":"status-publish","4":"format-standard","5":"has-post-thumbnail","7":"category-interes-general"},"jetpack_publicize_connections":[],"jetpack_featured_media_url":"https:\/\/i0.wp.com\/larevistadigital.com.ar\/blog\/wp-content\/uploads\/66a3d4aa15a63.png?fit=668%2C445&ssl=1","jetpack_sharing_enabled":true,"jetpack_shortlink":"https:\/\/wp.me\/p8qtrQ-9zz","jetpack-related-posts":[{"id":36785,"url":"https:\/\/larevistadigital.com.ar\/blog\/edea-informo-de-un-corte-de-energia-para-manana-jueves-25-7\/","url_meta":{"origin":36801,"position":0},"title":"EDEA INFORM\u00d3 DE UN CORTE DE ENERG\u00cdA PARA MA\u00d1ANA, JUEVES 25\/7","author":"Alejandro Sosa Ruda","date":"24 julio, 2024","format":false,"excerpt":"Nuevamente habr\u00e1n cortes de energ\u00eda, para mejoras de la red el\u00e9ctrica. 24 de Julio de 2024 La empresa EDEA envi\u00f3 informaci\u00f3n a sus usuarios que, por\u00a0 la realizaci\u00f3n de trabajos de mejoras en su red el\u00e9ctrica, ma\u00f1ana jueves, 25 de julio, proceder\u00e1 a suspender el suministro de energ\u00eda en las\u2026","rel":"","context":"En \u00abCHASCOM\u00daS\u00bb","block_context":{"text":"CHASCOM\u00daS","link":"https:\/\/larevistadigital.com.ar\/blog\/category\/chascomus\/"},"img":{"alt_text":"","src":"https:\/\/i0.wp.com\/larevistadigital.com.ar\/blog\/wp-content\/uploads\/2019\/03\/810410405c904feca65209eb66a49a3f.jpg?fit=1058%2C791&ssl=1&resize=350%2C200","width":350,"height":200,"srcset":"https:\/\/i0.wp.com\/larevistadigital.com.ar\/blog\/wp-content\/uploads\/2019\/03\/810410405c904feca65209eb66a49a3f.jpg?fit=1058%2C791&ssl=1&resize=350%2C200 1x, https:\/\/i0.wp.com\/larevistadigital.com.ar\/blog\/wp-content\/uploads\/2019\/03\/810410405c904feca65209eb66a49a3f.jpg?fit=1058%2C791&ssl=1&resize=525%2C300 1.5x, https:\/\/i0.wp.com\/larevistadigital.com.ar\/blog\/wp-content\/uploads\/2019\/03\/810410405c904feca65209eb66a49a3f.jpg?fit=1058%2C791&ssl=1&resize=700%2C400 2x, https:\/\/i0.wp.com\/larevistadigital.com.ar\/blog\/wp-content\/uploads\/2019\/03\/810410405c904feca65209eb66a49a3f.jpg?fit=1058%2C791&ssl=1&resize=1050%2C600 3x"},"classes":[]},{"id":12682,"url":"https:\/\/larevistadigital.com.ar\/blog\/edea-aviso-de-un-corte-de-luz-para-manana\/","url_meta":{"origin":36801,"position":1},"title":"EDEA AVIS\u00d3 DE UN CORTE DE LUZ PARA MA\u00d1ANA","author":"Alejandro Sosa Ruda","date":"17 octubre, 2019","format":false,"excerpt":"EDEA inform\u00f3 que para la realizaci\u00f3n de trabajos de mejoras en su redel\u00e9ctrica, ma\u00f1ana VIERNES 18 DE OCTUBRE proceder\u00e1 a suspender el suministro de energ\u00eda en las siguientes zonas y horarios: \uf0d8 ZONA CASTILLO DE LA AMISTAD. \uf0d8 CAMPING LA CASONA \uf0d8 BARRIO LOMAS ALTAS \uf0d8 BARRIO PUERTO CHASCOMUS.\u00a0 En\u2026","rel":"","context":"En \u00abCHASCOM\u00daS\u00bb","block_context":{"text":"CHASCOM\u00daS","link":"https:\/\/larevistadigital.com.ar\/blog\/category\/chascomus\/"},"img":{"alt_text":"","src":"https:\/\/i0.wp.com\/larevistadigital.com.ar\/blog\/wp-content\/uploads\/2019\/03\/810410405c904feca65209eb66a49a3f.jpg?fit=1058%2C791&ssl=1&resize=350%2C200","width":350,"height":200,"srcset":"https:\/\/i0.wp.com\/larevistadigital.com.ar\/blog\/wp-content\/uploads\/2019\/03\/810410405c904feca65209eb66a49a3f.jpg?fit=1058%2C791&ssl=1&resize=350%2C200 1x, https:\/\/i0.wp.com\/larevistadigital.com.ar\/blog\/wp-content\/uploads\/2019\/03\/810410405c904feca65209eb66a49a3f.jpg?fit=1058%2C791&ssl=1&resize=525%2C300 1.5x, https:\/\/i0.wp.com\/larevistadigital.com.ar\/blog\/wp-content\/uploads\/2019\/03\/810410405c904feca65209eb66a49a3f.jpg?fit=1058%2C791&ssl=1&resize=700%2C400 2x, https:\/\/i0.wp.com\/larevistadigital.com.ar\/blog\/wp-content\/uploads\/2019\/03\/810410405c904feca65209eb66a49a3f.jpg?fit=1058%2C791&ssl=1&resize=1050%2C600 3x"},"classes":[]},{"id":10480,"url":"https:\/\/larevistadigital.com.ar\/blog\/edea-aviso-por-corte-programado-para-manana\/","url_meta":{"origin":36801,"position":2},"title":"EDEA AVIS\u00d3 POR CORTE PROGRAMADO PARA MA\u00d1ANA","author":"Alejandro Sosa Ruda","date":"6 junio, 2019","format":false,"excerpt":"Un nuevo corte de luz programado ocurrir\u00e1 ma\u00f1ana. EDEA inform\u00f3 que por la realizaci\u00f3n de trabajos de mejoras en su red el\u00e9ctrica, el pr\u00f3ximo viernes 7 de junio proceder\u00e1 a suspender el suministro de energ\u00eda en las siguientes zonas y horarios: \uf0d8 P. URRUTY, ETCHEVERRIA, P. BARBOSA y TUCUMAN. \uf0d8\u2026","rel":"","context":"En \u00abCHASCOM\u00daS\u00bb","block_context":{"text":"CHASCOM\u00daS","link":"https:\/\/larevistadigital.com.ar\/blog\/category\/chascomus\/"},"img":{"alt_text":"","src":"https:\/\/i0.wp.com\/larevistadigital.com.ar\/blog\/wp-content\/uploads\/2019\/03\/810410405c904feca65209eb66a49a3f.jpg?fit=1058%2C791&ssl=1&resize=350%2C200","width":350,"height":200,"srcset":"https:\/\/i0.wp.com\/larevistadigital.com.ar\/blog\/wp-content\/uploads\/2019\/03\/810410405c904feca65209eb66a49a3f.jpg?fit=1058%2C791&ssl=1&resize=350%2C200 1x, https:\/\/i0.wp.com\/larevistadigital.com.ar\/blog\/wp-content\/uploads\/2019\/03\/810410405c904feca65209eb66a49a3f.jpg?fit=1058%2C791&ssl=1&resize=525%2C300 1.5x, https:\/\/i0.wp.com\/larevistadigital.com.ar\/blog\/wp-content\/uploads\/2019\/03\/810410405c904feca65209eb66a49a3f.jpg?fit=1058%2C791&ssl=1&resize=700%2C400 2x, https:\/\/i0.wp.com\/larevistadigital.com.ar\/blog\/wp-content\/uploads\/2019\/03\/810410405c904feca65209eb66a49a3f.jpg?fit=1058%2C791&ssl=1&resize=1050%2C600 3x"},"classes":[]},{"id":12774,"url":"https:\/\/larevistadigital.com.ar\/blog\/edea-aviso-de-corte-de-luz-programado-2\/","url_meta":{"origin":36801,"position":3},"title":"EDEA: AVISO DE CORTE DE LUZ PROGRAMADO","author":"Alejandro Sosa Ruda","date":"22 octubre, 2019","format":false,"excerpt":"EDEA inform\u00f3 a sus usuarios que para la realizaci\u00f3n de trabajos de mejoras en su red el\u00e9ctrica, proceder\u00e1 a suspender el suministro de energ\u00eda en las siguientes zonas, d\u00edas y horarios: D\u00edas: Mi\u00e9rcoles 23, Jueves 24 y Viernes 25 de octubre. \uf0d8 Ruta 2 desde el km. 130 hasta el\u2026","rel":"","context":"En \u00abCHASCOM\u00daS\u00bb","block_context":{"text":"CHASCOM\u00daS","link":"https:\/\/larevistadigital.com.ar\/blog\/category\/chascomus\/"},"img":{"alt_text":"","src":"https:\/\/i0.wp.com\/larevistadigital.com.ar\/blog\/wp-content\/uploads\/2019\/03\/810410405c904feca65209eb66a49a3f.jpg?fit=1058%2C791&ssl=1&resize=350%2C200","width":350,"height":200,"srcset":"https:\/\/i0.wp.com\/larevistadigital.com.ar\/blog\/wp-content\/uploads\/2019\/03\/810410405c904feca65209eb66a49a3f.jpg?fit=1058%2C791&ssl=1&resize=350%2C200 1x, https:\/\/i0.wp.com\/larevistadigital.com.ar\/blog\/wp-content\/uploads\/2019\/03\/810410405c904feca65209eb66a49a3f.jpg?fit=1058%2C791&ssl=1&resize=525%2C300 1.5x, https:\/\/i0.wp.com\/larevistadigital.com.ar\/blog\/wp-content\/uploads\/2019\/03\/810410405c904feca65209eb66a49a3f.jpg?fit=1058%2C791&ssl=1&resize=700%2C400 2x, https:\/\/i0.wp.com\/larevistadigital.com.ar\/blog\/wp-content\/uploads\/2019\/03\/810410405c904feca65209eb66a49a3f.jpg?fit=1058%2C791&ssl=1&resize=1050%2C600 3x"},"classes":[]},{"id":12483,"url":"https:\/\/larevistadigital.com.ar\/blog\/edea-aviso-de-corte-de-luz-programado\/","url_meta":{"origin":36801,"position":4},"title":"EDEA: AVISO DE CORTE DE LUZ PROGRAMADO","author":"Alejandro Sosa Ruda","date":"6 octubre, 2019","format":false,"excerpt":"EDEA inform\u00f3 a sus usuarios que para la realizaci\u00f3n de trabajos de mejoras en su red el\u00e9ctrica, proceder\u00e1 a suspender el suministro de energ\u00eda en las siguientes zonas, d\u00edas y horarios: D\u00edas: Martes 8, Mi\u00e9rcoles 9 y viernes 11 de octubre. Ruta 2 desde el km. 130 hasta el km.\u2026","rel":"","context":"En \u00abINTERES GENERAL\u00bb","block_context":{"text":"INTERES GENERAL","link":"https:\/\/larevistadigital.com.ar\/blog\/category\/interes-general\/"},"img":{"alt_text":"","src":"https:\/\/i0.wp.com\/larevistadigital.com.ar\/blog\/wp-content\/uploads\/2019\/03\/810410405c904feca65209eb66a49a3f.jpg?fit=1058%2C791&ssl=1&resize=350%2C200","width":350,"height":200,"srcset":"https:\/\/i0.wp.com\/larevistadigital.com.ar\/blog\/wp-content\/uploads\/2019\/03\/810410405c904feca65209eb66a49a3f.jpg?fit=1058%2C791&ssl=1&resize=350%2C200 1x, https:\/\/i0.wp.com\/larevistadigital.com.ar\/blog\/wp-content\/uploads\/2019\/03\/810410405c904feca65209eb66a49a3f.jpg?fit=1058%2C791&ssl=1&resize=525%2C300 1.5x, https:\/\/i0.wp.com\/larevistadigital.com.ar\/blog\/wp-content\/uploads\/2019\/03\/810410405c904feca65209eb66a49a3f.jpg?fit=1058%2C791&ssl=1&resize=700%2C400 2x, https:\/\/i0.wp.com\/larevistadigital.com.ar\/blog\/wp-content\/uploads\/2019\/03\/810410405c904feca65209eb66a49a3f.jpg?fit=1058%2C791&ssl=1&resize=1050%2C600 3x"},"classes":[]},{"id":9244,"url":"https:\/\/larevistadigital.com.ar\/blog\/chascomus-edea-informa-de-corte-de-luz-para-manana\/","url_meta":{"origin":36801,"position":5},"title":"CHASCOM\u00daS: EDEA INFORMA DE CORTE DE LUZ PARA MA\u00d1ANA","author":"Alejandro Sosa Ruda","date":"20 marzo, 2019","format":false,"excerpt":"EDEA inform\u00f3 que para la realizaci\u00f3n de trabajos de mejoras en su red el\u00e9ctrica, este jueves 21 de marzo proceder\u00e1 a suspender el suministro de energ\u00eda en las siguientes zonas y horarios: \uf0d8 INTECH \u2013 Sec. Ciencia y Tecnolog\u00eda. \uf0d8 Barrio Parque Girado \uf0d8 A.C.A \u2013 Camino de Circunvalaci\u00f3n. \uf0d8\u2026","rel":"","context":"En \u00abCHASCOM\u00daS\u00bb","block_context":{"text":"CHASCOM\u00daS","link":"https:\/\/larevistadigital.com.ar\/blog\/category\/chascomus\/"},"img":{"alt_text":"","src":"https:\/\/i0.wp.com\/larevistadigital.com.ar\/blog\/wp-content\/uploads\/2019\/03\/810410405c904feca65209eb66a49a3f.jpg?fit=1058%2C791&ssl=1&resize=350%2C200","width":350,"height":200,"srcset":"https:\/\/i0.wp.com\/larevistadigital.com.ar\/blog\/wp-content\/uploads\/2019\/03\/810410405c904feca65209eb66a49a3f.jpg?fit=1058%2C791&ssl=1&resize=350%2C200 1x, https:\/\/i0.wp.com\/larevistadigital.com.ar\/blog\/wp-content\/uploads\/2019\/03\/810410405c904feca65209eb66a49a3f.jpg?fit=1058%2C791&ssl=1&resize=525%2C300 1.5x, https:\/\/i0.wp.com\/larevistadigital.com.ar\/blog\/wp-content\/uploads\/2019\/03\/810410405c904feca65209eb66a49a3f.jpg?fit=1058%2C791&ssl=1&resize=700%2C400 2x, https:\/\/i0.wp.com\/larevistadigital.com.ar\/blog\/wp-content\/uploads\/2019\/03\/810410405c904feca65209eb66a49a3f.jpg?fit=1058%2C791&ssl=1&resize=1050%2C600 3x"},"classes":[]}],"_links":{"self":[{"href":"https:\/\/larevistadigital.com.ar\/blog\/wp-json\/wp\/v2\/posts\/36801","targetHints":{"allow":["GET"]}}],"collection":[{"href":"https:\/\/larevistadigital.com.ar\/blog\/wp-json\/wp\/v2\/posts"}],"about":[{"href":"https:\/\/larevistadigital.com.ar\/blog\/wp-json\/wp\/v2\/types\/post"}],"author":[{"embeddable":true,"href":"https:\/\/larevistadigital.com.ar\/blog\/wp-json\/wp\/v2\/users\/3"}],"replies":[{"embeddable":true,"href":"https:\/\/larevistadigital.com.ar\/blog\/wp-json\/wp\/v2\/comments?post=36801"}],"version-history":[{"count":1,"href":"https:\/\/larevistadigital.com.ar\/blog\/wp-json\/wp\/v2\/posts\/36801\/revisions"}],"predecessor-version":[{"id":36803,"href":"https:\/\/larevistadigital.com.ar\/blog\/wp-json\/wp\/v2\/posts\/36801\/revisions\/36803"}],"wp:featuredmedia":[{"embeddable":true,"href":"https:\/\/larevistadigital.com.ar\/blog\/wp-json\/wp\/v2\/media\/36802"}],"wp:attachment":[{"href":"https:\/\/larevistadigital.com.ar\/blog\/wp-json\/wp\/v2\/media?parent=36801"}],"wp:term":[{"taxonomy":"category","embeddable":true,"href":"https:\/\/larevistadigital.com.ar\/blog\/wp-json\/wp\/v2\/categories?post=36801"},{"taxonomy":"post_tag","embeddable":true,"href":"https:\/\/larevistadigital.com.ar\/blog\/wp-json\/wp\/v2\/tags?post=36801"}],"curies":[{"name":"wp","href":"https:\/\/api.w.org\/{rel}","templated":true}]}}