{"id":36809,"date":"2024-07-28T12:17:54","date_gmt":"2024-07-28T15:17:54","guid":{"rendered":"https:\/\/larevistadigital.com.ar\/blog\/?p=36809"},"modified":"2024-07-28T12:17:54","modified_gmt":"2024-07-28T15:17:54","slug":"kicillof-participo-de-la-marcha-de-las-antorchas-en-homenaje-a-evita","status":"publish","type":"post","link":"https:\/\/larevistadigital.com.ar\/blog\/kicillof-participo-de-la-marcha-de-las-antorchas-en-homenaje-a-evita\/","title":{"rendered":"KICILLOF PARTICIP\u00d3 DE LA MARCHA DE LAS ANTORCHAS EN HOMENAJE A EVITA"},"content":{"rendered":"<h2 class=\"fparrafo ctext fz18 lh25\">Con motivo del 72\u00b0 aniversario del fallecimiento de Eva Per\u00f3n, el gobernador de la provincia de Buenos Aires, Axel Kicillof, asisti\u00f3 este viernes en Moreno junto a la intendenta Mariel Fern\u00e1ndez a un acto de homenaje que incluy\u00f3 la tradicional \u201cMarcha de las Antorchas\u201d, que se desarroll\u00f3 desde el Palacio Municipal hasta el Boulevard Evita.<\/h2>\n<p>28 de Julio de 2024<\/p>\n<p>El gobernador bonaerense, <strong>Axel Kicillof<\/strong> resalt\u00f3 que <strong><em>\u201cen estos tiempos en los que se fomenta el ego\u00edsmo y el individualismo, y se cuestiona la justicia social, nuestro pueblo tiene un fuerte anticuerpo: el legado de Eva Per\u00f3n y su lucha\u201d<\/em><\/strong>. <strong><em>\u201cNo nos van a enga\u00f1ar con trolls o encuestas: cada vez que recorremos los barrios, sentimos el mismo amor por la patria, la soberan\u00eda, la producci\u00f3n y el trabajo\u201d<\/em><\/strong>, agreg\u00f3.<\/p>\n<blockquote>\n<h3>Kicillof expres\u00f3 que seguir\u00e1n el ejemplo de Evita, promoviendo la movilizaci\u00f3n, la organizaci\u00f3n y ocupando las calles para extender la mano solidaria y apoyar a los m\u00e1s necesitados.<\/h3>\n<\/blockquote>\n<p>Por \u00faltimo, <strong>Kicillof<\/strong> subray\u00f3 que <strong><em>\u201cen este aniversario, volvemos a exigir que se encuentre a todos los responsables del atentado contra Cristina Kirchner y reafirmamos que la provincia de Buenos Aires resiste y la patria no se vende\u201d<\/em><\/strong>.<\/p>\n<blockquote>\n<h3>Como es costumbre en Moreno, cada 26 de julio se llevan a cabo actividades bajo el lema \u201cEvita eterna\u201d, incluyendo una misa en la Catedral Nuestra Se\u00f1ora del Rosario y la marcha de antorchas desde el edificio de la municipalidad hasta el Boulevard Evita.<\/h3>\n<\/blockquote>\n<p>En el homenaje participaron miembros del gabinete provincial, intendentes e intendentas bonaerenses, legisladores nacionales y provinciales, y representantes de gremios y organizaciones sociales.<\/p>\n","protected":false},"excerpt":{"rendered":"<div class=\"mh-excerpt\"><p>Con motivo del 72\u00b0 aniversario del fallecimiento de Eva Per\u00f3n, el gobernador de la provincia de Buenos Aires, Axel Kicillof, asisti\u00f3 este viernes en Moreno junto a la intendenta Mariel Fern\u00e1ndez a un acto de <a class=\"mh-excerpt-more\" href=\"https:\/\/larevistadigital.com.ar\/blog\/kicillof-participo-de-la-marcha-de-las-antorchas-en-homenaje-a-evita\/\" title=\"KICILLOF PARTICIP\u00d3 DE LA MARCHA DE LAS ANTORCHAS EN HOMENAJE A EVITA\">[Leer M\u00e1s]<\/a><\/p>\n<\/div>","protected":false},"author":3,"featured_media":36810,"comment_status":"open","ping_status":"open","sticky":false,"template":"","format":"standard","meta":{"_jetpack_memberships_contains_paid_content":false,"footnotes":"","jetpack_publicize_message":"","jetpack_publicize_feature_enabled":true,"jetpack_social_post_already_shared":true,"jetpack_social_options":{"image_generator_settings":{"template":"highway","default_image_id":0,"font":"","enabled":false},"version":2}},"categories":[50,24],"tags":[],"class_list":{"0":"post-36809","1":"post","2":"type-post","3":"status-publish","4":"format-standard","5":"has-post-thumbnail","7":"category-interes-general","8":"category-politica-provincial"},"jetpack_publicize_connections":[],"jetpack_featured_media_url":"https:\/\/i0.wp.com\/larevistadigital.com.ar\/blog\/wp-content\/uploads\/20240727171746_kicillof-marcha-antorchaas-moreno.jpg?fit=880%2C512&ssl=1","jetpack_sharing_enabled":true,"jetpack_shortlink":"https:\/\/wp.me\/p8qtrQ-9zH","jetpack-related-posts":[{"id":35570,"url":"https:\/\/larevistadigital.com.ar\/blog\/el-viceministro-de-cultura-juan-ignacio-cote-rossi-visito-la-isla-martin-garcia-junto-al-gobernador-kicillof\/","url_meta":{"origin":36809,"position":0},"title":"EL VICEMINISTRO DE CULTURA, JUAN IGNACIO \u00abCOTE\u00bb ROSSI VISIT\u00d3 LA ISLA MART\u00cdN GARC\u00cdA JUNTO AL GOBERNADOR KICILLOF","author":"Alejandro Sosa Ruda","date":"16 marzo, 2024","format":false,"excerpt":"\u00a0 16 de marzo de 2024 LRD - El chascomunense Juan Ignacio \"Cote\" Rossi, viceministro de Cultura de la Provincia de Buenos Aires, junto al gobernador Axel Kicillof\u00a0 y en representaci\u00f3n del Instituto Cultural de la Provincia de Buenos Aires, de un reconocimiento a Eva Per\u00f3n, abanderada de los humildes\u2026","rel":"","context":"En \u00abINTERES GENERAL\u00bb","block_context":{"text":"INTERES GENERAL","link":"https:\/\/larevistadigital.com.ar\/blog\/category\/interes-general\/"},"img":{"alt_text":"","src":"https:\/\/i0.wp.com\/larevistadigital.com.ar\/blog\/wp-content\/uploads\/432381351_824620576348153_5614084164306149309_n.jpg?fit=1200%2C1200&ssl=1&resize=350%2C200","width":350,"height":200,"srcset":"https:\/\/i0.wp.com\/larevistadigital.com.ar\/blog\/wp-content\/uploads\/432381351_824620576348153_5614084164306149309_n.jpg?fit=1200%2C1200&ssl=1&resize=350%2C200 1x, https:\/\/i0.wp.com\/larevistadigital.com.ar\/blog\/wp-content\/uploads\/432381351_824620576348153_5614084164306149309_n.jpg?fit=1200%2C1200&ssl=1&resize=525%2C300 1.5x, https:\/\/i0.wp.com\/larevistadigital.com.ar\/blog\/wp-content\/uploads\/432381351_824620576348153_5614084164306149309_n.jpg?fit=1200%2C1200&ssl=1&resize=700%2C400 2x, https:\/\/i0.wp.com\/larevistadigital.com.ar\/blog\/wp-content\/uploads\/432381351_824620576348153_5614084164306149309_n.jpg?fit=1200%2C1200&ssl=1&resize=1050%2C600 3x"},"classes":[]},{"id":33863,"url":"https:\/\/larevistadigital.com.ar\/blog\/axel-kicillof-encabezara-una-caravana-desde-berisso-hasta-la-matanza\/","url_meta":{"origin":36809,"position":1},"title":"AXEL KICILLOF ENCABEZAR\u00c1 UNA CARAVANA DESDE BERISSO HASTA LA MATANZA","author":"Alejandro Sosa Ruda","date":"5 octubre, 2023","format":false,"excerpt":"La movilizaci\u00f3n partir\u00e1 desde el famoso \"kil\u00f3metro cero del peronismo\". Axel Kicillof dar\u00e1 un discurso junto a Julio Alak y Fabi\u00e1n Cagliardi. 05 de Otubre de 2023 BUENOS AIRES -\u00a0 El gobernador y candidato a la reelecci\u00f3n de la provincia de Buenos Aires por Uni\u00f3n por la Patria (UxP), Axel\u2026","rel":"","context":"En \u00abDESTACADAS\u00bb","block_context":{"text":"DESTACADAS","link":"https:\/\/larevistadigital.com.ar\/blog\/category\/destacadas\/"},"img":{"alt_text":"","src":"https:\/\/i0.wp.com\/larevistadigital.com.ar\/blog\/wp-content\/uploads\/Captura-de-pantalla-2023-10-05-210030.png?fit=887%2C520&ssl=1&resize=350%2C200","width":350,"height":200,"srcset":"https:\/\/i0.wp.com\/larevistadigital.com.ar\/blog\/wp-content\/uploads\/Captura-de-pantalla-2023-10-05-210030.png?fit=887%2C520&ssl=1&resize=350%2C200 1x, https:\/\/i0.wp.com\/larevistadigital.com.ar\/blog\/wp-content\/uploads\/Captura-de-pantalla-2023-10-05-210030.png?fit=887%2C520&ssl=1&resize=525%2C300 1.5x, https:\/\/i0.wp.com\/larevistadigital.com.ar\/blog\/wp-content\/uploads\/Captura-de-pantalla-2023-10-05-210030.png?fit=887%2C520&ssl=1&resize=700%2C400 2x"},"classes":[]},{"id":36016,"url":"https:\/\/larevistadigital.com.ar\/blog\/los-toldos-kiciloff-encabezo-un-acto-por-el-natalicio-de-eva-peron-e-oinauguro-una-nueva-casa-de-la-provincia\/","url_meta":{"origin":36809,"position":2},"title":"LOS TOLDOS; KICILOFF ENCABEZ\u00d3 UN ACTO POR EL NATALICIO DE EVA PER\u00d3N, E OINAUGUR\u00d3 UNA NUEVA -CASA DE LA PROVINCIA-","author":"Alejandro Sosa Ruda","date":"8 mayo, 2024","format":false,"excerpt":"Se trata del s\u00e9ptimo edificio provincial inaugurado. Tambi\u00e9n se present\u00f3 el concurso literario \"20 a\u00f1os de Creaci\u00f3n del Museo Casa Evita\". Qui\u00e9nes pueden participar y cu\u00e1ndo pueden inscribirse. 8 de Mayo de El Gobernador recorri\u00f3 el municipio de General Viamonte\u00a0junto al intendente local,\u00a0Franco Flexas, la jefa de Asesores,\u00a0Cristina \u00c1lvarez Rodr\u00edguez\u00a0y\u2026","rel":"","context":"En \u00abPOLITICA\u00bb","block_context":{"text":"POLITICA","link":"https:\/\/larevistadigital.com.ar\/blog\/category\/politica\/"},"img":{"alt_text":"","src":"https:\/\/i0.wp.com\/larevistadigital.com.ar\/blog\/wp-content\/uploads\/casa_1.jpeg?fit=1130%2C751&ssl=1&resize=350%2C200","width":350,"height":200,"srcset":"https:\/\/i0.wp.com\/larevistadigital.com.ar\/blog\/wp-content\/uploads\/casa_1.jpeg?fit=1130%2C751&ssl=1&resize=350%2C200 1x, https:\/\/i0.wp.com\/larevistadigital.com.ar\/blog\/wp-content\/uploads\/casa_1.jpeg?fit=1130%2C751&ssl=1&resize=525%2C300 1.5x, https:\/\/i0.wp.com\/larevistadigital.com.ar\/blog\/wp-content\/uploads\/casa_1.jpeg?fit=1130%2C751&ssl=1&resize=700%2C400 2x, https:\/\/i0.wp.com\/larevistadigital.com.ar\/blog\/wp-content\/uploads\/casa_1.jpeg?fit=1130%2C751&ssl=1&resize=1050%2C600 3x"},"classes":[]},{"id":35891,"url":"https:\/\/larevistadigital.com.ar\/blog\/mar-chiquita-el-gobernador-kicillof-encabezara-un-homenaje-al-intendente-de-jesus\/","url_meta":{"origin":36809,"position":3},"title":"MAR CHIQUITA: EL GOBERNADOR KICILLOF ENCABEZAR\u00c1 UN HOMENAJE AL INTENDENTE DE JES\u00daS","author":"Alejandro Sosa Ruda","date":"23 abril, 2024","format":false,"excerpt":"El homenaje al jefe comunal costero en tributo a \u201cgran trayectoria e historia\u201d se realizar\u00e1 este viernes en Santa Clara del Mar. 23 de abril de 2024 BUENOS AIRES -\u00a0 Este viernes 26 de abril, en el Polideportivo de Santa Clara del Mar, en el partido de Mar Chiquita, el\u2026","rel":"","context":"En \u00abPOLITICA PROVINCIAL\u00bb","block_context":{"text":"POLITICA PROVINCIAL","link":"https:\/\/larevistadigital.com.ar\/blog\/category\/politica\/politica-provincial\/"},"img":{"alt_text":"","src":"https:\/\/i0.wp.com\/larevistadigital.com.ar\/blog\/wp-content\/uploads\/c09eba161dea879b091ac283ea7eb1f728f66301.jpg?fit=1140%2C714&ssl=1&resize=350%2C200","width":350,"height":200,"srcset":"https:\/\/i0.wp.com\/larevistadigital.com.ar\/blog\/wp-content\/uploads\/c09eba161dea879b091ac283ea7eb1f728f66301.jpg?fit=1140%2C714&ssl=1&resize=350%2C200 1x, https:\/\/i0.wp.com\/larevistadigital.com.ar\/blog\/wp-content\/uploads\/c09eba161dea879b091ac283ea7eb1f728f66301.jpg?fit=1140%2C714&ssl=1&resize=525%2C300 1.5x, https:\/\/i0.wp.com\/larevistadigital.com.ar\/blog\/wp-content\/uploads\/c09eba161dea879b091ac283ea7eb1f728f66301.jpg?fit=1140%2C714&ssl=1&resize=700%2C400 2x, https:\/\/i0.wp.com\/larevistadigital.com.ar\/blog\/wp-content\/uploads\/c09eba161dea879b091ac283ea7eb1f728f66301.jpg?fit=1140%2C714&ssl=1&resize=1050%2C600 3x"},"classes":[]},{"id":38589,"url":"https:\/\/larevistadigital.com.ar\/blog\/chascomus-con-axel-arranque-con-fuerte-respaldo-al-gobernador-kicillof\/","url_meta":{"origin":36809,"position":4},"title":"\u00abChascom\u00fas con Axel\u00bb: arranque con fuerte respaldo al gobernador Kicillof","author":"Alejandro Sosa Ruda","date":"4 febrero, 2025","format":false,"excerpt":"Un encuentro que deja entrever los actores que formar\u00e1n parte del armado que se encolumnar\u00e1 detr\u00e1s del gobernador de Buenos Aires. 02 de Febrero de 2025 CHASCOM\u00daS -\u00a0 Este jueves 30 de enero, en el SUM del Club Deportivo, se llev\u00f3 a cabo la primera reuni\u00f3n para conformar la mesa\u2026","rel":"","context":"En \u00abPOLITICA\u00bb","block_context":{"text":"POLITICA","link":"https:\/\/larevistadigital.com.ar\/blog\/category\/politica\/"},"img":{"alt_text":"","src":"https:\/\/i0.wp.com\/larevistadigital.com.ar\/blog\/wp-content\/uploads\/WhatsApp-Image-2025-02-02-at-14.01.02.jpeg?fit=1200%2C800&ssl=1&resize=350%2C200","width":350,"height":200,"srcset":"https:\/\/i0.wp.com\/larevistadigital.com.ar\/blog\/wp-content\/uploads\/WhatsApp-Image-2025-02-02-at-14.01.02.jpeg?fit=1200%2C800&ssl=1&resize=350%2C200 1x, https:\/\/i0.wp.com\/larevistadigital.com.ar\/blog\/wp-content\/uploads\/WhatsApp-Image-2025-02-02-at-14.01.02.jpeg?fit=1200%2C800&ssl=1&resize=525%2C300 1.5x, https:\/\/i0.wp.com\/larevistadigital.com.ar\/blog\/wp-content\/uploads\/WhatsApp-Image-2025-02-02-at-14.01.02.jpeg?fit=1200%2C800&ssl=1&resize=700%2C400 2x, https:\/\/i0.wp.com\/larevistadigital.com.ar\/blog\/wp-content\/uploads\/WhatsApp-Image-2025-02-02-at-14.01.02.jpeg?fit=1200%2C800&ssl=1&resize=1050%2C600 3x"},"classes":[]},{"id":29874,"url":"https:\/\/larevistadigital.com.ar\/blog\/el-gobernador-axel-kicillof-lamento-en-las-redes-el-fallecimiento-de-juan-carlos-el-vasco-veramendi\/","url_meta":{"origin":36809,"position":5},"title":"EL GOBERNADOR AXEL KICILLOF LAMENT\u00d3 EN LAS REDES EL FALLECIMIENTO DE JUAN CARLOS \u00abEL VASCO\u00bb VERAMENDI.","author":"Alejandro Sosa Ruda","date":"21 enero, 2023","format":false,"excerpt":"Lo hizo desde su cuenta de Twitter, con un afectuoso mensaje. 21 de enero de 2023 El gobernador de la Provincia de Buenos Aires, Axel Kicillof lament\u00f3 desde las redes sociales el fallecimiento del hist\u00f3rico dirigente del peronismo, Juan Carlos \"El Vasco\" Veramendi. Lo hizo espec\u00edficamente desde su cuenta de\u2026","rel":"","context":"En \u00abPOLITICA\u00bb","block_context":{"text":"POLITICA","link":"https:\/\/larevistadigital.com.ar\/blog\/category\/politica\/"},"img":{"alt_text":"","src":"https:\/\/i0.wp.com\/larevistadigital.com.ar\/blog\/wp-content\/uploads\/kicillof-en-ranchos.jpg?fit=1200%2C518&ssl=1&resize=350%2C200","width":350,"height":200,"srcset":"https:\/\/i0.wp.com\/larevistadigital.com.ar\/blog\/wp-content\/uploads\/kicillof-en-ranchos.jpg?fit=1200%2C518&ssl=1&resize=350%2C200 1x, https:\/\/i0.wp.com\/larevistadigital.com.ar\/blog\/wp-content\/uploads\/kicillof-en-ranchos.jpg?fit=1200%2C518&ssl=1&resize=525%2C300 1.5x, https:\/\/i0.wp.com\/larevistadigital.com.ar\/blog\/wp-content\/uploads\/kicillof-en-ranchos.jpg?fit=1200%2C518&ssl=1&resize=700%2C400 2x, https:\/\/i0.wp.com\/larevistadigital.com.ar\/blog\/wp-content\/uploads\/kicillof-en-ranchos.jpg?fit=1200%2C518&ssl=1&resize=1050%2C600 3x"},"classes":[]}],"_links":{"self":[{"href":"https:\/\/larevistadigital.com.ar\/blog\/wp-json\/wp\/v2\/posts\/36809","targetHints":{"allow":["GET"]}}],"collection":[{"href":"https:\/\/larevistadigital.com.ar\/blog\/wp-json\/wp\/v2\/posts"}],"about":[{"href":"https:\/\/larevistadigital.com.ar\/blog\/wp-json\/wp\/v2\/types\/post"}],"author":[{"embeddable":true,"href":"https:\/\/larevistadigital.com.ar\/blog\/wp-json\/wp\/v2\/users\/3"}],"replies":[{"embeddable":true,"href":"https:\/\/larevistadigital.com.ar\/blog\/wp-json\/wp\/v2\/comments?post=36809"}],"version-history":[{"count":1,"href":"https:\/\/larevistadigital.com.ar\/blog\/wp-json\/wp\/v2\/posts\/36809\/revisions"}],"predecessor-version":[{"id":36811,"href":"https:\/\/larevistadigital.com.ar\/blog\/wp-json\/wp\/v2\/posts\/36809\/revisions\/36811"}],"wp:featuredmedia":[{"embeddable":true,"href":"https:\/\/larevistadigital.com.ar\/blog\/wp-json\/wp\/v2\/media\/36810"}],"wp:attachment":[{"href":"https:\/\/larevistadigital.com.ar\/blog\/wp-json\/wp\/v2\/media?parent=36809"}],"wp:term":[{"taxonomy":"category","embeddable":true,"href":"https:\/\/larevistadigital.com.ar\/blog\/wp-json\/wp\/v2\/categories?post=36809"},{"taxonomy":"post_tag","embeddable":true,"href":"https:\/\/larevistadigital.com.ar\/blog\/wp-json\/wp\/v2\/tags?post=36809"}],"curies":[{"name":"wp","href":"https:\/\/api.w.org\/{rel}","templated":true}]}}