{"id":36812,"date":"2024-07-28T12:23:33","date_gmt":"2024-07-28T15:23:33","guid":{"rendered":"https:\/\/larevistadigital.com.ar\/blog\/?p=36812"},"modified":"2024-07-28T12:23:33","modified_gmt":"2024-07-28T15:23:33","slug":"mortandad-de-peces-en-rios-y-lagunas-bonaerenses","status":"publish","type":"post","link":"https:\/\/larevistadigital.com.ar\/blog\/mortandad-de-peces-en-rios-y-lagunas-bonaerenses\/","title":{"rendered":"MORTANDAD DE PECES EN R\u00cdOS Y LAGUNAS BONAERENSES"},"content":{"rendered":"<h2 class=\"fparrafo ctext fz18 lh25\">En las \u00faltimas horas se ha registrado una elevada mortandad de peces en el r\u00edo Luj\u00e1n, con miles de ejemplares flotando. Seg\u00fan los vecinos, este fen\u00f3meno coincide con un vertido del Parque Industrial de Pilar. Esta situaci\u00f3n tambi\u00e9n afecta el mismo curso de agua en \u00e1reas de Tigre y aguas arriba del puente de la Ruta 8 en Luj\u00e1n. Adem\u00e1s, los fuertes olores en la zona han sido una consecuencia notable.<\/h2>\n<p>28 de Julio de 2024<\/p>\n<p><strong>BUENOS AIRES\u00a0 &#8211;<\/strong>\u00a0 Desde la Reserva Natural de Pilar explicaron que esta situaci\u00f3n podr\u00eda estar vinculada a la escasa cantidad de agua presente en el r\u00edo en estas semanas y a los elevados niveles de contaminaci\u00f3n hist\u00f3ricos que sufre este curso de agua, que atraviesa 13 distritos de la provincia de Buenos Aires.<\/p>\n<blockquote>\n<h3>Seg\u00fan reporta Pilar a Diario, el Municipio ha tomado muestras para ser analizadas en un laboratorio provincial y ha redactado un acta detallando la situaci\u00f3n, todo lo cual ha sido enviado al Ministerio de Medio Ambiente provincial para que realice una inspecci\u00f3n.<\/h3>\n<\/blockquote>\n<p>Desde la entidad ambientalista destacaron que, aunque este fen\u00f3meno suele repetirse al menos una vez al a\u00f1o, en esta ocasi\u00f3n presenta una particularidad: la mortandad tambi\u00e9n se detecta aguas arriba de Luj\u00e1n, lo que evidencia los problemas estructurales de contaminaci\u00f3n del r\u00edo.<\/p>\n<blockquote>\n<h3><em>\u201cLa situaci\u00f3n es preocupante. Hemos detectado mortandad de peces en Tigre y tambi\u00e9n aguas arriba de la Ruta 8. Falta ox\u00edgeno\u201d<\/em>, indicaron desde la Reserva.<\/h3>\n<\/blockquote>\n<p>Las obras contra las inundaciones y desbordes, aunque parecen haber cumplido su prop\u00f3sito, podr\u00edan estar contribuyendo a la mala salud del r\u00edo y a la supervivencia de sus especies.<\/p>\n<p>Finalmente, la Reserva Natural de Pilar aconsej\u00f3 a los vecinos registrar sus denuncias en el \u00e1rea de Medio Ambiente de la Provincia de Buenos Aires, para que el organismo tome conciencia de la gravedad de la situaci\u00f3n.\u00a0<b>(InfoGEI)Ac<\/b><\/p>\n","protected":false},"excerpt":{"rendered":"<div class=\"mh-excerpt\"><p>En las \u00faltimas horas se ha registrado una elevada mortandad de peces en el r\u00edo Luj\u00e1n, con miles de ejemplares flotando. Seg\u00fan los vecinos, este fen\u00f3meno coincide con un vertido del Parque Industrial de Pilar. <a class=\"mh-excerpt-more\" href=\"https:\/\/larevistadigital.com.ar\/blog\/mortandad-de-peces-en-rios-y-lagunas-bonaerenses\/\" title=\"MORTANDAD DE PECES EN R\u00cdOS Y LAGUNAS BONAERENSES\">[Leer M\u00e1s]<\/a><\/p>\n<\/div>","protected":false},"author":3,"featured_media":36813,"comment_status":"open","ping_status":"open","sticky":false,"template":"","format":"standard","meta":{"_jetpack_memberships_contains_paid_content":false,"footnotes":"","jetpack_publicize_message":"","jetpack_publicize_feature_enabled":true,"jetpack_social_post_already_shared":true,"jetpack_social_options":{"image_generator_settings":{"template":"highway","default_image_id":0,"font":"","enabled":false},"version":2}},"categories":[51],"tags":[],"class_list":{"0":"post-36812","1":"post","2":"type-post","3":"status-publish","4":"format-standard","5":"has-post-thumbnail","7":"category-regionales"},"jetpack_publicize_connections":[],"jetpack_featured_media_url":"https:\/\/i0.wp.com\/larevistadigital.com.ar\/blog\/wp-content\/uploads\/20240727175923_peces-muertos-rio-lujan.jpg?fit=880%2C512&ssl=1","jetpack_sharing_enabled":true,"jetpack_shortlink":"https:\/\/wp.me\/p8qtrQ-9zK","jetpack-related-posts":[{"id":15476,"url":"https:\/\/larevistadigital.com.ar\/blog\/monte-las-autoridades-explicaron-el-porque-de-la-mortandad-de-peces-en-la-laguna\/","url_meta":{"origin":36812,"position":0},"title":"MONTE: LAS AUTORIDADES EXPLICARON EL PORQU\u00c9 DE LA MORTANDAD DE PECES EN LA LAGUNA","author":"Alejandro Sosa Ruda","date":"2 junio, 2020","format":false,"excerpt":"A ra\u00edz de la mortandad de Sabalos en el sector de la d\u00e1rsena de la bajada de lanchas de la laguna de Monte, la Direcci\u00f3n de Medio Ambiente informa que esto se debe a las bajas temperaturas experimentadas durante la noche de ayer\/madrugada de hoy. Los S\u00e1balos son peces que\u2026","rel":"","context":"En \u00abREGIONALES\u00bb","block_context":{"text":"REGIONALES","link":"https:\/\/larevistadigital.com.ar\/blog\/category\/regionales\/"},"img":{"alt_text":"","src":"https:\/\/i0.wp.com\/larevistadigital.com.ar\/blog\/wp-content\/uploads\/IMG-20200601-WA0059.jpg?fit=720%2C540&ssl=1&resize=350%2C200","width":350,"height":200,"srcset":"https:\/\/i0.wp.com\/larevistadigital.com.ar\/blog\/wp-content\/uploads\/IMG-20200601-WA0059.jpg?fit=720%2C540&ssl=1&resize=350%2C200 1x, https:\/\/i0.wp.com\/larevistadigital.com.ar\/blog\/wp-content\/uploads\/IMG-20200601-WA0059.jpg?fit=720%2C540&ssl=1&resize=525%2C300 1.5x, https:\/\/i0.wp.com\/larevistadigital.com.ar\/blog\/wp-content\/uploads\/IMG-20200601-WA0059.jpg?fit=720%2C540&ssl=1&resize=700%2C400 2x"},"classes":[]},{"id":27143,"url":"https:\/\/larevistadigital.com.ar\/blog\/chascomus-importante-tarea-de-limpieza-en-la-laguna\/","url_meta":{"origin":36812,"position":1},"title":"CHASCOM\u00daS: IMPORTANTE TAREA DE LIMPIEZA EN LA LAGUNA","author":"Alejandro Sosa Ruda","date":"19 agosto, 2022","format":false,"excerpt":"Se hicieron trabajos para cuidar el ecosistema. quitando residuos y peces muertos por falta de oxigeno a causa de la poca agua. La opini\u00f3n de Gustavo Berasain al respecto. CHASCOM\u00daS -\u00a0 En los \u00faltimos tiempos, se ha podido apreciar entre otras cosas una gran mortandad de peces en la laguna\u2026","rel":"","context":"En \u00abCHASCOM\u00daS\u00bb","block_context":{"text":"CHASCOM\u00daS","link":"https:\/\/larevistadigital.com.ar\/blog\/category\/chascomus\/"},"img":{"alt_text":"","src":"https:\/\/i0.wp.com\/larevistadigital.com.ar\/blog\/wp-content\/uploads\/WhatsApp-Image-2022-08-17-at-4.46.07-PM.jpeg?fit=1200%2C547&ssl=1&resize=350%2C200","width":350,"height":200,"srcset":"https:\/\/i0.wp.com\/larevistadigital.com.ar\/blog\/wp-content\/uploads\/WhatsApp-Image-2022-08-17-at-4.46.07-PM.jpeg?fit=1200%2C547&ssl=1&resize=350%2C200 1x, https:\/\/i0.wp.com\/larevistadigital.com.ar\/blog\/wp-content\/uploads\/WhatsApp-Image-2022-08-17-at-4.46.07-PM.jpeg?fit=1200%2C547&ssl=1&resize=525%2C300 1.5x, https:\/\/i0.wp.com\/larevistadigital.com.ar\/blog\/wp-content\/uploads\/WhatsApp-Image-2022-08-17-at-4.46.07-PM.jpeg?fit=1200%2C547&ssl=1&resize=700%2C400 2x, https:\/\/i0.wp.com\/larevistadigital.com.ar\/blog\/wp-content\/uploads\/WhatsApp-Image-2022-08-17-at-4.46.07-PM.jpeg?fit=1200%2C547&ssl=1&resize=1050%2C600 3x"},"classes":[]},{"id":41154,"url":"https:\/\/larevistadigital.com.ar\/blog\/kicillof-recorrio-obras-hidraulicas-en-los-municipios-de-lujan-y-mercedes\/","url_meta":{"origin":36812,"position":2},"title":"Kicillof recorri\u00f3 obras hidr\u00e1ulicas en los municipios de Luj\u00e1n y Mercedes","author":"Alejandro Sosa Ruda","date":"30 agosto, 2025","format":false,"excerpt":"Se trata de la readecuaci\u00f3n del R\u00edo Luj\u00e1n para prevenir inundaciones y de los trabajos de construcci\u00f3n del Paseo Ribere\u00f1o. 30 De Agosto de 2025 BUENOS AIRES\u00a0 -\u00a0 \u00a0 El gobernador de la provincia de Buenos Aires, Axel Kicillof, recorri\u00f3 este jueves junto al ministro de Infraestructura y Servicios P\u00fablicos,\u2026","rel":"","context":"En \u00abPOLITICA PROVINCIAL\u00bb","block_context":{"text":"POLITICA PROVINCIAL","link":"https:\/\/larevistadigital.com.ar\/blog\/category\/politica\/politica-provincial\/"},"img":{"alt_text":"","src":"https:\/\/i0.wp.com\/larevistadigital.com.ar\/blog\/wp-content\/uploads\/77A3555.jpg?fit=743%2C530&ssl=1&resize=350%2C200","width":350,"height":200,"srcset":"https:\/\/i0.wp.com\/larevistadigital.com.ar\/blog\/wp-content\/uploads\/77A3555.jpg?fit=743%2C530&ssl=1&resize=350%2C200 1x, https:\/\/i0.wp.com\/larevistadigital.com.ar\/blog\/wp-content\/uploads\/77A3555.jpg?fit=743%2C530&ssl=1&resize=525%2C300 1.5x, https:\/\/i0.wp.com\/larevistadigital.com.ar\/blog\/wp-content\/uploads\/77A3555.jpg?fit=743%2C530&ssl=1&resize=700%2C400 2x"},"classes":[]},{"id":27679,"url":"https:\/\/larevistadigital.com.ar\/blog\/san-fernando-picada-en-el-rio-lujan-con-choque-de-lanchas-y-un-hombre-desaparecido\/","url_meta":{"origin":36812,"position":3},"title":"SAN FERNANDO: \u00abPICADA\u00bb EN EL R\u00cdO LUJAN CON CHOQUE DE LANCHAS Y UN HOMBRE DESAPARECIDO","author":"Alejandro Sosa Ruda","date":"12 septiembre, 2022","format":false,"excerpt":"Una lancha estaba por ingresar a la guarder\u00eda cuando se cruza una moto de agua a alta velocidad y luego una lancha trucker sin luces \"haciendo picadas\". Como consecuencia, el conductor del trucker se cae al agua y desaparece. 12 de septiembre de 2022 SAN FERNANDO -\u00a0 Una embarcaci\u00f3n dispuesta\u2026","rel":"","context":"En \u00abINTERES GENERAL\u00bb","block_context":{"text":"INTERES GENERAL","link":"https:\/\/larevistadigital.com.ar\/blog\/category\/interes-general\/"},"img":{"alt_text":"","src":"https:\/\/i0.wp.com\/larevistadigital.com.ar\/blog\/wp-content\/uploads\/sf.png?fit=693%2C520&ssl=1&resize=350%2C200","width":350,"height":200,"srcset":"https:\/\/i0.wp.com\/larevistadigital.com.ar\/blog\/wp-content\/uploads\/sf.png?fit=693%2C520&ssl=1&resize=350%2C200 1x, https:\/\/i0.wp.com\/larevistadigital.com.ar\/blog\/wp-content\/uploads\/sf.png?fit=693%2C520&ssl=1&resize=525%2C300 1.5x"},"classes":[]},{"id":41151,"url":"https:\/\/larevistadigital.com.ar\/blog\/encuentro-con-jubilados-y-personas-con-discapacidad-junto-al-gobernador-kicillof\/","url_meta":{"origin":36812,"position":4},"title":"Encuentro con jubilados y personas con discapacidad junto al gobernador Kicillof","author":"Alejandro Sosa Ruda","date":"30 agosto, 2025","format":false,"excerpt":"El ministro, junto a otros funcionarios de la cartera, estuvieron presentes en las recorridas por el Centro de Jubilados \u201cInstituto Unzu\u00e9\u201d y\u00a0el Taller Protegido Municipal. 30 De Agosto de 2025 BUENOS AIRES\u00a0 -\u00a0 \u00a0El gobernador de la provincia de Buenos Aires, Axel Kicillof, junto al ministro Andr\u00e9s Larroque y a\u2026","rel":"","context":"En \u00abPOLITICA PROVINCIAL\u00bb","block_context":{"text":"POLITICA PROVINCIAL","link":"https:\/\/larevistadigital.com.ar\/blog\/category\/politica\/politica-provincial\/"},"img":{"alt_text":"","src":"https:\/\/i0.wp.com\/larevistadigital.com.ar\/blog\/wp-content\/uploads\/GzdMTNEXgAAo7er.jpg?fit=700%2C467&ssl=1&resize=350%2C200","width":350,"height":200,"srcset":"https:\/\/i0.wp.com\/larevistadigital.com.ar\/blog\/wp-content\/uploads\/GzdMTNEXgAAo7er.jpg?fit=700%2C467&ssl=1&resize=350%2C200 1x, https:\/\/i0.wp.com\/larevistadigital.com.ar\/blog\/wp-content\/uploads\/GzdMTNEXgAAo7er.jpg?fit=700%2C467&ssl=1&resize=525%2C300 1.5x, https:\/\/i0.wp.com\/larevistadigital.com.ar\/blog\/wp-content\/uploads\/GzdMTNEXgAAo7er.jpg?fit=700%2C467&ssl=1&resize=700%2C400 2x"},"classes":[]},{"id":40287,"url":"https:\/\/larevistadigital.com.ar\/blog\/investigan-a-atanor-por-una-nueva-descarga-ilegal-de-residuos-industriales\/","url_meta":{"origin":36812,"position":5},"title":"Investigan a Atanor por una nueva descarga ilegal de residuos industriales","author":"Alejandro Sosa Ruda","date":"2 julio, 2025","format":false,"excerpt":"La planta de agroqu\u00edmicos de Atanor en San Nicol\u00e1s vuelve a estar bajo la lupa judicial luego de que el Ministerio de Ambiente de la provincia de Buenos Aires detectara, en una inspecci\u00f3n realizada en junio, un vertido no autorizado de efluentes cerca de la barranca del r\u00edo Paran\u00e1. La\u2026","rel":"","context":"En \u00abREGIONALES\u00bb","block_context":{"text":"REGIONALES","link":"https:\/\/larevistadigital.com.ar\/blog\/category\/regionales\/"},"img":{"alt_text":"","src":"https:\/\/i0.wp.com\/larevistadigital.com.ar\/blog\/wp-content\/uploads\/20250701191623_atanor-investigacion-judicial-efluentes-industriales.jpg?fit=880%2C512&ssl=1&resize=350%2C200","width":350,"height":200,"srcset":"https:\/\/i0.wp.com\/larevistadigital.com.ar\/blog\/wp-content\/uploads\/20250701191623_atanor-investigacion-judicial-efluentes-industriales.jpg?fit=880%2C512&ssl=1&resize=350%2C200 1x, https:\/\/i0.wp.com\/larevistadigital.com.ar\/blog\/wp-content\/uploads\/20250701191623_atanor-investigacion-judicial-efluentes-industriales.jpg?fit=880%2C512&ssl=1&resize=525%2C300 1.5x, https:\/\/i0.wp.com\/larevistadigital.com.ar\/blog\/wp-content\/uploads\/20250701191623_atanor-investigacion-judicial-efluentes-industriales.jpg?fit=880%2C512&ssl=1&resize=700%2C400 2x"},"classes":[]}],"_links":{"self":[{"href":"https:\/\/larevistadigital.com.ar\/blog\/wp-json\/wp\/v2\/posts\/36812","targetHints":{"allow":["GET"]}}],"collection":[{"href":"https:\/\/larevistadigital.com.ar\/blog\/wp-json\/wp\/v2\/posts"}],"about":[{"href":"https:\/\/larevistadigital.com.ar\/blog\/wp-json\/wp\/v2\/types\/post"}],"author":[{"embeddable":true,"href":"https:\/\/larevistadigital.com.ar\/blog\/wp-json\/wp\/v2\/users\/3"}],"replies":[{"embeddable":true,"href":"https:\/\/larevistadigital.com.ar\/blog\/wp-json\/wp\/v2\/comments?post=36812"}],"version-history":[{"count":1,"href":"https:\/\/larevistadigital.com.ar\/blog\/wp-json\/wp\/v2\/posts\/36812\/revisions"}],"predecessor-version":[{"id":36814,"href":"https:\/\/larevistadigital.com.ar\/blog\/wp-json\/wp\/v2\/posts\/36812\/revisions\/36814"}],"wp:featuredmedia":[{"embeddable":true,"href":"https:\/\/larevistadigital.com.ar\/blog\/wp-json\/wp\/v2\/media\/36813"}],"wp:attachment":[{"href":"https:\/\/larevistadigital.com.ar\/blog\/wp-json\/wp\/v2\/media?parent=36812"}],"wp:term":[{"taxonomy":"category","embeddable":true,"href":"https:\/\/larevistadigital.com.ar\/blog\/wp-json\/wp\/v2\/categories?post=36812"},{"taxonomy":"post_tag","embeddable":true,"href":"https:\/\/larevistadigital.com.ar\/blog\/wp-json\/wp\/v2\/tags?post=36812"}],"curies":[{"name":"wp","href":"https:\/\/api.w.org\/{rel}","templated":true}]}}