{"id":36819,"date":"2024-07-28T13:13:01","date_gmt":"2024-07-28T16:13:01","guid":{"rendered":"https:\/\/larevistadigital.com.ar\/blog\/?p=36819"},"modified":"2024-07-28T13:13:17","modified_gmt":"2024-07-28T16:13:17","slug":"castelli-logran-rescatar-con-vida-a-un-menor-que-cayo-a-un-canal","status":"publish","type":"post","link":"https:\/\/larevistadigital.com.ar\/blog\/castelli-logran-rescatar-con-vida-a-un-menor-que-cayo-a-un-canal\/","title":{"rendered":"CASTELLI: LOGRAN RESCATAR CON VIDA A UN MENOR QUE CAY\u00d3 A UN CANAL"},"content":{"rendered":"<h2>Igualmente, el menor sufri\u00f3 un cuadro de hipotermia. Sucedi\u00f3 en el canal 15.<\/h2>\n<p>28 de Julio de 2024<\/p>\n<p><strong>CASTELLI\u00a0 &#8211;<\/strong>\u00a0 Un menor cay\u00f3 a una zona del Canal 15 y milagrosamente fue rescatado con vida, ya que el lugar, conocido como \u00abLa Cascada\u00bb es considerado peligroso.<\/p>\n<p>Posteriormente al rescate, los bomberos de Castelli se encargaron de trasladarlo con un cuadro de hipotermia e hipertensi\u00f3n al UPA Lezama para ser atendido,<\/p>\n<p>Tambi\u00e9n colaboraron en el rescate los bomberos de Lezama y hay que se\u00f1alar que el lugar no se encuentra habilitado para la pesca, dada su peligrosidad.<\/p>\n<p>Fuente e imagen: entrel\u00edneas.info<\/p>\n","protected":false},"excerpt":{"rendered":"<div class=\"mh-excerpt\"><p>Igualmente, el menor sufri\u00f3 un cuadro de hipotermia. Sucedi\u00f3 en el canal 15. 28 de Julio de 2024 CASTELLI\u00a0 &#8211;\u00a0 Un menor cay\u00f3 a una zona del Canal 15 y milagrosamente fue rescatado con vida, <a class=\"mh-excerpt-more\" href=\"https:\/\/larevistadigital.com.ar\/blog\/castelli-logran-rescatar-con-vida-a-un-menor-que-cayo-a-un-canal\/\" title=\"CASTELLI: LOGRAN RESCATAR CON VIDA A UN MENOR QUE CAY\u00d3 A UN CANAL\">[Leer M\u00e1s]<\/a><\/p>\n<\/div>","protected":false},"author":3,"featured_media":36820,"comment_status":"open","ping_status":"open","sticky":false,"template":"","format":"standard","meta":{"_jetpack_memberships_contains_paid_content":false,"footnotes":"","jetpack_publicize_message":"","jetpack_publicize_feature_enabled":true,"jetpack_social_post_already_shared":true,"jetpack_social_options":{"image_generator_settings":{"template":"highway","default_image_id":0,"font":"","enabled":false},"version":2}},"categories":[44,51],"tags":[],"class_list":{"0":"post-36819","1":"post","2":"type-post","3":"status-publish","4":"format-standard","5":"has-post-thumbnail","7":"category-policiales","8":"category-regionales"},"jetpack_publicize_connections":[],"jetpack_featured_media_url":"https:\/\/i0.wp.com\/larevistadigital.com.ar\/blog\/wp-content\/uploads\/e78a062b2c162988176c8d083bfd432597f9ac06.jpg?fit=900%2C900&ssl=1","jetpack_sharing_enabled":true,"jetpack_shortlink":"https:\/\/wp.me\/p8qtrQ-9zR","jetpack-related-posts":[{"id":12133,"url":"https:\/\/larevistadigital.com.ar\/blog\/castelli-continua-la-busqueda-de-los-pescadores-que-cayeron-al-canal-15-en-la-cascada\/","url_meta":{"origin":36819,"position":0},"title":"CASTELLI: CONTIN\u00daA LA B\u00daSQUEDA DE LOS PESCADORES QUE CAYERON AL CANAL 15, EN LA CASCADA","author":"Alejandro Sosa Ruda","date":"17 septiembre, 2019","format":false,"excerpt":"A pesar de los esfuerzos de bomberos de Castelli y Lezama la b\u00fasqueda de los dos pescadores que cayeron al agua del Canal 15 continuar\u00e1 este martes seg\u00fan se inform\u00f3. El lunes, a las 11:40 horas, se recibi\u00f3 un llamado de alerta al Sistema de Emergencias 911, informando que cuatro\u2026","rel":"","context":"En \u00abCASTELLI\u00bb","block_context":{"text":"CASTELLI","link":"https:\/\/larevistadigital.com.ar\/blog\/category\/castelli\/"},"img":{"alt_text":"","src":"https:\/\/i0.wp.com\/larevistadigital.com.ar\/blog\/wp-content\/uploads\/8b408c2a9025a1a59aa5aeba256148d5c8ad9863.jpg?fit=1140%2C758&ssl=1&resize=350%2C200","width":350,"height":200,"srcset":"https:\/\/i0.wp.com\/larevistadigital.com.ar\/blog\/wp-content\/uploads\/8b408c2a9025a1a59aa5aeba256148d5c8ad9863.jpg?fit=1140%2C758&ssl=1&resize=350%2C200 1x, https:\/\/i0.wp.com\/larevistadigital.com.ar\/blog\/wp-content\/uploads\/8b408c2a9025a1a59aa5aeba256148d5c8ad9863.jpg?fit=1140%2C758&ssl=1&resize=525%2C300 1.5x, https:\/\/i0.wp.com\/larevistadigital.com.ar\/blog\/wp-content\/uploads\/8b408c2a9025a1a59aa5aeba256148d5c8ad9863.jpg?fit=1140%2C758&ssl=1&resize=700%2C400 2x, https:\/\/i0.wp.com\/larevistadigital.com.ar\/blog\/wp-content\/uploads\/8b408c2a9025a1a59aa5aeba256148d5c8ad9863.jpg?fit=1140%2C758&ssl=1&resize=1050%2C600 3x"},"classes":[]},{"id":19702,"url":"https:\/\/larevistadigital.com.ar\/blog\/cayo-con-su-auto-al-canal-15-y-se-salvo-de-milagro\/","url_meta":{"origin":36819,"position":1},"title":"CAY\u00d3 CON SU AUTO AL CANAL 15, Y SE SALV\u00d3 DE MILAGRO","author":"Alejandro Sosa Ruda","date":"16 abril, 2021","format":false,"excerpt":"CASTELLI -\u00a0 Un autom\u00f3vil cay\u00f3 a las aguas del canal 15 y debi\u00f3 ser rescatado por pescadores, que se encontraban en ese momento en el lugar. Luego de sacarlo del veh\u00edculo y brindarle asistencia, pudo comprobarse que afortunadamente el hombre result\u00f3 ileso.","rel":"","context":"En \u00abCASTELLI\u00bb","block_context":{"text":"CASTELLI","link":"https:\/\/larevistadigital.com.ar\/blog\/category\/castelli\/"},"img":{"alt_text":"","src":"https:\/\/i0.wp.com\/larevistadigital.com.ar\/blog\/wp-content\/uploads\/canal-15.jpg?fit=900%2C472&ssl=1&resize=350%2C200","width":350,"height":200,"srcset":"https:\/\/i0.wp.com\/larevistadigital.com.ar\/blog\/wp-content\/uploads\/canal-15.jpg?fit=900%2C472&ssl=1&resize=350%2C200 1x, https:\/\/i0.wp.com\/larevistadigital.com.ar\/blog\/wp-content\/uploads\/canal-15.jpg?fit=900%2C472&ssl=1&resize=525%2C300 1.5x, https:\/\/i0.wp.com\/larevistadigital.com.ar\/blog\/wp-content\/uploads\/canal-15.jpg?fit=900%2C472&ssl=1&resize=700%2C400 2x"},"classes":[]},{"id":19417,"url":"https:\/\/larevistadigital.com.ar\/blog\/muere-ahogado-un-pescador-en-el-rio-salado\/","url_meta":{"origin":36819,"position":2},"title":"MUERE AHOGADO UN PESCADOR EN EL R\u00cdO SALADO","author":"Alejandro Sosa Ruda","date":"25 marzo, 2021","format":false,"excerpt":"Dos hombres ingresaron a nadar en el R\u00edo Salado, y seg\u00fan precisaron testigos que se encontraban en el lugar, uno de ellos nunca regres\u00f3 a la costa. Fuentes policiales informaron a Castellidiario que pasado el mediod\u00eda se recibi\u00f3 un llamado de alerta por una persona desaparecida en el agua, lo\u2026","rel":"","context":"En \u00abCASTELLI\u00bb","block_context":{"text":"CASTELLI","link":"https:\/\/larevistadigital.com.ar\/blog\/category\/castelli\/"},"img":{"alt_text":"","src":"https:\/\/i0.wp.com\/larevistadigital.com.ar\/blog\/wp-content\/uploads\/31444.jpg?fit=1000%2C562&ssl=1&resize=350%2C200","width":350,"height":200,"srcset":"https:\/\/i0.wp.com\/larevistadigital.com.ar\/blog\/wp-content\/uploads\/31444.jpg?fit=1000%2C562&ssl=1&resize=350%2C200 1x, https:\/\/i0.wp.com\/larevistadigital.com.ar\/blog\/wp-content\/uploads\/31444.jpg?fit=1000%2C562&ssl=1&resize=525%2C300 1.5x, https:\/\/i0.wp.com\/larevistadigital.com.ar\/blog\/wp-content\/uploads\/31444.jpg?fit=1000%2C562&ssl=1&resize=700%2C400 2x"},"classes":[]},{"id":25114,"url":"https:\/\/larevistadigital.com.ar\/blog\/castelli-cae-una-combi-con-tres-ocupantes-en-aguas-del-canal-el-porteno\/","url_meta":{"origin":36819,"position":3},"title":"CASTELLI: CAE UNA COMBI CON TRES OCUPANTES EN AGUAS DEL CANAL \u00abEL PORTE\u00d1O\u00bb","author":"Alejandro Sosa Ruda","date":"16 abril, 2022","format":false,"excerpt":"CASTELLI -\u00a0 Inform\u00f3 el portal \"castellidirario\" que una combi con tres ocupantes a bordo cay\u00f3 en aguas del canal \u201cEl Porte\u00f1o\u201d, tras pasarse de largo en el denominado \u201cPuente Vandevalle\u201d. El siniestro se registr\u00f3 este s\u00e1bado, cerca de las 06hs. Los ocupantes del rodado resultaron ilesos y pudieron salir por\u2026","rel":"","context":"En \u00abCASTELLI\u00bb","block_context":{"text":"CASTELLI","link":"https:\/\/larevistadigital.com.ar\/blog\/category\/castelli\/"},"img":{"alt_text":"","src":"https:\/\/i0.wp.com\/larevistadigital.com.ar\/blog\/wp-content\/uploads\/278374428_355842449892423_5215175555291894308_n.jpg?fit=750%2C562&ssl=1&resize=350%2C200","width":350,"height":200,"srcset":"https:\/\/i0.wp.com\/larevistadigital.com.ar\/blog\/wp-content\/uploads\/278374428_355842449892423_5215175555291894308_n.jpg?fit=750%2C562&ssl=1&resize=350%2C200 1x, https:\/\/i0.wp.com\/larevistadigital.com.ar\/blog\/wp-content\/uploads\/278374428_355842449892423_5215175555291894308_n.jpg?fit=750%2C562&ssl=1&resize=525%2C300 1.5x, https:\/\/i0.wp.com\/larevistadigital.com.ar\/blog\/wp-content\/uploads\/278374428_355842449892423_5215175555291894308_n.jpg?fit=750%2C562&ssl=1&resize=700%2C400 2x"},"classes":[]},{"id":35485,"url":"https:\/\/larevistadigital.com.ar\/blog\/ruta-2-cuatro-heridos-en-un-fuerte-accidente\/","url_meta":{"origin":36819,"position":4},"title":"RUTA 2: CUATRO HERIDOS EN UN FUERTE ACCIDENTE","author":"Alejandro Sosa Ruda","date":"10 marzo, 2024","format":false,"excerpt":"El accidente ocurri\u00f3 a la altura del punte de Guerrero. Afortunadamente no se registraron v\u00edctimas fatales. CASTELLI -\u00a0\u00a0El terrible siniestro, ocurri\u00f3 entre las localidades de Castelli y Lezama, m\u00e1s espec\u00edficamente a la altura del kil\u00f3metro 156 de la ruta 2, en la zona del puente Guerrero, donde impactaron dos veh\u00edculos.\u2026","rel":"","context":"En \u00abPOLICIALES\u00bb","block_context":{"text":"POLICIALES","link":"https:\/\/larevistadigital.com.ar\/blog\/category\/policiales\/"},"img":{"alt_text":"","src":"https:\/\/i0.wp.com\/larevistadigital.com.ar\/blog\/wp-content\/uploads\/Captura-de-pantalla-2024-03-10-211739.png?fit=1136%2C493&ssl=1&resize=350%2C200","width":350,"height":200,"srcset":"https:\/\/i0.wp.com\/larevistadigital.com.ar\/blog\/wp-content\/uploads\/Captura-de-pantalla-2024-03-10-211739.png?fit=1136%2C493&ssl=1&resize=350%2C200 1x, https:\/\/i0.wp.com\/larevistadigital.com.ar\/blog\/wp-content\/uploads\/Captura-de-pantalla-2024-03-10-211739.png?fit=1136%2C493&ssl=1&resize=525%2C300 1.5x, https:\/\/i0.wp.com\/larevistadigital.com.ar\/blog\/wp-content\/uploads\/Captura-de-pantalla-2024-03-10-211739.png?fit=1136%2C493&ssl=1&resize=700%2C400 2x, https:\/\/i0.wp.com\/larevistadigital.com.ar\/blog\/wp-content\/uploads\/Captura-de-pantalla-2024-03-10-211739.png?fit=1136%2C493&ssl=1&resize=1050%2C600 3x"},"classes":[]},{"id":7417,"url":"https:\/\/larevistadigital.com.ar\/blog\/castelli-dos-ciclistas-heridos-por-choque-con-camioneta-en-la-ruta-2\/","url_meta":{"origin":36819,"position":5},"title":"CASTELLI: DOS CICLISTAS HERIDOS POR CHOQUE CON CAMIONETA EN LA RUTA 2","author":"Alejandro Sosa Ruda","date":"28 diciembre, 2018","format":false,"excerpt":"Dos ciclistas de Castelli resultaron con lesiones tras colisionar con una camioneta que estaba parada en la autov\u00eda 2 Seg\u00fan se supo y public\u00f3 en Castelli diario se trata de los pedalistas Carlos Brivio y Hugo Martinez, quienes a\u00a0 bordo de sus bicicletas, impactaron con una camioneta Ford Eco Sport\u2026","rel":"","context":"En \u00abCASTELLI\u00bb","block_context":{"text":"CASTELLI","link":"https:\/\/larevistadigital.com.ar\/blog\/category\/castelli\/"},"img":{"alt_text":"","src":"https:\/\/i0.wp.com\/larevistadigital.com.ar\/blog\/wp-content\/uploads\/2018\/12\/bici-1.jpg?fit=600%2C800&ssl=1&resize=350%2C200","width":350,"height":200,"srcset":"https:\/\/i0.wp.com\/larevistadigital.com.ar\/blog\/wp-content\/uploads\/2018\/12\/bici-1.jpg?fit=600%2C800&ssl=1&resize=350%2C200 1x, https:\/\/i0.wp.com\/larevistadigital.com.ar\/blog\/wp-content\/uploads\/2018\/12\/bici-1.jpg?fit=600%2C800&ssl=1&resize=525%2C300 1.5x"},"classes":[]}],"_links":{"self":[{"href":"https:\/\/larevistadigital.com.ar\/blog\/wp-json\/wp\/v2\/posts\/36819","targetHints":{"allow":["GET"]}}],"collection":[{"href":"https:\/\/larevistadigital.com.ar\/blog\/wp-json\/wp\/v2\/posts"}],"about":[{"href":"https:\/\/larevistadigital.com.ar\/blog\/wp-json\/wp\/v2\/types\/post"}],"author":[{"embeddable":true,"href":"https:\/\/larevistadigital.com.ar\/blog\/wp-json\/wp\/v2\/users\/3"}],"replies":[{"embeddable":true,"href":"https:\/\/larevistadigital.com.ar\/blog\/wp-json\/wp\/v2\/comments?post=36819"}],"version-history":[{"count":2,"href":"https:\/\/larevistadigital.com.ar\/blog\/wp-json\/wp\/v2\/posts\/36819\/revisions"}],"predecessor-version":[{"id":36822,"href":"https:\/\/larevistadigital.com.ar\/blog\/wp-json\/wp\/v2\/posts\/36819\/revisions\/36822"}],"wp:featuredmedia":[{"embeddable":true,"href":"https:\/\/larevistadigital.com.ar\/blog\/wp-json\/wp\/v2\/media\/36820"}],"wp:attachment":[{"href":"https:\/\/larevistadigital.com.ar\/blog\/wp-json\/wp\/v2\/media?parent=36819"}],"wp:term":[{"taxonomy":"category","embeddable":true,"href":"https:\/\/larevistadigital.com.ar\/blog\/wp-json\/wp\/v2\/categories?post=36819"},{"taxonomy":"post_tag","embeddable":true,"href":"https:\/\/larevistadigital.com.ar\/blog\/wp-json\/wp\/v2\/tags?post=36819"}],"curies":[{"name":"wp","href":"https:\/\/api.w.org\/{rel}","templated":true}]}}