{"id":36823,"date":"2024-07-28T14:18:37","date_gmt":"2024-07-28T17:18:37","guid":{"rendered":"https:\/\/larevistadigital.com.ar\/blog\/?p=36823"},"modified":"2024-07-28T14:18:37","modified_gmt":"2024-07-28T17:18:37","slug":"belgrano-policia-mata-a-golpes-a-una-mujer-e-hiere-a-otra","status":"publish","type":"post","link":"https:\/\/larevistadigital.com.ar\/blog\/belgrano-policia-mata-a-golpes-a-una-mujer-e-hiere-a-otra\/","title":{"rendered":"BELGRANO: POLIC\u00cdA MATA A GOLPES A UNA MUJER, E HIERE A OTRA"},"content":{"rendered":"<h2>La mujer herida, salv\u00f3 su vida gracias al bot\u00f3n antip\u00e1nico.<\/h2>\n<p>28 de Julio de 2024<\/p>\n<p><strong>GRAL. BELGRANO &#8211;\u00a0 <\/strong>Esta madrugada, un polic\u00eda mat\u00f3 a golpes a una mujer e hiri\u00f3 a otra sobre quien ten\u00eda una medida cautelar de <strong>\u201cprohibici\u00f3n de acercamiento\u201d<\/strong>, por hechos de violencia que se hab\u00edan registrado.<\/p>\n<blockquote>\n<h3>Todo ocurri\u00f3 por la madrugada, cuando el polic\u00eda lleg\u00f3 hasta el domicilio de la v\u00edctima y la asesin\u00f3 a golpes con un palo.<\/h3>\n<\/blockquote>\n<p>Luego, el homicida se dirigi\u00f3 hasta la vivienda de la hija de la v\u00edctima y comenz\u00f3 a agredirla. La mujer logr\u00f3 activar el bot\u00f3n antip\u00e1nico que alert\u00f3 al Centro de Monitoreo Municipal, desde donde r\u00e1pidamente se dio intervenci\u00f3n a las fuerzas policiales.<\/p>\n<blockquote>\n<h3>Los efectivos lograron detener al agresor\u00a0que qued\u00f3 a disposici\u00f3n de la Justicia. Se trata de un\u00a0efectivo de la Polic\u00eda de la provincia de Buenos Aires, que si bien prestaba servicio en la Estaci\u00f3n de Polic\u00eda Comunal de Pila, en este momento se encontraba de licencia m\u00e9dica y no portaba el arma de fuego reglamentaria.<\/h3>\n<\/blockquote>\n<p>La investigaci\u00f3n est\u00e1 a cargo del fiscal <strong>Dr. Robert, Jonatan<\/strong>, titular de Fiscal\u00eda 10 de Chascom\u00fas del Departamento Judicial Dolores.<\/p>\n<p>foto y fuente: entrel\u00edneas<\/p>\n<p>&nbsp;<\/p>\n","protected":false},"excerpt":{"rendered":"<div class=\"mh-excerpt\"><p>La mujer herida, salv\u00f3 su vida gracias al bot\u00f3n antip\u00e1nico. 28 de Julio de 2024 GRAL. BELGRANO &#8211;\u00a0 Esta madrugada, un polic\u00eda mat\u00f3 a golpes a una mujer e hiri\u00f3 a otra sobre quien ten\u00eda <a class=\"mh-excerpt-more\" href=\"https:\/\/larevistadigital.com.ar\/blog\/belgrano-policia-mata-a-golpes-a-una-mujer-e-hiere-a-otra\/\" title=\"BELGRANO: POLIC\u00cdA MATA A GOLPES A UNA MUJER, E HIERE A OTRA\">[Leer M\u00e1s]<\/a><\/p>\n<\/div>","protected":false},"author":3,"featured_media":16797,"comment_status":"open","ping_status":"open","sticky":false,"template":"","format":"standard","meta":{"_jetpack_memberships_contains_paid_content":false,"footnotes":"","jetpack_publicize_message":"","jetpack_publicize_feature_enabled":true,"jetpack_social_post_already_shared":true,"jetpack_social_options":{"image_generator_settings":{"template":"highway","default_image_id":0,"font":"","enabled":false},"version":2}},"categories":[44,51],"tags":[],"class_list":{"0":"post-36823","1":"post","2":"type-post","3":"status-publish","4":"format-standard","5":"has-post-thumbnail","7":"category-policiales","8":"category-regionales"},"jetpack_publicize_connections":[],"jetpack_featured_media_url":"https:\/\/i0.wp.com\/larevistadigital.com.ar\/blog\/wp-content\/uploads\/una-mujer-fue-rescatada-la-policia-la-plata.jpg?fit=1200%2C675&ssl=1","jetpack_sharing_enabled":true,"jetpack_shortlink":"https:\/\/wp.me\/p8qtrQ-9zV","jetpack-related-posts":[{"id":41626,"url":"https:\/\/larevistadigital.com.ar\/blog\/dolores-detienen-a-un-hombre-acusado-de-agredir-y-amenazar-a-una-mujer\/","url_meta":{"origin":36823,"position":0},"title":"Dolores: detienen a un hombre acusado de agredir y amenazar a una mujer","author":"Alejandro Sosa Ruda","date":"24 septiembre, 2025","format":false,"excerpt":"La Polic\u00eda allan\u00f3 su vivienda y secuestr\u00f3 elementos vinculados al hecho. La v\u00edctima ya hab\u00eda denunciado episodios similares y contaba con bot\u00f3n antip\u00e1nico. 23 de septiembre de 2025 DOLORES -\u00a0 Un hombre de 41 a\u00f1os fue detenido en Dolores, tras un allanamiento en su vivienda ordenado por el Juzgado de\u2026","rel":"","context":"En \u00abDOLORES\u00bb","block_context":{"text":"DOLORES","link":"https:\/\/larevistadigital.com.ar\/blog\/category\/dolores\/"},"img":{"alt_text":"","src":"https:\/\/i0.wp.com\/larevistadigital.com.ar\/blog\/wp-content\/uploads\/3926b5058574142b31a38fcbcaad2895b4fdbbb1.jpg?fit=1140%2C716&ssl=1&resize=350%2C200","width":350,"height":200,"srcset":"https:\/\/i0.wp.com\/larevistadigital.com.ar\/blog\/wp-content\/uploads\/3926b5058574142b31a38fcbcaad2895b4fdbbb1.jpg?fit=1140%2C716&ssl=1&resize=350%2C200 1x, https:\/\/i0.wp.com\/larevistadigital.com.ar\/blog\/wp-content\/uploads\/3926b5058574142b31a38fcbcaad2895b4fdbbb1.jpg?fit=1140%2C716&ssl=1&resize=525%2C300 1.5x, https:\/\/i0.wp.com\/larevistadigital.com.ar\/blog\/wp-content\/uploads\/3926b5058574142b31a38fcbcaad2895b4fdbbb1.jpg?fit=1140%2C716&ssl=1&resize=700%2C400 2x, https:\/\/i0.wp.com\/larevistadigital.com.ar\/blog\/wp-content\/uploads\/3926b5058574142b31a38fcbcaad2895b4fdbbb1.jpg?fit=1140%2C716&ssl=1&resize=1050%2C600 3x"},"classes":[]},{"id":24107,"url":"https:\/\/larevistadigital.com.ar\/blog\/tolosa-roban-una-libreria-hubo-golpes-y-una-mujer-fue-herida-con-una-tijera\/","url_meta":{"origin":36823,"position":1},"title":"TOLOSA: ROBAN UNA LIBRER\u00cdA. HUBO GOLPES Y UNA MUJER FUE HERIDA CON UNA TIJERA","author":"Alejandro Sosa Ruda","date":"18 febrero, 2022","format":false,"excerpt":"El violento episodio se registr\u00f3 cuando dos j\u00f3venes ingresaron al comercio y en medio del atraco\u00a0apu\u00f1alaron a la propietaria en el hombro. TOLOSA -\u00a0 Un violento episodio de inseguridad se registr\u00f3 en las \u00faltimas horas en una librer\u00eda de Tolosa, cuando dos ladrones entraron a robar y en medio de\u2026","rel":"","context":"En \u00abINTERES GENERAL\u00bb","block_context":{"text":"INTERES GENERAL","link":"https:\/\/larevistadigital.com.ar\/blog\/category\/interes-general\/"},"img":{"alt_text":"","src":"https:\/\/i0.wp.com\/larevistadigital.com.ar\/blog\/wp-content\/uploads\/1645181844285.jpg?fit=658%2C386&ssl=1&resize=350%2C200","width":350,"height":200,"srcset":"https:\/\/i0.wp.com\/larevistadigital.com.ar\/blog\/wp-content\/uploads\/1645181844285.jpg?fit=658%2C386&ssl=1&resize=350%2C200 1x, https:\/\/i0.wp.com\/larevistadigital.com.ar\/blog\/wp-content\/uploads\/1645181844285.jpg?fit=658%2C386&ssl=1&resize=525%2C300 1.5x"},"classes":[]},{"id":24925,"url":"https:\/\/larevistadigital.com.ar\/blog\/la-policia-pudo-evitar-un-robo-a-un-taxista-gracias-al-boton-de-panico\/","url_meta":{"origin":36823,"position":2},"title":"LA POLIC\u00cdA PUDO EVITAR UN ROBO A UN TAXISTA, GRACIAS AL BOT\u00d3N DE P\u00c1NICO","author":"Alejandro Sosa Ruda","date":"2 abril, 2022","format":false,"excerpt":"Ocurri\u00f3 esta madrugada en el barrio Libertad. Un adolescente fingi\u00f3 ser pasajero y luego, con otro hombre, amenazaron al taxista con un arma de fuego. Ambos quedaron detenidos. MAR DEL PLATA -\u00a0 Un\u00a0adolescente de 17 a\u00f1os y un joven de 28\u00a0fueron detenidos esta madrugada en el barrio Libertad tras asaltar\u2026","rel":"","context":"En \u00abPOLICIALES\u00bb","block_context":{"text":"POLICIALES","link":"https:\/\/larevistadigital.com.ar\/blog\/category\/policiales\/"},"img":{"alt_text":"","src":"https:\/\/i0.wp.com\/larevistadigital.com.ar\/blog\/wp-content\/uploads\/POLICIA-1.jpg?fit=792%2C436&ssl=1&resize=350%2C200","width":350,"height":200,"srcset":"https:\/\/i0.wp.com\/larevistadigital.com.ar\/blog\/wp-content\/uploads\/POLICIA-1.jpg?fit=792%2C436&ssl=1&resize=350%2C200 1x, https:\/\/i0.wp.com\/larevistadigital.com.ar\/blog\/wp-content\/uploads\/POLICIA-1.jpg?fit=792%2C436&ssl=1&resize=525%2C300 1.5x, https:\/\/i0.wp.com\/larevistadigital.com.ar\/blog\/wp-content\/uploads\/POLICIA-1.jpg?fit=792%2C436&ssl=1&resize=700%2C400 2x"},"classes":[]},{"id":21792,"url":"https:\/\/larevistadigital.com.ar\/blog\/mar-del-plata-desconocido-agredio-a-golpes-y-patadas-a-una-mujer-en-un-restaurant\/","url_meta":{"origin":36823,"position":3},"title":"MAR DEL PLATA: DESCONOCIDO AGREDI\u00d3 A GOLPES Y PATADAS A UNA MUJER EN UN RESTAURANT","author":"Alejandro Sosa Ruda","date":"30 agosto, 2021","format":false,"excerpt":"Un ins\u00f3lito episodio ocurri\u00f3\u00a0 en la localidad de Bat\u00e1n. La mujer, que qued\u00f3 inconsciente, no conoc\u00eda a su agresor. MAR DEL PLATA - Un violento episodio\u00a0se produjo durante la noche del domingo, cuando un sujeto golpe\u00f3 salvajemente a una mujer que se encontraba en un restaurant junto a su familia\u2026","rel":"","context":"En \u00abPOLICIALES\u00bb","block_context":{"text":"POLICIALES","link":"https:\/\/larevistadigital.com.ar\/blog\/category\/policiales\/"},"img":{"alt_text":"","src":"https:\/\/i0.wp.com\/larevistadigital.com.ar\/blog\/wp-content\/uploads\/AGRESOR.png?fit=1002%2C491&ssl=1&resize=350%2C200","width":350,"height":200,"srcset":"https:\/\/i0.wp.com\/larevistadigital.com.ar\/blog\/wp-content\/uploads\/AGRESOR.png?fit=1002%2C491&ssl=1&resize=350%2C200 1x, https:\/\/i0.wp.com\/larevistadigital.com.ar\/blog\/wp-content\/uploads\/AGRESOR.png?fit=1002%2C491&ssl=1&resize=525%2C300 1.5x, https:\/\/i0.wp.com\/larevistadigital.com.ar\/blog\/wp-content\/uploads\/AGRESOR.png?fit=1002%2C491&ssl=1&resize=700%2C400 2x"},"classes":[]},{"id":9702,"url":"https:\/\/larevistadigital.com.ar\/blog\/hallan-asesinada-a-mujer-que-se-encontraba-desaparecida\/","url_meta":{"origin":36823,"position":4},"title":"HALLAN ASESINADA A MUJER QUE SE ENCONTRABA DESAPARECIDA","author":"Alejandro Sosa Ruda","date":"15 abril, 2019","format":false,"excerpt":"M\u00f3nica Cruz hab\u00eda denunciado en reiteradas oportunidades al hombre por violencia familiar. Tras ser detenido, el sospechoso cont\u00f3 que la estrangul\u00f3 con una soga y escondi\u00f3 su cuerpo en un descampado en Ca\u00f1uelas. M\u00f3nica Liliana Cruz desapareci\u00f3 el viernes pasado por la noche cuando sali\u00f3 de su casa de la\u2026","rel":"","context":"En \u00abPOLICIALES\u00bb","block_context":{"text":"POLICIALES","link":"https:\/\/larevistadigital.com.ar\/blog\/category\/policiales\/"},"img":{"alt_text":"","src":"https:\/\/i0.wp.com\/larevistadigital.com.ar\/blog\/wp-content\/uploads\/2019\/04\/1555313613039.jpg?fit=1200%2C674&ssl=1&resize=350%2C200","width":350,"height":200,"srcset":"https:\/\/i0.wp.com\/larevistadigital.com.ar\/blog\/wp-content\/uploads\/2019\/04\/1555313613039.jpg?fit=1200%2C674&ssl=1&resize=350%2C200 1x, https:\/\/i0.wp.com\/larevistadigital.com.ar\/blog\/wp-content\/uploads\/2019\/04\/1555313613039.jpg?fit=1200%2C674&ssl=1&resize=525%2C300 1.5x, https:\/\/i0.wp.com\/larevistadigital.com.ar\/blog\/wp-content\/uploads\/2019\/04\/1555313613039.jpg?fit=1200%2C674&ssl=1&resize=700%2C400 2x, https:\/\/i0.wp.com\/larevistadigital.com.ar\/blog\/wp-content\/uploads\/2019\/04\/1555313613039.jpg?fit=1200%2C674&ssl=1&resize=1050%2C600 3x"},"classes":[]},{"id":22037,"url":"https:\/\/larevistadigital.com.ar\/blog\/horror-confirman-que-un-bebe-de-18-meses-murio-por-golpes-con-un-palo\/","url_meta":{"origin":36823,"position":5},"title":"HORROR: CONFIRMAN QUE UN BEB\u00c9 DE 18 MESES MURI\u00d3 POR GOLPES CON UN PALO","author":"Alejandro Sosa Ruda","date":"18 septiembre, 2021","format":false,"excerpt":"El detenido tiene 24 a\u00f1os, qued\u00f3 imputado por \"homicidio\" y fue trasladado a la Unidad Penal 44 de Bat\u00e1n. Intent\u00f3 hacer pasar la gravedad del estado del beb\u00e9 por un simple atragantamiento. MAR DEL PLATA - Un hombre de 24 a\u00f1os fue detenido ayer acusado de haber matado a golpes\u2026","rel":"","context":"En \u00abPOLICIALES\u00bb","block_context":{"text":"POLICIALES","link":"https:\/\/larevistadigital.com.ar\/blog\/category\/policiales\/"},"img":{"alt_text":"","src":"https:\/\/i0.wp.com\/larevistadigital.com.ar\/blog\/wp-content\/uploads\/Captura-de-pantalla-2021-09-18-201804.jpg?fit=1007%2C668&ssl=1&resize=350%2C200","width":350,"height":200,"srcset":"https:\/\/i0.wp.com\/larevistadigital.com.ar\/blog\/wp-content\/uploads\/Captura-de-pantalla-2021-09-18-201804.jpg?fit=1007%2C668&ssl=1&resize=350%2C200 1x, https:\/\/i0.wp.com\/larevistadigital.com.ar\/blog\/wp-content\/uploads\/Captura-de-pantalla-2021-09-18-201804.jpg?fit=1007%2C668&ssl=1&resize=525%2C300 1.5x, https:\/\/i0.wp.com\/larevistadigital.com.ar\/blog\/wp-content\/uploads\/Captura-de-pantalla-2021-09-18-201804.jpg?fit=1007%2C668&ssl=1&resize=700%2C400 2x"},"classes":[]}],"_links":{"self":[{"href":"https:\/\/larevistadigital.com.ar\/blog\/wp-json\/wp\/v2\/posts\/36823","targetHints":{"allow":["GET"]}}],"collection":[{"href":"https:\/\/larevistadigital.com.ar\/blog\/wp-json\/wp\/v2\/posts"}],"about":[{"href":"https:\/\/larevistadigital.com.ar\/blog\/wp-json\/wp\/v2\/types\/post"}],"author":[{"embeddable":true,"href":"https:\/\/larevistadigital.com.ar\/blog\/wp-json\/wp\/v2\/users\/3"}],"replies":[{"embeddable":true,"href":"https:\/\/larevistadigital.com.ar\/blog\/wp-json\/wp\/v2\/comments?post=36823"}],"version-history":[{"count":1,"href":"https:\/\/larevistadigital.com.ar\/blog\/wp-json\/wp\/v2\/posts\/36823\/revisions"}],"predecessor-version":[{"id":36824,"href":"https:\/\/larevistadigital.com.ar\/blog\/wp-json\/wp\/v2\/posts\/36823\/revisions\/36824"}],"wp:featuredmedia":[{"embeddable":true,"href":"https:\/\/larevistadigital.com.ar\/blog\/wp-json\/wp\/v2\/media\/16797"}],"wp:attachment":[{"href":"https:\/\/larevistadigital.com.ar\/blog\/wp-json\/wp\/v2\/media?parent=36823"}],"wp:term":[{"taxonomy":"category","embeddable":true,"href":"https:\/\/larevistadigital.com.ar\/blog\/wp-json\/wp\/v2\/categories?post=36823"},{"taxonomy":"post_tag","embeddable":true,"href":"https:\/\/larevistadigital.com.ar\/blog\/wp-json\/wp\/v2\/tags?post=36823"}],"curies":[{"name":"wp","href":"https:\/\/api.w.org\/{rel}","templated":true}]}}