{"id":36827,"date":"2024-07-30T20:27:17","date_gmt":"2024-07-30T23:27:17","guid":{"rendered":"https:\/\/larevistadigital.com.ar\/blog\/?p=36827"},"modified":"2024-07-30T20:27:17","modified_gmt":"2024-07-30T23:27:17","slug":"chascomus-reunion-para-coordinar-acciones-con-el-oceba-y-el-foro-de-servicios-publicos","status":"publish","type":"post","link":"https:\/\/larevistadigital.com.ar\/blog\/chascomus-reunion-para-coordinar-acciones-con-el-oceba-y-el-foro-de-servicios-publicos\/","title":{"rendered":"CHASCOM\u00daS: REUNI\u00d3N PARA COORDINAR ACCIONES CON EL OCEBA Y EL FORO DE SERVICIOS P\u00daBLICOS"},"content":{"rendered":"<h2 class=\"excerpt\">El intendente Javier Gast\u00f3n recibi\u00f3 a representantes del Organismo de Control de Energ\u00eda de la Provincia de Buenos Aires (OCEBA) y a integrantes del Foro Bonaerense de Servicios P\u00fablicos.<\/h2>\n<p>30 de Julio de 2024<\/p>\n<div id=\"miDiv1\" class=\"text\">\n<p><strong>CHASCOM\u00daS &#8211;<\/strong>\u00a0 El encuentro estuvo motivado en la necesidad de coordinar acciones en conjunto ante el aumento de tarifas que propicia el gobierno nacional que afecta a un importante n\u00famero de vecinos.<\/p>\n<p>En ese sentido, se dialog\u00f3 sobre la necesidad de realizar un trabajo de manera articulada para dar respuesta a las demandas respecto del uso y el acceso a los servicios p\u00fablicos. Asimismo, se inform\u00f3 que el plazo para la inscripci\u00f3n en el Registro de Acceso a los Subsidios a la Energ\u00eda (RASE), se extendi\u00f3 hasta el 4 de septiembre inclusive.<\/p>\n<p>Del encuentro participaron el vicepresidente del OCEBA, Roberto Daoud; Diego Nuccitteli y Diego Alonso del sindicato Luz y Fuerza, Cristian Vander del Sindicato de Telecomunicaciones y concejal de La Plata, y Lionel Oviedo, del Sindicato de Obras Sanitarias, todos integrantes del Foro Bonaerense de Servicios P\u00fablicos.<\/p>\n<blockquote>\n<h3>Tambi\u00e9n se sumaron la secretaria de Desarrollo Social y Educaci\u00f3n, Yanina Gazzaniga, los secretarios de Obras, Servicios P\u00fablicos y Ambiente, Jorge Marino, y de Hacienda, Juan Facundo Alfons\u00edn, y el director de la Oficina Municipal de Informaci\u00f3n al Consumidor (OMIC), Mart\u00edn Prat.<\/h3>\n<\/blockquote>\n<p>El Foro Bonaerense de los Servicios P\u00fablicos est\u00e1 compuesto por organizaciones sindicales, defensa de usuarios y consumidores, y entidades especializadas en la materia energ\u00e9tica y sanitaria, organizaciones no gubernamentales en general, especialistas, acad\u00e9micos y autoridades gubernamentales.<\/p>\n<\/div>\n","protected":false},"excerpt":{"rendered":"<div class=\"mh-excerpt\"><p>El intendente Javier Gast\u00f3n recibi\u00f3 a representantes del Organismo de Control de Energ\u00eda de la Provincia de Buenos Aires (OCEBA) y a integrantes del Foro Bonaerense de Servicios P\u00fablicos. 30 de Julio de 2024 CHASCOM\u00daS <a class=\"mh-excerpt-more\" href=\"https:\/\/larevistadigital.com.ar\/blog\/chascomus-reunion-para-coordinar-acciones-con-el-oceba-y-el-foro-de-servicios-publicos\/\" title=\"CHASCOM\u00daS: REUNI\u00d3N PARA COORDINAR ACCIONES CON EL OCEBA Y EL FORO DE SERVICIOS P\u00daBLICOS\">[Leer M\u00e1s]<\/a><\/p>\n<\/div>","protected":false},"author":3,"featured_media":36828,"comment_status":"open","ping_status":"open","sticky":false,"template":"","format":"standard","meta":{"_jetpack_memberships_contains_paid_content":false,"footnotes":"","jetpack_publicize_message":"","jetpack_publicize_feature_enabled":true,"jetpack_social_post_already_shared":true,"jetpack_social_options":{"image_generator_settings":{"template":"highway","default_image_id":0,"font":"","enabled":false},"version":2}},"categories":[50],"tags":[],"class_list":{"0":"post-36827","1":"post","2":"type-post","3":"status-publish","4":"format-standard","5":"has-post-thumbnail","7":"category-interes-general"},"jetpack_publicize_connections":[],"jetpack_featured_media_url":"https:\/\/i0.wp.com\/larevistadigital.com.ar\/blog\/wp-content\/uploads\/66a9295884eb8.png?fit=668%2C445&ssl=1","jetpack_sharing_enabled":true,"jetpack_shortlink":"https:\/\/wp.me\/p8qtrQ-9zZ","jetpack-related-posts":[{"id":42225,"url":"https:\/\/larevistadigital.com.ar\/blog\/chascomus-la-muni-cerca-sigue-acercando-servicios-a-los-barrios-y-parajes-rurales\/","url_meta":{"origin":36827,"position":0},"title":"Chascom\u00fas: La Muni Cerca sigue acercando servicios a los barrios y parajes rurales","author":"Alejandro Sosa Ruda","date":"24 octubre, 2025","format":false,"excerpt":"El programa municipal promueve la descentralizaci\u00f3n y facilita el acceso a tr\u00e1mites y asesoramiento en distintos puntos de la ciudad. 24 de Octubre de 2025 CHASCOM\u00daS -\u00a0 \u00a0Vecinas y vecinos de distintos sectores contin\u00faan accediendo a diversos servicios municipales sin necesidad de trasladarse al centro, en el marco del programa\u2026","rel":"","context":"En \u00abCHASCOM\u00daS\u00bb","block_context":{"text":"CHASCOM\u00daS","link":"https:\/\/larevistadigital.com.ar\/blog\/category\/chascomus\/"},"img":{"alt_text":"","src":"https:\/\/i0.wp.com\/larevistadigital.com.ar\/blog\/wp-content\/uploads\/68fbb4f328059.png?fit=668%2C445&ssl=1&resize=350%2C200","width":350,"height":200,"srcset":"https:\/\/i0.wp.com\/larevistadigital.com.ar\/blog\/wp-content\/uploads\/68fbb4f328059.png?fit=668%2C445&ssl=1&resize=350%2C200 1x, https:\/\/i0.wp.com\/larevistadigital.com.ar\/blog\/wp-content\/uploads\/68fbb4f328059.png?fit=668%2C445&ssl=1&resize=525%2C300 1.5x"},"classes":[]},{"id":41294,"url":"https:\/\/larevistadigital.com.ar\/blog\/chascomus-linea-147-atencion-permanente-para-consultas-sobre-servicios-publicos\/","url_meta":{"origin":36827,"position":1},"title":"Chascom\u00fas: L\u00ednea 147: Atenci\u00f3n permanente para consultas sobre servicios p\u00fablicos","author":"Alejandro Sosa Ruda","date":"4 septiembre, 2025","format":false,"excerpt":"El sistema centralizado permite a los vecinos comunicarse de forma simple y r\u00e1pida durante las 24 horas del d\u00eda. 04 de Septiembre de 2025 CHASCOM\u00daS -\u00a0 \u00a0La Municipalidad de Chascom\u00fas dispone de un servicio de atenci\u00f3n para realizar consultas y pedidos sobre temas relacionados con obras y servicios. Entre otros\u2026","rel":"","context":"En \u00abCHASCOM\u00daS\u00bb","block_context":{"text":"CHASCOM\u00daS","link":"https:\/\/larevistadigital.com.ar\/blog\/category\/chascomus\/"},"img":{"alt_text":"","src":"https:\/\/i0.wp.com\/larevistadigital.com.ar\/blog\/wp-content\/uploads\/68b9c60ae2a36.png?fit=668%2C445&ssl=1&resize=350%2C200","width":350,"height":200,"srcset":"https:\/\/i0.wp.com\/larevistadigital.com.ar\/blog\/wp-content\/uploads\/68b9c60ae2a36.png?fit=668%2C445&ssl=1&resize=350%2C200 1x, https:\/\/i0.wp.com\/larevistadigital.com.ar\/blog\/wp-content\/uploads\/68b9c60ae2a36.png?fit=668%2C445&ssl=1&resize=525%2C300 1.5x"},"classes":[]},{"id":43642,"url":"https:\/\/larevistadigital.com.ar\/blog\/desarrollo-social-reunion-para-coordinar-acciones-del-programa-decision-ninez-en-chascomus\/","url_meta":{"origin":36827,"position":2},"title":"Desarrollo Social: Reuni\u00f3n para coordinar acciones del programa Decisi\u00f3n Ni\u00f1ez en Chascom\u00fas","author":"Alejandro Sosa Ruda","date":"29 enero, 2026","format":false,"excerpt":"En el encuentro se avanz\u00f3 en el trabajo conjunto para el fortalecimiento de pol\u00edticas p\u00fablicas orientadas a las infancias y adolescencias. 29 de enero de 2026 CHASCOM\u00daS\u00a0 -\u00a0 \u00a0 Autoridades municipales y representantes del Organismo Provincial de la Ni\u00f1ez y Adolescencia mantuvieron un encuentro para avanzar en la implementaci\u00f3n local\u2026","rel":"","context":"En \u00abCHASCOM\u00daS\u00bb","block_context":{"text":"CHASCOM\u00daS","link":"https:\/\/larevistadigital.com.ar\/blog\/category\/chascomus\/"},"img":{"alt_text":"","src":"https:\/\/i0.wp.com\/larevistadigital.com.ar\/blog\/wp-content\/uploads\/697b9908d0111.png?fit=668%2C445&ssl=1&resize=350%2C200","width":350,"height":200,"srcset":"https:\/\/i0.wp.com\/larevistadigital.com.ar\/blog\/wp-content\/uploads\/697b9908d0111.png?fit=668%2C445&ssl=1&resize=350%2C200 1x, https:\/\/i0.wp.com\/larevistadigital.com.ar\/blog\/wp-content\/uploads\/697b9908d0111.png?fit=668%2C445&ssl=1&resize=525%2C300 1.5x"},"classes":[]},{"id":43384,"url":"https:\/\/larevistadigital.com.ar\/blog\/la-municipalidad-de-chascomus-adquirio-vehiculos-para-servicios-publicos\/","url_meta":{"origin":36827,"position":3},"title":"La Municipalidad de Chascom\u00fas adquiri\u00f3 veh\u00edculos para servicios p\u00fablicos","author":"Alejandro Sosa Ruda","date":"16 enero, 2026","format":false,"excerpt":"La inversi\u00f3n en este equipamiento representa un avance para el fortalecimiento de los servicios p\u00fablicos que brinda el Municipio. 16 De enero de 2026 CHASCOM\u00daS -\u00a0 \u00a0Recientemente, la Municipalidad de Chascom\u00fas incorpor\u00f3 a su parque automotor dos nuevos veh\u00edculos destinado fundamentalmente a la secretar\u00eda de Obras, Servicios P\u00fablicos y Ambiente.\u2026","rel":"","context":"En \u00abCHASCOM\u00daS\u00bb","block_context":{"text":"CHASCOM\u00daS","link":"https:\/\/larevistadigital.com.ar\/blog\/category\/chascomus\/"},"img":{"alt_text":"","src":"https:\/\/i0.wp.com\/larevistadigital.com.ar\/blog\/wp-content\/uploads\/69691e694951b.png?fit=668%2C445&ssl=1&resize=350%2C200","width":350,"height":200,"srcset":"https:\/\/i0.wp.com\/larevistadigital.com.ar\/blog\/wp-content\/uploads\/69691e694951b.png?fit=668%2C445&ssl=1&resize=350%2C200 1x, https:\/\/i0.wp.com\/larevistadigital.com.ar\/blog\/wp-content\/uploads\/69691e694951b.png?fit=668%2C445&ssl=1&resize=525%2C300 1.5x"},"classes":[]},{"id":37450,"url":"https:\/\/larevistadigital.com.ar\/blog\/chascomus-prepara-un-amplio-operativo-de-seguridad-para-la-temporada-de-verano\/","url_meta":{"origin":36827,"position":4},"title":"Chascom\u00fas prepara un amplio operativo de seguridad para la temporada de verano","author":"Alejandro Sosa Ruda","date":"7 octubre, 2024","format":false,"excerpt":"Funcionarios municipales y autoridades policiales se reunieron para coordinar medidas de cara a la llegada de turistas. 7 de Octubre de 2024 CHASCOM\u00daS -\u00a0 El intendente Javier Gast\u00f3n encabez\u00f3 un encuentro con funcionarios municipales y autoridades policiales para comenzar a trabajar en el operativo de seguridad que se implementar\u00e1 durante\u2026","rel":"","context":"En \u00abINTERES GENERAL\u00bb","block_context":{"text":"INTERES GENERAL","link":"https:\/\/larevistadigital.com.ar\/blog\/category\/interes-general\/"},"img":{"alt_text":"","src":"https:\/\/i0.wp.com\/larevistadigital.com.ar\/blog\/wp-content\/uploads\/6704163e418bc.png?fit=668%2C445&ssl=1&resize=350%2C200","width":350,"height":200,"srcset":"https:\/\/i0.wp.com\/larevistadigital.com.ar\/blog\/wp-content\/uploads\/6704163e418bc.png?fit=668%2C445&ssl=1&resize=350%2C200 1x, https:\/\/i0.wp.com\/larevistadigital.com.ar\/blog\/wp-content\/uploads\/6704163e418bc.png?fit=668%2C445&ssl=1&resize=525%2C300 1.5x"},"classes":[]},{"id":43249,"url":"https:\/\/larevistadigital.com.ar\/blog\/chascomus-eximicion-de-tasas-municipales-para-ex-combatientes-de-malvinas\/","url_meta":{"origin":36827,"position":5},"title":"Chascom\u00fas: Eximici\u00f3n de tasas municipales para ex combatientes de Malvinas","author":"Alejandro Sosa Ruda","date":"10 enero, 2026","format":false,"excerpt":"Los vecinos alcanzados por esta eximici\u00f3n, deben presentarse antes del 18 de enero en la direcci\u00f3n de Ingresos P\u00fablicos para la firma de la declaraci\u00f3n jurada anual. 10 de enero de 2026 CHASCOM\u00daS -\u00a0 \u00a0La eximici\u00f3n de tasas otorgada comprende tasas por servicios sanitarios, por derechos de cementerio, por servicios\u2026","rel":"","context":"En \u00abCHASCOM\u00daS\u00bb","block_context":{"text":"CHASCOM\u00daS","link":"https:\/\/larevistadigital.com.ar\/blog\/category\/chascomus\/"},"img":{"alt_text":"","src":"https:\/\/i0.wp.com\/larevistadigital.com.ar\/blog\/wp-content\/uploads\/6961492118396.png?fit=668%2C445&ssl=1&resize=350%2C200","width":350,"height":200,"srcset":"https:\/\/i0.wp.com\/larevistadigital.com.ar\/blog\/wp-content\/uploads\/6961492118396.png?fit=668%2C445&ssl=1&resize=350%2C200 1x, https:\/\/i0.wp.com\/larevistadigital.com.ar\/blog\/wp-content\/uploads\/6961492118396.png?fit=668%2C445&ssl=1&resize=525%2C300 1.5x"},"classes":[]}],"_links":{"self":[{"href":"https:\/\/larevistadigital.com.ar\/blog\/wp-json\/wp\/v2\/posts\/36827","targetHints":{"allow":["GET"]}}],"collection":[{"href":"https:\/\/larevistadigital.com.ar\/blog\/wp-json\/wp\/v2\/posts"}],"about":[{"href":"https:\/\/larevistadigital.com.ar\/blog\/wp-json\/wp\/v2\/types\/post"}],"author":[{"embeddable":true,"href":"https:\/\/larevistadigital.com.ar\/blog\/wp-json\/wp\/v2\/users\/3"}],"replies":[{"embeddable":true,"href":"https:\/\/larevistadigital.com.ar\/blog\/wp-json\/wp\/v2\/comments?post=36827"}],"version-history":[{"count":1,"href":"https:\/\/larevistadigital.com.ar\/blog\/wp-json\/wp\/v2\/posts\/36827\/revisions"}],"predecessor-version":[{"id":36829,"href":"https:\/\/larevistadigital.com.ar\/blog\/wp-json\/wp\/v2\/posts\/36827\/revisions\/36829"}],"wp:featuredmedia":[{"embeddable":true,"href":"https:\/\/larevistadigital.com.ar\/blog\/wp-json\/wp\/v2\/media\/36828"}],"wp:attachment":[{"href":"https:\/\/larevistadigital.com.ar\/blog\/wp-json\/wp\/v2\/media?parent=36827"}],"wp:term":[{"taxonomy":"category","embeddable":true,"href":"https:\/\/larevistadigital.com.ar\/blog\/wp-json\/wp\/v2\/categories?post=36827"},{"taxonomy":"post_tag","embeddable":true,"href":"https:\/\/larevistadigital.com.ar\/blog\/wp-json\/wp\/v2\/tags?post=36827"}],"curies":[{"name":"wp","href":"https:\/\/api.w.org\/{rel}","templated":true}]}}